{"id":316221,"date":"2017-10-30T21:57:00","date_gmt":"2017-10-30T20:57:00","guid":{"rendered":"http:\/\/hudo.com\/si\/2017\/10\/30\/vodstvo-agrokorja-predstavilo-nacrte-za-koncern\/"},"modified":"2017-10-30T21:57:00","modified_gmt":"2017-10-30T20:57:00","slug":"vodstvo-agrokorja-predstavilo-nacrte-za-koncern","status":"publish","type":"post","link":"https:\/\/hudo.com\/si\/aktualno\/vodstvo-agrokorja-predstavilo-nacrte-za-koncern\/","title":{"rendered":"Vodstvo Agrokorja predstavilo na\u010drte za koncern"},"content":{"rendered":"<p>Kategorija: Podjetja Mon, 30 Oct 2017 22:57:00 +0100  Zagreb &#8211; Izredna uprava Agrokorja je danes predstavile na\u010drte za koncern oziroma dru\u017ebe v njegovi sestavi. Kot napovedujejo, bo najve\u010djih sprememb dele\u017ena maloprodaja, kamor spada Mercator. Poudarek bo na doseganju dobi\u010dka ter prodaji nejedrnih dru\u017eb. Verjetno bodo prodali polovico od 80 podjetij, obdr\u017eali bodo maloprodajna, \u017eivilska in kmetijska podjetja. Za dru\u017ebe Mercator, Konzum, Velpro, Tisak in poslovanje v BiH je predvideno, da bo poslovanje potekalo v primernem obsegu, neosnovne dejavnosti bodo ukinili ter se odlo\u010dno umerili v prestrukturiranje, poro\u010da hrva\u0161ka tiskovna agencija Hina. Sektor prehrane naj bi nadaljeval rast in optimizacijo EBITDA, kmetijski sektor naj bi realiziral donose iz preteklih kapitalskih investicij, medtem ko bodo premo\u017eenje Agrokor Portfolio Holdingsa (APH) razprodali. Svetovalec za maloprodajo Teo Vuji\u010di\u0107 je povedal, da bodo zmanj\u0161ali kompleksnost trgovine na drobno ter se osredoto\u010dili na profitabilnost in zni\u017eanje stro\u0161kov,\u00a0&#8230;<\/p>\n","protected":false},"excerpt":{"rendered":"<p>Kategorija: Podjetja Mon, 30 Oct 2017 22:57:00 +0100  Zagreb &#8211; Izredna uprava Agrokorja je danes predstavile na\u010drte za koncern oziroma dru\u017ebe v njegovi sestavi. Kot napovedujejo, bo najve\u010djih sprememb dele\u017ena maloprodaja, kamor spada Mercator. Poudarek bo na doseganju dobi\u010dka ter prodaji nejedrnih dru\u017eb. Verjetno bodo prodali polovico od 80 podjetij, obdr\u017eali bodo maloprodajna, \u017eivilska in kmetijska podjetja. Za dru\u017ebe Mercator, Konzum, Velpro, Tisak in poslovanje v BiH je predvideno, da bo poslovanje potekalo v primernem obsegu, neosnovne dejavnosti bodo ukinili ter se odlo\u010dno umerili v prestrukturiranje, poro\u010da hrva\u0161ka tiskovna agencija Hina. Sektor prehrane naj bi nadaljeval rast in optimizacijo EBITDA, kmetijski sektor naj bi realiziral donose iz preteklih kapitalskih investicij, medtem ko bodo premo\u017eenje Agrokor Portfolio Holdingsa (APH) razprodali. Svetovalec za maloprodajo Teo Vuji\u010di\u0107 je povedal, da bodo zmanj\u0161ali kompleksnost trgovine na drobno ter se osredoto\u010dili na profitabilnost in zni\u017eanje stro\u0161kov,\u00a0&#8230;<\/p>\n","protected":false},"author":1,"featured_media":0,"comment_status":"closed","ping_status":"closed","sticky":false,"template":"","format":"standard","meta":{"footnotes":""},"categories":[1179],"tags":[],"source":[1703],"supertag":[],"acf":[],"yoast_head":"<!-- This site is optimized with the Yoast SEO plugin v21.3 - https:\/\/yoast.com\/wordpress\/plugins\/seo\/ -->\n<title>Vodstvo Agrokorja predstavilo na\u010drte za koncern - Hudo Slovenija<\/title>\n<meta name=\"robots\" content=\"index, follow, max-snippet:-1, max-image-preview:large, max-video-preview:-1\" \/>\n<link rel=\"canonical\" href=\"https:\/\/hudo.com\/si\/aktualno\/vodstvo-agrokorja-predstavilo-nacrte-za-koncern\/\" \/>\n<meta property=\"og:locale\" content=\"sl_SI\" \/>\n<meta property=\"og:type\" content=\"article\" \/>\n<meta property=\"og:title\" content=\"Vodstvo Agrokorja predstavilo na\u010drte za koncern - Hudo Slovenija\" \/>\n<meta property=\"og:description\" content=\"Kategorija: Podjetja Mon, 30 Oct 2017 22:57:00 +0100 Zagreb - Izredna uprava Agrokorja je danes predstavile na\u010drte za koncern oziroma dru\u017ebe v njegovi sestavi. Kot napovedujejo, bo najve\u010djih sprememb dele\u017ena maloprodaja, kamor spada Mercator. Poudarek bo na doseganju dobi\u010dka ter prodaji nejedrnih dru\u017eb. Verjetno bodo prodali polovico od 80 podjetij, obdr\u017eali bodo maloprodajna, \u017eivilska in kmetijska podjetja. Za dru\u017ebe Mercator, Konzum, Velpro, Tisak in poslovanje v BiH je predvideno, da bo poslovanje potekalo v primernem obsegu, neosnovne dejavnosti bodo ukinili ter se odlo\u010dno umerili v prestrukturiranje, poro\u010da hrva\u0161ka tiskovna agencija Hina. Sektor prehrane naj bi nadaljeval rast in optimizacijo EBITDA, kmetijski sektor naj bi realiziral donose iz preteklih kapitalskih investicij, medtem ko bodo premo\u017eenje Agrokor Portfolio Holdingsa (APH) razprodali. Svetovalec za maloprodajo Teo Vuji\u010di\u0107 je povedal, da bodo zmanj\u0161ali kompleksnost trgovine na drobno ter se osredoto\u010dili na profitabilnost in zni\u017eanje stro\u0161kov,\u00a0...\" \/>\n<meta property=\"og:url\" content=\"https:\/\/hudo.com\/si\/aktualno\/vodstvo-agrokorja-predstavilo-nacrte-za-koncern\/\" \/>\n<meta property=\"og:site_name\" content=\"Hudo Slovenija\" \/>\n<meta property=\"article:publisher\" content=\"https:\/\/www.facebook.com\/hudo.si\" \/>\n<meta property=\"article:published_time\" content=\"2017-10-30T20:57:00+00:00\" \/>\n<meta property=\"og:image\" content=\"https:\/\/hudo.com\/si\/wp-content\/uploads\/sites\/2\/2017\/10\/480x290_Mnenja__djvu_1950210_mdr_je_hires1-1.jpeg\" \/>\n\t<meta property=\"og:image:width\" content=\"480\" \/>\n\t<meta property=\"og:image:height\" content=\"290\" \/>\n\t<meta property=\"og:image:type\" content=\"image\/jpeg\" \/>\n<meta name=\"author\" content=\"hudo\" \/>\n<meta name=\"twitter:card\" content=\"summary_large_image\" \/>\n<meta name=\"twitter:creator\" content=\"@hudo_si\" \/>\n<meta name=\"twitter:site\" content=\"@hudo_si\" \/>\n<meta name=\"twitter:label1\" content=\"Written by\" \/>\n\t<meta name=\"twitter:data1\" content=\"hudo\" \/>\n\t<meta name=\"twitter:label2\" content=\"Est. reading time\" \/>\n\t<meta name=\"twitter:data2\" content=\"1 minuta\" \/>\n<script type=\"application\/ld+json\" class=\"yoast-schema-graph\">{\"@context\":\"https:\/\/schema.org\",\"@graph\":[{\"@type\":\"Article\",\"@id\":\"https:\/\/hudo.com\/si\/aktualno\/vodstvo-agrokorja-predstavilo-nacrte-za-koncern\/#article\",\"isPartOf\":{\"@id\":\"https:\/\/hudo.com\/si\/aktualno\/vodstvo-agrokorja-predstavilo-nacrte-za-koncern\/\"},\"author\":{\"name\":\"hudo\",\"@id\":\"https:\/\/hudo.com\/si\/#\/schema\/person\/601cf3379633985b20f7e50f2bb47707\"},\"headline\":\"Vodstvo Agrokorja predstavilo na\u010drte za koncern\",\"datePublished\":\"2017-10-30T20:57:00+00:00\",\"dateModified\":\"2017-10-30T20:57:00+00:00\",\"mainEntityOfPage\":{\"@id\":\"https:\/\/hudo.com\/si\/aktualno\/vodstvo-agrokorja-predstavilo-nacrte-za-koncern\/\"},\"wordCount\":160,\"publisher\":{\"@id\":\"https:\/\/hudo.com\/si\/#organization\"},\"articleSection\":[\"Aktualno\"],\"inLanguage\":\"sl-SI\"},{\"@type\":\"WebPage\",\"@id\":\"https:\/\/hudo.com\/si\/aktualno\/vodstvo-agrokorja-predstavilo-nacrte-za-koncern\/\",\"url\":\"https:\/\/hudo.com\/si\/aktualno\/vodstvo-agrokorja-predstavilo-nacrte-za-koncern\/\",\"name\":\"Vodstvo Agrokorja predstavilo na\u010drte za koncern - Hudo Slovenija\",\"isPartOf\":{\"@id\":\"https:\/\/hudo.com\/si\/#website\"},\"datePublished\":\"2017-10-30T20:57:00+00:00\",\"dateModified\":\"2017-10-30T20:57:00+00:00\",\"breadcrumb\":{\"@id\":\"https:\/\/hudo.com\/si\/aktualno\/vodstvo-agrokorja-predstavilo-nacrte-za-koncern\/#breadcrumb\"},\"inLanguage\":\"sl-SI\",\"potentialAction\":[{\"@type\":\"ReadAction\",\"target\":[\"https:\/\/hudo.com\/si\/aktualno\/vodstvo-agrokorja-predstavilo-nacrte-za-koncern\/\"]}]},{\"@type\":\"BreadcrumbList\",\"@id\":\"https:\/\/hudo.com\/si\/aktualno\/vodstvo-agrokorja-predstavilo-nacrte-za-koncern\/#breadcrumb\",\"itemListElement\":[{\"@type\":\"ListItem\",\"position\":1,\"name\":\"Home\",\"item\":\"https:\/\/hudo.com\/si\/\"},{\"@type\":\"ListItem\",\"position\":2,\"name\":\"Vodstvo Agrokorja predstavilo na\u010drte za koncern\"}]},{\"@type\":\"WebSite\",\"@id\":\"https:\/\/hudo.com\/si\/#website\",\"url\":\"https:\/\/hudo.com\/si\/\",\"name\":\"Hudo Slovenija\",\"description\":\"Vse novice iz Slovenije in sveta\",\"publisher\":{\"@id\":\"https:\/\/hudo.com\/si\/#organization\"},\"potentialAction\":[{\"@type\":\"SearchAction\",\"target\":{\"@type\":\"EntryPoint\",\"urlTemplate\":\"https:\/\/hudo.com\/si\/?s={search_term_string}\"},\"query-input\":\"required name=search_term_string\"}],\"inLanguage\":\"sl-SI\"},{\"@type\":\"Organization\",\"@id\":\"https:\/\/hudo.com\/si\/#organization\",\"name\":\"VSN Media\",\"url\":\"https:\/\/hudo.com\/si\/\",\"logo\":{\"@type\":\"ImageObject\",\"inLanguage\":\"sl-SI\",\"@id\":\"https:\/\/hudo.com\/si\/#\/schema\/logo\/image\/\",\"url\":\"https:\/\/hudo.com\/si\/wp-content\/uploads\/sites\/2\/2021\/03\/hudo-app-2.png\",\"contentUrl\":\"https:\/\/hudo.com\/si\/wp-content\/uploads\/sites\/2\/2021\/03\/hudo-app-2.png\",\"width\":2185,\"height\":2167,\"caption\":\"VSN Media\"},\"image\":{\"@id\":\"https:\/\/hudo.com\/si\/#\/schema\/logo\/image\/\"},\"sameAs\":[\"https:\/\/www.facebook.com\/hudo.si\",\"https:\/\/twitter.com\/hudo_si\"]},{\"@type\":\"Person\",\"@id\":\"https:\/\/hudo.com\/si\/#\/schema\/person\/601cf3379633985b20f7e50f2bb47707\",\"name\":\"hudo\",\"image\":{\"@type\":\"ImageObject\",\"inLanguage\":\"sl-SI\",\"@id\":\"https:\/\/hudo.com\/si\/#\/schema\/person\/image\/\",\"url\":\"https:\/\/secure.gravatar.com\/avatar\/c4ca25fa72cace7a696b52ff5db9e095?s=96&d=mm&r=g\",\"contentUrl\":\"https:\/\/secure.gravatar.com\/avatar\/c4ca25fa72cace7a696b52ff5db9e095?s=96&d=mm&r=g\",\"caption\":\"hudo\"},\"url\":\"https:\/\/hudo.com\/si\/author\/hudo\/\"}]}<\/script>\n<!-- \/ Yoast SEO plugin. -->","yoast_head_json":{"title":"Vodstvo Agrokorja predstavilo na\u010drte za koncern - Hudo Slovenija","robots":{"index":"index","follow":"follow","max-snippet":"max-snippet:-1","max-image-preview":"max-image-preview:large","max-video-preview":"max-video-preview:-1"},"canonical":"https:\/\/hudo.com\/si\/aktualno\/vodstvo-agrokorja-predstavilo-nacrte-za-koncern\/","og_locale":"sl_SI","og_type":"article","og_title":"Vodstvo Agrokorja predstavilo na\u010drte za koncern - Hudo Slovenija","og_description":"Kategorija: Podjetja Mon, 30 Oct 2017 22:57:00 +0100 Zagreb - Izredna uprava Agrokorja je danes predstavile na\u010drte za koncern oziroma dru\u017ebe v njegovi sestavi. Kot napovedujejo, bo najve\u010djih sprememb dele\u017ena maloprodaja, kamor spada Mercator. Poudarek bo na doseganju dobi\u010dka ter prodaji nejedrnih dru\u017eb. Verjetno bodo prodali polovico od 80 podjetij, obdr\u017eali bodo maloprodajna, \u017eivilska in kmetijska podjetja. Za dru\u017ebe Mercator, Konzum, Velpro, Tisak in poslovanje v BiH je predvideno, da bo poslovanje potekalo v primernem obsegu, neosnovne dejavnosti bodo ukinili ter se odlo\u010dno umerili v prestrukturiranje, poro\u010da hrva\u0161ka tiskovna agencija Hina. Sektor prehrane naj bi nadaljeval rast in optimizacijo EBITDA, kmetijski sektor naj bi realiziral donose iz preteklih kapitalskih investicij, medtem ko bodo premo\u017eenje Agrokor Portfolio Holdingsa (APH) razprodali. Svetovalec za maloprodajo Teo Vuji\u010di\u0107 je povedal, da bodo zmanj\u0161ali kompleksnost trgovine na drobno ter se osredoto\u010dili na profitabilnost in zni\u017eanje stro\u0161kov,\u00a0...","og_url":"https:\/\/hudo.com\/si\/aktualno\/vodstvo-agrokorja-predstavilo-nacrte-za-koncern\/","og_site_name":"Hudo Slovenija","article_publisher":"https:\/\/www.facebook.com\/hudo.si","article_published_time":"2017-10-30T20:57:00+00:00","og_image":[{"width":480,"height":290,"url":"https:\/\/hudo.com\/si\/wp-content\/uploads\/sites\/2\/2017\/10\/480x290_Mnenja__djvu_1950210_mdr_je_hires1-1.jpeg","type":"image\/jpeg"}],"author":"hudo","twitter_card":"summary_large_image","twitter_creator":"@hudo_si","twitter_site":"@hudo_si","twitter_misc":{"Written by":"hudo","Est. reading time":"1 minuta"},"schema":{"@context":"https:\/\/schema.org","@graph":[{"@type":"Article","@id":"https:\/\/hudo.com\/si\/aktualno\/vodstvo-agrokorja-predstavilo-nacrte-za-koncern\/#article","isPartOf":{"@id":"https:\/\/hudo.com\/si\/aktualno\/vodstvo-agrokorja-predstavilo-nacrte-za-koncern\/"},"author":{"name":"hudo","@id":"https:\/\/hudo.com\/si\/#\/schema\/person\/601cf3379633985b20f7e50f2bb47707"},"headline":"Vodstvo Agrokorja predstavilo na\u010drte za koncern","datePublished":"2017-10-30T20:57:00+00:00","dateModified":"2017-10-30T20:57:00+00:00","mainEntityOfPage":{"@id":"https:\/\/hudo.com\/si\/aktualno\/vodstvo-agrokorja-predstavilo-nacrte-za-koncern\/"},"wordCount":160,"publisher":{"@id":"https:\/\/hudo.com\/si\/#organization"},"articleSection":["Aktualno"],"inLanguage":"sl-SI"},{"@type":"WebPage","@id":"https:\/\/hudo.com\/si\/aktualno\/vodstvo-agrokorja-predstavilo-nacrte-za-koncern\/","url":"https:\/\/hudo.com\/si\/aktualno\/vodstvo-agrokorja-predstavilo-nacrte-za-koncern\/","name":"Vodstvo Agrokorja predstavilo na\u010drte za koncern - Hudo Slovenija","isPartOf":{"@id":"https:\/\/hudo.com\/si\/#website"},"datePublished":"2017-10-30T20:57:00+00:00","dateModified":"2017-10-30T20:57:00+00:00","breadcrumb":{"@id":"https:\/\/hudo.com\/si\/aktualno\/vodstvo-agrokorja-predstavilo-nacrte-za-koncern\/#breadcrumb"},"inLanguage":"sl-SI","potentialAction":[{"@type":"ReadAction","target":["https:\/\/hudo.com\/si\/aktualno\/vodstvo-agrokorja-predstavilo-nacrte-za-koncern\/"]}]},{"@type":"BreadcrumbList","@id":"https:\/\/hudo.com\/si\/aktualno\/vodstvo-agrokorja-predstavilo-nacrte-za-koncern\/#breadcrumb","itemListElement":[{"@type":"ListItem","position":1,"name":"Home","item":"https:\/\/hudo.com\/si\/"},{"@type":"ListItem","position":2,"name":"Vodstvo Agrokorja predstavilo na\u010drte za koncern"}]},{"@type":"WebSite","@id":"https:\/\/hudo.com\/si\/#website","url":"https:\/\/hudo.com\/si\/","name":"Hudo Slovenija","description":"Vse novice iz Slovenije in sveta","publisher":{"@id":"https:\/\/hudo.com\/si\/#organization"},"potentialAction":[{"@type":"SearchAction","target":{"@type":"EntryPoint","urlTemplate":"https:\/\/hudo.com\/si\/?s={search_term_string}"},"query-input":"required name=search_term_string"}],"inLanguage":"sl-SI"},{"@type":"Organization","@id":"https:\/\/hudo.com\/si\/#organization","name":"VSN Media","url":"https:\/\/hudo.com\/si\/","logo":{"@type":"ImageObject","inLanguage":"sl-SI","@id":"https:\/\/hudo.com\/si\/#\/schema\/logo\/image\/","url":"https:\/\/hudo.com\/si\/wp-content\/uploads\/sites\/2\/2021\/03\/hudo-app-2.png","contentUrl":"https:\/\/hudo.com\/si\/wp-content\/uploads\/sites\/2\/2021\/03\/hudo-app-2.png","width":2185,"height":2167,"caption":"VSN Media"},"image":{"@id":"https:\/\/hudo.com\/si\/#\/schema\/logo\/image\/"},"sameAs":["https:\/\/www.facebook.com\/hudo.si","https:\/\/twitter.com\/hudo_si"]},{"@type":"Person","@id":"https:\/\/hudo.com\/si\/#\/schema\/person\/601cf3379633985b20f7e50f2bb47707","name":"hudo","image":{"@type":"ImageObject","inLanguage":"sl-SI","@id":"https:\/\/hudo.com\/si\/#\/schema\/person\/image\/","url":"https:\/\/secure.gravatar.com\/avatar\/c4ca25fa72cace7a696b52ff5db9e095?s=96&d=mm&r=g","contentUrl":"https:\/\/secure.gravatar.com\/avatar\/c4ca25fa72cace7a696b52ff5db9e095?s=96&d=mm&r=g","caption":"hudo"},"url":"https:\/\/hudo.com\/si\/author\/hudo\/"}]}},"amp_enabled":true,"_links":{"self":[{"href":"https:\/\/hudo.com\/si\/wp-json\/wp\/v2\/posts\/316221"}],"collection":[{"href":"https:\/\/hudo.com\/si\/wp-json\/wp\/v2\/posts"}],"about":[{"href":"https:\/\/hudo.com\/si\/wp-json\/wp\/v2\/types\/post"}],"author":[{"embeddable":true,"href":"https:\/\/hudo.com\/si\/wp-json\/wp\/v2\/users\/1"}],"replies":[{"embeddable":true,"href":"https:\/\/hudo.com\/si\/wp-json\/wp\/v2\/comments?post=316221"}],"version-history":[{"count":0,"href":"https:\/\/hudo.com\/si\/wp-json\/wp\/v2\/posts\/316221\/revisions"}],"wp:attachment":[{"href":"https:\/\/hudo.com\/si\/wp-json\/wp\/v2\/media?parent=316221"}],"wp:term":[{"taxonomy":"category","embeddable":true,"href":"https:\/\/hudo.com\/si\/wp-json\/wp\/v2\/categories?post=316221"},{"taxonomy":"post_tag","embeddable":true,"href":"https:\/\/hudo.com\/si\/wp-json\/wp\/v2\/tags?post=316221"},{"taxonomy":"source","embeddable":true,"href":"https:\/\/hudo.com\/si\/wp-json\/wp\/v2\/source?post=316221"},{"taxonomy":"supertag","embeddable":true,"href":"https:\/\/hudo.com\/si\/wp-json\/wp\/v2\/supertag?post=316221"}],"curies":[{"name":"wp","href":"https:\/\/api.w.org\/{rel}","templated":true}]}}