{"id":316538,"date":"2017-11-01T17:49:17","date_gmt":"2017-11-01T16:49:17","guid":{"rendered":"http:\/\/hudo.com\/si\/?p=316538"},"modified":"2017-11-01T17:49:17","modified_gmt":"2017-11-01T16:49:17","slug":"arhivi-jfk-je-adolf-hitler-res-prezivel-vojno-se-skrival-v-latinski-ameriki","status":"publish","type":"post","link":"https:\/\/hudo.com\/si\/aktualno\/arhivi-jfk-je-adolf-hitler-res-prezivel-vojno-se-skrival-v-latinski-ameriki\/","title":{"rendered":"Arhivi JFK: je Adolf Hitler res pre\u017eivel vojno in se skrival v Latinski Ameriki?"},"content":{"rendered":"<p><span class=\"date\">01. november 2017 &#8211;\u00a0<\/span><a href=\"https:\/\/tatrenutek.si\/urednistvo\">TaTrenutek<\/a>\u00a0\/\u00a0<a href=\"https:\/\/tatrenutek.si\/clanki-avtorja\/1407\"><span class=\"author\">Igor Mekina<\/span><\/a><\/p>\n<p>Nedavno razkriti dokumenti o ameri\u0161ke agencije CIA o uboju ameri\u0161kega predsednika\u00a0<strong>Johna F. Kennedya<\/strong>prina\u0161ajo tudi nekaj novih podrobnosti o nekaterih drugih skrivnostnih zgodbah. V kopici dokumentov so raziskovalci tako na primer na\u0161li dokumente o pri\u010devanjih, ki razkrivajo, da naj bi Hitler pre\u017eivel drugo svetovno vojno ter zbe\u017eal v Latinsko Ameriko. Da se je vodja tretjega rajha\u00a0<strong>Adolf Hitler<\/strong>\u00a0v svojem bunkerju ubil 30. aprila leta 1945 je sicer \u0161e zmeraj \u00bbzgodovinsko dejstvo\u00ab, vendar je res, da cela vrsta dokazov uradno razli\u010dico zgodovine postavlja pod vpra\u0161aj.<\/p>\n<p>Kot ka\u017eejo\u00a0<a href=\"http:\/\/www.miamiherald.com\/news\/nation-world\/national\/article181864556.html\" target=\"_blank\"><strong>dokumenti\u00a0v nedavno za javnost odprtem \u00bbJFK\u00ab arhivu CIE<\/strong><\/a>, je centralna ameri\u0161ka obve\u0161\u010devalna agencija raziskovala tudi mo\u017enost, da je Hitler zbe\u017eal\u00a0 iz Evrope in se najprej skrival v Kolumbiji. Prvi dokument CIE ima datum 3. oktober 1953, v njem pa neimenovani agent CIE ozna\u010den s \u0161ifro \u201cCIMELODY-3\u201d pojasnjuje, da ga je kontaktiral tesen prijatelj, ki je bil neko\u010d njegov podrejeni v med slu\u017ebovanjem v Evropi, ki trenutno \u017eivi v Maracaibu v Venezueli.<\/p>\n<p>Ta prijatelj naj bi agentu CIE dejal, da mu je nekdanji pripadnik SS-a\u00a0<strong>Phillip Citroen<\/strong>\u00a0dejal, da je Hitler dejansko \u0161e vedno \u017eiv in da nekdanjega vodjo tretjega rajha ni ve\u010d mogo\u010de obsoditi, ker je \u017ee minilo 10 let od konca druge svetovne vojne, kar je rok, ko tak\u0161ni zlo\u010dini zastarajo.<\/p>\n<p><strong><a href=\"https:\/\/tatrenutek.si\/zanimivosti\/arhivi-jfk-je-adolf-hitler-res-prezivel-vojno-se-skrival-v-latinski-ameriki\">Celoten prispevek si preberite na TaTrenutek.si<\/a><\/strong><\/p>\n","protected":false},"excerpt":{"rendered":"<p>V arhivih CIE o uboju ameri\u0161kega predsednika JF Kennedya so na\u0161li tudi poro\u010dila CIE o tem, da naj bi se vodja tretjega rajha Adolf Hitler po drugi svetovni vojni skrival v Kolumbiji in Argentini. <\/p>\n","protected":false},"author":14,"featured_media":316539,"comment_status":"closed","ping_status":"closed","sticky":false,"template":"","format":"standard","meta":{"footnotes":""},"categories":[1179],"tags":[2181,9752,9737],"source":[4511],"supertag":[6103],"acf":[],"yoast_head":"<!-- This site is optimized with the Yoast SEO plugin v21.3 - https:\/\/yoast.com\/wordpress\/plugins\/seo\/ -->\n<title>Arhivi JFK: je Adolf Hitler res pre\u017eivel vojno in se skrival v Latinski Ameriki? - Hudo Slovenija<\/title>\n<meta name=\"robots\" content=\"index, follow, max-snippet:-1, max-image-preview:large, max-video-preview:-1\" \/>\n<link rel=\"canonical\" href=\"https:\/\/hudo.com\/si\/aktualno\/arhivi-jfk-je-adolf-hitler-res-prezivel-vojno-se-skrival-v-latinski-ameriki\/\" \/>\n<meta property=\"og:locale\" content=\"sl_SI\" \/>\n<meta property=\"og:type\" content=\"article\" \/>\n<meta property=\"og:title\" content=\"Arhivi JFK: je Adolf Hitler res pre\u017eivel vojno in se skrival v Latinski Ameriki? - Hudo Slovenija\" \/>\n<meta property=\"og:description\" content=\"V arhivih CIE o uboju ameri\u0161kega predsednika JF Kennedya so na\u0161li tudi poro\u010dila CIE o tem, da naj bi se vodja tretjega rajha Adolf Hitler po drugi svetovni vojni skrival v Kolumbiji in Argentini.\" \/>\n<meta property=\"og:url\" content=\"https:\/\/hudo.com\/si\/aktualno\/arhivi-jfk-je-adolf-hitler-res-prezivel-vojno-se-skrival-v-latinski-ameriki\/\" \/>\n<meta property=\"og:site_name\" content=\"Hudo Slovenija\" \/>\n<meta property=\"article:publisher\" content=\"https:\/\/www.facebook.com\/hudo.si\" \/>\n<meta property=\"article:published_time\" content=\"2017-11-01T16:49:17+00:00\" \/>\n<meta property=\"og:image\" content=\"https:\/\/hudo.com\/si\/wp-content\/uploads\/sites\/2\/2017\/11\/profimedia-0333850861-1.jpg\" \/>\n\t<meta property=\"og:image:width\" content=\"1250\" \/>\n\t<meta property=\"og:image:height\" content=\"864\" \/>\n\t<meta property=\"og:image:type\" content=\"image\/jpeg\" \/>\n<meta name=\"author\" content=\"Insajder.com\" \/>\n<meta name=\"twitter:card\" content=\"summary_large_image\" \/>\n<meta name=\"twitter:creator\" content=\"@hudo_si\" \/>\n<meta name=\"twitter:site\" content=\"@hudo_si\" \/>\n<meta name=\"twitter:label1\" content=\"Written by\" \/>\n\t<meta name=\"twitter:data1\" content=\"Insajder.com\" \/>\n\t<meta name=\"twitter:label2\" content=\"Est. reading time\" \/>\n\t<meta name=\"twitter:data2\" content=\"1 minuta\" \/>\n<script type=\"application\/ld+json\" class=\"yoast-schema-graph\">{\"@context\":\"https:\/\/schema.org\",\"@graph\":[{\"@type\":\"Article\",\"@id\":\"https:\/\/hudo.com\/si\/aktualno\/arhivi-jfk-je-adolf-hitler-res-prezivel-vojno-se-skrival-v-latinski-ameriki\/#article\",\"isPartOf\":{\"@id\":\"https:\/\/hudo.com\/si\/aktualno\/arhivi-jfk-je-adolf-hitler-res-prezivel-vojno-se-skrival-v-latinski-ameriki\/\"},\"author\":{\"name\":\"Insajder.com\",\"@id\":\"https:\/\/hudo.com\/si\/#\/schema\/person\/d67e60ae52459678623587acd5218ca6\"},\"headline\":\"Arhivi JFK: je Adolf Hitler res pre\u017eivel vojno in se skrival v Latinski Ameriki?\",\"datePublished\":\"2017-11-01T16:49:17+00:00\",\"dateModified\":\"2017-11-01T16:49:17+00:00\",\"mainEntityOfPage\":{\"@id\":\"https:\/\/hudo.com\/si\/aktualno\/arhivi-jfk-je-adolf-hitler-res-prezivel-vojno-se-skrival-v-latinski-ameriki\/\"},\"wordCount\":251,\"publisher\":{\"@id\":\"https:\/\/hudo.com\/si\/#organization\"},\"keywords\":[\"Adolf Hitler\",\"Arhivi JFK\",\"John F. Kennedy\"],\"articleSection\":[\"Aktualno\"],\"inLanguage\":\"sl-SI\"},{\"@type\":\"WebPage\",\"@id\":\"https:\/\/hudo.com\/si\/aktualno\/arhivi-jfk-je-adolf-hitler-res-prezivel-vojno-se-skrival-v-latinski-ameriki\/\",\"url\":\"https:\/\/hudo.com\/si\/aktualno\/arhivi-jfk-je-adolf-hitler-res-prezivel-vojno-se-skrival-v-latinski-ameriki\/\",\"name\":\"Arhivi JFK: je Adolf Hitler res pre\u017eivel vojno in se skrival v Latinski Ameriki? - Hudo Slovenija\",\"isPartOf\":{\"@id\":\"https:\/\/hudo.com\/si\/#website\"},\"datePublished\":\"2017-11-01T16:49:17+00:00\",\"dateModified\":\"2017-11-01T16:49:17+00:00\",\"breadcrumb\":{\"@id\":\"https:\/\/hudo.com\/si\/aktualno\/arhivi-jfk-je-adolf-hitler-res-prezivel-vojno-se-skrival-v-latinski-ameriki\/#breadcrumb\"},\"inLanguage\":\"sl-SI\",\"potentialAction\":[{\"@type\":\"ReadAction\",\"target\":[\"https:\/\/hudo.com\/si\/aktualno\/arhivi-jfk-je-adolf-hitler-res-prezivel-vojno-se-skrival-v-latinski-ameriki\/\"]}]},{\"@type\":\"BreadcrumbList\",\"@id\":\"https:\/\/hudo.com\/si\/aktualno\/arhivi-jfk-je-adolf-hitler-res-prezivel-vojno-se-skrival-v-latinski-ameriki\/#breadcrumb\",\"itemListElement\":[{\"@type\":\"ListItem\",\"position\":1,\"name\":\"Home\",\"item\":\"https:\/\/hudo.com\/si\/\"},{\"@type\":\"ListItem\",\"position\":2,\"name\":\"Arhivi JFK: je Adolf Hitler res pre\u017eivel vojno in se skrival v Latinski Ameriki?\"}]},{\"@type\":\"WebSite\",\"@id\":\"https:\/\/hudo.com\/si\/#website\",\"url\":\"https:\/\/hudo.com\/si\/\",\"name\":\"Hudo Slovenija\",\"description\":\"Vse novice iz Slovenije in sveta\",\"publisher\":{\"@id\":\"https:\/\/hudo.com\/si\/#organization\"},\"potentialAction\":[{\"@type\":\"SearchAction\",\"target\":{\"@type\":\"EntryPoint\",\"urlTemplate\":\"https:\/\/hudo.com\/si\/?s={search_term_string}\"},\"query-input\":\"required name=search_term_string\"}],\"inLanguage\":\"sl-SI\"},{\"@type\":\"Organization\",\"@id\":\"https:\/\/hudo.com\/si\/#organization\",\"name\":\"VSN Media\",\"url\":\"https:\/\/hudo.com\/si\/\",\"logo\":{\"@type\":\"ImageObject\",\"inLanguage\":\"sl-SI\",\"@id\":\"https:\/\/hudo.com\/si\/#\/schema\/logo\/image\/\",\"url\":\"https:\/\/hudo.com\/si\/wp-content\/uploads\/sites\/2\/2021\/03\/hudo-app-2.png\",\"contentUrl\":\"https:\/\/hudo.com\/si\/wp-content\/uploads\/sites\/2\/2021\/03\/hudo-app-2.png\",\"width\":2185,\"height\":2167,\"caption\":\"VSN Media\"},\"image\":{\"@id\":\"https:\/\/hudo.com\/si\/#\/schema\/logo\/image\/\"},\"sameAs\":[\"https:\/\/www.facebook.com\/hudo.si\",\"https:\/\/twitter.com\/hudo_si\"]},{\"@type\":\"Person\",\"@id\":\"https:\/\/hudo.com\/si\/#\/schema\/person\/d67e60ae52459678623587acd5218ca6\",\"name\":\"Insajder.com\",\"image\":{\"@type\":\"ImageObject\",\"inLanguage\":\"sl-SI\",\"@id\":\"https:\/\/hudo.com\/si\/#\/schema\/person\/image\/\",\"url\":\"https:\/\/secure.gravatar.com\/avatar\/1bf0a6305b18a5fd153808968f1483c6?s=96&d=mm&r=g\",\"contentUrl\":\"https:\/\/secure.gravatar.com\/avatar\/1bf0a6305b18a5fd153808968f1483c6?s=96&d=mm&r=g\",\"caption\":\"Insajder.com\"},\"url\":\"https:\/\/hudo.com\/si\/author\/tatrenuteksi\/\"}]}<\/script>\n<!-- \/ Yoast SEO plugin. -->","yoast_head_json":{"title":"Arhivi JFK: je Adolf Hitler res pre\u017eivel vojno in se skrival v Latinski Ameriki? - Hudo Slovenija","robots":{"index":"index","follow":"follow","max-snippet":"max-snippet:-1","max-image-preview":"max-image-preview:large","max-video-preview":"max-video-preview:-1"},"canonical":"https:\/\/hudo.com\/si\/aktualno\/arhivi-jfk-je-adolf-hitler-res-prezivel-vojno-se-skrival-v-latinski-ameriki\/","og_locale":"sl_SI","og_type":"article","og_title":"Arhivi JFK: je Adolf Hitler res pre\u017eivel vojno in se skrival v Latinski Ameriki? - Hudo Slovenija","og_description":"V arhivih CIE o uboju ameri\u0161kega predsednika JF Kennedya so na\u0161li tudi poro\u010dila CIE o tem, da naj bi se vodja tretjega rajha Adolf Hitler po drugi svetovni vojni skrival v Kolumbiji in Argentini.","og_url":"https:\/\/hudo.com\/si\/aktualno\/arhivi-jfk-je-adolf-hitler-res-prezivel-vojno-se-skrival-v-latinski-ameriki\/","og_site_name":"Hudo Slovenija","article_publisher":"https:\/\/www.facebook.com\/hudo.si","article_published_time":"2017-11-01T16:49:17+00:00","og_image":[{"width":1250,"height":864,"url":"https:\/\/hudo.com\/si\/wp-content\/uploads\/sites\/2\/2017\/11\/profimedia-0333850861-1.jpg","type":"image\/jpeg"}],"author":"Insajder.com","twitter_card":"summary_large_image","twitter_creator":"@hudo_si","twitter_site":"@hudo_si","twitter_misc":{"Written by":"Insajder.com","Est. reading time":"1 minuta"},"schema":{"@context":"https:\/\/schema.org","@graph":[{"@type":"Article","@id":"https:\/\/hudo.com\/si\/aktualno\/arhivi-jfk-je-adolf-hitler-res-prezivel-vojno-se-skrival-v-latinski-ameriki\/#article","isPartOf":{"@id":"https:\/\/hudo.com\/si\/aktualno\/arhivi-jfk-je-adolf-hitler-res-prezivel-vojno-se-skrival-v-latinski-ameriki\/"},"author":{"name":"Insajder.com","@id":"https:\/\/hudo.com\/si\/#\/schema\/person\/d67e60ae52459678623587acd5218ca6"},"headline":"Arhivi JFK: je Adolf Hitler res pre\u017eivel vojno in se skrival v Latinski Ameriki?","datePublished":"2017-11-01T16:49:17+00:00","dateModified":"2017-11-01T16:49:17+00:00","mainEntityOfPage":{"@id":"https:\/\/hudo.com\/si\/aktualno\/arhivi-jfk-je-adolf-hitler-res-prezivel-vojno-se-skrival-v-latinski-ameriki\/"},"wordCount":251,"publisher":{"@id":"https:\/\/hudo.com\/si\/#organization"},"keywords":["Adolf Hitler","Arhivi JFK","John F. Kennedy"],"articleSection":["Aktualno"],"inLanguage":"sl-SI"},{"@type":"WebPage","@id":"https:\/\/hudo.com\/si\/aktualno\/arhivi-jfk-je-adolf-hitler-res-prezivel-vojno-se-skrival-v-latinski-ameriki\/","url":"https:\/\/hudo.com\/si\/aktualno\/arhivi-jfk-je-adolf-hitler-res-prezivel-vojno-se-skrival-v-latinski-ameriki\/","name":"Arhivi JFK: je Adolf Hitler res pre\u017eivel vojno in se skrival v Latinski Ameriki? - Hudo Slovenija","isPartOf":{"@id":"https:\/\/hudo.com\/si\/#website"},"datePublished":"2017-11-01T16:49:17+00:00","dateModified":"2017-11-01T16:49:17+00:00","breadcrumb":{"@id":"https:\/\/hudo.com\/si\/aktualno\/arhivi-jfk-je-adolf-hitler-res-prezivel-vojno-se-skrival-v-latinski-ameriki\/#breadcrumb"},"inLanguage":"sl-SI","potentialAction":[{"@type":"ReadAction","target":["https:\/\/hudo.com\/si\/aktualno\/arhivi-jfk-je-adolf-hitler-res-prezivel-vojno-se-skrival-v-latinski-ameriki\/"]}]},{"@type":"BreadcrumbList","@id":"https:\/\/hudo.com\/si\/aktualno\/arhivi-jfk-je-adolf-hitler-res-prezivel-vojno-se-skrival-v-latinski-ameriki\/#breadcrumb","itemListElement":[{"@type":"ListItem","position":1,"name":"Home","item":"https:\/\/hudo.com\/si\/"},{"@type":"ListItem","position":2,"name":"Arhivi JFK: je Adolf Hitler res pre\u017eivel vojno in se skrival v Latinski Ameriki?"}]},{"@type":"WebSite","@id":"https:\/\/hudo.com\/si\/#website","url":"https:\/\/hudo.com\/si\/","name":"Hudo Slovenija","description":"Vse novice iz Slovenije in sveta","publisher":{"@id":"https:\/\/hudo.com\/si\/#organization"},"potentialAction":[{"@type":"SearchAction","target":{"@type":"EntryPoint","urlTemplate":"https:\/\/hudo.com\/si\/?s={search_term_string}"},"query-input":"required name=search_term_string"}],"inLanguage":"sl-SI"},{"@type":"Organization","@id":"https:\/\/hudo.com\/si\/#organization","name":"VSN Media","url":"https:\/\/hudo.com\/si\/","logo":{"@type":"ImageObject","inLanguage":"sl-SI","@id":"https:\/\/hudo.com\/si\/#\/schema\/logo\/image\/","url":"https:\/\/hudo.com\/si\/wp-content\/uploads\/sites\/2\/2021\/03\/hudo-app-2.png","contentUrl":"https:\/\/hudo.com\/si\/wp-content\/uploads\/sites\/2\/2021\/03\/hudo-app-2.png","width":2185,"height":2167,"caption":"VSN Media"},"image":{"@id":"https:\/\/hudo.com\/si\/#\/schema\/logo\/image\/"},"sameAs":["https:\/\/www.facebook.com\/hudo.si","https:\/\/twitter.com\/hudo_si"]},{"@type":"Person","@id":"https:\/\/hudo.com\/si\/#\/schema\/person\/d67e60ae52459678623587acd5218ca6","name":"Insajder.com","image":{"@type":"ImageObject","inLanguage":"sl-SI","@id":"https:\/\/hudo.com\/si\/#\/schema\/person\/image\/","url":"https:\/\/secure.gravatar.com\/avatar\/1bf0a6305b18a5fd153808968f1483c6?s=96&d=mm&r=g","contentUrl":"https:\/\/secure.gravatar.com\/avatar\/1bf0a6305b18a5fd153808968f1483c6?s=96&d=mm&r=g","caption":"Insajder.com"},"url":"https:\/\/hudo.com\/si\/author\/tatrenuteksi\/"}]}},"amp_enabled":true,"_links":{"self":[{"href":"https:\/\/hudo.com\/si\/wp-json\/wp\/v2\/posts\/316538"}],"collection":[{"href":"https:\/\/hudo.com\/si\/wp-json\/wp\/v2\/posts"}],"about":[{"href":"https:\/\/hudo.com\/si\/wp-json\/wp\/v2\/types\/post"}],"author":[{"embeddable":true,"href":"https:\/\/hudo.com\/si\/wp-json\/wp\/v2\/users\/14"}],"replies":[{"embeddable":true,"href":"https:\/\/hudo.com\/si\/wp-json\/wp\/v2\/comments?post=316538"}],"version-history":[{"count":1,"href":"https:\/\/hudo.com\/si\/wp-json\/wp\/v2\/posts\/316538\/revisions"}],"predecessor-version":[{"id":316540,"href":"https:\/\/hudo.com\/si\/wp-json\/wp\/v2\/posts\/316538\/revisions\/316540"}],"wp:featuredmedia":[{"embeddable":true,"href":"https:\/\/hudo.com\/si\/wp-json\/wp\/v2\/media\/316539"}],"wp:attachment":[{"href":"https:\/\/hudo.com\/si\/wp-json\/wp\/v2\/media?parent=316538"}],"wp:term":[{"taxonomy":"category","embeddable":true,"href":"https:\/\/hudo.com\/si\/wp-json\/wp\/v2\/categories?post=316538"},{"taxonomy":"post_tag","embeddable":true,"href":"https:\/\/hudo.com\/si\/wp-json\/wp\/v2\/tags?post=316538"},{"taxonomy":"source","embeddable":true,"href":"https:\/\/hudo.com\/si\/wp-json\/wp\/v2\/source?post=316538"},{"taxonomy":"supertag","embeddable":true,"href":"https:\/\/hudo.com\/si\/wp-json\/wp\/v2\/supertag?post=316538"}],"curies":[{"name":"wp","href":"https:\/\/api.w.org\/{rel}","templated":true}]}}