{"id":316630,"date":"2017-11-01T19:21:00","date_gmt":"2017-11-01T18:21:00","guid":{"rendered":"http:\/\/hudo.com\/si\/2017\/11\/01\/celjani-kljub-borbeni-igri-sklonjenih-glav-iz-nemcije\/"},"modified":"2017-11-01T19:21:00","modified_gmt":"2017-11-01T18:21:00","slug":"celjani-kljub-borbeni-igri-sklonjenih-glav-iz-nemcije","status":"publish","type":"post","link":"https:\/\/hudo.com\/si\/aktualno\/celjani-kljub-borbeni-igri-sklonjenih-glav-iz-nemcije\/","title":{"rendered":"Celjani kljub borbeni igri sklonjenih glav iz Nem\u010dije"},"content":{"rendered":"<p>Kategorija: Rokomet Wed, 01 Nov 2017 20:21:00 +0100  Flensburg &#8211; Celjski rokometa\u0161i so v odsotnosti \u017dige Mlakarja, Boruta Ma\u010dkov\u0161ka in Luke Mitrovi\u0107a pri\u010dakovano izgubili v Flensburgu, a znova pokazali svoje veliko srce. Ve\u010dji del tekme so bili povsem enakovredni favoriziranim gostiteljem, v mo\u010dno zdesetkani zasedbi pa bodo nastopili tudi na naslednji tekmi v elitni skupini B lige prvakov, ko bodo v nedeljo, 12. novembra, gostovali v nem\u0161kem Kielu, kjer igra slovenski reprezentant Miha Zarabec. Mitrovi\u0107 bo zavoljo strganih kolenskih kri\u017enih vezi namre\u010d manjkal do konca sezone, Mlakar zaradi zloma dlan\u010dne kosti vsaj mesec dni, Ma\u010dkov\u0161ek pa ima hude te\u017eave s po\u0161kodovanim komolcem. Celjska ekipa je na dosedanjih \u0161estih tekmah zbrala tri to\u010dke, potem ko je premagala poljski Vive Kielce in igrala neodlo\u010deno z beloruskim Brestom, poleg Flensburga pa je izgubila \u0161e proti mad\u017earskemu Veszpremu, danskemu Aalborgu in francoskemu PSG. Trener\u00a0&#8230;<\/p>\n","protected":false},"excerpt":{"rendered":"<p>Kategorija: Rokomet Wed, 01 Nov 2017 20:21:00 +0100  Flensburg &#8211; Celjski rokometa\u0161i so v odsotnosti \u017dige Mlakarja, Boruta Ma\u010dkov\u0161ka in Luke Mitrovi\u0107a pri\u010dakovano izgubili v Flensburgu, a znova pokazali svoje veliko srce. Ve\u010dji del tekme so bili povsem enakovredni favoriziranim gostiteljem, v mo\u010dno zdesetkani zasedbi pa bodo nastopili tudi na naslednji tekmi v elitni skupini B lige prvakov, ko bodo v nedeljo, 12. novembra, gostovali v nem\u0161kem Kielu, kjer igra slovenski reprezentant Miha Zarabec. Mitrovi\u0107 bo zavoljo strganih kolenskih kri\u017enih vezi namre\u010d manjkal do konca sezone, Mlakar zaradi zloma dlan\u010dne kosti vsaj mesec dni, Ma\u010dkov\u0161ek pa ima hude te\u017eave s po\u0161kodovanim komolcem. Celjska ekipa je na dosedanjih \u0161estih tekmah zbrala tri to\u010dke, potem ko je premagala poljski Vive Kielce in igrala neodlo\u010deno z beloruskim Brestom, poleg Flensburga pa je izgubila \u0161e proti mad\u017earskemu Veszpremu, danskemu Aalborgu in francoskemu PSG. Trener\u00a0&#8230;<\/p>\n","protected":false},"author":1,"featured_media":0,"comment_status":"closed","ping_status":"closed","sticky":false,"template":"","format":"standard","meta":{"footnotes":""},"categories":[1179],"tags":[],"source":[1703],"supertag":[],"acf":[],"yoast_head":"<!-- This site is optimized with the Yoast SEO plugin v21.3 - https:\/\/yoast.com\/wordpress\/plugins\/seo\/ -->\n<title>Celjani kljub borbeni igri sklonjenih glav iz Nem\u010dije - Hudo Slovenija<\/title>\n<meta name=\"robots\" content=\"index, follow, max-snippet:-1, max-image-preview:large, max-video-preview:-1\" \/>\n<link rel=\"canonical\" href=\"https:\/\/hudo.com\/si\/aktualno\/celjani-kljub-borbeni-igri-sklonjenih-glav-iz-nemcije\/\" \/>\n<meta property=\"og:locale\" content=\"sl_SI\" \/>\n<meta property=\"og:type\" content=\"article\" \/>\n<meta property=\"og:title\" content=\"Celjani kljub borbeni igri sklonjenih glav iz Nem\u010dije - Hudo Slovenija\" \/>\n<meta property=\"og:description\" content=\"Kategorija: Rokomet Wed, 01 Nov 2017 20:21:00 +0100 Flensburg - Celjski rokometa\u0161i so v odsotnosti \u017dige Mlakarja, Boruta Ma\u010dkov\u0161ka in Luke Mitrovi\u0107a pri\u010dakovano izgubili v Flensburgu, a znova pokazali svoje veliko srce. Ve\u010dji del tekme so bili povsem enakovredni favoriziranim gostiteljem, v mo\u010dno zdesetkani zasedbi pa bodo nastopili tudi na naslednji tekmi v elitni skupini B lige prvakov, ko bodo v nedeljo, 12. novembra, gostovali v nem\u0161kem Kielu, kjer igra slovenski reprezentant Miha Zarabec. Mitrovi\u0107 bo zavoljo strganih kolenskih kri\u017enih vezi namre\u010d manjkal do konca sezone, Mlakar zaradi zloma dlan\u010dne kosti vsaj mesec dni, Ma\u010dkov\u0161ek pa ima hude te\u017eave s po\u0161kodovanim komolcem. Celjska ekipa je na dosedanjih \u0161estih tekmah zbrala tri to\u010dke, potem ko je premagala poljski Vive Kielce in igrala neodlo\u010deno z beloruskim Brestom, poleg Flensburga pa je izgubila \u0161e proti mad\u017earskemu Veszpremu, danskemu Aalborgu in francoskemu PSG. Trener\u00a0...\" \/>\n<meta property=\"og:url\" content=\"https:\/\/hudo.com\/si\/aktualno\/celjani-kljub-borbeni-igri-sklonjenih-glav-iz-nemcije\/\" \/>\n<meta property=\"og:site_name\" content=\"Hudo Slovenija\" \/>\n<meta property=\"article:publisher\" content=\"https:\/\/www.facebook.com\/hudo.si\" \/>\n<meta property=\"article:published_time\" content=\"2017-11-01T18:21:00+00:00\" \/>\n<meta property=\"og:image\" content=\"https:\/\/hudo.com\/si\/wp-content\/uploads\/sites\/2\/2017\/11\/480x290_djvu_2580800_janezp_mdr-rokomet.jpeg\" \/>\n\t<meta property=\"og:image:width\" content=\"480\" \/>\n\t<meta property=\"og:image:height\" content=\"290\" \/>\n\t<meta property=\"og:image:type\" content=\"image\/jpeg\" \/>\n<meta name=\"author\" content=\"hudo\" \/>\n<meta name=\"twitter:card\" content=\"summary_large_image\" \/>\n<meta name=\"twitter:creator\" content=\"@hudo_si\" \/>\n<meta name=\"twitter:site\" content=\"@hudo_si\" \/>\n<meta name=\"twitter:label1\" content=\"Written by\" \/>\n\t<meta name=\"twitter:data1\" content=\"hudo\" \/>\n\t<meta name=\"twitter:label2\" content=\"Est. reading time\" \/>\n\t<meta name=\"twitter:data2\" content=\"1 minuta\" \/>\n<script type=\"application\/ld+json\" class=\"yoast-schema-graph\">{\"@context\":\"https:\/\/schema.org\",\"@graph\":[{\"@type\":\"Article\",\"@id\":\"https:\/\/hudo.com\/si\/aktualno\/celjani-kljub-borbeni-igri-sklonjenih-glav-iz-nemcije\/#article\",\"isPartOf\":{\"@id\":\"https:\/\/hudo.com\/si\/aktualno\/celjani-kljub-borbeni-igri-sklonjenih-glav-iz-nemcije\/\"},\"author\":{\"name\":\"hudo\",\"@id\":\"https:\/\/hudo.com\/si\/#\/schema\/person\/601cf3379633985b20f7e50f2bb47707\"},\"headline\":\"Celjani kljub borbeni igri sklonjenih glav iz Nem\u010dije\",\"datePublished\":\"2017-11-01T18:21:00+00:00\",\"dateModified\":\"2017-11-01T18:21:00+00:00\",\"mainEntityOfPage\":{\"@id\":\"https:\/\/hudo.com\/si\/aktualno\/celjani-kljub-borbeni-igri-sklonjenih-glav-iz-nemcije\/\"},\"wordCount\":161,\"publisher\":{\"@id\":\"https:\/\/hudo.com\/si\/#organization\"},\"articleSection\":[\"Aktualno\"],\"inLanguage\":\"sl-SI\"},{\"@type\":\"WebPage\",\"@id\":\"https:\/\/hudo.com\/si\/aktualno\/celjani-kljub-borbeni-igri-sklonjenih-glav-iz-nemcije\/\",\"url\":\"https:\/\/hudo.com\/si\/aktualno\/celjani-kljub-borbeni-igri-sklonjenih-glav-iz-nemcije\/\",\"name\":\"Celjani kljub borbeni igri sklonjenih glav iz Nem\u010dije - Hudo Slovenija\",\"isPartOf\":{\"@id\":\"https:\/\/hudo.com\/si\/#website\"},\"datePublished\":\"2017-11-01T18:21:00+00:00\",\"dateModified\":\"2017-11-01T18:21:00+00:00\",\"breadcrumb\":{\"@id\":\"https:\/\/hudo.com\/si\/aktualno\/celjani-kljub-borbeni-igri-sklonjenih-glav-iz-nemcije\/#breadcrumb\"},\"inLanguage\":\"sl-SI\",\"potentialAction\":[{\"@type\":\"ReadAction\",\"target\":[\"https:\/\/hudo.com\/si\/aktualno\/celjani-kljub-borbeni-igri-sklonjenih-glav-iz-nemcije\/\"]}]},{\"@type\":\"BreadcrumbList\",\"@id\":\"https:\/\/hudo.com\/si\/aktualno\/celjani-kljub-borbeni-igri-sklonjenih-glav-iz-nemcije\/#breadcrumb\",\"itemListElement\":[{\"@type\":\"ListItem\",\"position\":1,\"name\":\"Home\",\"item\":\"https:\/\/hudo.com\/si\/\"},{\"@type\":\"ListItem\",\"position\":2,\"name\":\"Celjani kljub borbeni igri sklonjenih glav iz Nem\u010dije\"}]},{\"@type\":\"WebSite\",\"@id\":\"https:\/\/hudo.com\/si\/#website\",\"url\":\"https:\/\/hudo.com\/si\/\",\"name\":\"Hudo Slovenija\",\"description\":\"Vse novice iz Slovenije in sveta\",\"publisher\":{\"@id\":\"https:\/\/hudo.com\/si\/#organization\"},\"potentialAction\":[{\"@type\":\"SearchAction\",\"target\":{\"@type\":\"EntryPoint\",\"urlTemplate\":\"https:\/\/hudo.com\/si\/?s={search_term_string}\"},\"query-input\":\"required name=search_term_string\"}],\"inLanguage\":\"sl-SI\"},{\"@type\":\"Organization\",\"@id\":\"https:\/\/hudo.com\/si\/#organization\",\"name\":\"VSN Media\",\"url\":\"https:\/\/hudo.com\/si\/\",\"logo\":{\"@type\":\"ImageObject\",\"inLanguage\":\"sl-SI\",\"@id\":\"https:\/\/hudo.com\/si\/#\/schema\/logo\/image\/\",\"url\":\"https:\/\/hudo.com\/si\/wp-content\/uploads\/sites\/2\/2021\/03\/hudo-app-2.png\",\"contentUrl\":\"https:\/\/hudo.com\/si\/wp-content\/uploads\/sites\/2\/2021\/03\/hudo-app-2.png\",\"width\":2185,\"height\":2167,\"caption\":\"VSN Media\"},\"image\":{\"@id\":\"https:\/\/hudo.com\/si\/#\/schema\/logo\/image\/\"},\"sameAs\":[\"https:\/\/www.facebook.com\/hudo.si\",\"https:\/\/twitter.com\/hudo_si\"]},{\"@type\":\"Person\",\"@id\":\"https:\/\/hudo.com\/si\/#\/schema\/person\/601cf3379633985b20f7e50f2bb47707\",\"name\":\"hudo\",\"image\":{\"@type\":\"ImageObject\",\"inLanguage\":\"sl-SI\",\"@id\":\"https:\/\/hudo.com\/si\/#\/schema\/person\/image\/\",\"url\":\"https:\/\/secure.gravatar.com\/avatar\/c4ca25fa72cace7a696b52ff5db9e095?s=96&d=mm&r=g\",\"contentUrl\":\"https:\/\/secure.gravatar.com\/avatar\/c4ca25fa72cace7a696b52ff5db9e095?s=96&d=mm&r=g\",\"caption\":\"hudo\"},\"url\":\"https:\/\/hudo.com\/si\/author\/hudo\/\"}]}<\/script>\n<!-- \/ Yoast SEO plugin. -->","yoast_head_json":{"title":"Celjani kljub borbeni igri sklonjenih glav iz Nem\u010dije - Hudo Slovenija","robots":{"index":"index","follow":"follow","max-snippet":"max-snippet:-1","max-image-preview":"max-image-preview:large","max-video-preview":"max-video-preview:-1"},"canonical":"https:\/\/hudo.com\/si\/aktualno\/celjani-kljub-borbeni-igri-sklonjenih-glav-iz-nemcije\/","og_locale":"sl_SI","og_type":"article","og_title":"Celjani kljub borbeni igri sklonjenih glav iz Nem\u010dije - Hudo Slovenija","og_description":"Kategorija: Rokomet Wed, 01 Nov 2017 20:21:00 +0100 Flensburg - Celjski rokometa\u0161i so v odsotnosti \u017dige Mlakarja, Boruta Ma\u010dkov\u0161ka in Luke Mitrovi\u0107a pri\u010dakovano izgubili v Flensburgu, a znova pokazali svoje veliko srce. Ve\u010dji del tekme so bili povsem enakovredni favoriziranim gostiteljem, v mo\u010dno zdesetkani zasedbi pa bodo nastopili tudi na naslednji tekmi v elitni skupini B lige prvakov, ko bodo v nedeljo, 12. novembra, gostovali v nem\u0161kem Kielu, kjer igra slovenski reprezentant Miha Zarabec. Mitrovi\u0107 bo zavoljo strganih kolenskih kri\u017enih vezi namre\u010d manjkal do konca sezone, Mlakar zaradi zloma dlan\u010dne kosti vsaj mesec dni, Ma\u010dkov\u0161ek pa ima hude te\u017eave s po\u0161kodovanim komolcem. Celjska ekipa je na dosedanjih \u0161estih tekmah zbrala tri to\u010dke, potem ko je premagala poljski Vive Kielce in igrala neodlo\u010deno z beloruskim Brestom, poleg Flensburga pa je izgubila \u0161e proti mad\u017earskemu Veszpremu, danskemu Aalborgu in francoskemu PSG. Trener\u00a0...","og_url":"https:\/\/hudo.com\/si\/aktualno\/celjani-kljub-borbeni-igri-sklonjenih-glav-iz-nemcije\/","og_site_name":"Hudo Slovenija","article_publisher":"https:\/\/www.facebook.com\/hudo.si","article_published_time":"2017-11-01T18:21:00+00:00","og_image":[{"width":480,"height":290,"url":"https:\/\/hudo.com\/si\/wp-content\/uploads\/sites\/2\/2017\/11\/480x290_djvu_2580800_janezp_mdr-rokomet.jpeg","type":"image\/jpeg"}],"author":"hudo","twitter_card":"summary_large_image","twitter_creator":"@hudo_si","twitter_site":"@hudo_si","twitter_misc":{"Written by":"hudo","Est. reading time":"1 minuta"},"schema":{"@context":"https:\/\/schema.org","@graph":[{"@type":"Article","@id":"https:\/\/hudo.com\/si\/aktualno\/celjani-kljub-borbeni-igri-sklonjenih-glav-iz-nemcije\/#article","isPartOf":{"@id":"https:\/\/hudo.com\/si\/aktualno\/celjani-kljub-borbeni-igri-sklonjenih-glav-iz-nemcije\/"},"author":{"name":"hudo","@id":"https:\/\/hudo.com\/si\/#\/schema\/person\/601cf3379633985b20f7e50f2bb47707"},"headline":"Celjani kljub borbeni igri sklonjenih glav iz Nem\u010dije","datePublished":"2017-11-01T18:21:00+00:00","dateModified":"2017-11-01T18:21:00+00:00","mainEntityOfPage":{"@id":"https:\/\/hudo.com\/si\/aktualno\/celjani-kljub-borbeni-igri-sklonjenih-glav-iz-nemcije\/"},"wordCount":161,"publisher":{"@id":"https:\/\/hudo.com\/si\/#organization"},"articleSection":["Aktualno"],"inLanguage":"sl-SI"},{"@type":"WebPage","@id":"https:\/\/hudo.com\/si\/aktualno\/celjani-kljub-borbeni-igri-sklonjenih-glav-iz-nemcije\/","url":"https:\/\/hudo.com\/si\/aktualno\/celjani-kljub-borbeni-igri-sklonjenih-glav-iz-nemcije\/","name":"Celjani kljub borbeni igri sklonjenih glav iz Nem\u010dije - Hudo Slovenija","isPartOf":{"@id":"https:\/\/hudo.com\/si\/#website"},"datePublished":"2017-11-01T18:21:00+00:00","dateModified":"2017-11-01T18:21:00+00:00","breadcrumb":{"@id":"https:\/\/hudo.com\/si\/aktualno\/celjani-kljub-borbeni-igri-sklonjenih-glav-iz-nemcije\/#breadcrumb"},"inLanguage":"sl-SI","potentialAction":[{"@type":"ReadAction","target":["https:\/\/hudo.com\/si\/aktualno\/celjani-kljub-borbeni-igri-sklonjenih-glav-iz-nemcije\/"]}]},{"@type":"BreadcrumbList","@id":"https:\/\/hudo.com\/si\/aktualno\/celjani-kljub-borbeni-igri-sklonjenih-glav-iz-nemcije\/#breadcrumb","itemListElement":[{"@type":"ListItem","position":1,"name":"Home","item":"https:\/\/hudo.com\/si\/"},{"@type":"ListItem","position":2,"name":"Celjani kljub borbeni igri sklonjenih glav iz Nem\u010dije"}]},{"@type":"WebSite","@id":"https:\/\/hudo.com\/si\/#website","url":"https:\/\/hudo.com\/si\/","name":"Hudo Slovenija","description":"Vse novice iz Slovenije in sveta","publisher":{"@id":"https:\/\/hudo.com\/si\/#organization"},"potentialAction":[{"@type":"SearchAction","target":{"@type":"EntryPoint","urlTemplate":"https:\/\/hudo.com\/si\/?s={search_term_string}"},"query-input":"required name=search_term_string"}],"inLanguage":"sl-SI"},{"@type":"Organization","@id":"https:\/\/hudo.com\/si\/#organization","name":"VSN Media","url":"https:\/\/hudo.com\/si\/","logo":{"@type":"ImageObject","inLanguage":"sl-SI","@id":"https:\/\/hudo.com\/si\/#\/schema\/logo\/image\/","url":"https:\/\/hudo.com\/si\/wp-content\/uploads\/sites\/2\/2021\/03\/hudo-app-2.png","contentUrl":"https:\/\/hudo.com\/si\/wp-content\/uploads\/sites\/2\/2021\/03\/hudo-app-2.png","width":2185,"height":2167,"caption":"VSN Media"},"image":{"@id":"https:\/\/hudo.com\/si\/#\/schema\/logo\/image\/"},"sameAs":["https:\/\/www.facebook.com\/hudo.si","https:\/\/twitter.com\/hudo_si"]},{"@type":"Person","@id":"https:\/\/hudo.com\/si\/#\/schema\/person\/601cf3379633985b20f7e50f2bb47707","name":"hudo","image":{"@type":"ImageObject","inLanguage":"sl-SI","@id":"https:\/\/hudo.com\/si\/#\/schema\/person\/image\/","url":"https:\/\/secure.gravatar.com\/avatar\/c4ca25fa72cace7a696b52ff5db9e095?s=96&d=mm&r=g","contentUrl":"https:\/\/secure.gravatar.com\/avatar\/c4ca25fa72cace7a696b52ff5db9e095?s=96&d=mm&r=g","caption":"hudo"},"url":"https:\/\/hudo.com\/si\/author\/hudo\/"}]}},"amp_enabled":true,"_links":{"self":[{"href":"https:\/\/hudo.com\/si\/wp-json\/wp\/v2\/posts\/316630"}],"collection":[{"href":"https:\/\/hudo.com\/si\/wp-json\/wp\/v2\/posts"}],"about":[{"href":"https:\/\/hudo.com\/si\/wp-json\/wp\/v2\/types\/post"}],"author":[{"embeddable":true,"href":"https:\/\/hudo.com\/si\/wp-json\/wp\/v2\/users\/1"}],"replies":[{"embeddable":true,"href":"https:\/\/hudo.com\/si\/wp-json\/wp\/v2\/comments?post=316630"}],"version-history":[{"count":0,"href":"https:\/\/hudo.com\/si\/wp-json\/wp\/v2\/posts\/316630\/revisions"}],"wp:attachment":[{"href":"https:\/\/hudo.com\/si\/wp-json\/wp\/v2\/media?parent=316630"}],"wp:term":[{"taxonomy":"category","embeddable":true,"href":"https:\/\/hudo.com\/si\/wp-json\/wp\/v2\/categories?post=316630"},{"taxonomy":"post_tag","embeddable":true,"href":"https:\/\/hudo.com\/si\/wp-json\/wp\/v2\/tags?post=316630"},{"taxonomy":"source","embeddable":true,"href":"https:\/\/hudo.com\/si\/wp-json\/wp\/v2\/source?post=316630"},{"taxonomy":"supertag","embeddable":true,"href":"https:\/\/hudo.com\/si\/wp-json\/wp\/v2\/supertag?post=316630"}],"curies":[{"name":"wp","href":"https:\/\/api.w.org\/{rel}","templated":true}]}}