{"id":317282,"date":"2017-11-03T11:19:59","date_gmt":"2017-11-03T10:19:59","guid":{"rendered":"http:\/\/hudo.com\/si\/?p=317282"},"modified":"2017-11-03T11:21:26","modified_gmt":"2017-11-03T10:21:26","slug":"je-v-nemciji-izginilo-30-000-zavrnjenih-azilantov","status":"publish","type":"post","link":"https:\/\/hudo.com\/si\/aktualno\/je-v-nemciji-izginilo-30-000-zavrnjenih-azilantov\/","title":{"rendered":"Je v Nem\u010diji izginilo 30.000 zavrnjenih azilantov?"},"content":{"rendered":"<p><em><span class=\"date\">03. november 2017 &#8211; <\/span><\/em><a href=\"https:\/\/tatrenutek.si\/\" target=\"_blank\">TaTrenutek<\/a> \/ <a href=\"https:\/\/tatrenutek.si\/clanki-avtorja\/176\" target=\"_blank\"><span class=\"author\">Klemen Kocjan\u010di\u010d<\/span><\/a><\/p>\n<h3><strong>Nem\u0161ki \u00bbizbrisani\u00ab<\/strong><\/h3>\n<p>Po poro\u010danju nem\u0161kega <strong><em>Bilda<\/em><\/strong>, je iz seznamov nem\u0161ke birokracije izginilo okoli 30.000 zavrnjenih azilantov, pri \u010demer vlada in nevladne, begunske organizacije navedbe ozna\u010dujejo za statisti\u010dno napako in \u00bbnesmiselne\u00ab navedbe.<\/p>\n<div class=\"citat-right citat\">V\u010deraj je tako <em>Bild<\/em> objavil podatke vladnega Centralnega registra tujih dr\u017eavljanov (AZR), ki je konec leta 2016 imel seznam okoli 54.000 ljudi, kateri bi morali zapustiti Nem\u010dijo, a le za okoli 23.000 od njih so imeli podatke, kje se nahajajo (na podlagi dr\u017eavne podpore, ki jo prejemajo).<\/div>\n<div class=\"citat-right citat\">\n<h3><strong>Stara zgodba<\/strong><\/h3>\n<p><strong>Bernd Mesovic<\/strong>, direktor pravne politike v begunski organizaciji Pro Asyl, je glede objavljenega \u010dlanka dejal: \u00bbTo je stara zgodba. Dejstvo je, da lahko vsakdo domneva, da je veliko ljudi v AZR \u017ee zdavnaj od\u0161lo. Samo zato, ker se ne nahajajo tam, \u0161e ne pomeni, da se skrivajo. Po na\u0161ih izku\u0161njah je veliko ljudi od\u0161lo naprej po za\u010detku postopka (pridobivanja azila, o. p.).\u00ab\u00a0<a href=\"https:\/\/tatrenutek.si\/druzba\/je-v-nemciji-izginilo-30000-zavrnjenih-azilantov\" target=\"_blank\">Beri dalje&#8230;<\/a><\/p>\n<\/div>\n","protected":false},"excerpt":{"rendered":"<p>Nem\u0161ka vlada je priznala, da ne ve, kje se v dr\u017eavi nahaja okoli 30.000 oseb, katerim so zavrnili pro\u0161njo za mednarodno za\u0161\u010dito (azil). Hkrati zagotavlja, da \u0161tevilka ne odra\u017ea celotne resnice, saj se ukvarja z zamudo pri procesiranju dokumentacije.<\/p>\n","protected":false},"author":14,"featured_media":317283,"comment_status":"closed","ping_status":"closed","sticky":false,"template":"","format":"standard","meta":{"footnotes":""},"categories":[1179],"tags":[6374,1606,5465,3628,6166],"source":[4511],"supertag":[],"acf":[],"yoast_head":"<!-- This site is optimized with the Yoast SEO plugin v21.3 - https:\/\/yoast.com\/wordpress\/plugins\/seo\/ -->\n<title>Je v Nem\u010diji izginilo 30.000 zavrnjenih azilantov? - Hudo Slovenija<\/title>\n<meta name=\"robots\" content=\"index, follow, max-snippet:-1, max-image-preview:large, max-video-preview:-1\" \/>\n<link rel=\"canonical\" href=\"https:\/\/hudo.com\/si\/aktualno\/je-v-nemciji-izginilo-30-000-zavrnjenih-azilantov\/\" \/>\n<meta property=\"og:locale\" content=\"sl_SI\" \/>\n<meta property=\"og:type\" content=\"article\" \/>\n<meta property=\"og:title\" content=\"Je v Nem\u010diji izginilo 30.000 zavrnjenih azilantov? - Hudo Slovenija\" \/>\n<meta property=\"og:description\" content=\"Nem\u0161ka vlada je priznala, da ne ve, kje se v dr\u017eavi nahaja okoli 30.000 oseb, katerim so zavrnili pro\u0161njo za mednarodno za\u0161\u010dito (azil). Hkrati zagotavlja, da \u0161tevilka ne odra\u017ea celotne resnice, saj se ukvarja z zamudo pri procesiranju dokumentacije.\" \/>\n<meta property=\"og:url\" content=\"https:\/\/hudo.com\/si\/aktualno\/je-v-nemciji-izginilo-30-000-zavrnjenih-azilantov\/\" \/>\n<meta property=\"og:site_name\" content=\"Hudo Slovenija\" \/>\n<meta property=\"article:publisher\" content=\"https:\/\/www.facebook.com\/hudo.si\" \/>\n<meta property=\"article:published_time\" content=\"2017-11-03T10:19:59+00:00\" \/>\n<meta property=\"article:modified_time\" content=\"2017-11-03T10:21:26+00:00\" \/>\n<meta property=\"og:image\" content=\"https:\/\/hudo.com\/si\/wp-content\/uploads\/sites\/2\/2017\/11\/profimedia-0257800830.jpg\" \/>\n\t<meta property=\"og:image:width\" content=\"1250\" \/>\n\t<meta property=\"og:image:height\" content=\"833\" \/>\n\t<meta property=\"og:image:type\" content=\"image\/jpeg\" \/>\n<meta name=\"author\" content=\"Insajder.com\" \/>\n<meta name=\"twitter:card\" content=\"summary_large_image\" \/>\n<meta name=\"twitter:creator\" content=\"@hudo_si\" \/>\n<meta name=\"twitter:site\" content=\"@hudo_si\" \/>\n<meta name=\"twitter:label1\" content=\"Written by\" \/>\n\t<meta name=\"twitter:data1\" content=\"Insajder.com\" \/>\n\t<meta name=\"twitter:label2\" content=\"Est. reading time\" \/>\n\t<meta name=\"twitter:data2\" content=\"1 minuta\" \/>\n<script type=\"application\/ld+json\" class=\"yoast-schema-graph\">{\"@context\":\"https:\/\/schema.org\",\"@graph\":[{\"@type\":\"Article\",\"@id\":\"https:\/\/hudo.com\/si\/aktualno\/je-v-nemciji-izginilo-30-000-zavrnjenih-azilantov\/#article\",\"isPartOf\":{\"@id\":\"https:\/\/hudo.com\/si\/aktualno\/je-v-nemciji-izginilo-30-000-zavrnjenih-azilantov\/\"},\"author\":{\"name\":\"Insajder.com\",\"@id\":\"https:\/\/hudo.com\/si\/#\/schema\/person\/d67e60ae52459678623587acd5218ca6\"},\"headline\":\"Je v Nem\u010diji izginilo 30.000 zavrnjenih azilantov?\",\"datePublished\":\"2017-11-03T10:19:59+00:00\",\"dateModified\":\"2017-11-03T10:21:26+00:00\",\"mainEntityOfPage\":{\"@id\":\"https:\/\/hudo.com\/si\/aktualno\/je-v-nemciji-izginilo-30-000-zavrnjenih-azilantov\/\"},\"wordCount\":168,\"publisher\":{\"@id\":\"https:\/\/hudo.com\/si\/#organization\"},\"keywords\":[\"azil\",\"begunci\",\"migranti\",\"nem\u010dija\",\"prosilci za azil\"],\"articleSection\":[\"Aktualno\"],\"inLanguage\":\"sl-SI\"},{\"@type\":\"WebPage\",\"@id\":\"https:\/\/hudo.com\/si\/aktualno\/je-v-nemciji-izginilo-30-000-zavrnjenih-azilantov\/\",\"url\":\"https:\/\/hudo.com\/si\/aktualno\/je-v-nemciji-izginilo-30-000-zavrnjenih-azilantov\/\",\"name\":\"Je v Nem\u010diji izginilo 30.000 zavrnjenih azilantov? - Hudo Slovenija\",\"isPartOf\":{\"@id\":\"https:\/\/hudo.com\/si\/#website\"},\"datePublished\":\"2017-11-03T10:19:59+00:00\",\"dateModified\":\"2017-11-03T10:21:26+00:00\",\"breadcrumb\":{\"@id\":\"https:\/\/hudo.com\/si\/aktualno\/je-v-nemciji-izginilo-30-000-zavrnjenih-azilantov\/#breadcrumb\"},\"inLanguage\":\"sl-SI\",\"potentialAction\":[{\"@type\":\"ReadAction\",\"target\":[\"https:\/\/hudo.com\/si\/aktualno\/je-v-nemciji-izginilo-30-000-zavrnjenih-azilantov\/\"]}]},{\"@type\":\"BreadcrumbList\",\"@id\":\"https:\/\/hudo.com\/si\/aktualno\/je-v-nemciji-izginilo-30-000-zavrnjenih-azilantov\/#breadcrumb\",\"itemListElement\":[{\"@type\":\"ListItem\",\"position\":1,\"name\":\"Home\",\"item\":\"https:\/\/hudo.com\/si\/\"},{\"@type\":\"ListItem\",\"position\":2,\"name\":\"Je v Nem\u010diji izginilo 30.000 zavrnjenih azilantov?\"}]},{\"@type\":\"WebSite\",\"@id\":\"https:\/\/hudo.com\/si\/#website\",\"url\":\"https:\/\/hudo.com\/si\/\",\"name\":\"Hudo Slovenija\",\"description\":\"Vse novice iz Slovenije in sveta\",\"publisher\":{\"@id\":\"https:\/\/hudo.com\/si\/#organization\"},\"potentialAction\":[{\"@type\":\"SearchAction\",\"target\":{\"@type\":\"EntryPoint\",\"urlTemplate\":\"https:\/\/hudo.com\/si\/?s={search_term_string}\"},\"query-input\":\"required name=search_term_string\"}],\"inLanguage\":\"sl-SI\"},{\"@type\":\"Organization\",\"@id\":\"https:\/\/hudo.com\/si\/#organization\",\"name\":\"VSN Media\",\"url\":\"https:\/\/hudo.com\/si\/\",\"logo\":{\"@type\":\"ImageObject\",\"inLanguage\":\"sl-SI\",\"@id\":\"https:\/\/hudo.com\/si\/#\/schema\/logo\/image\/\",\"url\":\"https:\/\/hudo.com\/si\/wp-content\/uploads\/sites\/2\/2021\/03\/hudo-app-2.png\",\"contentUrl\":\"https:\/\/hudo.com\/si\/wp-content\/uploads\/sites\/2\/2021\/03\/hudo-app-2.png\",\"width\":2185,\"height\":2167,\"caption\":\"VSN Media\"},\"image\":{\"@id\":\"https:\/\/hudo.com\/si\/#\/schema\/logo\/image\/\"},\"sameAs\":[\"https:\/\/www.facebook.com\/hudo.si\",\"https:\/\/twitter.com\/hudo_si\"]},{\"@type\":\"Person\",\"@id\":\"https:\/\/hudo.com\/si\/#\/schema\/person\/d67e60ae52459678623587acd5218ca6\",\"name\":\"Insajder.com\",\"image\":{\"@type\":\"ImageObject\",\"inLanguage\":\"sl-SI\",\"@id\":\"https:\/\/hudo.com\/si\/#\/schema\/person\/image\/\",\"url\":\"https:\/\/secure.gravatar.com\/avatar\/1bf0a6305b18a5fd153808968f1483c6?s=96&d=mm&r=g\",\"contentUrl\":\"https:\/\/secure.gravatar.com\/avatar\/1bf0a6305b18a5fd153808968f1483c6?s=96&d=mm&r=g\",\"caption\":\"Insajder.com\"},\"url\":\"https:\/\/hudo.com\/si\/author\/tatrenuteksi\/\"}]}<\/script>\n<!-- \/ Yoast SEO plugin. -->","yoast_head_json":{"title":"Je v Nem\u010diji izginilo 30.000 zavrnjenih azilantov? - Hudo Slovenija","robots":{"index":"index","follow":"follow","max-snippet":"max-snippet:-1","max-image-preview":"max-image-preview:large","max-video-preview":"max-video-preview:-1"},"canonical":"https:\/\/hudo.com\/si\/aktualno\/je-v-nemciji-izginilo-30-000-zavrnjenih-azilantov\/","og_locale":"sl_SI","og_type":"article","og_title":"Je v Nem\u010diji izginilo 30.000 zavrnjenih azilantov? - Hudo Slovenija","og_description":"Nem\u0161ka vlada je priznala, da ne ve, kje se v dr\u017eavi nahaja okoli 30.000 oseb, katerim so zavrnili pro\u0161njo za mednarodno za\u0161\u010dito (azil). Hkrati zagotavlja, da \u0161tevilka ne odra\u017ea celotne resnice, saj se ukvarja z zamudo pri procesiranju dokumentacije.","og_url":"https:\/\/hudo.com\/si\/aktualno\/je-v-nemciji-izginilo-30-000-zavrnjenih-azilantov\/","og_site_name":"Hudo Slovenija","article_publisher":"https:\/\/www.facebook.com\/hudo.si","article_published_time":"2017-11-03T10:19:59+00:00","article_modified_time":"2017-11-03T10:21:26+00:00","og_image":[{"width":1250,"height":833,"url":"https:\/\/hudo.com\/si\/wp-content\/uploads\/sites\/2\/2017\/11\/profimedia-0257800830.jpg","type":"image\/jpeg"}],"author":"Insajder.com","twitter_card":"summary_large_image","twitter_creator":"@hudo_si","twitter_site":"@hudo_si","twitter_misc":{"Written by":"Insajder.com","Est. reading time":"1 minuta"},"schema":{"@context":"https:\/\/schema.org","@graph":[{"@type":"Article","@id":"https:\/\/hudo.com\/si\/aktualno\/je-v-nemciji-izginilo-30-000-zavrnjenih-azilantov\/#article","isPartOf":{"@id":"https:\/\/hudo.com\/si\/aktualno\/je-v-nemciji-izginilo-30-000-zavrnjenih-azilantov\/"},"author":{"name":"Insajder.com","@id":"https:\/\/hudo.com\/si\/#\/schema\/person\/d67e60ae52459678623587acd5218ca6"},"headline":"Je v Nem\u010diji izginilo 30.000 zavrnjenih azilantov?","datePublished":"2017-11-03T10:19:59+00:00","dateModified":"2017-11-03T10:21:26+00:00","mainEntityOfPage":{"@id":"https:\/\/hudo.com\/si\/aktualno\/je-v-nemciji-izginilo-30-000-zavrnjenih-azilantov\/"},"wordCount":168,"publisher":{"@id":"https:\/\/hudo.com\/si\/#organization"},"keywords":["azil","begunci","migranti","nem\u010dija","prosilci za azil"],"articleSection":["Aktualno"],"inLanguage":"sl-SI"},{"@type":"WebPage","@id":"https:\/\/hudo.com\/si\/aktualno\/je-v-nemciji-izginilo-30-000-zavrnjenih-azilantov\/","url":"https:\/\/hudo.com\/si\/aktualno\/je-v-nemciji-izginilo-30-000-zavrnjenih-azilantov\/","name":"Je v Nem\u010diji izginilo 30.000 zavrnjenih azilantov? - Hudo Slovenija","isPartOf":{"@id":"https:\/\/hudo.com\/si\/#website"},"datePublished":"2017-11-03T10:19:59+00:00","dateModified":"2017-11-03T10:21:26+00:00","breadcrumb":{"@id":"https:\/\/hudo.com\/si\/aktualno\/je-v-nemciji-izginilo-30-000-zavrnjenih-azilantov\/#breadcrumb"},"inLanguage":"sl-SI","potentialAction":[{"@type":"ReadAction","target":["https:\/\/hudo.com\/si\/aktualno\/je-v-nemciji-izginilo-30-000-zavrnjenih-azilantov\/"]}]},{"@type":"BreadcrumbList","@id":"https:\/\/hudo.com\/si\/aktualno\/je-v-nemciji-izginilo-30-000-zavrnjenih-azilantov\/#breadcrumb","itemListElement":[{"@type":"ListItem","position":1,"name":"Home","item":"https:\/\/hudo.com\/si\/"},{"@type":"ListItem","position":2,"name":"Je v Nem\u010diji izginilo 30.000 zavrnjenih azilantov?"}]},{"@type":"WebSite","@id":"https:\/\/hudo.com\/si\/#website","url":"https:\/\/hudo.com\/si\/","name":"Hudo Slovenija","description":"Vse novice iz Slovenije in sveta","publisher":{"@id":"https:\/\/hudo.com\/si\/#organization"},"potentialAction":[{"@type":"SearchAction","target":{"@type":"EntryPoint","urlTemplate":"https:\/\/hudo.com\/si\/?s={search_term_string}"},"query-input":"required name=search_term_string"}],"inLanguage":"sl-SI"},{"@type":"Organization","@id":"https:\/\/hudo.com\/si\/#organization","name":"VSN Media","url":"https:\/\/hudo.com\/si\/","logo":{"@type":"ImageObject","inLanguage":"sl-SI","@id":"https:\/\/hudo.com\/si\/#\/schema\/logo\/image\/","url":"https:\/\/hudo.com\/si\/wp-content\/uploads\/sites\/2\/2021\/03\/hudo-app-2.png","contentUrl":"https:\/\/hudo.com\/si\/wp-content\/uploads\/sites\/2\/2021\/03\/hudo-app-2.png","width":2185,"height":2167,"caption":"VSN Media"},"image":{"@id":"https:\/\/hudo.com\/si\/#\/schema\/logo\/image\/"},"sameAs":["https:\/\/www.facebook.com\/hudo.si","https:\/\/twitter.com\/hudo_si"]},{"@type":"Person","@id":"https:\/\/hudo.com\/si\/#\/schema\/person\/d67e60ae52459678623587acd5218ca6","name":"Insajder.com","image":{"@type":"ImageObject","inLanguage":"sl-SI","@id":"https:\/\/hudo.com\/si\/#\/schema\/person\/image\/","url":"https:\/\/secure.gravatar.com\/avatar\/1bf0a6305b18a5fd153808968f1483c6?s=96&d=mm&r=g","contentUrl":"https:\/\/secure.gravatar.com\/avatar\/1bf0a6305b18a5fd153808968f1483c6?s=96&d=mm&r=g","caption":"Insajder.com"},"url":"https:\/\/hudo.com\/si\/author\/tatrenuteksi\/"}]}},"amp_enabled":true,"_links":{"self":[{"href":"https:\/\/hudo.com\/si\/wp-json\/wp\/v2\/posts\/317282"}],"collection":[{"href":"https:\/\/hudo.com\/si\/wp-json\/wp\/v2\/posts"}],"about":[{"href":"https:\/\/hudo.com\/si\/wp-json\/wp\/v2\/types\/post"}],"author":[{"embeddable":true,"href":"https:\/\/hudo.com\/si\/wp-json\/wp\/v2\/users\/14"}],"replies":[{"embeddable":true,"href":"https:\/\/hudo.com\/si\/wp-json\/wp\/v2\/comments?post=317282"}],"version-history":[{"count":4,"href":"https:\/\/hudo.com\/si\/wp-json\/wp\/v2\/posts\/317282\/revisions"}],"predecessor-version":[{"id":317287,"href":"https:\/\/hudo.com\/si\/wp-json\/wp\/v2\/posts\/317282\/revisions\/317287"}],"wp:featuredmedia":[{"embeddable":true,"href":"https:\/\/hudo.com\/si\/wp-json\/wp\/v2\/media\/317283"}],"wp:attachment":[{"href":"https:\/\/hudo.com\/si\/wp-json\/wp\/v2\/media?parent=317282"}],"wp:term":[{"taxonomy":"category","embeddable":true,"href":"https:\/\/hudo.com\/si\/wp-json\/wp\/v2\/categories?post=317282"},{"taxonomy":"post_tag","embeddable":true,"href":"https:\/\/hudo.com\/si\/wp-json\/wp\/v2\/tags?post=317282"},{"taxonomy":"source","embeddable":true,"href":"https:\/\/hudo.com\/si\/wp-json\/wp\/v2\/source?post=317282"},{"taxonomy":"supertag","embeddable":true,"href":"https:\/\/hudo.com\/si\/wp-json\/wp\/v2\/supertag?post=317282"}],"curies":[{"name":"wp","href":"https:\/\/api.w.org\/{rel}","templated":true}]}}