{"id":317297,"date":"2017-11-03T11:33:00","date_gmt":"2017-11-03T10:33:00","guid":{"rendered":"http:\/\/hudo.com\/si\/2017\/11\/03\/korosce-vznemirja-mocan-vonj\/"},"modified":"2017-11-03T11:33:00","modified_gmt":"2017-11-03T10:33:00","slug":"korosce-vznemirja-mocan-vonj","status":"publish","type":"post","link":"https:\/\/hudo.com\/si\/aktualno\/korosce-vznemirja-mocan-vonj\/","title":{"rendered":"Koro\u0161ce vznemirja mo\u010dan vonj"},"content":{"rendered":"<p>Kategorija: Slovenija Fri, 03 Nov 2017 12:33:00 +0100  Regijski center za obve\u0161\u010danje v Slovenj Gradcu je danes prejel vrsto klicev ob\u010danov iz Dravske in Mislinjske doline o mo\u010dnem vonju, ki vznemirja ljudi. Po podatkih uprave za za\u0161\u010dito in re\u0161evanje so neprijetni vonj zaznali v Slovenj Gradcu, \u0160entjan\u017eu, Dravogradu, Radljah ob Dravi ter na Ravnah na Koro\u0161kem in Prevaljah.\u00a0 Regijski poveljnik Civilne za\u0161\u010dite Alan Matijevi\u010d je pojasnil, da so pristojni na terenu in ugotavljajo, za kak\u0161en plin gre in od kod prihaja. Na terenu so gasilske enote in upravljavci plinovodov, ki opravljajo razli\u010dne meritve. Ljudem svetujejo, naj ostanejo v zaprtih prostorih. Posebno opozorilo za ob\u010dutljive osebe Tudi ravenska obmo\u010dna enota Nacionalnega in\u0161tituta za javno zdravje (NIJZ) ob\u010danom priporo\u010da, naj \u00bbdo sanacije oziroma razjasnitve stanja na terenu omejijo gibanje in aktivnosti na prostem in naj do nadaljnjega ostanejo v zaprtih prostorih\u00a0&#8230;<\/p>\n","protected":false},"excerpt":{"rendered":"<p>Kategorija: Slovenija Fri, 03 Nov 2017 12:33:00 +0100  Regijski center za obve\u0161\u010danje v Slovenj Gradcu je danes prejel vrsto klicev ob\u010danov iz Dravske in Mislinjske doline o mo\u010dnem vonju, ki vznemirja ljudi. Po podatkih uprave za za\u0161\u010dito in re\u0161evanje so neprijetni vonj zaznali v Slovenj Gradcu, \u0160entjan\u017eu, Dravogradu, Radljah ob Dravi ter na Ravnah na Koro\u0161kem in Prevaljah.\u00a0 Regijski poveljnik Civilne za\u0161\u010dite Alan Matijevi\u010d je pojasnil, da so pristojni na terenu in ugotavljajo, za kak\u0161en plin gre in od kod prihaja. Na terenu so gasilske enote in upravljavci plinovodov, ki opravljajo razli\u010dne meritve. Ljudem svetujejo, naj ostanejo v zaprtih prostorih. Posebno opozorilo za ob\u010dutljive osebe Tudi ravenska obmo\u010dna enota Nacionalnega in\u0161tituta za javno zdravje (NIJZ) ob\u010danom priporo\u010da, naj \u00bbdo sanacije oziroma razjasnitve stanja na terenu omejijo gibanje in aktivnosti na prostem in naj do nadaljnjega ostanejo v zaprtih prostorih\u00a0&#8230;<\/p>\n","protected":false},"author":1,"featured_media":0,"comment_status":"closed","ping_status":"closed","sticky":false,"template":"","format":"standard","meta":{"footnotes":""},"categories":[1179],"tags":[],"source":[1703],"supertag":[],"acf":[],"yoast_head":"<!-- This site is optimized with the Yoast SEO plugin v21.3 - https:\/\/yoast.com\/wordpress\/plugins\/seo\/ -->\n<title>Koro\u0161ce vznemirja mo\u010dan vonj - Hudo Slovenija<\/title>\n<meta name=\"robots\" content=\"index, follow, max-snippet:-1, max-image-preview:large, max-video-preview:-1\" \/>\n<link rel=\"canonical\" href=\"https:\/\/hudo.com\/si\/aktualno\/korosce-vznemirja-mocan-vonj\/\" \/>\n<meta property=\"og:locale\" content=\"sl_SI\" \/>\n<meta property=\"og:type\" content=\"article\" \/>\n<meta property=\"og:title\" content=\"Koro\u0161ce vznemirja mo\u010dan vonj - Hudo Slovenija\" \/>\n<meta property=\"og:description\" content=\"Kategorija: Slovenija Fri, 03 Nov 2017 12:33:00 +0100 Regijski center za obve\u0161\u010danje v Slovenj Gradcu je danes prejel vrsto klicev ob\u010danov iz Dravske in Mislinjske doline o mo\u010dnem vonju, ki vznemirja ljudi. Po podatkih uprave za za\u0161\u010dito in re\u0161evanje so neprijetni vonj zaznali v Slovenj Gradcu, \u0160entjan\u017eu, Dravogradu, Radljah ob Dravi ter na Ravnah na Koro\u0161kem in Prevaljah.\u00a0 Regijski poveljnik Civilne za\u0161\u010dite Alan Matijevi\u010d je pojasnil, da so pristojni na terenu in ugotavljajo, za kak\u0161en plin gre in od kod prihaja. Na terenu so gasilske enote in upravljavci plinovodov, ki opravljajo razli\u010dne meritve. Ljudem svetujejo, naj ostanejo v zaprtih prostorih. Posebno opozorilo za ob\u010dutljive osebe Tudi ravenska obmo\u010dna enota Nacionalnega in\u0161tituta za javno zdravje (NIJZ) ob\u010danom priporo\u010da, naj \u00bbdo sanacije oziroma razjasnitve stanja na terenu omejijo gibanje in aktivnosti na prostem in naj do nadaljnjega ostanejo v zaprtih prostorih\u00a0...\" \/>\n<meta property=\"og:url\" content=\"https:\/\/hudo.com\/si\/aktualno\/korosce-vznemirja-mocan-vonj\/\" \/>\n<meta property=\"og:site_name\" content=\"Hudo Slovenija\" \/>\n<meta property=\"article:publisher\" content=\"https:\/\/www.facebook.com\/hudo.si\" \/>\n<meta property=\"article:published_time\" content=\"2017-11-03T10:33:00+00:00\" \/>\n<meta property=\"og:image\" content=\"https:\/\/hudo.com\/si\/wp-content\/uploads\/sites\/2\/2017\/11\/480x290_djvu_1807855_burgerb_fortic-Radlje.jpeg\" \/>\n\t<meta property=\"og:image:width\" content=\"480\" \/>\n\t<meta property=\"og:image:height\" content=\"290\" \/>\n\t<meta property=\"og:image:type\" content=\"image\/jpeg\" \/>\n<meta name=\"author\" content=\"hudo\" \/>\n<meta name=\"twitter:card\" content=\"summary_large_image\" \/>\n<meta name=\"twitter:creator\" content=\"@hudo_si\" \/>\n<meta name=\"twitter:site\" content=\"@hudo_si\" \/>\n<meta name=\"twitter:label1\" content=\"Written by\" \/>\n\t<meta name=\"twitter:data1\" content=\"hudo\" \/>\n\t<meta name=\"twitter:label2\" content=\"Est. reading time\" \/>\n\t<meta name=\"twitter:data2\" content=\"1 minuta\" \/>\n<script type=\"application\/ld+json\" class=\"yoast-schema-graph\">{\"@context\":\"https:\/\/schema.org\",\"@graph\":[{\"@type\":\"Article\",\"@id\":\"https:\/\/hudo.com\/si\/aktualno\/korosce-vznemirja-mocan-vonj\/#article\",\"isPartOf\":{\"@id\":\"https:\/\/hudo.com\/si\/aktualno\/korosce-vznemirja-mocan-vonj\/\"},\"author\":{\"name\":\"hudo\",\"@id\":\"https:\/\/hudo.com\/si\/#\/schema\/person\/601cf3379633985b20f7e50f2bb47707\"},\"headline\":\"Koro\u0161ce vznemirja mo\u010dan vonj\",\"datePublished\":\"2017-11-03T10:33:00+00:00\",\"dateModified\":\"2017-11-03T10:33:00+00:00\",\"mainEntityOfPage\":{\"@id\":\"https:\/\/hudo.com\/si\/aktualno\/korosce-vznemirja-mocan-vonj\/\"},\"wordCount\":156,\"publisher\":{\"@id\":\"https:\/\/hudo.com\/si\/#organization\"},\"articleSection\":[\"Aktualno\"],\"inLanguage\":\"sl-SI\"},{\"@type\":\"WebPage\",\"@id\":\"https:\/\/hudo.com\/si\/aktualno\/korosce-vznemirja-mocan-vonj\/\",\"url\":\"https:\/\/hudo.com\/si\/aktualno\/korosce-vznemirja-mocan-vonj\/\",\"name\":\"Koro\u0161ce vznemirja mo\u010dan vonj - Hudo Slovenija\",\"isPartOf\":{\"@id\":\"https:\/\/hudo.com\/si\/#website\"},\"datePublished\":\"2017-11-03T10:33:00+00:00\",\"dateModified\":\"2017-11-03T10:33:00+00:00\",\"breadcrumb\":{\"@id\":\"https:\/\/hudo.com\/si\/aktualno\/korosce-vznemirja-mocan-vonj\/#breadcrumb\"},\"inLanguage\":\"sl-SI\",\"potentialAction\":[{\"@type\":\"ReadAction\",\"target\":[\"https:\/\/hudo.com\/si\/aktualno\/korosce-vznemirja-mocan-vonj\/\"]}]},{\"@type\":\"BreadcrumbList\",\"@id\":\"https:\/\/hudo.com\/si\/aktualno\/korosce-vznemirja-mocan-vonj\/#breadcrumb\",\"itemListElement\":[{\"@type\":\"ListItem\",\"position\":1,\"name\":\"Home\",\"item\":\"https:\/\/hudo.com\/si\/\"},{\"@type\":\"ListItem\",\"position\":2,\"name\":\"Koro\u0161ce vznemirja mo\u010dan vonj\"}]},{\"@type\":\"WebSite\",\"@id\":\"https:\/\/hudo.com\/si\/#website\",\"url\":\"https:\/\/hudo.com\/si\/\",\"name\":\"Hudo Slovenija\",\"description\":\"Vse novice iz Slovenije in sveta\",\"publisher\":{\"@id\":\"https:\/\/hudo.com\/si\/#organization\"},\"potentialAction\":[{\"@type\":\"SearchAction\",\"target\":{\"@type\":\"EntryPoint\",\"urlTemplate\":\"https:\/\/hudo.com\/si\/?s={search_term_string}\"},\"query-input\":\"required name=search_term_string\"}],\"inLanguage\":\"sl-SI\"},{\"@type\":\"Organization\",\"@id\":\"https:\/\/hudo.com\/si\/#organization\",\"name\":\"VSN Media\",\"url\":\"https:\/\/hudo.com\/si\/\",\"logo\":{\"@type\":\"ImageObject\",\"inLanguage\":\"sl-SI\",\"@id\":\"https:\/\/hudo.com\/si\/#\/schema\/logo\/image\/\",\"url\":\"https:\/\/hudo.com\/si\/wp-content\/uploads\/sites\/2\/2021\/03\/hudo-app-2.png\",\"contentUrl\":\"https:\/\/hudo.com\/si\/wp-content\/uploads\/sites\/2\/2021\/03\/hudo-app-2.png\",\"width\":2185,\"height\":2167,\"caption\":\"VSN Media\"},\"image\":{\"@id\":\"https:\/\/hudo.com\/si\/#\/schema\/logo\/image\/\"},\"sameAs\":[\"https:\/\/www.facebook.com\/hudo.si\",\"https:\/\/twitter.com\/hudo_si\"]},{\"@type\":\"Person\",\"@id\":\"https:\/\/hudo.com\/si\/#\/schema\/person\/601cf3379633985b20f7e50f2bb47707\",\"name\":\"hudo\",\"image\":{\"@type\":\"ImageObject\",\"inLanguage\":\"sl-SI\",\"@id\":\"https:\/\/hudo.com\/si\/#\/schema\/person\/image\/\",\"url\":\"https:\/\/secure.gravatar.com\/avatar\/c4ca25fa72cace7a696b52ff5db9e095?s=96&d=mm&r=g\",\"contentUrl\":\"https:\/\/secure.gravatar.com\/avatar\/c4ca25fa72cace7a696b52ff5db9e095?s=96&d=mm&r=g\",\"caption\":\"hudo\"},\"url\":\"https:\/\/hudo.com\/si\/author\/hudo\/\"}]}<\/script>\n<!-- \/ Yoast SEO plugin. -->","yoast_head_json":{"title":"Koro\u0161ce vznemirja mo\u010dan vonj - Hudo Slovenija","robots":{"index":"index","follow":"follow","max-snippet":"max-snippet:-1","max-image-preview":"max-image-preview:large","max-video-preview":"max-video-preview:-1"},"canonical":"https:\/\/hudo.com\/si\/aktualno\/korosce-vznemirja-mocan-vonj\/","og_locale":"sl_SI","og_type":"article","og_title":"Koro\u0161ce vznemirja mo\u010dan vonj - Hudo Slovenija","og_description":"Kategorija: Slovenija Fri, 03 Nov 2017 12:33:00 +0100 Regijski center za obve\u0161\u010danje v Slovenj Gradcu je danes prejel vrsto klicev ob\u010danov iz Dravske in Mislinjske doline o mo\u010dnem vonju, ki vznemirja ljudi. Po podatkih uprave za za\u0161\u010dito in re\u0161evanje so neprijetni vonj zaznali v Slovenj Gradcu, \u0160entjan\u017eu, Dravogradu, Radljah ob Dravi ter na Ravnah na Koro\u0161kem in Prevaljah.\u00a0 Regijski poveljnik Civilne za\u0161\u010dite Alan Matijevi\u010d je pojasnil, da so pristojni na terenu in ugotavljajo, za kak\u0161en plin gre in od kod prihaja. Na terenu so gasilske enote in upravljavci plinovodov, ki opravljajo razli\u010dne meritve. Ljudem svetujejo, naj ostanejo v zaprtih prostorih. Posebno opozorilo za ob\u010dutljive osebe Tudi ravenska obmo\u010dna enota Nacionalnega in\u0161tituta za javno zdravje (NIJZ) ob\u010danom priporo\u010da, naj \u00bbdo sanacije oziroma razjasnitve stanja na terenu omejijo gibanje in aktivnosti na prostem in naj do nadaljnjega ostanejo v zaprtih prostorih\u00a0...","og_url":"https:\/\/hudo.com\/si\/aktualno\/korosce-vznemirja-mocan-vonj\/","og_site_name":"Hudo Slovenija","article_publisher":"https:\/\/www.facebook.com\/hudo.si","article_published_time":"2017-11-03T10:33:00+00:00","og_image":[{"width":480,"height":290,"url":"https:\/\/hudo.com\/si\/wp-content\/uploads\/sites\/2\/2017\/11\/480x290_djvu_1807855_burgerb_fortic-Radlje.jpeg","type":"image\/jpeg"}],"author":"hudo","twitter_card":"summary_large_image","twitter_creator":"@hudo_si","twitter_site":"@hudo_si","twitter_misc":{"Written by":"hudo","Est. reading time":"1 minuta"},"schema":{"@context":"https:\/\/schema.org","@graph":[{"@type":"Article","@id":"https:\/\/hudo.com\/si\/aktualno\/korosce-vznemirja-mocan-vonj\/#article","isPartOf":{"@id":"https:\/\/hudo.com\/si\/aktualno\/korosce-vznemirja-mocan-vonj\/"},"author":{"name":"hudo","@id":"https:\/\/hudo.com\/si\/#\/schema\/person\/601cf3379633985b20f7e50f2bb47707"},"headline":"Koro\u0161ce vznemirja mo\u010dan vonj","datePublished":"2017-11-03T10:33:00+00:00","dateModified":"2017-11-03T10:33:00+00:00","mainEntityOfPage":{"@id":"https:\/\/hudo.com\/si\/aktualno\/korosce-vznemirja-mocan-vonj\/"},"wordCount":156,"publisher":{"@id":"https:\/\/hudo.com\/si\/#organization"},"articleSection":["Aktualno"],"inLanguage":"sl-SI"},{"@type":"WebPage","@id":"https:\/\/hudo.com\/si\/aktualno\/korosce-vznemirja-mocan-vonj\/","url":"https:\/\/hudo.com\/si\/aktualno\/korosce-vznemirja-mocan-vonj\/","name":"Koro\u0161ce vznemirja mo\u010dan vonj - Hudo Slovenija","isPartOf":{"@id":"https:\/\/hudo.com\/si\/#website"},"datePublished":"2017-11-03T10:33:00+00:00","dateModified":"2017-11-03T10:33:00+00:00","breadcrumb":{"@id":"https:\/\/hudo.com\/si\/aktualno\/korosce-vznemirja-mocan-vonj\/#breadcrumb"},"inLanguage":"sl-SI","potentialAction":[{"@type":"ReadAction","target":["https:\/\/hudo.com\/si\/aktualno\/korosce-vznemirja-mocan-vonj\/"]}]},{"@type":"BreadcrumbList","@id":"https:\/\/hudo.com\/si\/aktualno\/korosce-vznemirja-mocan-vonj\/#breadcrumb","itemListElement":[{"@type":"ListItem","position":1,"name":"Home","item":"https:\/\/hudo.com\/si\/"},{"@type":"ListItem","position":2,"name":"Koro\u0161ce vznemirja mo\u010dan vonj"}]},{"@type":"WebSite","@id":"https:\/\/hudo.com\/si\/#website","url":"https:\/\/hudo.com\/si\/","name":"Hudo Slovenija","description":"Vse novice iz Slovenije in sveta","publisher":{"@id":"https:\/\/hudo.com\/si\/#organization"},"potentialAction":[{"@type":"SearchAction","target":{"@type":"EntryPoint","urlTemplate":"https:\/\/hudo.com\/si\/?s={search_term_string}"},"query-input":"required name=search_term_string"}],"inLanguage":"sl-SI"},{"@type":"Organization","@id":"https:\/\/hudo.com\/si\/#organization","name":"VSN Media","url":"https:\/\/hudo.com\/si\/","logo":{"@type":"ImageObject","inLanguage":"sl-SI","@id":"https:\/\/hudo.com\/si\/#\/schema\/logo\/image\/","url":"https:\/\/hudo.com\/si\/wp-content\/uploads\/sites\/2\/2021\/03\/hudo-app-2.png","contentUrl":"https:\/\/hudo.com\/si\/wp-content\/uploads\/sites\/2\/2021\/03\/hudo-app-2.png","width":2185,"height":2167,"caption":"VSN Media"},"image":{"@id":"https:\/\/hudo.com\/si\/#\/schema\/logo\/image\/"},"sameAs":["https:\/\/www.facebook.com\/hudo.si","https:\/\/twitter.com\/hudo_si"]},{"@type":"Person","@id":"https:\/\/hudo.com\/si\/#\/schema\/person\/601cf3379633985b20f7e50f2bb47707","name":"hudo","image":{"@type":"ImageObject","inLanguage":"sl-SI","@id":"https:\/\/hudo.com\/si\/#\/schema\/person\/image\/","url":"https:\/\/secure.gravatar.com\/avatar\/c4ca25fa72cace7a696b52ff5db9e095?s=96&d=mm&r=g","contentUrl":"https:\/\/secure.gravatar.com\/avatar\/c4ca25fa72cace7a696b52ff5db9e095?s=96&d=mm&r=g","caption":"hudo"},"url":"https:\/\/hudo.com\/si\/author\/hudo\/"}]}},"amp_enabled":true,"_links":{"self":[{"href":"https:\/\/hudo.com\/si\/wp-json\/wp\/v2\/posts\/317297"}],"collection":[{"href":"https:\/\/hudo.com\/si\/wp-json\/wp\/v2\/posts"}],"about":[{"href":"https:\/\/hudo.com\/si\/wp-json\/wp\/v2\/types\/post"}],"author":[{"embeddable":true,"href":"https:\/\/hudo.com\/si\/wp-json\/wp\/v2\/users\/1"}],"replies":[{"embeddable":true,"href":"https:\/\/hudo.com\/si\/wp-json\/wp\/v2\/comments?post=317297"}],"version-history":[{"count":0,"href":"https:\/\/hudo.com\/si\/wp-json\/wp\/v2\/posts\/317297\/revisions"}],"wp:attachment":[{"href":"https:\/\/hudo.com\/si\/wp-json\/wp\/v2\/media?parent=317297"}],"wp:term":[{"taxonomy":"category","embeddable":true,"href":"https:\/\/hudo.com\/si\/wp-json\/wp\/v2\/categories?post=317297"},{"taxonomy":"post_tag","embeddable":true,"href":"https:\/\/hudo.com\/si\/wp-json\/wp\/v2\/tags?post=317297"},{"taxonomy":"source","embeddable":true,"href":"https:\/\/hudo.com\/si\/wp-json\/wp\/v2\/source?post=317297"},{"taxonomy":"supertag","embeddable":true,"href":"https:\/\/hudo.com\/si\/wp-json\/wp\/v2\/supertag?post=317297"}],"curies":[{"name":"wp","href":"https:\/\/api.w.org\/{rel}","templated":true}]}}