{"id":317329,"date":"2017-11-03T09:23:00","date_gmt":"2017-11-03T08:23:00","guid":{"rendered":"http:\/\/hudo.com\/si\/2017\/11\/03\/nuri-sahin-pri-29-letih-koncal-reprezentancno-pot\/"},"modified":"2017-11-03T09:23:00","modified_gmt":"2017-11-03T08:23:00","slug":"nuri-sahin-pri-29-letih-koncal-reprezentancno-pot","status":"publish","type":"post","link":"https:\/\/hudo.com\/si\/aktualno\/nuri-sahin-pri-29-letih-koncal-reprezentancno-pot\/","title":{"rendered":"Nuri Sahin pri 29 letih kon\u010dal reprezentan\u010dno pot"},"content":{"rendered":"<p>Kategorija: Nogomet Fri, 03 Nov 2017 10:23:00 +0100  Istanbul &#8211; Nogometa\u0161 nem\u0161kega prvoliga\u0161a Borussie Dortmunda, Turek Nuri Sahin, je sporo\u010dil, da je pri 29 letih kon\u010dal reprezentan\u010dno kariero. Za Tur\u010dijo je zbral 52 tekem in dva gola. Sahin se je za to odlo\u010dil po tem, ko se Tur\u010dija ni uvrstila na svetovno prvenstvo prihodnje leto v Rusijo. \u00bbRad bi najavil, da kon\u010dujem reprezentan\u010dno kariero,\u00ab je na Twitterju in Instagramu zapisal Sahin in dodal, da \u017eeli \u00bbdati prilo\u017enost novi generaciji\u00ab igralcev. Sahin je bil leta 2011 najbolj\u0161i nogometa\u0161 nem\u0161ke bundeslige. \u00bbOdkar pomnim so bile moje sanje, da oble\u010dem dres s polmesecem in zvezo. Zelo sem hvale\u017een, da sem lahko izpolnil svoje sanje,\u00ab je dodal 29-letnik.<\/p>\n","protected":false},"excerpt":{"rendered":"<p>Kategorija: Nogomet Fri, 03 Nov 2017 10:23:00 +0100  Istanbul &#8211; Nogometa\u0161 nem\u0161kega prvoliga\u0161a Borussie Dortmunda, Turek Nuri Sahin, je sporo\u010dil, da je pri 29 letih kon\u010dal reprezentan\u010dno kariero. Za Tur\u010dijo je zbral 52 tekem in dva gola. Sahin se je za to odlo\u010dil po tem, ko se Tur\u010dija ni uvrstila na svetovno prvenstvo prihodnje leto v Rusijo. \u00bbRad bi najavil, da kon\u010dujem reprezentan\u010dno kariero,\u00ab je na Twitterju in Instagramu zapisal Sahin in dodal, da \u017eeli \u00bbdati prilo\u017enost novi generaciji\u00ab igralcev. Sahin je bil leta 2011 najbolj\u0161i nogometa\u0161 nem\u0161ke bundeslige. \u00bbOdkar pomnim so bile moje sanje, da oble\u010dem dres s polmesecem in zvezo. Zelo sem hvale\u017een, da sem lahko izpolnil svoje sanje,\u00ab je dodal 29-letnik.<\/p>\n","protected":false},"author":1,"featured_media":0,"comment_status":"closed","ping_status":"closed","sticky":false,"template":"","format":"standard","meta":{"footnotes":""},"categories":[1179],"tags":[],"source":[1703],"supertag":[],"acf":[],"yoast_head":"<!-- This site is optimized with the Yoast SEO plugin v21.3 - https:\/\/yoast.com\/wordpress\/plugins\/seo\/ -->\n<title>Nuri Sahin pri 29 letih kon\u010dal reprezentan\u010dno pot - Hudo Slovenija<\/title>\n<meta name=\"robots\" content=\"index, follow, max-snippet:-1, max-image-preview:large, max-video-preview:-1\" \/>\n<link rel=\"canonical\" href=\"https:\/\/hudo.com\/si\/aktualno\/nuri-sahin-pri-29-letih-koncal-reprezentancno-pot\/\" \/>\n<meta property=\"og:locale\" content=\"sl_SI\" \/>\n<meta property=\"og:type\" content=\"article\" \/>\n<meta property=\"og:title\" content=\"Nuri Sahin pri 29 letih kon\u010dal reprezentan\u010dno pot - Hudo Slovenija\" \/>\n<meta property=\"og:description\" content=\"Kategorija: Nogomet Fri, 03 Nov 2017 10:23:00 +0100 Istanbul - Nogometa\u0161 nem\u0161kega prvoliga\u0161a Borussie Dortmunda, Turek Nuri Sahin, je sporo\u010dil, da je pri 29 letih kon\u010dal reprezentan\u010dno kariero. Za Tur\u010dijo je zbral 52 tekem in dva gola. Sahin se je za to odlo\u010dil po tem, ko se Tur\u010dija ni uvrstila na svetovno prvenstvo prihodnje leto v Rusijo. \u00bbRad bi najavil, da kon\u010dujem reprezentan\u010dno kariero,\u00ab je na Twitterju in Instagramu zapisal Sahin in dodal, da \u017eeli \u00bbdati prilo\u017enost novi generaciji\u00ab igralcev. Sahin je bil leta 2011 najbolj\u0161i nogometa\u0161 nem\u0161ke bundeslige. \u00bbOdkar pomnim so bile moje sanje, da oble\u010dem dres s polmesecem in zvezo. Zelo sem hvale\u017een, da sem lahko izpolnil svoje sanje,\u00ab je dodal 29-letnik.\" \/>\n<meta property=\"og:url\" content=\"https:\/\/hudo.com\/si\/aktualno\/nuri-sahin-pri-29-letih-koncal-reprezentancno-pot\/\" \/>\n<meta property=\"og:site_name\" content=\"Hudo Slovenija\" \/>\n<meta property=\"article:publisher\" content=\"https:\/\/www.facebook.com\/hudo.si\" \/>\n<meta property=\"article:published_time\" content=\"2017-11-03T08:23:00+00:00\" \/>\n<meta property=\"og:image\" content=\"https:\/\/hudo.com\/si\/wp-content\/uploads\/sites\/2\/2017\/11\/480x290_Reuters_Pictures-20161122211848-11326500.jpeg\" \/>\n\t<meta property=\"og:image:width\" content=\"480\" \/>\n\t<meta property=\"og:image:height\" content=\"290\" \/>\n\t<meta property=\"og:image:type\" content=\"image\/jpeg\" \/>\n<meta name=\"author\" content=\"hudo\" \/>\n<meta name=\"twitter:card\" content=\"summary_large_image\" \/>\n<meta name=\"twitter:creator\" content=\"@hudo_si\" \/>\n<meta name=\"twitter:site\" content=\"@hudo_si\" \/>\n<meta name=\"twitter:label1\" content=\"Written by\" \/>\n\t<meta name=\"twitter:data1\" content=\"hudo\" \/>\n\t<meta name=\"twitter:label2\" content=\"Est. reading time\" \/>\n\t<meta name=\"twitter:data2\" content=\"1 minuta\" \/>\n<script type=\"application\/ld+json\" class=\"yoast-schema-graph\">{\"@context\":\"https:\/\/schema.org\",\"@graph\":[{\"@type\":\"Article\",\"@id\":\"https:\/\/hudo.com\/si\/aktualno\/nuri-sahin-pri-29-letih-koncal-reprezentancno-pot\/#article\",\"isPartOf\":{\"@id\":\"https:\/\/hudo.com\/si\/aktualno\/nuri-sahin-pri-29-letih-koncal-reprezentancno-pot\/\"},\"author\":{\"name\":\"hudo\",\"@id\":\"https:\/\/hudo.com\/si\/#\/schema\/person\/601cf3379633985b20f7e50f2bb47707\"},\"headline\":\"Nuri Sahin pri 29 letih kon\u010dal reprezentan\u010dno pot\",\"datePublished\":\"2017-11-03T08:23:00+00:00\",\"dateModified\":\"2017-11-03T08:23:00+00:00\",\"mainEntityOfPage\":{\"@id\":\"https:\/\/hudo.com\/si\/aktualno\/nuri-sahin-pri-29-letih-koncal-reprezentancno-pot\/\"},\"wordCount\":131,\"publisher\":{\"@id\":\"https:\/\/hudo.com\/si\/#organization\"},\"articleSection\":[\"Aktualno\"],\"inLanguage\":\"sl-SI\"},{\"@type\":\"WebPage\",\"@id\":\"https:\/\/hudo.com\/si\/aktualno\/nuri-sahin-pri-29-letih-koncal-reprezentancno-pot\/\",\"url\":\"https:\/\/hudo.com\/si\/aktualno\/nuri-sahin-pri-29-letih-koncal-reprezentancno-pot\/\",\"name\":\"Nuri Sahin pri 29 letih kon\u010dal reprezentan\u010dno pot - Hudo Slovenija\",\"isPartOf\":{\"@id\":\"https:\/\/hudo.com\/si\/#website\"},\"datePublished\":\"2017-11-03T08:23:00+00:00\",\"dateModified\":\"2017-11-03T08:23:00+00:00\",\"breadcrumb\":{\"@id\":\"https:\/\/hudo.com\/si\/aktualno\/nuri-sahin-pri-29-letih-koncal-reprezentancno-pot\/#breadcrumb\"},\"inLanguage\":\"sl-SI\",\"potentialAction\":[{\"@type\":\"ReadAction\",\"target\":[\"https:\/\/hudo.com\/si\/aktualno\/nuri-sahin-pri-29-letih-koncal-reprezentancno-pot\/\"]}]},{\"@type\":\"BreadcrumbList\",\"@id\":\"https:\/\/hudo.com\/si\/aktualno\/nuri-sahin-pri-29-letih-koncal-reprezentancno-pot\/#breadcrumb\",\"itemListElement\":[{\"@type\":\"ListItem\",\"position\":1,\"name\":\"Home\",\"item\":\"https:\/\/hudo.com\/si\/\"},{\"@type\":\"ListItem\",\"position\":2,\"name\":\"Nuri Sahin pri 29 letih kon\u010dal reprezentan\u010dno pot\"}]},{\"@type\":\"WebSite\",\"@id\":\"https:\/\/hudo.com\/si\/#website\",\"url\":\"https:\/\/hudo.com\/si\/\",\"name\":\"Hudo Slovenija\",\"description\":\"Vse novice iz Slovenije in sveta\",\"publisher\":{\"@id\":\"https:\/\/hudo.com\/si\/#organization\"},\"potentialAction\":[{\"@type\":\"SearchAction\",\"target\":{\"@type\":\"EntryPoint\",\"urlTemplate\":\"https:\/\/hudo.com\/si\/?s={search_term_string}\"},\"query-input\":\"required name=search_term_string\"}],\"inLanguage\":\"sl-SI\"},{\"@type\":\"Organization\",\"@id\":\"https:\/\/hudo.com\/si\/#organization\",\"name\":\"VSN Media\",\"url\":\"https:\/\/hudo.com\/si\/\",\"logo\":{\"@type\":\"ImageObject\",\"inLanguage\":\"sl-SI\",\"@id\":\"https:\/\/hudo.com\/si\/#\/schema\/logo\/image\/\",\"url\":\"https:\/\/hudo.com\/si\/wp-content\/uploads\/sites\/2\/2021\/03\/hudo-app-2.png\",\"contentUrl\":\"https:\/\/hudo.com\/si\/wp-content\/uploads\/sites\/2\/2021\/03\/hudo-app-2.png\",\"width\":2185,\"height\":2167,\"caption\":\"VSN Media\"},\"image\":{\"@id\":\"https:\/\/hudo.com\/si\/#\/schema\/logo\/image\/\"},\"sameAs\":[\"https:\/\/www.facebook.com\/hudo.si\",\"https:\/\/twitter.com\/hudo_si\"]},{\"@type\":\"Person\",\"@id\":\"https:\/\/hudo.com\/si\/#\/schema\/person\/601cf3379633985b20f7e50f2bb47707\",\"name\":\"hudo\",\"image\":{\"@type\":\"ImageObject\",\"inLanguage\":\"sl-SI\",\"@id\":\"https:\/\/hudo.com\/si\/#\/schema\/person\/image\/\",\"url\":\"https:\/\/secure.gravatar.com\/avatar\/c4ca25fa72cace7a696b52ff5db9e095?s=96&d=mm&r=g\",\"contentUrl\":\"https:\/\/secure.gravatar.com\/avatar\/c4ca25fa72cace7a696b52ff5db9e095?s=96&d=mm&r=g\",\"caption\":\"hudo\"},\"url\":\"https:\/\/hudo.com\/si\/author\/hudo\/\"}]}<\/script>\n<!-- \/ Yoast SEO plugin. -->","yoast_head_json":{"title":"Nuri Sahin pri 29 letih kon\u010dal reprezentan\u010dno pot - Hudo Slovenija","robots":{"index":"index","follow":"follow","max-snippet":"max-snippet:-1","max-image-preview":"max-image-preview:large","max-video-preview":"max-video-preview:-1"},"canonical":"https:\/\/hudo.com\/si\/aktualno\/nuri-sahin-pri-29-letih-koncal-reprezentancno-pot\/","og_locale":"sl_SI","og_type":"article","og_title":"Nuri Sahin pri 29 letih kon\u010dal reprezentan\u010dno pot - Hudo Slovenija","og_description":"Kategorija: Nogomet Fri, 03 Nov 2017 10:23:00 +0100 Istanbul - Nogometa\u0161 nem\u0161kega prvoliga\u0161a Borussie Dortmunda, Turek Nuri Sahin, je sporo\u010dil, da je pri 29 letih kon\u010dal reprezentan\u010dno kariero. Za Tur\u010dijo je zbral 52 tekem in dva gola. Sahin se je za to odlo\u010dil po tem, ko se Tur\u010dija ni uvrstila na svetovno prvenstvo prihodnje leto v Rusijo. \u00bbRad bi najavil, da kon\u010dujem reprezentan\u010dno kariero,\u00ab je na Twitterju in Instagramu zapisal Sahin in dodal, da \u017eeli \u00bbdati prilo\u017enost novi generaciji\u00ab igralcev. Sahin je bil leta 2011 najbolj\u0161i nogometa\u0161 nem\u0161ke bundeslige. \u00bbOdkar pomnim so bile moje sanje, da oble\u010dem dres s polmesecem in zvezo. Zelo sem hvale\u017een, da sem lahko izpolnil svoje sanje,\u00ab je dodal 29-letnik.","og_url":"https:\/\/hudo.com\/si\/aktualno\/nuri-sahin-pri-29-letih-koncal-reprezentancno-pot\/","og_site_name":"Hudo Slovenija","article_publisher":"https:\/\/www.facebook.com\/hudo.si","article_published_time":"2017-11-03T08:23:00+00:00","og_image":[{"width":480,"height":290,"url":"https:\/\/hudo.com\/si\/wp-content\/uploads\/sites\/2\/2017\/11\/480x290_Reuters_Pictures-20161122211848-11326500.jpeg","type":"image\/jpeg"}],"author":"hudo","twitter_card":"summary_large_image","twitter_creator":"@hudo_si","twitter_site":"@hudo_si","twitter_misc":{"Written by":"hudo","Est. reading time":"1 minuta"},"schema":{"@context":"https:\/\/schema.org","@graph":[{"@type":"Article","@id":"https:\/\/hudo.com\/si\/aktualno\/nuri-sahin-pri-29-letih-koncal-reprezentancno-pot\/#article","isPartOf":{"@id":"https:\/\/hudo.com\/si\/aktualno\/nuri-sahin-pri-29-letih-koncal-reprezentancno-pot\/"},"author":{"name":"hudo","@id":"https:\/\/hudo.com\/si\/#\/schema\/person\/601cf3379633985b20f7e50f2bb47707"},"headline":"Nuri Sahin pri 29 letih kon\u010dal reprezentan\u010dno pot","datePublished":"2017-11-03T08:23:00+00:00","dateModified":"2017-11-03T08:23:00+00:00","mainEntityOfPage":{"@id":"https:\/\/hudo.com\/si\/aktualno\/nuri-sahin-pri-29-letih-koncal-reprezentancno-pot\/"},"wordCount":131,"publisher":{"@id":"https:\/\/hudo.com\/si\/#organization"},"articleSection":["Aktualno"],"inLanguage":"sl-SI"},{"@type":"WebPage","@id":"https:\/\/hudo.com\/si\/aktualno\/nuri-sahin-pri-29-letih-koncal-reprezentancno-pot\/","url":"https:\/\/hudo.com\/si\/aktualno\/nuri-sahin-pri-29-letih-koncal-reprezentancno-pot\/","name":"Nuri Sahin pri 29 letih kon\u010dal reprezentan\u010dno pot - Hudo Slovenija","isPartOf":{"@id":"https:\/\/hudo.com\/si\/#website"},"datePublished":"2017-11-03T08:23:00+00:00","dateModified":"2017-11-03T08:23:00+00:00","breadcrumb":{"@id":"https:\/\/hudo.com\/si\/aktualno\/nuri-sahin-pri-29-letih-koncal-reprezentancno-pot\/#breadcrumb"},"inLanguage":"sl-SI","potentialAction":[{"@type":"ReadAction","target":["https:\/\/hudo.com\/si\/aktualno\/nuri-sahin-pri-29-letih-koncal-reprezentancno-pot\/"]}]},{"@type":"BreadcrumbList","@id":"https:\/\/hudo.com\/si\/aktualno\/nuri-sahin-pri-29-letih-koncal-reprezentancno-pot\/#breadcrumb","itemListElement":[{"@type":"ListItem","position":1,"name":"Home","item":"https:\/\/hudo.com\/si\/"},{"@type":"ListItem","position":2,"name":"Nuri Sahin pri 29 letih kon\u010dal reprezentan\u010dno pot"}]},{"@type":"WebSite","@id":"https:\/\/hudo.com\/si\/#website","url":"https:\/\/hudo.com\/si\/","name":"Hudo Slovenija","description":"Vse novice iz Slovenije in sveta","publisher":{"@id":"https:\/\/hudo.com\/si\/#organization"},"potentialAction":[{"@type":"SearchAction","target":{"@type":"EntryPoint","urlTemplate":"https:\/\/hudo.com\/si\/?s={search_term_string}"},"query-input":"required name=search_term_string"}],"inLanguage":"sl-SI"},{"@type":"Organization","@id":"https:\/\/hudo.com\/si\/#organization","name":"VSN Media","url":"https:\/\/hudo.com\/si\/","logo":{"@type":"ImageObject","inLanguage":"sl-SI","@id":"https:\/\/hudo.com\/si\/#\/schema\/logo\/image\/","url":"https:\/\/hudo.com\/si\/wp-content\/uploads\/sites\/2\/2021\/03\/hudo-app-2.png","contentUrl":"https:\/\/hudo.com\/si\/wp-content\/uploads\/sites\/2\/2021\/03\/hudo-app-2.png","width":2185,"height":2167,"caption":"VSN Media"},"image":{"@id":"https:\/\/hudo.com\/si\/#\/schema\/logo\/image\/"},"sameAs":["https:\/\/www.facebook.com\/hudo.si","https:\/\/twitter.com\/hudo_si"]},{"@type":"Person","@id":"https:\/\/hudo.com\/si\/#\/schema\/person\/601cf3379633985b20f7e50f2bb47707","name":"hudo","image":{"@type":"ImageObject","inLanguage":"sl-SI","@id":"https:\/\/hudo.com\/si\/#\/schema\/person\/image\/","url":"https:\/\/secure.gravatar.com\/avatar\/c4ca25fa72cace7a696b52ff5db9e095?s=96&d=mm&r=g","contentUrl":"https:\/\/secure.gravatar.com\/avatar\/c4ca25fa72cace7a696b52ff5db9e095?s=96&d=mm&r=g","caption":"hudo"},"url":"https:\/\/hudo.com\/si\/author\/hudo\/"}]}},"amp_enabled":true,"_links":{"self":[{"href":"https:\/\/hudo.com\/si\/wp-json\/wp\/v2\/posts\/317329"}],"collection":[{"href":"https:\/\/hudo.com\/si\/wp-json\/wp\/v2\/posts"}],"about":[{"href":"https:\/\/hudo.com\/si\/wp-json\/wp\/v2\/types\/post"}],"author":[{"embeddable":true,"href":"https:\/\/hudo.com\/si\/wp-json\/wp\/v2\/users\/1"}],"replies":[{"embeddable":true,"href":"https:\/\/hudo.com\/si\/wp-json\/wp\/v2\/comments?post=317329"}],"version-history":[{"count":0,"href":"https:\/\/hudo.com\/si\/wp-json\/wp\/v2\/posts\/317329\/revisions"}],"wp:attachment":[{"href":"https:\/\/hudo.com\/si\/wp-json\/wp\/v2\/media?parent=317329"}],"wp:term":[{"taxonomy":"category","embeddable":true,"href":"https:\/\/hudo.com\/si\/wp-json\/wp\/v2\/categories?post=317329"},{"taxonomy":"post_tag","embeddable":true,"href":"https:\/\/hudo.com\/si\/wp-json\/wp\/v2\/tags?post=317329"},{"taxonomy":"source","embeddable":true,"href":"https:\/\/hudo.com\/si\/wp-json\/wp\/v2\/source?post=317329"},{"taxonomy":"supertag","embeddable":true,"href":"https:\/\/hudo.com\/si\/wp-json\/wp\/v2\/supertag?post=317329"}],"curies":[{"name":"wp","href":"https:\/\/api.w.org\/{rel}","templated":true}]}}