{"id":317335,"date":"2017-11-03T09:05:00","date_gmt":"2017-11-03T08:05:00","guid":{"rendered":"http:\/\/hudo.com\/si\/2017\/11\/03\/evra-dobil-rdeci-karton-se-pred-zacetkom-tekme\/"},"modified":"2017-11-03T09:05:00","modified_gmt":"2017-11-03T08:05:00","slug":"evra-dobil-rdeci-karton-se-pred-zacetkom-tekme","status":"publish","type":"post","link":"https:\/\/hudo.com\/si\/aktualno\/evra-dobil-rdeci-karton-se-pred-zacetkom-tekme\/","title":{"rendered":"Evra dobil rde\u010di karton \u0161e pred za\u010detkom tekme"},"content":{"rendered":"<p>Kategorija: Nogomet Fri, 03 Nov 2017 10:05:00 +0100  Guiamaraes &#8211; Izku\u0161eni francoski nogometni reprezentant Patrice Evra si je sino\u010di \u0161e pred tekmo evropske lige proti portugalsko Vitorii Guimaraes privo\u0161\u010dil veliko neumnost, saj je po izmenjavi \u017ealjivk z navija\u010dem Marseilla, za katerega sicer igra, proti razgretemu privr\u017eencu spro\u017eil udarec z nogo in dobil rde\u010di karton \u0161e preden se je tekma za\u010dela. \u0160estintridesetletniku je navija\u010d Marseilla med ogrevanjem namenil nekaj \u017ealjivk, Evra mu ni ostal dol\u017ean. Ko se je skupina navija\u010dev pribli\u017eala igri\u0161\u010du, pa so se igralci francoskega kluba umaknili, le Evra je ostal, navija\u010du pa odmeril visoko brco v vi\u0161ino glave v slogu karateistov, poro\u010da francoska tiskovna agencija AFP. Varnostniki so sicer hitro ukrepali in za\u010deli miriti strasti, a \u0161koda je bila narejena. Evra, ki je bil sicer med rezervisti, je dobil rde\u010di karton \u0161e pred za\u010detkom tekme, o njegovem incidentu\u00a0&#8230;<\/p>\n","protected":false},"excerpt":{"rendered":"<p>Kategorija: Nogomet Fri, 03 Nov 2017 10:05:00 +0100  Guiamaraes &#8211; Izku\u0161eni francoski nogometni reprezentant Patrice Evra si je sino\u010di \u0161e pred tekmo evropske lige proti portugalsko Vitorii Guimaraes privo\u0161\u010dil veliko neumnost, saj je po izmenjavi \u017ealjivk z navija\u010dem Marseilla, za katerega sicer igra, proti razgretemu privr\u017eencu spro\u017eil udarec z nogo in dobil rde\u010di karton \u0161e preden se je tekma za\u010dela. \u0160estintridesetletniku je navija\u010d Marseilla med ogrevanjem namenil nekaj \u017ealjivk, Evra mu ni ostal dol\u017ean. Ko se je skupina navija\u010dev pribli\u017eala igri\u0161\u010du, pa so se igralci francoskega kluba umaknili, le Evra je ostal, navija\u010du pa odmeril visoko brco v vi\u0161ino glave v slogu karateistov, poro\u010da francoska tiskovna agencija AFP. Varnostniki so sicer hitro ukrepali in za\u010deli miriti strasti, a \u0161koda je bila narejena. Evra, ki je bil sicer med rezervisti, je dobil rde\u010di karton \u0161e pred za\u010detkom tekme, o njegovem incidentu\u00a0&#8230;<\/p>\n","protected":false},"author":1,"featured_media":0,"comment_status":"closed","ping_status":"closed","sticky":false,"template":"","format":"standard","meta":{"footnotes":""},"categories":[1179],"tags":[],"source":[1703],"supertag":[],"acf":[],"yoast_head":"<!-- This site is optimized with the Yoast SEO plugin v21.3 - https:\/\/yoast.com\/wordpress\/plugins\/seo\/ -->\n<title>Evra dobil rde\u010di karton \u0161e pred za\u010detkom tekme - Hudo Slovenija<\/title>\n<meta name=\"robots\" content=\"index, follow, max-snippet:-1, max-image-preview:large, max-video-preview:-1\" \/>\n<link rel=\"canonical\" href=\"https:\/\/hudo.com\/si\/aktualno\/evra-dobil-rdeci-karton-se-pred-zacetkom-tekme\/\" \/>\n<meta property=\"og:locale\" content=\"sl_SI\" \/>\n<meta property=\"og:type\" content=\"article\" \/>\n<meta property=\"og:title\" content=\"Evra dobil rde\u010di karton \u0161e pred za\u010detkom tekme - Hudo Slovenija\" \/>\n<meta property=\"og:description\" content=\"Kategorija: Nogomet Fri, 03 Nov 2017 10:05:00 +0100 Guiamaraes - Izku\u0161eni francoski nogometni reprezentant Patrice Evra si je sino\u010di \u0161e pred tekmo evropske lige proti portugalsko Vitorii Guimaraes privo\u0161\u010dil veliko neumnost, saj je po izmenjavi \u017ealjivk z navija\u010dem Marseilla, za katerega sicer igra, proti razgretemu privr\u017eencu spro\u017eil udarec z nogo in dobil rde\u010di karton \u0161e preden se je tekma za\u010dela. \u0160estintridesetletniku je navija\u010d Marseilla med ogrevanjem namenil nekaj \u017ealjivk, Evra mu ni ostal dol\u017ean. Ko se je skupina navija\u010dev pribli\u017eala igri\u0161\u010du, pa so se igralci francoskega kluba umaknili, le Evra je ostal, navija\u010du pa odmeril visoko brco v vi\u0161ino glave v slogu karateistov, poro\u010da francoska tiskovna agencija AFP. Varnostniki so sicer hitro ukrepali in za\u010deli miriti strasti, a \u0161koda je bila narejena. Evra, ki je bil sicer med rezervisti, je dobil rde\u010di karton \u0161e pred za\u010detkom tekme, o njegovem incidentu\u00a0...\" \/>\n<meta property=\"og:url\" content=\"https:\/\/hudo.com\/si\/aktualno\/evra-dobil-rdeci-karton-se-pred-zacetkom-tekme\/\" \/>\n<meta property=\"og:site_name\" content=\"Hudo Slovenija\" \/>\n<meta property=\"article:publisher\" content=\"https:\/\/www.facebook.com\/hudo.si\" \/>\n<meta property=\"article:published_time\" content=\"2017-11-03T08:05:00+00:00\" \/>\n<meta property=\"og:image\" content=\"https:\/\/hudo.com\/si\/wp-content\/uploads\/sites\/2\/2017\/11\/480x290_AP_Pictures-20171103001353-91579900.jpeg\" \/>\n\t<meta property=\"og:image:width\" content=\"480\" \/>\n\t<meta property=\"og:image:height\" content=\"290\" \/>\n\t<meta property=\"og:image:type\" content=\"image\/jpeg\" \/>\n<meta name=\"author\" content=\"hudo\" \/>\n<meta name=\"twitter:card\" content=\"summary_large_image\" \/>\n<meta name=\"twitter:creator\" content=\"@hudo_si\" \/>\n<meta name=\"twitter:site\" content=\"@hudo_si\" \/>\n<meta name=\"twitter:label1\" content=\"Written by\" \/>\n\t<meta name=\"twitter:data1\" content=\"hudo\" \/>\n\t<meta name=\"twitter:label2\" content=\"Est. reading time\" \/>\n\t<meta name=\"twitter:data2\" content=\"1 minuta\" \/>\n<script type=\"application\/ld+json\" class=\"yoast-schema-graph\">{\"@context\":\"https:\/\/schema.org\",\"@graph\":[{\"@type\":\"Article\",\"@id\":\"https:\/\/hudo.com\/si\/aktualno\/evra-dobil-rdeci-karton-se-pred-zacetkom-tekme\/#article\",\"isPartOf\":{\"@id\":\"https:\/\/hudo.com\/si\/aktualno\/evra-dobil-rdeci-karton-se-pred-zacetkom-tekme\/\"},\"author\":{\"name\":\"hudo\",\"@id\":\"https:\/\/hudo.com\/si\/#\/schema\/person\/601cf3379633985b20f7e50f2bb47707\"},\"headline\":\"Evra dobil rde\u010di karton \u0161e pred za\u010detkom tekme\",\"datePublished\":\"2017-11-03T08:05:00+00:00\",\"dateModified\":\"2017-11-03T08:05:00+00:00\",\"mainEntityOfPage\":{\"@id\":\"https:\/\/hudo.com\/si\/aktualno\/evra-dobil-rdeci-karton-se-pred-zacetkom-tekme\/\"},\"wordCount\":164,\"publisher\":{\"@id\":\"https:\/\/hudo.com\/si\/#organization\"},\"articleSection\":[\"Aktualno\"],\"inLanguage\":\"sl-SI\"},{\"@type\":\"WebPage\",\"@id\":\"https:\/\/hudo.com\/si\/aktualno\/evra-dobil-rdeci-karton-se-pred-zacetkom-tekme\/\",\"url\":\"https:\/\/hudo.com\/si\/aktualno\/evra-dobil-rdeci-karton-se-pred-zacetkom-tekme\/\",\"name\":\"Evra dobil rde\u010di karton \u0161e pred za\u010detkom tekme - Hudo Slovenija\",\"isPartOf\":{\"@id\":\"https:\/\/hudo.com\/si\/#website\"},\"datePublished\":\"2017-11-03T08:05:00+00:00\",\"dateModified\":\"2017-11-03T08:05:00+00:00\",\"breadcrumb\":{\"@id\":\"https:\/\/hudo.com\/si\/aktualno\/evra-dobil-rdeci-karton-se-pred-zacetkom-tekme\/#breadcrumb\"},\"inLanguage\":\"sl-SI\",\"potentialAction\":[{\"@type\":\"ReadAction\",\"target\":[\"https:\/\/hudo.com\/si\/aktualno\/evra-dobil-rdeci-karton-se-pred-zacetkom-tekme\/\"]}]},{\"@type\":\"BreadcrumbList\",\"@id\":\"https:\/\/hudo.com\/si\/aktualno\/evra-dobil-rdeci-karton-se-pred-zacetkom-tekme\/#breadcrumb\",\"itemListElement\":[{\"@type\":\"ListItem\",\"position\":1,\"name\":\"Home\",\"item\":\"https:\/\/hudo.com\/si\/\"},{\"@type\":\"ListItem\",\"position\":2,\"name\":\"Evra dobil rde\u010di karton \u0161e pred za\u010detkom tekme\"}]},{\"@type\":\"WebSite\",\"@id\":\"https:\/\/hudo.com\/si\/#website\",\"url\":\"https:\/\/hudo.com\/si\/\",\"name\":\"Hudo Slovenija\",\"description\":\"Vse novice iz Slovenije in sveta\",\"publisher\":{\"@id\":\"https:\/\/hudo.com\/si\/#organization\"},\"potentialAction\":[{\"@type\":\"SearchAction\",\"target\":{\"@type\":\"EntryPoint\",\"urlTemplate\":\"https:\/\/hudo.com\/si\/?s={search_term_string}\"},\"query-input\":\"required name=search_term_string\"}],\"inLanguage\":\"sl-SI\"},{\"@type\":\"Organization\",\"@id\":\"https:\/\/hudo.com\/si\/#organization\",\"name\":\"VSN Media\",\"url\":\"https:\/\/hudo.com\/si\/\",\"logo\":{\"@type\":\"ImageObject\",\"inLanguage\":\"sl-SI\",\"@id\":\"https:\/\/hudo.com\/si\/#\/schema\/logo\/image\/\",\"url\":\"https:\/\/hudo.com\/si\/wp-content\/uploads\/sites\/2\/2021\/03\/hudo-app-2.png\",\"contentUrl\":\"https:\/\/hudo.com\/si\/wp-content\/uploads\/sites\/2\/2021\/03\/hudo-app-2.png\",\"width\":2185,\"height\":2167,\"caption\":\"VSN Media\"},\"image\":{\"@id\":\"https:\/\/hudo.com\/si\/#\/schema\/logo\/image\/\"},\"sameAs\":[\"https:\/\/www.facebook.com\/hudo.si\",\"https:\/\/twitter.com\/hudo_si\"]},{\"@type\":\"Person\",\"@id\":\"https:\/\/hudo.com\/si\/#\/schema\/person\/601cf3379633985b20f7e50f2bb47707\",\"name\":\"hudo\",\"image\":{\"@type\":\"ImageObject\",\"inLanguage\":\"sl-SI\",\"@id\":\"https:\/\/hudo.com\/si\/#\/schema\/person\/image\/\",\"url\":\"https:\/\/secure.gravatar.com\/avatar\/c4ca25fa72cace7a696b52ff5db9e095?s=96&d=mm&r=g\",\"contentUrl\":\"https:\/\/secure.gravatar.com\/avatar\/c4ca25fa72cace7a696b52ff5db9e095?s=96&d=mm&r=g\",\"caption\":\"hudo\"},\"url\":\"https:\/\/hudo.com\/si\/author\/hudo\/\"}]}<\/script>\n<!-- \/ Yoast SEO plugin. -->","yoast_head_json":{"title":"Evra dobil rde\u010di karton \u0161e pred za\u010detkom tekme - Hudo Slovenija","robots":{"index":"index","follow":"follow","max-snippet":"max-snippet:-1","max-image-preview":"max-image-preview:large","max-video-preview":"max-video-preview:-1"},"canonical":"https:\/\/hudo.com\/si\/aktualno\/evra-dobil-rdeci-karton-se-pred-zacetkom-tekme\/","og_locale":"sl_SI","og_type":"article","og_title":"Evra dobil rde\u010di karton \u0161e pred za\u010detkom tekme - Hudo Slovenija","og_description":"Kategorija: Nogomet Fri, 03 Nov 2017 10:05:00 +0100 Guiamaraes - Izku\u0161eni francoski nogometni reprezentant Patrice Evra si je sino\u010di \u0161e pred tekmo evropske lige proti portugalsko Vitorii Guimaraes privo\u0161\u010dil veliko neumnost, saj je po izmenjavi \u017ealjivk z navija\u010dem Marseilla, za katerega sicer igra, proti razgretemu privr\u017eencu spro\u017eil udarec z nogo in dobil rde\u010di karton \u0161e preden se je tekma za\u010dela. \u0160estintridesetletniku je navija\u010d Marseilla med ogrevanjem namenil nekaj \u017ealjivk, Evra mu ni ostal dol\u017ean. Ko se je skupina navija\u010dev pribli\u017eala igri\u0161\u010du, pa so se igralci francoskega kluba umaknili, le Evra je ostal, navija\u010du pa odmeril visoko brco v vi\u0161ino glave v slogu karateistov, poro\u010da francoska tiskovna agencija AFP. Varnostniki so sicer hitro ukrepali in za\u010deli miriti strasti, a \u0161koda je bila narejena. Evra, ki je bil sicer med rezervisti, je dobil rde\u010di karton \u0161e pred za\u010detkom tekme, o njegovem incidentu\u00a0...","og_url":"https:\/\/hudo.com\/si\/aktualno\/evra-dobil-rdeci-karton-se-pred-zacetkom-tekme\/","og_site_name":"Hudo Slovenija","article_publisher":"https:\/\/www.facebook.com\/hudo.si","article_published_time":"2017-11-03T08:05:00+00:00","og_image":[{"width":480,"height":290,"url":"https:\/\/hudo.com\/si\/wp-content\/uploads\/sites\/2\/2017\/11\/480x290_AP_Pictures-20171103001353-91579900.jpeg","type":"image\/jpeg"}],"author":"hudo","twitter_card":"summary_large_image","twitter_creator":"@hudo_si","twitter_site":"@hudo_si","twitter_misc":{"Written by":"hudo","Est. reading time":"1 minuta"},"schema":{"@context":"https:\/\/schema.org","@graph":[{"@type":"Article","@id":"https:\/\/hudo.com\/si\/aktualno\/evra-dobil-rdeci-karton-se-pred-zacetkom-tekme\/#article","isPartOf":{"@id":"https:\/\/hudo.com\/si\/aktualno\/evra-dobil-rdeci-karton-se-pred-zacetkom-tekme\/"},"author":{"name":"hudo","@id":"https:\/\/hudo.com\/si\/#\/schema\/person\/601cf3379633985b20f7e50f2bb47707"},"headline":"Evra dobil rde\u010di karton \u0161e pred za\u010detkom tekme","datePublished":"2017-11-03T08:05:00+00:00","dateModified":"2017-11-03T08:05:00+00:00","mainEntityOfPage":{"@id":"https:\/\/hudo.com\/si\/aktualno\/evra-dobil-rdeci-karton-se-pred-zacetkom-tekme\/"},"wordCount":164,"publisher":{"@id":"https:\/\/hudo.com\/si\/#organization"},"articleSection":["Aktualno"],"inLanguage":"sl-SI"},{"@type":"WebPage","@id":"https:\/\/hudo.com\/si\/aktualno\/evra-dobil-rdeci-karton-se-pred-zacetkom-tekme\/","url":"https:\/\/hudo.com\/si\/aktualno\/evra-dobil-rdeci-karton-se-pred-zacetkom-tekme\/","name":"Evra dobil rde\u010di karton \u0161e pred za\u010detkom tekme - Hudo Slovenija","isPartOf":{"@id":"https:\/\/hudo.com\/si\/#website"},"datePublished":"2017-11-03T08:05:00+00:00","dateModified":"2017-11-03T08:05:00+00:00","breadcrumb":{"@id":"https:\/\/hudo.com\/si\/aktualno\/evra-dobil-rdeci-karton-se-pred-zacetkom-tekme\/#breadcrumb"},"inLanguage":"sl-SI","potentialAction":[{"@type":"ReadAction","target":["https:\/\/hudo.com\/si\/aktualno\/evra-dobil-rdeci-karton-se-pred-zacetkom-tekme\/"]}]},{"@type":"BreadcrumbList","@id":"https:\/\/hudo.com\/si\/aktualno\/evra-dobil-rdeci-karton-se-pred-zacetkom-tekme\/#breadcrumb","itemListElement":[{"@type":"ListItem","position":1,"name":"Home","item":"https:\/\/hudo.com\/si\/"},{"@type":"ListItem","position":2,"name":"Evra dobil rde\u010di karton \u0161e pred za\u010detkom tekme"}]},{"@type":"WebSite","@id":"https:\/\/hudo.com\/si\/#website","url":"https:\/\/hudo.com\/si\/","name":"Hudo Slovenija","description":"Vse novice iz Slovenije in sveta","publisher":{"@id":"https:\/\/hudo.com\/si\/#organization"},"potentialAction":[{"@type":"SearchAction","target":{"@type":"EntryPoint","urlTemplate":"https:\/\/hudo.com\/si\/?s={search_term_string}"},"query-input":"required name=search_term_string"}],"inLanguage":"sl-SI"},{"@type":"Organization","@id":"https:\/\/hudo.com\/si\/#organization","name":"VSN Media","url":"https:\/\/hudo.com\/si\/","logo":{"@type":"ImageObject","inLanguage":"sl-SI","@id":"https:\/\/hudo.com\/si\/#\/schema\/logo\/image\/","url":"https:\/\/hudo.com\/si\/wp-content\/uploads\/sites\/2\/2021\/03\/hudo-app-2.png","contentUrl":"https:\/\/hudo.com\/si\/wp-content\/uploads\/sites\/2\/2021\/03\/hudo-app-2.png","width":2185,"height":2167,"caption":"VSN Media"},"image":{"@id":"https:\/\/hudo.com\/si\/#\/schema\/logo\/image\/"},"sameAs":["https:\/\/www.facebook.com\/hudo.si","https:\/\/twitter.com\/hudo_si"]},{"@type":"Person","@id":"https:\/\/hudo.com\/si\/#\/schema\/person\/601cf3379633985b20f7e50f2bb47707","name":"hudo","image":{"@type":"ImageObject","inLanguage":"sl-SI","@id":"https:\/\/hudo.com\/si\/#\/schema\/person\/image\/","url":"https:\/\/secure.gravatar.com\/avatar\/c4ca25fa72cace7a696b52ff5db9e095?s=96&d=mm&r=g","contentUrl":"https:\/\/secure.gravatar.com\/avatar\/c4ca25fa72cace7a696b52ff5db9e095?s=96&d=mm&r=g","caption":"hudo"},"url":"https:\/\/hudo.com\/si\/author\/hudo\/"}]}},"amp_enabled":true,"_links":{"self":[{"href":"https:\/\/hudo.com\/si\/wp-json\/wp\/v2\/posts\/317335"}],"collection":[{"href":"https:\/\/hudo.com\/si\/wp-json\/wp\/v2\/posts"}],"about":[{"href":"https:\/\/hudo.com\/si\/wp-json\/wp\/v2\/types\/post"}],"author":[{"embeddable":true,"href":"https:\/\/hudo.com\/si\/wp-json\/wp\/v2\/users\/1"}],"replies":[{"embeddable":true,"href":"https:\/\/hudo.com\/si\/wp-json\/wp\/v2\/comments?post=317335"}],"version-history":[{"count":0,"href":"https:\/\/hudo.com\/si\/wp-json\/wp\/v2\/posts\/317335\/revisions"}],"wp:attachment":[{"href":"https:\/\/hudo.com\/si\/wp-json\/wp\/v2\/media?parent=317335"}],"wp:term":[{"taxonomy":"category","embeddable":true,"href":"https:\/\/hudo.com\/si\/wp-json\/wp\/v2\/categories?post=317335"},{"taxonomy":"post_tag","embeddable":true,"href":"https:\/\/hudo.com\/si\/wp-json\/wp\/v2\/tags?post=317335"},{"taxonomy":"source","embeddable":true,"href":"https:\/\/hudo.com\/si\/wp-json\/wp\/v2\/source?post=317335"},{"taxonomy":"supertag","embeddable":true,"href":"https:\/\/hudo.com\/si\/wp-json\/wp\/v2\/supertag?post=317335"}],"curies":[{"name":"wp","href":"https:\/\/api.w.org\/{rel}","templated":true}]}}