{"id":318454,"date":"2017-11-06T14:30:00","date_gmt":"2017-11-06T13:30:00","guid":{"rendered":"http:\/\/hudo.com\/si\/2017\/11\/06\/slovenska-sedmerica-v-leviju\/"},"modified":"2017-11-06T14:30:00","modified_gmt":"2017-11-06T13:30:00","slug":"slovenska-sedmerica-v-leviju","status":"publish","type":"post","link":"https:\/\/hudo.com\/si\/aktualno\/slovenska-sedmerica-v-leviju\/","title":{"rendered":"Slovenska sedmerica v Leviju"},"content":{"rendered":"<p>Kategorija: Zimski Mon, 06 Nov 2017 15:30:00 +0100  Ljubljana &#8211; Po tradicionalnem veleslalomskem uvodu v sezono svetovnega pokala v alpskem smu\u010danju na ledeniku Rettenbach nad S\u00f6ldnom, ki je bil letos okrnjen zaradi odpovedi mo\u0161ke preizku\u0161nje, se bela karavana seli na sever Evrope. \u0160e naprej bodo v ospredju predvsem specialisti za tehni\u010dne discipline, le da bo finski Levi prihajajo\u010di konec tedna gostil slalomski tekmi. V soboto se bodo s \u0161tarta pognala dekleta, v nedeljo pa \u0161e mo\u0161ki, obakrat z za\u010detkom prve proge ob 10. uri in finala tri ure pozneje. Slovenska odprava bo razmeroma \u0161tevil\u010dna, saj bodo med sobotnimi udele\u017eenkami tudi Ana Bucik, Maru\u0161a Ferk, Meta Hrovat in Klara Livk, med nedeljskimi tekmovalci pa \u0160tefan Hadalin, veleslalomski specialist \u017dan Kranjec in \u017dan Gro\u0161elj. Lani sta si na severu Evrope konkurenco pokorila Ameri\u010danka Mikaela Shiffrin in Avstrijec Marcel Hirscher, ki sta\u00a0&#8230;<\/p>\n","protected":false},"excerpt":{"rendered":"<p>Kategorija: Zimski Mon, 06 Nov 2017 15:30:00 +0100  Ljubljana &#8211; Po tradicionalnem veleslalomskem uvodu v sezono svetovnega pokala v alpskem smu\u010danju na ledeniku Rettenbach nad S\u00f6ldnom, ki je bil letos okrnjen zaradi odpovedi mo\u0161ke preizku\u0161nje, se bela karavana seli na sever Evrope. \u0160e naprej bodo v ospredju predvsem specialisti za tehni\u010dne discipline, le da bo finski Levi prihajajo\u010di konec tedna gostil slalomski tekmi. V soboto se bodo s \u0161tarta pognala dekleta, v nedeljo pa \u0161e mo\u0161ki, obakrat z za\u010detkom prve proge ob 10. uri in finala tri ure pozneje. Slovenska odprava bo razmeroma \u0161tevil\u010dna, saj bodo med sobotnimi udele\u017eenkami tudi Ana Bucik, Maru\u0161a Ferk, Meta Hrovat in Klara Livk, med nedeljskimi tekmovalci pa \u0160tefan Hadalin, veleslalomski specialist \u017dan Kranjec in \u017dan Gro\u0161elj. Lani sta si na severu Evrope konkurenco pokorila Ameri\u010danka Mikaela Shiffrin in Avstrijec Marcel Hirscher, ki sta\u00a0&#8230;<\/p>\n","protected":false},"author":1,"featured_media":0,"comment_status":"closed","ping_status":"closed","sticky":false,"template":"","format":"standard","meta":{"footnotes":""},"categories":[1179],"tags":[],"source":[1703],"supertag":[],"acf":[],"yoast_head":"<!-- This site is optimized with the Yoast SEO plugin v21.3 - https:\/\/yoast.com\/wordpress\/plugins\/seo\/ -->\n<title>Slovenska sedmerica v Leviju - Hudo Slovenija<\/title>\n<meta name=\"robots\" content=\"index, follow, max-snippet:-1, max-image-preview:large, max-video-preview:-1\" \/>\n<link rel=\"canonical\" href=\"https:\/\/hudo.com\/si\/aktualno\/slovenska-sedmerica-v-leviju\/\" \/>\n<meta property=\"og:locale\" content=\"sl_SI\" \/>\n<meta property=\"og:type\" content=\"article\" \/>\n<meta property=\"og:title\" content=\"Slovenska sedmerica v Leviju - Hudo Slovenija\" \/>\n<meta property=\"og:description\" content=\"Kategorija: Zimski Mon, 06 Nov 2017 15:30:00 +0100 Ljubljana - Po tradicionalnem veleslalomskem uvodu v sezono svetovnega pokala v alpskem smu\u010danju na ledeniku Rettenbach nad S\u00f6ldnom, ki je bil letos okrnjen zaradi odpovedi mo\u0161ke preizku\u0161nje, se bela karavana seli na sever Evrope. \u0160e naprej bodo v ospredju predvsem specialisti za tehni\u010dne discipline, le da bo finski Levi prihajajo\u010di konec tedna gostil slalomski tekmi. V soboto se bodo s \u0161tarta pognala dekleta, v nedeljo pa \u0161e mo\u0161ki, obakrat z za\u010detkom prve proge ob 10. uri in finala tri ure pozneje. Slovenska odprava bo razmeroma \u0161tevil\u010dna, saj bodo med sobotnimi udele\u017eenkami tudi Ana Bucik, Maru\u0161a Ferk, Meta Hrovat in Klara Livk, med nedeljskimi tekmovalci pa \u0160tefan Hadalin, veleslalomski specialist \u017dan Kranjec in \u017dan Gro\u0161elj. Lani sta si na severu Evrope konkurenco pokorila Ameri\u010danka Mikaela Shiffrin in Avstrijec Marcel Hirscher, ki sta\u00a0...\" \/>\n<meta property=\"og:url\" content=\"https:\/\/hudo.com\/si\/aktualno\/slovenska-sedmerica-v-leviju\/\" \/>\n<meta property=\"og:site_name\" content=\"Hudo Slovenija\" \/>\n<meta property=\"article:publisher\" content=\"https:\/\/www.facebook.com\/hudo.si\" \/>\n<meta property=\"article:published_time\" content=\"2017-11-06T13:30:00+00:00\" \/>\n<meta property=\"og:image\" content=\"https:\/\/hudo.com\/si\/wp-content\/uploads\/sites\/2\/2017\/11\/480x290_Delo_Foto-20170108112608-89259800.jpeg\" \/>\n\t<meta property=\"og:image:width\" content=\"480\" \/>\n\t<meta property=\"og:image:height\" content=\"290\" \/>\n\t<meta property=\"og:image:type\" content=\"image\/jpeg\" \/>\n<meta name=\"author\" content=\"hudo\" \/>\n<meta name=\"twitter:card\" content=\"summary_large_image\" \/>\n<meta name=\"twitter:creator\" content=\"@hudo_si\" \/>\n<meta name=\"twitter:site\" content=\"@hudo_si\" \/>\n<meta name=\"twitter:label1\" content=\"Written by\" \/>\n\t<meta name=\"twitter:data1\" content=\"hudo\" \/>\n\t<meta name=\"twitter:label2\" content=\"Est. reading time\" \/>\n\t<meta name=\"twitter:data2\" content=\"1 minuta\" \/>\n<script type=\"application\/ld+json\" class=\"yoast-schema-graph\">{\"@context\":\"https:\/\/schema.org\",\"@graph\":[{\"@type\":\"Article\",\"@id\":\"https:\/\/hudo.com\/si\/aktualno\/slovenska-sedmerica-v-leviju\/#article\",\"isPartOf\":{\"@id\":\"https:\/\/hudo.com\/si\/aktualno\/slovenska-sedmerica-v-leviju\/\"},\"author\":{\"name\":\"hudo\",\"@id\":\"https:\/\/hudo.com\/si\/#\/schema\/person\/601cf3379633985b20f7e50f2bb47707\"},\"headline\":\"Slovenska sedmerica v Leviju\",\"datePublished\":\"2017-11-06T13:30:00+00:00\",\"dateModified\":\"2017-11-06T13:30:00+00:00\",\"mainEntityOfPage\":{\"@id\":\"https:\/\/hudo.com\/si\/aktualno\/slovenska-sedmerica-v-leviju\/\"},\"wordCount\":151,\"publisher\":{\"@id\":\"https:\/\/hudo.com\/si\/#organization\"},\"articleSection\":[\"Aktualno\"],\"inLanguage\":\"sl-SI\"},{\"@type\":\"WebPage\",\"@id\":\"https:\/\/hudo.com\/si\/aktualno\/slovenska-sedmerica-v-leviju\/\",\"url\":\"https:\/\/hudo.com\/si\/aktualno\/slovenska-sedmerica-v-leviju\/\",\"name\":\"Slovenska sedmerica v Leviju - Hudo Slovenija\",\"isPartOf\":{\"@id\":\"https:\/\/hudo.com\/si\/#website\"},\"datePublished\":\"2017-11-06T13:30:00+00:00\",\"dateModified\":\"2017-11-06T13:30:00+00:00\",\"breadcrumb\":{\"@id\":\"https:\/\/hudo.com\/si\/aktualno\/slovenska-sedmerica-v-leviju\/#breadcrumb\"},\"inLanguage\":\"sl-SI\",\"potentialAction\":[{\"@type\":\"ReadAction\",\"target\":[\"https:\/\/hudo.com\/si\/aktualno\/slovenska-sedmerica-v-leviju\/\"]}]},{\"@type\":\"BreadcrumbList\",\"@id\":\"https:\/\/hudo.com\/si\/aktualno\/slovenska-sedmerica-v-leviju\/#breadcrumb\",\"itemListElement\":[{\"@type\":\"ListItem\",\"position\":1,\"name\":\"Home\",\"item\":\"https:\/\/hudo.com\/si\/\"},{\"@type\":\"ListItem\",\"position\":2,\"name\":\"Slovenska sedmerica v Leviju\"}]},{\"@type\":\"WebSite\",\"@id\":\"https:\/\/hudo.com\/si\/#website\",\"url\":\"https:\/\/hudo.com\/si\/\",\"name\":\"Hudo Slovenija\",\"description\":\"Vse novice iz Slovenije in sveta\",\"publisher\":{\"@id\":\"https:\/\/hudo.com\/si\/#organization\"},\"potentialAction\":[{\"@type\":\"SearchAction\",\"target\":{\"@type\":\"EntryPoint\",\"urlTemplate\":\"https:\/\/hudo.com\/si\/?s={search_term_string}\"},\"query-input\":\"required name=search_term_string\"}],\"inLanguage\":\"sl-SI\"},{\"@type\":\"Organization\",\"@id\":\"https:\/\/hudo.com\/si\/#organization\",\"name\":\"VSN Media\",\"url\":\"https:\/\/hudo.com\/si\/\",\"logo\":{\"@type\":\"ImageObject\",\"inLanguage\":\"sl-SI\",\"@id\":\"https:\/\/hudo.com\/si\/#\/schema\/logo\/image\/\",\"url\":\"https:\/\/hudo.com\/si\/wp-content\/uploads\/sites\/2\/2021\/03\/hudo-app-2.png\",\"contentUrl\":\"https:\/\/hudo.com\/si\/wp-content\/uploads\/sites\/2\/2021\/03\/hudo-app-2.png\",\"width\":2185,\"height\":2167,\"caption\":\"VSN Media\"},\"image\":{\"@id\":\"https:\/\/hudo.com\/si\/#\/schema\/logo\/image\/\"},\"sameAs\":[\"https:\/\/www.facebook.com\/hudo.si\",\"https:\/\/twitter.com\/hudo_si\"]},{\"@type\":\"Person\",\"@id\":\"https:\/\/hudo.com\/si\/#\/schema\/person\/601cf3379633985b20f7e50f2bb47707\",\"name\":\"hudo\",\"image\":{\"@type\":\"ImageObject\",\"inLanguage\":\"sl-SI\",\"@id\":\"https:\/\/hudo.com\/si\/#\/schema\/person\/image\/\",\"url\":\"https:\/\/secure.gravatar.com\/avatar\/c4ca25fa72cace7a696b52ff5db9e095?s=96&d=mm&r=g\",\"contentUrl\":\"https:\/\/secure.gravatar.com\/avatar\/c4ca25fa72cace7a696b52ff5db9e095?s=96&d=mm&r=g\",\"caption\":\"hudo\"},\"url\":\"https:\/\/hudo.com\/si\/author\/hudo\/\"}]}<\/script>\n<!-- \/ Yoast SEO plugin. -->","yoast_head_json":{"title":"Slovenska sedmerica v Leviju - Hudo Slovenija","robots":{"index":"index","follow":"follow","max-snippet":"max-snippet:-1","max-image-preview":"max-image-preview:large","max-video-preview":"max-video-preview:-1"},"canonical":"https:\/\/hudo.com\/si\/aktualno\/slovenska-sedmerica-v-leviju\/","og_locale":"sl_SI","og_type":"article","og_title":"Slovenska sedmerica v Leviju - Hudo Slovenija","og_description":"Kategorija: Zimski Mon, 06 Nov 2017 15:30:00 +0100 Ljubljana - Po tradicionalnem veleslalomskem uvodu v sezono svetovnega pokala v alpskem smu\u010danju na ledeniku Rettenbach nad S\u00f6ldnom, ki je bil letos okrnjen zaradi odpovedi mo\u0161ke preizku\u0161nje, se bela karavana seli na sever Evrope. \u0160e naprej bodo v ospredju predvsem specialisti za tehni\u010dne discipline, le da bo finski Levi prihajajo\u010di konec tedna gostil slalomski tekmi. V soboto se bodo s \u0161tarta pognala dekleta, v nedeljo pa \u0161e mo\u0161ki, obakrat z za\u010detkom prve proge ob 10. uri in finala tri ure pozneje. Slovenska odprava bo razmeroma \u0161tevil\u010dna, saj bodo med sobotnimi udele\u017eenkami tudi Ana Bucik, Maru\u0161a Ferk, Meta Hrovat in Klara Livk, med nedeljskimi tekmovalci pa \u0160tefan Hadalin, veleslalomski specialist \u017dan Kranjec in \u017dan Gro\u0161elj. Lani sta si na severu Evrope konkurenco pokorila Ameri\u010danka Mikaela Shiffrin in Avstrijec Marcel Hirscher, ki sta\u00a0...","og_url":"https:\/\/hudo.com\/si\/aktualno\/slovenska-sedmerica-v-leviju\/","og_site_name":"Hudo Slovenija","article_publisher":"https:\/\/www.facebook.com\/hudo.si","article_published_time":"2017-11-06T13:30:00+00:00","og_image":[{"width":480,"height":290,"url":"https:\/\/hudo.com\/si\/wp-content\/uploads\/sites\/2\/2017\/11\/480x290_Delo_Foto-20170108112608-89259800.jpeg","type":"image\/jpeg"}],"author":"hudo","twitter_card":"summary_large_image","twitter_creator":"@hudo_si","twitter_site":"@hudo_si","twitter_misc":{"Written by":"hudo","Est. reading time":"1 minuta"},"schema":{"@context":"https:\/\/schema.org","@graph":[{"@type":"Article","@id":"https:\/\/hudo.com\/si\/aktualno\/slovenska-sedmerica-v-leviju\/#article","isPartOf":{"@id":"https:\/\/hudo.com\/si\/aktualno\/slovenska-sedmerica-v-leviju\/"},"author":{"name":"hudo","@id":"https:\/\/hudo.com\/si\/#\/schema\/person\/601cf3379633985b20f7e50f2bb47707"},"headline":"Slovenska sedmerica v Leviju","datePublished":"2017-11-06T13:30:00+00:00","dateModified":"2017-11-06T13:30:00+00:00","mainEntityOfPage":{"@id":"https:\/\/hudo.com\/si\/aktualno\/slovenska-sedmerica-v-leviju\/"},"wordCount":151,"publisher":{"@id":"https:\/\/hudo.com\/si\/#organization"},"articleSection":["Aktualno"],"inLanguage":"sl-SI"},{"@type":"WebPage","@id":"https:\/\/hudo.com\/si\/aktualno\/slovenska-sedmerica-v-leviju\/","url":"https:\/\/hudo.com\/si\/aktualno\/slovenska-sedmerica-v-leviju\/","name":"Slovenska sedmerica v Leviju - Hudo Slovenija","isPartOf":{"@id":"https:\/\/hudo.com\/si\/#website"},"datePublished":"2017-11-06T13:30:00+00:00","dateModified":"2017-11-06T13:30:00+00:00","breadcrumb":{"@id":"https:\/\/hudo.com\/si\/aktualno\/slovenska-sedmerica-v-leviju\/#breadcrumb"},"inLanguage":"sl-SI","potentialAction":[{"@type":"ReadAction","target":["https:\/\/hudo.com\/si\/aktualno\/slovenska-sedmerica-v-leviju\/"]}]},{"@type":"BreadcrumbList","@id":"https:\/\/hudo.com\/si\/aktualno\/slovenska-sedmerica-v-leviju\/#breadcrumb","itemListElement":[{"@type":"ListItem","position":1,"name":"Home","item":"https:\/\/hudo.com\/si\/"},{"@type":"ListItem","position":2,"name":"Slovenska sedmerica v Leviju"}]},{"@type":"WebSite","@id":"https:\/\/hudo.com\/si\/#website","url":"https:\/\/hudo.com\/si\/","name":"Hudo Slovenija","description":"Vse novice iz Slovenije in sveta","publisher":{"@id":"https:\/\/hudo.com\/si\/#organization"},"potentialAction":[{"@type":"SearchAction","target":{"@type":"EntryPoint","urlTemplate":"https:\/\/hudo.com\/si\/?s={search_term_string}"},"query-input":"required name=search_term_string"}],"inLanguage":"sl-SI"},{"@type":"Organization","@id":"https:\/\/hudo.com\/si\/#organization","name":"VSN Media","url":"https:\/\/hudo.com\/si\/","logo":{"@type":"ImageObject","inLanguage":"sl-SI","@id":"https:\/\/hudo.com\/si\/#\/schema\/logo\/image\/","url":"https:\/\/hudo.com\/si\/wp-content\/uploads\/sites\/2\/2021\/03\/hudo-app-2.png","contentUrl":"https:\/\/hudo.com\/si\/wp-content\/uploads\/sites\/2\/2021\/03\/hudo-app-2.png","width":2185,"height":2167,"caption":"VSN Media"},"image":{"@id":"https:\/\/hudo.com\/si\/#\/schema\/logo\/image\/"},"sameAs":["https:\/\/www.facebook.com\/hudo.si","https:\/\/twitter.com\/hudo_si"]},{"@type":"Person","@id":"https:\/\/hudo.com\/si\/#\/schema\/person\/601cf3379633985b20f7e50f2bb47707","name":"hudo","image":{"@type":"ImageObject","inLanguage":"sl-SI","@id":"https:\/\/hudo.com\/si\/#\/schema\/person\/image\/","url":"https:\/\/secure.gravatar.com\/avatar\/c4ca25fa72cace7a696b52ff5db9e095?s=96&d=mm&r=g","contentUrl":"https:\/\/secure.gravatar.com\/avatar\/c4ca25fa72cace7a696b52ff5db9e095?s=96&d=mm&r=g","caption":"hudo"},"url":"https:\/\/hudo.com\/si\/author\/hudo\/"}]}},"amp_enabled":true,"_links":{"self":[{"href":"https:\/\/hudo.com\/si\/wp-json\/wp\/v2\/posts\/318454"}],"collection":[{"href":"https:\/\/hudo.com\/si\/wp-json\/wp\/v2\/posts"}],"about":[{"href":"https:\/\/hudo.com\/si\/wp-json\/wp\/v2\/types\/post"}],"author":[{"embeddable":true,"href":"https:\/\/hudo.com\/si\/wp-json\/wp\/v2\/users\/1"}],"replies":[{"embeddable":true,"href":"https:\/\/hudo.com\/si\/wp-json\/wp\/v2\/comments?post=318454"}],"version-history":[{"count":0,"href":"https:\/\/hudo.com\/si\/wp-json\/wp\/v2\/posts\/318454\/revisions"}],"wp:attachment":[{"href":"https:\/\/hudo.com\/si\/wp-json\/wp\/v2\/media?parent=318454"}],"wp:term":[{"taxonomy":"category","embeddable":true,"href":"https:\/\/hudo.com\/si\/wp-json\/wp\/v2\/categories?post=318454"},{"taxonomy":"post_tag","embeddable":true,"href":"https:\/\/hudo.com\/si\/wp-json\/wp\/v2\/tags?post=318454"},{"taxonomy":"source","embeddable":true,"href":"https:\/\/hudo.com\/si\/wp-json\/wp\/v2\/source?post=318454"},{"taxonomy":"supertag","embeddable":true,"href":"https:\/\/hudo.com\/si\/wp-json\/wp\/v2\/supertag?post=318454"}],"curies":[{"name":"wp","href":"https:\/\/api.w.org\/{rel}","templated":true}]}}