{"id":318456,"date":"2017-11-06T13:53:00","date_gmt":"2017-11-06T12:53:00","guid":{"rendered":"http:\/\/hudo.com\/si\/2017\/11\/06\/padec-s-strehe-usoden-za-53-letnika\/"},"modified":"2017-11-06T13:53:00","modified_gmt":"2017-11-06T12:53:00","slug":"padec-s-strehe-usoden-za-53-letnika","status":"publish","type":"post","link":"https:\/\/hudo.com\/si\/aktualno\/padec-s-strehe-usoden-za-53-letnika\/","title":{"rendered":"Padec s strehe usoden za 53-letnika"},"content":{"rendered":"<p>Kategorija: Kronika Mon, 06 Nov 2017 14:53:00 +0100  Polj\u010dane \u2212 V naselju Krasna v ob\u010dini Polj\u010dane se je v nedeljo nekaj po 15. uri zgodila nesre\u010da, v kateri je umrl 53-letni doma\u010din. Ta je skupaj s sinom opravljal dela na novozgrajenem objektu in padel s strehe. Pri padcu z vi\u0161ine okoli \u0161est metrov na asfaltno podlago se je huje po\u0161kodoval. Kljub pomo\u010di pomo\u010di re\u0161evalcev je pozneje umrl. Policisti Policijske uprave Maribor, ki so opravili ogled kraja nesre\u010de, bodo pristojnemu to\u017eilstvu podali poro\u010dilo o svojih ugotovitvah.<\/p>\n","protected":false},"excerpt":{"rendered":"<p>Kategorija: Kronika Mon, 06 Nov 2017 14:53:00 +0100  Polj\u010dane \u2212 V naselju Krasna v ob\u010dini Polj\u010dane se je v nedeljo nekaj po 15. uri zgodila nesre\u010da, v kateri je umrl 53-letni doma\u010din. Ta je skupaj s sinom opravljal dela na novozgrajenem objektu in padel s strehe. Pri padcu z vi\u0161ine okoli \u0161est metrov na asfaltno podlago se je huje po\u0161kodoval. Kljub pomo\u010di pomo\u010di re\u0161evalcev je pozneje umrl. Policisti Policijske uprave Maribor, ki so opravili ogled kraja nesre\u010de, bodo pristojnemu to\u017eilstvu podali poro\u010dilo o svojih ugotovitvah.<\/p>\n","protected":false},"author":1,"featured_media":0,"comment_status":"closed","ping_status":"closed","sticky":false,"template":"","format":"standard","meta":{"footnotes":""},"categories":[1179],"tags":[],"source":[1703],"supertag":[],"acf":[],"yoast_head":"<!-- This site is optimized with the Yoast SEO plugin v21.3 - https:\/\/yoast.com\/wordpress\/plugins\/seo\/ -->\n<title>Padec s strehe usoden za 53-letnika - Hudo Slovenija<\/title>\n<meta name=\"robots\" content=\"index, follow, max-snippet:-1, max-image-preview:large, max-video-preview:-1\" \/>\n<link rel=\"canonical\" href=\"https:\/\/hudo.com\/si\/aktualno\/padec-s-strehe-usoden-za-53-letnika\/\" \/>\n<meta property=\"og:locale\" content=\"sl_SI\" \/>\n<meta property=\"og:type\" content=\"article\" \/>\n<meta property=\"og:title\" content=\"Padec s strehe usoden za 53-letnika - Hudo Slovenija\" \/>\n<meta property=\"og:description\" content=\"Kategorija: Kronika Mon, 06 Nov 2017 14:53:00 +0100 Polj\u010dane \u2212 V naselju Krasna v ob\u010dini Polj\u010dane se je v nedeljo nekaj po 15. uri zgodila nesre\u010da, v kateri je umrl 53-letni doma\u010din. Ta je skupaj s sinom opravljal dela na novozgrajenem objektu in padel s strehe. Pri padcu z vi\u0161ine okoli \u0161est metrov na asfaltno podlago se je huje po\u0161kodoval. Kljub pomo\u010di pomo\u010di re\u0161evalcev je pozneje umrl. Policisti Policijske uprave Maribor, ki so opravili ogled kraja nesre\u010de, bodo pristojnemu to\u017eilstvu podali poro\u010dilo o svojih ugotovitvah.\" \/>\n<meta property=\"og:url\" content=\"https:\/\/hudo.com\/si\/aktualno\/padec-s-strehe-usoden-za-53-letnika\/\" \/>\n<meta property=\"og:site_name\" content=\"Hudo Slovenija\" \/>\n<meta property=\"article:publisher\" content=\"https:\/\/www.facebook.com\/hudo.si\" \/>\n<meta property=\"article:published_time\" content=\"2017-11-06T12:53:00+00:00\" \/>\n<meta property=\"og:image\" content=\"https:\/\/hudo.com\/si\/wp-content\/uploads\/sites\/2\/2017\/11\/480x290_djvu_1464148_vivka_acr-streha.jpeg\" \/>\n\t<meta property=\"og:image:width\" content=\"480\" \/>\n\t<meta property=\"og:image:height\" content=\"290\" \/>\n\t<meta property=\"og:image:type\" content=\"image\/jpeg\" \/>\n<meta name=\"author\" content=\"hudo\" \/>\n<meta name=\"twitter:card\" content=\"summary_large_image\" \/>\n<meta name=\"twitter:creator\" content=\"@hudo_si\" \/>\n<meta name=\"twitter:site\" content=\"@hudo_si\" \/>\n<meta name=\"twitter:label1\" content=\"Written by\" \/>\n\t<meta name=\"twitter:data1\" content=\"hudo\" \/>\n<script type=\"application\/ld+json\" class=\"yoast-schema-graph\">{\"@context\":\"https:\/\/schema.org\",\"@graph\":[{\"@type\":\"Article\",\"@id\":\"https:\/\/hudo.com\/si\/aktualno\/padec-s-strehe-usoden-za-53-letnika\/#article\",\"isPartOf\":{\"@id\":\"https:\/\/hudo.com\/si\/aktualno\/padec-s-strehe-usoden-za-53-letnika\/\"},\"author\":{\"name\":\"hudo\",\"@id\":\"https:\/\/hudo.com\/si\/#\/schema\/person\/601cf3379633985b20f7e50f2bb47707\"},\"headline\":\"Padec s strehe usoden za 53-letnika\",\"datePublished\":\"2017-11-06T12:53:00+00:00\",\"dateModified\":\"2017-11-06T12:53:00+00:00\",\"mainEntityOfPage\":{\"@id\":\"https:\/\/hudo.com\/si\/aktualno\/padec-s-strehe-usoden-za-53-letnika\/\"},\"wordCount\":98,\"publisher\":{\"@id\":\"https:\/\/hudo.com\/si\/#organization\"},\"articleSection\":[\"Aktualno\"],\"inLanguage\":\"sl-SI\"},{\"@type\":\"WebPage\",\"@id\":\"https:\/\/hudo.com\/si\/aktualno\/padec-s-strehe-usoden-za-53-letnika\/\",\"url\":\"https:\/\/hudo.com\/si\/aktualno\/padec-s-strehe-usoden-za-53-letnika\/\",\"name\":\"Padec s strehe usoden za 53-letnika - Hudo Slovenija\",\"isPartOf\":{\"@id\":\"https:\/\/hudo.com\/si\/#website\"},\"datePublished\":\"2017-11-06T12:53:00+00:00\",\"dateModified\":\"2017-11-06T12:53:00+00:00\",\"breadcrumb\":{\"@id\":\"https:\/\/hudo.com\/si\/aktualno\/padec-s-strehe-usoden-za-53-letnika\/#breadcrumb\"},\"inLanguage\":\"sl-SI\",\"potentialAction\":[{\"@type\":\"ReadAction\",\"target\":[\"https:\/\/hudo.com\/si\/aktualno\/padec-s-strehe-usoden-za-53-letnika\/\"]}]},{\"@type\":\"BreadcrumbList\",\"@id\":\"https:\/\/hudo.com\/si\/aktualno\/padec-s-strehe-usoden-za-53-letnika\/#breadcrumb\",\"itemListElement\":[{\"@type\":\"ListItem\",\"position\":1,\"name\":\"Home\",\"item\":\"https:\/\/hudo.com\/si\/\"},{\"@type\":\"ListItem\",\"position\":2,\"name\":\"Padec s strehe usoden za 53-letnika\"}]},{\"@type\":\"WebSite\",\"@id\":\"https:\/\/hudo.com\/si\/#website\",\"url\":\"https:\/\/hudo.com\/si\/\",\"name\":\"Hudo Slovenija\",\"description\":\"Vse novice iz Slovenije in sveta\",\"publisher\":{\"@id\":\"https:\/\/hudo.com\/si\/#organization\"},\"potentialAction\":[{\"@type\":\"SearchAction\",\"target\":{\"@type\":\"EntryPoint\",\"urlTemplate\":\"https:\/\/hudo.com\/si\/?s={search_term_string}\"},\"query-input\":\"required name=search_term_string\"}],\"inLanguage\":\"sl-SI\"},{\"@type\":\"Organization\",\"@id\":\"https:\/\/hudo.com\/si\/#organization\",\"name\":\"VSN Media\",\"url\":\"https:\/\/hudo.com\/si\/\",\"logo\":{\"@type\":\"ImageObject\",\"inLanguage\":\"sl-SI\",\"@id\":\"https:\/\/hudo.com\/si\/#\/schema\/logo\/image\/\",\"url\":\"https:\/\/hudo.com\/si\/wp-content\/uploads\/sites\/2\/2021\/03\/hudo-app-2.png\",\"contentUrl\":\"https:\/\/hudo.com\/si\/wp-content\/uploads\/sites\/2\/2021\/03\/hudo-app-2.png\",\"width\":2185,\"height\":2167,\"caption\":\"VSN Media\"},\"image\":{\"@id\":\"https:\/\/hudo.com\/si\/#\/schema\/logo\/image\/\"},\"sameAs\":[\"https:\/\/www.facebook.com\/hudo.si\",\"https:\/\/twitter.com\/hudo_si\"]},{\"@type\":\"Person\",\"@id\":\"https:\/\/hudo.com\/si\/#\/schema\/person\/601cf3379633985b20f7e50f2bb47707\",\"name\":\"hudo\",\"image\":{\"@type\":\"ImageObject\",\"inLanguage\":\"sl-SI\",\"@id\":\"https:\/\/hudo.com\/si\/#\/schema\/person\/image\/\",\"url\":\"https:\/\/secure.gravatar.com\/avatar\/c4ca25fa72cace7a696b52ff5db9e095?s=96&d=mm&r=g\",\"contentUrl\":\"https:\/\/secure.gravatar.com\/avatar\/c4ca25fa72cace7a696b52ff5db9e095?s=96&d=mm&r=g\",\"caption\":\"hudo\"},\"url\":\"https:\/\/hudo.com\/si\/author\/hudo\/\"}]}<\/script>\n<!-- \/ Yoast SEO plugin. -->","yoast_head_json":{"title":"Padec s strehe usoden za 53-letnika - Hudo Slovenija","robots":{"index":"index","follow":"follow","max-snippet":"max-snippet:-1","max-image-preview":"max-image-preview:large","max-video-preview":"max-video-preview:-1"},"canonical":"https:\/\/hudo.com\/si\/aktualno\/padec-s-strehe-usoden-za-53-letnika\/","og_locale":"sl_SI","og_type":"article","og_title":"Padec s strehe usoden za 53-letnika - Hudo Slovenija","og_description":"Kategorija: Kronika Mon, 06 Nov 2017 14:53:00 +0100 Polj\u010dane \u2212 V naselju Krasna v ob\u010dini Polj\u010dane se je v nedeljo nekaj po 15. uri zgodila nesre\u010da, v kateri je umrl 53-letni doma\u010din. Ta je skupaj s sinom opravljal dela na novozgrajenem objektu in padel s strehe. Pri padcu z vi\u0161ine okoli \u0161est metrov na asfaltno podlago se je huje po\u0161kodoval. Kljub pomo\u010di pomo\u010di re\u0161evalcev je pozneje umrl. Policisti Policijske uprave Maribor, ki so opravili ogled kraja nesre\u010de, bodo pristojnemu to\u017eilstvu podali poro\u010dilo o svojih ugotovitvah.","og_url":"https:\/\/hudo.com\/si\/aktualno\/padec-s-strehe-usoden-za-53-letnika\/","og_site_name":"Hudo Slovenija","article_publisher":"https:\/\/www.facebook.com\/hudo.si","article_published_time":"2017-11-06T12:53:00+00:00","og_image":[{"width":480,"height":290,"url":"https:\/\/hudo.com\/si\/wp-content\/uploads\/sites\/2\/2017\/11\/480x290_djvu_1464148_vivka_acr-streha.jpeg","type":"image\/jpeg"}],"author":"hudo","twitter_card":"summary_large_image","twitter_creator":"@hudo_si","twitter_site":"@hudo_si","twitter_misc":{"Written by":"hudo"},"schema":{"@context":"https:\/\/schema.org","@graph":[{"@type":"Article","@id":"https:\/\/hudo.com\/si\/aktualno\/padec-s-strehe-usoden-za-53-letnika\/#article","isPartOf":{"@id":"https:\/\/hudo.com\/si\/aktualno\/padec-s-strehe-usoden-za-53-letnika\/"},"author":{"name":"hudo","@id":"https:\/\/hudo.com\/si\/#\/schema\/person\/601cf3379633985b20f7e50f2bb47707"},"headline":"Padec s strehe usoden za 53-letnika","datePublished":"2017-11-06T12:53:00+00:00","dateModified":"2017-11-06T12:53:00+00:00","mainEntityOfPage":{"@id":"https:\/\/hudo.com\/si\/aktualno\/padec-s-strehe-usoden-za-53-letnika\/"},"wordCount":98,"publisher":{"@id":"https:\/\/hudo.com\/si\/#organization"},"articleSection":["Aktualno"],"inLanguage":"sl-SI"},{"@type":"WebPage","@id":"https:\/\/hudo.com\/si\/aktualno\/padec-s-strehe-usoden-za-53-letnika\/","url":"https:\/\/hudo.com\/si\/aktualno\/padec-s-strehe-usoden-za-53-letnika\/","name":"Padec s strehe usoden za 53-letnika - Hudo Slovenija","isPartOf":{"@id":"https:\/\/hudo.com\/si\/#website"},"datePublished":"2017-11-06T12:53:00+00:00","dateModified":"2017-11-06T12:53:00+00:00","breadcrumb":{"@id":"https:\/\/hudo.com\/si\/aktualno\/padec-s-strehe-usoden-za-53-letnika\/#breadcrumb"},"inLanguage":"sl-SI","potentialAction":[{"@type":"ReadAction","target":["https:\/\/hudo.com\/si\/aktualno\/padec-s-strehe-usoden-za-53-letnika\/"]}]},{"@type":"BreadcrumbList","@id":"https:\/\/hudo.com\/si\/aktualno\/padec-s-strehe-usoden-za-53-letnika\/#breadcrumb","itemListElement":[{"@type":"ListItem","position":1,"name":"Home","item":"https:\/\/hudo.com\/si\/"},{"@type":"ListItem","position":2,"name":"Padec s strehe usoden za 53-letnika"}]},{"@type":"WebSite","@id":"https:\/\/hudo.com\/si\/#website","url":"https:\/\/hudo.com\/si\/","name":"Hudo Slovenija","description":"Vse novice iz Slovenije in sveta","publisher":{"@id":"https:\/\/hudo.com\/si\/#organization"},"potentialAction":[{"@type":"SearchAction","target":{"@type":"EntryPoint","urlTemplate":"https:\/\/hudo.com\/si\/?s={search_term_string}"},"query-input":"required name=search_term_string"}],"inLanguage":"sl-SI"},{"@type":"Organization","@id":"https:\/\/hudo.com\/si\/#organization","name":"VSN Media","url":"https:\/\/hudo.com\/si\/","logo":{"@type":"ImageObject","inLanguage":"sl-SI","@id":"https:\/\/hudo.com\/si\/#\/schema\/logo\/image\/","url":"https:\/\/hudo.com\/si\/wp-content\/uploads\/sites\/2\/2021\/03\/hudo-app-2.png","contentUrl":"https:\/\/hudo.com\/si\/wp-content\/uploads\/sites\/2\/2021\/03\/hudo-app-2.png","width":2185,"height":2167,"caption":"VSN Media"},"image":{"@id":"https:\/\/hudo.com\/si\/#\/schema\/logo\/image\/"},"sameAs":["https:\/\/www.facebook.com\/hudo.si","https:\/\/twitter.com\/hudo_si"]},{"@type":"Person","@id":"https:\/\/hudo.com\/si\/#\/schema\/person\/601cf3379633985b20f7e50f2bb47707","name":"hudo","image":{"@type":"ImageObject","inLanguage":"sl-SI","@id":"https:\/\/hudo.com\/si\/#\/schema\/person\/image\/","url":"https:\/\/secure.gravatar.com\/avatar\/c4ca25fa72cace7a696b52ff5db9e095?s=96&d=mm&r=g","contentUrl":"https:\/\/secure.gravatar.com\/avatar\/c4ca25fa72cace7a696b52ff5db9e095?s=96&d=mm&r=g","caption":"hudo"},"url":"https:\/\/hudo.com\/si\/author\/hudo\/"}]}},"amp_enabled":true,"_links":{"self":[{"href":"https:\/\/hudo.com\/si\/wp-json\/wp\/v2\/posts\/318456"}],"collection":[{"href":"https:\/\/hudo.com\/si\/wp-json\/wp\/v2\/posts"}],"about":[{"href":"https:\/\/hudo.com\/si\/wp-json\/wp\/v2\/types\/post"}],"author":[{"embeddable":true,"href":"https:\/\/hudo.com\/si\/wp-json\/wp\/v2\/users\/1"}],"replies":[{"embeddable":true,"href":"https:\/\/hudo.com\/si\/wp-json\/wp\/v2\/comments?post=318456"}],"version-history":[{"count":0,"href":"https:\/\/hudo.com\/si\/wp-json\/wp\/v2\/posts\/318456\/revisions"}],"wp:attachment":[{"href":"https:\/\/hudo.com\/si\/wp-json\/wp\/v2\/media?parent=318456"}],"wp:term":[{"taxonomy":"category","embeddable":true,"href":"https:\/\/hudo.com\/si\/wp-json\/wp\/v2\/categories?post=318456"},{"taxonomy":"post_tag","embeddable":true,"href":"https:\/\/hudo.com\/si\/wp-json\/wp\/v2\/tags?post=318456"},{"taxonomy":"source","embeddable":true,"href":"https:\/\/hudo.com\/si\/wp-json\/wp\/v2\/source?post=318456"},{"taxonomy":"supertag","embeddable":true,"href":"https:\/\/hudo.com\/si\/wp-json\/wp\/v2\/supertag?post=318456"}],"curies":[{"name":"wp","href":"https:\/\/api.w.org\/{rel}","templated":true}]}}