{"id":318531,"date":"2017-11-06T17:00:00","date_gmt":"2017-11-06T16:00:00","guid":{"rendered":"http:\/\/hudo.com\/si\/2017\/11\/06\/odelu-slovenija-nova-drzavna-pomoc\/"},"modified":"2017-11-06T17:00:00","modified_gmt":"2017-11-06T16:00:00","slug":"odelu-slovenija-nova-drzavna-pomoc","status":"publish","type":"post","link":"https:\/\/hudo.com\/si\/aktualno\/odelu-slovenija-nova-drzavna-pomoc\/","title":{"rendered":"Odelu Slovenija nova dr\u017eavna pomo\u010d"},"content":{"rendered":"<p>Kategorija: Gospodarstvo Mon, 06 Nov 2017 18:00:00 +0100  Ljubljana &#8211; Stalni vladin odbor za gospodarstvo je projekt Proizvodnja (avtomobilskih) lu\u010di nove generacije uvrstil v na\u010drt razvojnih programov, vladi pa predlagal dodelitev 750.000 evrov regionalne dr\u017eavne pomo\u010di podjetju odelo Slovenija. Podjetje v tur\u0161ki lasti s tovarno v Preboldu in obratom v \u010cre\u0161njevcih bo letos namesto lanskih 122 doseglo 180 milijonov evrov prihodkov, njihove investicije v Sloveniji bodo v treh letih zna\u0161ale 23 milijonov evrov, v minulih dveh letih pa so \u0161tevilo zaposlenih podvojili na ve\u010d kot 1300. Mo\u017enost dodelitve pomo\u010di za razvoj in posledi\u010dno za nova delovna mesta je julija ob otvoritvi dodatne 3,7 milijona evrov vredne proizvodne dvorane v Preboldu napovedal \u017ee gospodarski Zdravko Po\u010dival\u0161ke, a omenjal je pomo\u010d do okoli 500.000 evrov. Zdaj bo odelo Slovenija, ki mu je dr\u017eava v 12 letih za \u0161iritev in zaposlovanje na\u00a0&#8230;<\/p>\n","protected":false},"excerpt":{"rendered":"<p>Kategorija: Gospodarstvo Mon, 06 Nov 2017 18:00:00 +0100  Ljubljana &#8211; Stalni vladin odbor za gospodarstvo je projekt Proizvodnja (avtomobilskih) lu\u010di nove generacije uvrstil v na\u010drt razvojnih programov, vladi pa predlagal dodelitev 750.000 evrov regionalne dr\u017eavne pomo\u010di podjetju odelo Slovenija. Podjetje v tur\u0161ki lasti s tovarno v Preboldu in obratom v \u010cre\u0161njevcih bo letos namesto lanskih 122 doseglo 180 milijonov evrov prihodkov, njihove investicije v Sloveniji bodo v treh letih zna\u0161ale 23 milijonov evrov, v minulih dveh letih pa so \u0161tevilo zaposlenih podvojili na ve\u010d kot 1300. Mo\u017enost dodelitve pomo\u010di za razvoj in posledi\u010dno za nova delovna mesta je julija ob otvoritvi dodatne 3,7 milijona evrov vredne proizvodne dvorane v Preboldu napovedal \u017ee gospodarski Zdravko Po\u010dival\u0161ke, a omenjal je pomo\u010d do okoli 500.000 evrov. Zdaj bo odelo Slovenija, ki mu je dr\u017eava v 12 letih za \u0161iritev in zaposlovanje na\u00a0&#8230;<\/p>\n","protected":false},"author":1,"featured_media":0,"comment_status":"closed","ping_status":"closed","sticky":false,"template":"","format":"standard","meta":{"footnotes":""},"categories":[1179],"tags":[],"source":[1703],"supertag":[],"acf":[],"yoast_head":"<!-- This site is optimized with the Yoast SEO plugin v21.3 - https:\/\/yoast.com\/wordpress\/plugins\/seo\/ -->\n<title>Odelu Slovenija nova dr\u017eavna pomo\u010d - Hudo Slovenija<\/title>\n<meta name=\"robots\" content=\"index, follow, max-snippet:-1, max-image-preview:large, max-video-preview:-1\" \/>\n<link rel=\"canonical\" href=\"https:\/\/hudo.com\/si\/aktualno\/odelu-slovenija-nova-drzavna-pomoc\/\" \/>\n<meta property=\"og:locale\" content=\"sl_SI\" \/>\n<meta property=\"og:type\" content=\"article\" \/>\n<meta property=\"og:title\" content=\"Odelu Slovenija nova dr\u017eavna pomo\u010d - Hudo Slovenija\" \/>\n<meta property=\"og:description\" content=\"Kategorija: Gospodarstvo Mon, 06 Nov 2017 18:00:00 +0100 Ljubljana - Stalni vladin odbor za gospodarstvo je projekt Proizvodnja (avtomobilskih) lu\u010di nove generacije uvrstil v na\u010drt razvojnih programov, vladi pa predlagal dodelitev 750.000 evrov regionalne dr\u017eavne pomo\u010di podjetju odelo Slovenija. Podjetje v tur\u0161ki lasti s tovarno v Preboldu in obratom v \u010cre\u0161njevcih bo letos namesto lanskih 122 doseglo 180 milijonov evrov prihodkov, njihove investicije v Sloveniji bodo v treh letih zna\u0161ale 23 milijonov evrov, v minulih dveh letih pa so \u0161tevilo zaposlenih podvojili na ve\u010d kot 1300. Mo\u017enost dodelitve pomo\u010di za razvoj in posledi\u010dno za nova delovna mesta je julija ob otvoritvi dodatne 3,7 milijona evrov vredne proizvodne dvorane v Preboldu napovedal \u017ee gospodarski Zdravko Po\u010dival\u0161ke, a omenjal je pomo\u010d do okoli 500.000 evrov. Zdaj bo odelo Slovenija, ki mu je dr\u017eava v 12 letih za \u0161iritev in zaposlovanje na\u00a0...\" \/>\n<meta property=\"og:url\" content=\"https:\/\/hudo.com\/si\/aktualno\/odelu-slovenija-nova-drzavna-pomoc\/\" \/>\n<meta property=\"og:site_name\" content=\"Hudo Slovenija\" \/>\n<meta property=\"article:publisher\" content=\"https:\/\/www.facebook.com\/hudo.si\" \/>\n<meta property=\"article:published_time\" content=\"2017-11-06T16:00:00+00:00\" \/>\n<meta property=\"og:image\" content=\"https:\/\/hudo.com\/si\/wp-content\/uploads\/sites\/2\/2017\/11\/480x290_Delo_Foto-20170711120916-08023600.jpeg\" \/>\n\t<meta property=\"og:image:width\" content=\"480\" \/>\n\t<meta property=\"og:image:height\" content=\"290\" \/>\n\t<meta property=\"og:image:type\" content=\"image\/jpeg\" \/>\n<meta name=\"author\" content=\"hudo\" \/>\n<meta name=\"twitter:card\" content=\"summary_large_image\" \/>\n<meta name=\"twitter:creator\" content=\"@hudo_si\" \/>\n<meta name=\"twitter:site\" content=\"@hudo_si\" \/>\n<meta name=\"twitter:label1\" content=\"Written by\" \/>\n\t<meta name=\"twitter:data1\" content=\"hudo\" \/>\n\t<meta name=\"twitter:label2\" content=\"Est. reading time\" \/>\n\t<meta name=\"twitter:data2\" content=\"1 minuta\" \/>\n<script type=\"application\/ld+json\" class=\"yoast-schema-graph\">{\"@context\":\"https:\/\/schema.org\",\"@graph\":[{\"@type\":\"Article\",\"@id\":\"https:\/\/hudo.com\/si\/aktualno\/odelu-slovenija-nova-drzavna-pomoc\/#article\",\"isPartOf\":{\"@id\":\"https:\/\/hudo.com\/si\/aktualno\/odelu-slovenija-nova-drzavna-pomoc\/\"},\"author\":{\"name\":\"hudo\",\"@id\":\"https:\/\/hudo.com\/si\/#\/schema\/person\/601cf3379633985b20f7e50f2bb47707\"},\"headline\":\"Odelu Slovenija nova dr\u017eavna pomo\u010d\",\"datePublished\":\"2017-11-06T16:00:00+00:00\",\"dateModified\":\"2017-11-06T16:00:00+00:00\",\"mainEntityOfPage\":{\"@id\":\"https:\/\/hudo.com\/si\/aktualno\/odelu-slovenija-nova-drzavna-pomoc\/\"},\"wordCount\":146,\"publisher\":{\"@id\":\"https:\/\/hudo.com\/si\/#organization\"},\"articleSection\":[\"Aktualno\"],\"inLanguage\":\"sl-SI\"},{\"@type\":\"WebPage\",\"@id\":\"https:\/\/hudo.com\/si\/aktualno\/odelu-slovenija-nova-drzavna-pomoc\/\",\"url\":\"https:\/\/hudo.com\/si\/aktualno\/odelu-slovenija-nova-drzavna-pomoc\/\",\"name\":\"Odelu Slovenija nova dr\u017eavna pomo\u010d - Hudo Slovenija\",\"isPartOf\":{\"@id\":\"https:\/\/hudo.com\/si\/#website\"},\"datePublished\":\"2017-11-06T16:00:00+00:00\",\"dateModified\":\"2017-11-06T16:00:00+00:00\",\"breadcrumb\":{\"@id\":\"https:\/\/hudo.com\/si\/aktualno\/odelu-slovenija-nova-drzavna-pomoc\/#breadcrumb\"},\"inLanguage\":\"sl-SI\",\"potentialAction\":[{\"@type\":\"ReadAction\",\"target\":[\"https:\/\/hudo.com\/si\/aktualno\/odelu-slovenija-nova-drzavna-pomoc\/\"]}]},{\"@type\":\"BreadcrumbList\",\"@id\":\"https:\/\/hudo.com\/si\/aktualno\/odelu-slovenija-nova-drzavna-pomoc\/#breadcrumb\",\"itemListElement\":[{\"@type\":\"ListItem\",\"position\":1,\"name\":\"Home\",\"item\":\"https:\/\/hudo.com\/si\/\"},{\"@type\":\"ListItem\",\"position\":2,\"name\":\"Odelu Slovenija nova dr\u017eavna pomo\u010d\"}]},{\"@type\":\"WebSite\",\"@id\":\"https:\/\/hudo.com\/si\/#website\",\"url\":\"https:\/\/hudo.com\/si\/\",\"name\":\"Hudo Slovenija\",\"description\":\"Vse novice iz Slovenije in sveta\",\"publisher\":{\"@id\":\"https:\/\/hudo.com\/si\/#organization\"},\"potentialAction\":[{\"@type\":\"SearchAction\",\"target\":{\"@type\":\"EntryPoint\",\"urlTemplate\":\"https:\/\/hudo.com\/si\/?s={search_term_string}\"},\"query-input\":\"required name=search_term_string\"}],\"inLanguage\":\"sl-SI\"},{\"@type\":\"Organization\",\"@id\":\"https:\/\/hudo.com\/si\/#organization\",\"name\":\"VSN Media\",\"url\":\"https:\/\/hudo.com\/si\/\",\"logo\":{\"@type\":\"ImageObject\",\"inLanguage\":\"sl-SI\",\"@id\":\"https:\/\/hudo.com\/si\/#\/schema\/logo\/image\/\",\"url\":\"https:\/\/hudo.com\/si\/wp-content\/uploads\/sites\/2\/2021\/03\/hudo-app-2.png\",\"contentUrl\":\"https:\/\/hudo.com\/si\/wp-content\/uploads\/sites\/2\/2021\/03\/hudo-app-2.png\",\"width\":2185,\"height\":2167,\"caption\":\"VSN Media\"},\"image\":{\"@id\":\"https:\/\/hudo.com\/si\/#\/schema\/logo\/image\/\"},\"sameAs\":[\"https:\/\/www.facebook.com\/hudo.si\",\"https:\/\/twitter.com\/hudo_si\"]},{\"@type\":\"Person\",\"@id\":\"https:\/\/hudo.com\/si\/#\/schema\/person\/601cf3379633985b20f7e50f2bb47707\",\"name\":\"hudo\",\"image\":{\"@type\":\"ImageObject\",\"inLanguage\":\"sl-SI\",\"@id\":\"https:\/\/hudo.com\/si\/#\/schema\/person\/image\/\",\"url\":\"https:\/\/secure.gravatar.com\/avatar\/c4ca25fa72cace7a696b52ff5db9e095?s=96&d=mm&r=g\",\"contentUrl\":\"https:\/\/secure.gravatar.com\/avatar\/c4ca25fa72cace7a696b52ff5db9e095?s=96&d=mm&r=g\",\"caption\":\"hudo\"},\"url\":\"https:\/\/hudo.com\/si\/author\/hudo\/\"}]}<\/script>\n<!-- \/ Yoast SEO plugin. -->","yoast_head_json":{"title":"Odelu Slovenija nova dr\u017eavna pomo\u010d - Hudo Slovenija","robots":{"index":"index","follow":"follow","max-snippet":"max-snippet:-1","max-image-preview":"max-image-preview:large","max-video-preview":"max-video-preview:-1"},"canonical":"https:\/\/hudo.com\/si\/aktualno\/odelu-slovenija-nova-drzavna-pomoc\/","og_locale":"sl_SI","og_type":"article","og_title":"Odelu Slovenija nova dr\u017eavna pomo\u010d - Hudo Slovenija","og_description":"Kategorija: Gospodarstvo Mon, 06 Nov 2017 18:00:00 +0100 Ljubljana - Stalni vladin odbor za gospodarstvo je projekt Proizvodnja (avtomobilskih) lu\u010di nove generacije uvrstil v na\u010drt razvojnih programov, vladi pa predlagal dodelitev 750.000 evrov regionalne dr\u017eavne pomo\u010di podjetju odelo Slovenija. Podjetje v tur\u0161ki lasti s tovarno v Preboldu in obratom v \u010cre\u0161njevcih bo letos namesto lanskih 122 doseglo 180 milijonov evrov prihodkov, njihove investicije v Sloveniji bodo v treh letih zna\u0161ale 23 milijonov evrov, v minulih dveh letih pa so \u0161tevilo zaposlenih podvojili na ve\u010d kot 1300. Mo\u017enost dodelitve pomo\u010di za razvoj in posledi\u010dno za nova delovna mesta je julija ob otvoritvi dodatne 3,7 milijona evrov vredne proizvodne dvorane v Preboldu napovedal \u017ee gospodarski Zdravko Po\u010dival\u0161ke, a omenjal je pomo\u010d do okoli 500.000 evrov. Zdaj bo odelo Slovenija, ki mu je dr\u017eava v 12 letih za \u0161iritev in zaposlovanje na\u00a0...","og_url":"https:\/\/hudo.com\/si\/aktualno\/odelu-slovenija-nova-drzavna-pomoc\/","og_site_name":"Hudo Slovenija","article_publisher":"https:\/\/www.facebook.com\/hudo.si","article_published_time":"2017-11-06T16:00:00+00:00","og_image":[{"width":480,"height":290,"url":"https:\/\/hudo.com\/si\/wp-content\/uploads\/sites\/2\/2017\/11\/480x290_Delo_Foto-20170711120916-08023600.jpeg","type":"image\/jpeg"}],"author":"hudo","twitter_card":"summary_large_image","twitter_creator":"@hudo_si","twitter_site":"@hudo_si","twitter_misc":{"Written by":"hudo","Est. reading time":"1 minuta"},"schema":{"@context":"https:\/\/schema.org","@graph":[{"@type":"Article","@id":"https:\/\/hudo.com\/si\/aktualno\/odelu-slovenija-nova-drzavna-pomoc\/#article","isPartOf":{"@id":"https:\/\/hudo.com\/si\/aktualno\/odelu-slovenija-nova-drzavna-pomoc\/"},"author":{"name":"hudo","@id":"https:\/\/hudo.com\/si\/#\/schema\/person\/601cf3379633985b20f7e50f2bb47707"},"headline":"Odelu Slovenija nova dr\u017eavna pomo\u010d","datePublished":"2017-11-06T16:00:00+00:00","dateModified":"2017-11-06T16:00:00+00:00","mainEntityOfPage":{"@id":"https:\/\/hudo.com\/si\/aktualno\/odelu-slovenija-nova-drzavna-pomoc\/"},"wordCount":146,"publisher":{"@id":"https:\/\/hudo.com\/si\/#organization"},"articleSection":["Aktualno"],"inLanguage":"sl-SI"},{"@type":"WebPage","@id":"https:\/\/hudo.com\/si\/aktualno\/odelu-slovenija-nova-drzavna-pomoc\/","url":"https:\/\/hudo.com\/si\/aktualno\/odelu-slovenija-nova-drzavna-pomoc\/","name":"Odelu Slovenija nova dr\u017eavna pomo\u010d - Hudo Slovenija","isPartOf":{"@id":"https:\/\/hudo.com\/si\/#website"},"datePublished":"2017-11-06T16:00:00+00:00","dateModified":"2017-11-06T16:00:00+00:00","breadcrumb":{"@id":"https:\/\/hudo.com\/si\/aktualno\/odelu-slovenija-nova-drzavna-pomoc\/#breadcrumb"},"inLanguage":"sl-SI","potentialAction":[{"@type":"ReadAction","target":["https:\/\/hudo.com\/si\/aktualno\/odelu-slovenija-nova-drzavna-pomoc\/"]}]},{"@type":"BreadcrumbList","@id":"https:\/\/hudo.com\/si\/aktualno\/odelu-slovenija-nova-drzavna-pomoc\/#breadcrumb","itemListElement":[{"@type":"ListItem","position":1,"name":"Home","item":"https:\/\/hudo.com\/si\/"},{"@type":"ListItem","position":2,"name":"Odelu Slovenija nova dr\u017eavna pomo\u010d"}]},{"@type":"WebSite","@id":"https:\/\/hudo.com\/si\/#website","url":"https:\/\/hudo.com\/si\/","name":"Hudo Slovenija","description":"Vse novice iz Slovenije in sveta","publisher":{"@id":"https:\/\/hudo.com\/si\/#organization"},"potentialAction":[{"@type":"SearchAction","target":{"@type":"EntryPoint","urlTemplate":"https:\/\/hudo.com\/si\/?s={search_term_string}"},"query-input":"required name=search_term_string"}],"inLanguage":"sl-SI"},{"@type":"Organization","@id":"https:\/\/hudo.com\/si\/#organization","name":"VSN Media","url":"https:\/\/hudo.com\/si\/","logo":{"@type":"ImageObject","inLanguage":"sl-SI","@id":"https:\/\/hudo.com\/si\/#\/schema\/logo\/image\/","url":"https:\/\/hudo.com\/si\/wp-content\/uploads\/sites\/2\/2021\/03\/hudo-app-2.png","contentUrl":"https:\/\/hudo.com\/si\/wp-content\/uploads\/sites\/2\/2021\/03\/hudo-app-2.png","width":2185,"height":2167,"caption":"VSN Media"},"image":{"@id":"https:\/\/hudo.com\/si\/#\/schema\/logo\/image\/"},"sameAs":["https:\/\/www.facebook.com\/hudo.si","https:\/\/twitter.com\/hudo_si"]},{"@type":"Person","@id":"https:\/\/hudo.com\/si\/#\/schema\/person\/601cf3379633985b20f7e50f2bb47707","name":"hudo","image":{"@type":"ImageObject","inLanguage":"sl-SI","@id":"https:\/\/hudo.com\/si\/#\/schema\/person\/image\/","url":"https:\/\/secure.gravatar.com\/avatar\/c4ca25fa72cace7a696b52ff5db9e095?s=96&d=mm&r=g","contentUrl":"https:\/\/secure.gravatar.com\/avatar\/c4ca25fa72cace7a696b52ff5db9e095?s=96&d=mm&r=g","caption":"hudo"},"url":"https:\/\/hudo.com\/si\/author\/hudo\/"}]}},"amp_enabled":true,"_links":{"self":[{"href":"https:\/\/hudo.com\/si\/wp-json\/wp\/v2\/posts\/318531"}],"collection":[{"href":"https:\/\/hudo.com\/si\/wp-json\/wp\/v2\/posts"}],"about":[{"href":"https:\/\/hudo.com\/si\/wp-json\/wp\/v2\/types\/post"}],"author":[{"embeddable":true,"href":"https:\/\/hudo.com\/si\/wp-json\/wp\/v2\/users\/1"}],"replies":[{"embeddable":true,"href":"https:\/\/hudo.com\/si\/wp-json\/wp\/v2\/comments?post=318531"}],"version-history":[{"count":0,"href":"https:\/\/hudo.com\/si\/wp-json\/wp\/v2\/posts\/318531\/revisions"}],"wp:attachment":[{"href":"https:\/\/hudo.com\/si\/wp-json\/wp\/v2\/media?parent=318531"}],"wp:term":[{"taxonomy":"category","embeddable":true,"href":"https:\/\/hudo.com\/si\/wp-json\/wp\/v2\/categories?post=318531"},{"taxonomy":"post_tag","embeddable":true,"href":"https:\/\/hudo.com\/si\/wp-json\/wp\/v2\/tags?post=318531"},{"taxonomy":"source","embeddable":true,"href":"https:\/\/hudo.com\/si\/wp-json\/wp\/v2\/source?post=318531"},{"taxonomy":"supertag","embeddable":true,"href":"https:\/\/hudo.com\/si\/wp-json\/wp\/v2\/supertag?post=318531"}],"curies":[{"name":"wp","href":"https:\/\/api.w.org\/{rel}","templated":true}]}}