{"id":318749,"date":"2017-11-07T13:47:15","date_gmt":"2017-11-07T12:47:15","guid":{"rendered":"http:\/\/hudo.com\/si\/?p=318749"},"modified":"2017-11-07T13:47:15","modified_gmt":"2017-11-07T12:47:15","slug":"ivica-todoric-se-je-v-londonu-predal-policiji","status":"publish","type":"post","link":"https:\/\/hudo.com\/si\/aktualno\/ivica-todoric-se-je-v-londonu-predal-policiji\/","title":{"rendered":"Ivica Todori\u0107 se je v Londonu predal policiji"},"content":{"rendered":"<div class=\"text\">\n<p>Hrva\u0161ka policija je obvestilo britanskih kolegov po poro\u010danju N1 prejela ob devetih zjutraj. Todori\u0107 naj bi v policijsko postajo Charing Cross v sredi\u0161\u010du Londona pri\u0161el v spremstvu britanskih odvetnikov, \u017ee danes pa naj bi bil tudi zasli\u0161an.<\/p>\n<p>Sodelavci poslovne\u017ea pri\u010dakujejo, da bo po pla\u010dilu var\u0161\u010dine izpu\u0161\u010den.<\/p>\n<p>Hrva\u0161ki mediji ugibajo, da naj bi Todori\u0107evi odvetniki spro\u017eili tudi postopek za\u0161\u010dite pred izro\u010ditvijo Hrva\u0161ki, in to s pojasnitvijo, da gre za politi\u010dni pregon. Neuradno so navajali, da je v preteklih nekaj dneh zbiral denar za var\u0161\u010dino, da bi se lahko s prostosti branil tudi proti izro\u010ditvi hrva\u0161kem pravosodju.<\/p>\n<p>66-letnega Todori\u0107a, za katerim je Hrva\u0161ka pred kratkim objavila mednarodno tiralico in evropski priporni nalog, so iskali zaradi suma korupcije, goljufije in ponarejanja dokumentov.<\/p>\n<p>Hrva\u0161ko to\u017eilstvo ga \u017eeli zasli\u0161ati v primeru Agrokor, v katerem ga je skupaj z njegovima sinovoma in 12 nekdanjimi \u010dlani uprave koncerna in zagreb\u0161ke podru\u017enice revizorske hi\u0161e Baker Tilli osumilo, da so iz blagajne danes mo\u010dno zadol\u017eenega Agrokorja na zasebne ra\u010dune nakazali najmanj 130 milijonov evrov.<\/p>\n<\/div>\n","protected":false},"excerpt":{"rendered":"<p>Nekdanji prvi mo\u017e Agrokorja in dolga leta najbogatej\u0161i Hrvat Ivica Todori\u0107 se je danes zjutraj predal policiji v Londonu, poro\u010da hrva\u0161ki portal N1. Policija mu je v skladu z evropskim pripornim nalogom odvzela prostost, pri\u010dakuje pa se, da bo po pla\u010dilu var\u0161\u010dine izpu\u0161\u010den.<\/p>\n","protected":false},"author":5,"featured_media":310664,"comment_status":"closed","ping_status":"closed","sticky":false,"template":"","format":"standard","meta":{"footnotes":""},"categories":[1179],"tags":[8348,1810,8349,5010,1643],"source":[4511],"supertag":[],"acf":[],"yoast_head":"<!-- This site is optimized with the Yoast SEO plugin v21.3 - https:\/\/yoast.com\/wordpress\/plugins\/seo\/ -->\n<title>Ivica Todori\u0107 se je v Londonu predal policiji - Hudo Slovenija<\/title>\n<meta name=\"robots\" content=\"index, follow, max-snippet:-1, max-image-preview:large, max-video-preview:-1\" \/>\n<link rel=\"canonical\" href=\"https:\/\/hudo.com\/si\/aktualno\/ivica-todoric-se-je-v-londonu-predal-policiji\/\" \/>\n<meta property=\"og:locale\" content=\"sl_SI\" \/>\n<meta property=\"og:type\" content=\"article\" \/>\n<meta property=\"og:title\" content=\"Ivica Todori\u0107 se je v Londonu predal policiji - Hudo Slovenija\" \/>\n<meta property=\"og:description\" content=\"Nekdanji prvi mo\u017e Agrokorja in dolga leta najbogatej\u0161i Hrvat Ivica Todori\u0107 se je danes zjutraj predal policiji v Londonu, poro\u010da hrva\u0161ki portal N1. Policija mu je v skladu z evropskim pripornim nalogom odvzela prostost, pri\u010dakuje pa se, da bo po pla\u010dilu var\u0161\u010dine izpu\u0161\u010den.\" \/>\n<meta property=\"og:url\" content=\"https:\/\/hudo.com\/si\/aktualno\/ivica-todoric-se-je-v-londonu-predal-policiji\/\" \/>\n<meta property=\"og:site_name\" content=\"Hudo Slovenija\" \/>\n<meta property=\"article:publisher\" content=\"https:\/\/www.facebook.com\/hudo.si\" \/>\n<meta property=\"article:published_time\" content=\"2017-11-07T12:47:15+00:00\" \/>\n<meta property=\"og:image\" content=\"https:\/\/hudo.com\/si\/wp-content\/uploads\/sites\/2\/2017\/10\/profimedia-0291320785.jpg\" \/>\n\t<meta property=\"og:image:width\" content=\"1250\" \/>\n\t<meta property=\"og:image:height\" content=\"831\" \/>\n\t<meta property=\"og:image:type\" content=\"image\/jpeg\" \/>\n<meta name=\"author\" content=\"A. G., STA\" \/>\n<meta name=\"twitter:card\" content=\"summary_large_image\" \/>\n<meta name=\"twitter:creator\" content=\"@hudo_si\" \/>\n<meta name=\"twitter:site\" content=\"@hudo_si\" \/>\n<meta name=\"twitter:label1\" content=\"Written by\" \/>\n\t<meta name=\"twitter:data1\" content=\"A. G., STA\" \/>\n\t<meta name=\"twitter:label2\" content=\"Est. reading time\" \/>\n\t<meta name=\"twitter:data2\" content=\"1 minuta\" \/>\n<script type=\"application\/ld+json\" class=\"yoast-schema-graph\">{\"@context\":\"https:\/\/schema.org\",\"@graph\":[{\"@type\":\"Article\",\"@id\":\"https:\/\/hudo.com\/si\/aktualno\/ivica-todoric-se-je-v-londonu-predal-policiji\/#article\",\"isPartOf\":{\"@id\":\"https:\/\/hudo.com\/si\/aktualno\/ivica-todoric-se-je-v-londonu-predal-policiji\/\"},\"author\":{\"name\":\"A. G., STA\",\"@id\":\"https:\/\/hudo.com\/si\/#\/schema\/person\/2391667a63ea075ba94f2f2dc6b77537\"},\"headline\":\"Ivica Todori\u0107 se je v Londonu predal policiji\",\"datePublished\":\"2017-11-07T12:47:15+00:00\",\"dateModified\":\"2017-11-07T12:47:15+00:00\",\"mainEntityOfPage\":{\"@id\":\"https:\/\/hudo.com\/si\/aktualno\/ivica-todoric-se-je-v-londonu-predal-policiji\/\"},\"wordCount\":202,\"publisher\":{\"@id\":\"https:\/\/hudo.com\/si\/#organization\"},\"keywords\":[\"Agrokor\",\"hrva\u0161ka\",\"Ivica Todori\u0107\",\"kriminal\",\"Velika Britanija\"],\"articleSection\":[\"Aktualno\"],\"inLanguage\":\"sl-SI\"},{\"@type\":\"WebPage\",\"@id\":\"https:\/\/hudo.com\/si\/aktualno\/ivica-todoric-se-je-v-londonu-predal-policiji\/\",\"url\":\"https:\/\/hudo.com\/si\/aktualno\/ivica-todoric-se-je-v-londonu-predal-policiji\/\",\"name\":\"Ivica Todori\u0107 se je v Londonu predal policiji - Hudo Slovenija\",\"isPartOf\":{\"@id\":\"https:\/\/hudo.com\/si\/#website\"},\"datePublished\":\"2017-11-07T12:47:15+00:00\",\"dateModified\":\"2017-11-07T12:47:15+00:00\",\"breadcrumb\":{\"@id\":\"https:\/\/hudo.com\/si\/aktualno\/ivica-todoric-se-je-v-londonu-predal-policiji\/#breadcrumb\"},\"inLanguage\":\"sl-SI\",\"potentialAction\":[{\"@type\":\"ReadAction\",\"target\":[\"https:\/\/hudo.com\/si\/aktualno\/ivica-todoric-se-je-v-londonu-predal-policiji\/\"]}]},{\"@type\":\"BreadcrumbList\",\"@id\":\"https:\/\/hudo.com\/si\/aktualno\/ivica-todoric-se-je-v-londonu-predal-policiji\/#breadcrumb\",\"itemListElement\":[{\"@type\":\"ListItem\",\"position\":1,\"name\":\"Home\",\"item\":\"https:\/\/hudo.com\/si\/\"},{\"@type\":\"ListItem\",\"position\":2,\"name\":\"Ivica Todori\u0107 se je v Londonu predal policiji\"}]},{\"@type\":\"WebSite\",\"@id\":\"https:\/\/hudo.com\/si\/#website\",\"url\":\"https:\/\/hudo.com\/si\/\",\"name\":\"Hudo Slovenija\",\"description\":\"Vse novice iz Slovenije in sveta\",\"publisher\":{\"@id\":\"https:\/\/hudo.com\/si\/#organization\"},\"potentialAction\":[{\"@type\":\"SearchAction\",\"target\":{\"@type\":\"EntryPoint\",\"urlTemplate\":\"https:\/\/hudo.com\/si\/?s={search_term_string}\"},\"query-input\":\"required name=search_term_string\"}],\"inLanguage\":\"sl-SI\"},{\"@type\":\"Organization\",\"@id\":\"https:\/\/hudo.com\/si\/#organization\",\"name\":\"VSN Media\",\"url\":\"https:\/\/hudo.com\/si\/\",\"logo\":{\"@type\":\"ImageObject\",\"inLanguage\":\"sl-SI\",\"@id\":\"https:\/\/hudo.com\/si\/#\/schema\/logo\/image\/\",\"url\":\"https:\/\/hudo.com\/si\/wp-content\/uploads\/sites\/2\/2021\/03\/hudo-app-2.png\",\"contentUrl\":\"https:\/\/hudo.com\/si\/wp-content\/uploads\/sites\/2\/2021\/03\/hudo-app-2.png\",\"width\":2185,\"height\":2167,\"caption\":\"VSN Media\"},\"image\":{\"@id\":\"https:\/\/hudo.com\/si\/#\/schema\/logo\/image\/\"},\"sameAs\":[\"https:\/\/www.facebook.com\/hudo.si\",\"https:\/\/twitter.com\/hudo_si\"]},{\"@type\":\"Person\",\"@id\":\"https:\/\/hudo.com\/si\/#\/schema\/person\/2391667a63ea075ba94f2f2dc6b77537\",\"name\":\"A. G., STA\",\"image\":{\"@type\":\"ImageObject\",\"inLanguage\":\"sl-SI\",\"@id\":\"https:\/\/hudo.com\/si\/#\/schema\/person\/image\/\",\"url\":\"https:\/\/secure.gravatar.com\/avatar\/e13d22ac3e442658d5025fbbe6238a79?s=96&d=mm&r=g\",\"contentUrl\":\"https:\/\/secure.gravatar.com\/avatar\/e13d22ac3e442658d5025fbbe6238a79?s=96&d=mm&r=g\",\"caption\":\"A. G., STA\"},\"url\":\"https:\/\/hudo.com\/si\/author\/alenka\/\"}]}<\/script>\n<!-- \/ Yoast SEO plugin. -->","yoast_head_json":{"title":"Ivica Todori\u0107 se je v Londonu predal policiji - Hudo Slovenija","robots":{"index":"index","follow":"follow","max-snippet":"max-snippet:-1","max-image-preview":"max-image-preview:large","max-video-preview":"max-video-preview:-1"},"canonical":"https:\/\/hudo.com\/si\/aktualno\/ivica-todoric-se-je-v-londonu-predal-policiji\/","og_locale":"sl_SI","og_type":"article","og_title":"Ivica Todori\u0107 se je v Londonu predal policiji - Hudo Slovenija","og_description":"Nekdanji prvi mo\u017e Agrokorja in dolga leta najbogatej\u0161i Hrvat Ivica Todori\u0107 se je danes zjutraj predal policiji v Londonu, poro\u010da hrva\u0161ki portal N1. Policija mu je v skladu z evropskim pripornim nalogom odvzela prostost, pri\u010dakuje pa se, da bo po pla\u010dilu var\u0161\u010dine izpu\u0161\u010den.","og_url":"https:\/\/hudo.com\/si\/aktualno\/ivica-todoric-se-je-v-londonu-predal-policiji\/","og_site_name":"Hudo Slovenija","article_publisher":"https:\/\/www.facebook.com\/hudo.si","article_published_time":"2017-11-07T12:47:15+00:00","og_image":[{"width":1250,"height":831,"url":"https:\/\/hudo.com\/si\/wp-content\/uploads\/sites\/2\/2017\/10\/profimedia-0291320785.jpg","type":"image\/jpeg"}],"author":"A. G., STA","twitter_card":"summary_large_image","twitter_creator":"@hudo_si","twitter_site":"@hudo_si","twitter_misc":{"Written by":"A. G., STA","Est. reading time":"1 minuta"},"schema":{"@context":"https:\/\/schema.org","@graph":[{"@type":"Article","@id":"https:\/\/hudo.com\/si\/aktualno\/ivica-todoric-se-je-v-londonu-predal-policiji\/#article","isPartOf":{"@id":"https:\/\/hudo.com\/si\/aktualno\/ivica-todoric-se-je-v-londonu-predal-policiji\/"},"author":{"name":"A. G., STA","@id":"https:\/\/hudo.com\/si\/#\/schema\/person\/2391667a63ea075ba94f2f2dc6b77537"},"headline":"Ivica Todori\u0107 se je v Londonu predal policiji","datePublished":"2017-11-07T12:47:15+00:00","dateModified":"2017-11-07T12:47:15+00:00","mainEntityOfPage":{"@id":"https:\/\/hudo.com\/si\/aktualno\/ivica-todoric-se-je-v-londonu-predal-policiji\/"},"wordCount":202,"publisher":{"@id":"https:\/\/hudo.com\/si\/#organization"},"keywords":["Agrokor","hrva\u0161ka","Ivica Todori\u0107","kriminal","Velika Britanija"],"articleSection":["Aktualno"],"inLanguage":"sl-SI"},{"@type":"WebPage","@id":"https:\/\/hudo.com\/si\/aktualno\/ivica-todoric-se-je-v-londonu-predal-policiji\/","url":"https:\/\/hudo.com\/si\/aktualno\/ivica-todoric-se-je-v-londonu-predal-policiji\/","name":"Ivica Todori\u0107 se je v Londonu predal policiji - Hudo Slovenija","isPartOf":{"@id":"https:\/\/hudo.com\/si\/#website"},"datePublished":"2017-11-07T12:47:15+00:00","dateModified":"2017-11-07T12:47:15+00:00","breadcrumb":{"@id":"https:\/\/hudo.com\/si\/aktualno\/ivica-todoric-se-je-v-londonu-predal-policiji\/#breadcrumb"},"inLanguage":"sl-SI","potentialAction":[{"@type":"ReadAction","target":["https:\/\/hudo.com\/si\/aktualno\/ivica-todoric-se-je-v-londonu-predal-policiji\/"]}]},{"@type":"BreadcrumbList","@id":"https:\/\/hudo.com\/si\/aktualno\/ivica-todoric-se-je-v-londonu-predal-policiji\/#breadcrumb","itemListElement":[{"@type":"ListItem","position":1,"name":"Home","item":"https:\/\/hudo.com\/si\/"},{"@type":"ListItem","position":2,"name":"Ivica Todori\u0107 se je v Londonu predal policiji"}]},{"@type":"WebSite","@id":"https:\/\/hudo.com\/si\/#website","url":"https:\/\/hudo.com\/si\/","name":"Hudo Slovenija","description":"Vse novice iz Slovenije in sveta","publisher":{"@id":"https:\/\/hudo.com\/si\/#organization"},"potentialAction":[{"@type":"SearchAction","target":{"@type":"EntryPoint","urlTemplate":"https:\/\/hudo.com\/si\/?s={search_term_string}"},"query-input":"required name=search_term_string"}],"inLanguage":"sl-SI"},{"@type":"Organization","@id":"https:\/\/hudo.com\/si\/#organization","name":"VSN Media","url":"https:\/\/hudo.com\/si\/","logo":{"@type":"ImageObject","inLanguage":"sl-SI","@id":"https:\/\/hudo.com\/si\/#\/schema\/logo\/image\/","url":"https:\/\/hudo.com\/si\/wp-content\/uploads\/sites\/2\/2021\/03\/hudo-app-2.png","contentUrl":"https:\/\/hudo.com\/si\/wp-content\/uploads\/sites\/2\/2021\/03\/hudo-app-2.png","width":2185,"height":2167,"caption":"VSN Media"},"image":{"@id":"https:\/\/hudo.com\/si\/#\/schema\/logo\/image\/"},"sameAs":["https:\/\/www.facebook.com\/hudo.si","https:\/\/twitter.com\/hudo_si"]},{"@type":"Person","@id":"https:\/\/hudo.com\/si\/#\/schema\/person\/2391667a63ea075ba94f2f2dc6b77537","name":"A. G., STA","image":{"@type":"ImageObject","inLanguage":"sl-SI","@id":"https:\/\/hudo.com\/si\/#\/schema\/person\/image\/","url":"https:\/\/secure.gravatar.com\/avatar\/e13d22ac3e442658d5025fbbe6238a79?s=96&d=mm&r=g","contentUrl":"https:\/\/secure.gravatar.com\/avatar\/e13d22ac3e442658d5025fbbe6238a79?s=96&d=mm&r=g","caption":"A. G., STA"},"url":"https:\/\/hudo.com\/si\/author\/alenka\/"}]}},"amp_enabled":true,"_links":{"self":[{"href":"https:\/\/hudo.com\/si\/wp-json\/wp\/v2\/posts\/318749"}],"collection":[{"href":"https:\/\/hudo.com\/si\/wp-json\/wp\/v2\/posts"}],"about":[{"href":"https:\/\/hudo.com\/si\/wp-json\/wp\/v2\/types\/post"}],"author":[{"embeddable":true,"href":"https:\/\/hudo.com\/si\/wp-json\/wp\/v2\/users\/5"}],"replies":[{"embeddable":true,"href":"https:\/\/hudo.com\/si\/wp-json\/wp\/v2\/comments?post=318749"}],"version-history":[{"count":2,"href":"https:\/\/hudo.com\/si\/wp-json\/wp\/v2\/posts\/318749\/revisions"}],"predecessor-version":[{"id":318756,"href":"https:\/\/hudo.com\/si\/wp-json\/wp\/v2\/posts\/318749\/revisions\/318756"}],"wp:featuredmedia":[{"embeddable":true,"href":"https:\/\/hudo.com\/si\/wp-json\/wp\/v2\/media\/310664"}],"wp:attachment":[{"href":"https:\/\/hudo.com\/si\/wp-json\/wp\/v2\/media?parent=318749"}],"wp:term":[{"taxonomy":"category","embeddable":true,"href":"https:\/\/hudo.com\/si\/wp-json\/wp\/v2\/categories?post=318749"},{"taxonomy":"post_tag","embeddable":true,"href":"https:\/\/hudo.com\/si\/wp-json\/wp\/v2\/tags?post=318749"},{"taxonomy":"source","embeddable":true,"href":"https:\/\/hudo.com\/si\/wp-json\/wp\/v2\/source?post=318749"},{"taxonomy":"supertag","embeddable":true,"href":"https:\/\/hudo.com\/si\/wp-json\/wp\/v2\/supertag?post=318749"}],"curies":[{"name":"wp","href":"https:\/\/api.w.org\/{rel}","templated":true}]}}