{"id":318900,"date":"2017-11-07T17:00:00","date_gmt":"2017-11-07T16:00:00","guid":{"rendered":"http:\/\/hudo.com\/si\/2017\/11\/07\/jubilejni-praznik-ljubiteljskega-gledalisca\/"},"modified":"2017-11-07T17:00:00","modified_gmt":"2017-11-07T16:00:00","slug":"jubilejni-praznik-ljubiteljskega-gledalisca","status":"publish","type":"post","link":"https:\/\/hudo.com\/si\/aktualno\/jubilejni-praznik-ljubiteljskega-gledalisca\/","title":{"rendered":"Jubilejni praznik ljubiteljskega gledali\u0161\u010da"},"content":{"rendered":"<p>Kategorija: Slovenija Tue, 07 Nov 2017 18:00:00 +0100  Jesenice \u2013 V gledali\u0161\u010du Toneta \u010cufarja se pripravljajo na nov gledali\u0161ki praznik, saj bodo prihodnji teden pripravili \u017ee 30. festival ljubiteljskih gledali\u0161\u010d \u2013 \u010cufarjeve dneve. Jubilej sovpada s 120. obletnico delovanja gledali\u0161\u010da na Jesenicah. V tekmovalnem programu se bo zvrstilo \u0161est predstav, pripravljajo ve\u010d spremljevalnih dogodkov, prvi\u010d bodo podelili priznanja najbolj\u0161im mladim gledali\u0161\u010dnikom. Kot je dejal selektor Iztok Vali\u010d, si \u017eeli, da bi ljubiteljski gledali\u0161\u010dniki imeli ve\u010d podpore, tudi finan\u010dne. S podelitvijo priznanj, bodo festival sklenili 20. novembra, ko bodo doma\u010di gledali\u0161\u010dniki v koprodukciji s \u0161entjakobskim gledali\u0161\u010dem iz Ljubljane po literarni predlogi Ferija Lain\u0161\u010dka uprizorili Petelinji zajtrk, ki je v filmski izvedbi velja za eden najbolj gledanih slovenskih filmov.<\/p>\n","protected":false},"excerpt":{"rendered":"<p>Kategorija: Slovenija Tue, 07 Nov 2017 18:00:00 +0100  Jesenice \u2013 V gledali\u0161\u010du Toneta \u010cufarja se pripravljajo na nov gledali\u0161ki praznik, saj bodo prihodnji teden pripravili \u017ee 30. festival ljubiteljskih gledali\u0161\u010d \u2013 \u010cufarjeve dneve. Jubilej sovpada s 120. obletnico delovanja gledali\u0161\u010da na Jesenicah. V tekmovalnem programu se bo zvrstilo \u0161est predstav, pripravljajo ve\u010d spremljevalnih dogodkov, prvi\u010d bodo podelili priznanja najbolj\u0161im mladim gledali\u0161\u010dnikom. Kot je dejal selektor Iztok Vali\u010d, si \u017eeli, da bi ljubiteljski gledali\u0161\u010dniki imeli ve\u010d podpore, tudi finan\u010dne. S podelitvijo priznanj, bodo festival sklenili 20. novembra, ko bodo doma\u010di gledali\u0161\u010dniki v koprodukciji s \u0161entjakobskim gledali\u0161\u010dem iz Ljubljane po literarni predlogi Ferija Lain\u0161\u010dka uprizorili Petelinji zajtrk, ki je v filmski izvedbi velja za eden najbolj gledanih slovenskih filmov.<\/p>\n","protected":false},"author":1,"featured_media":0,"comment_status":"closed","ping_status":"closed","sticky":false,"template":"","format":"standard","meta":{"footnotes":""},"categories":[1179],"tags":[],"source":[1703],"supertag":[],"acf":[],"yoast_head":"<!-- This site is optimized with the Yoast SEO plugin v21.3 - https:\/\/yoast.com\/wordpress\/plugins\/seo\/ -->\n<title>Jubilejni praznik ljubiteljskega gledali\u0161\u010da - Hudo Slovenija<\/title>\n<meta name=\"robots\" content=\"index, follow, max-snippet:-1, max-image-preview:large, max-video-preview:-1\" \/>\n<link rel=\"canonical\" href=\"https:\/\/hudo.com\/si\/aktualno\/jubilejni-praznik-ljubiteljskega-gledalisca\/\" \/>\n<meta property=\"og:locale\" content=\"sl_SI\" \/>\n<meta property=\"og:type\" content=\"article\" \/>\n<meta property=\"og:title\" content=\"Jubilejni praznik ljubiteljskega gledali\u0161\u010da - Hudo Slovenija\" \/>\n<meta property=\"og:description\" content=\"Kategorija: Slovenija Tue, 07 Nov 2017 18:00:00 +0100 Jesenice \u2013 V gledali\u0161\u010du Toneta \u010cufarja se pripravljajo na nov gledali\u0161ki praznik, saj bodo prihodnji teden pripravili \u017ee 30. festival ljubiteljskih gledali\u0161\u010d \u2013 \u010cufarjeve dneve. Jubilej sovpada s 120. obletnico delovanja gledali\u0161\u010da na Jesenicah. V tekmovalnem programu se bo zvrstilo \u0161est predstav, pripravljajo ve\u010d spremljevalnih dogodkov, prvi\u010d bodo podelili priznanja najbolj\u0161im mladim gledali\u0161\u010dnikom. Kot je dejal selektor Iztok Vali\u010d, si \u017eeli, da bi ljubiteljski gledali\u0161\u010dniki imeli ve\u010d podpore, tudi finan\u010dne. S podelitvijo priznanj, bodo festival sklenili 20. novembra, ko bodo doma\u010di gledali\u0161\u010dniki v koprodukciji s \u0161entjakobskim gledali\u0161\u010dem iz Ljubljane po literarni predlogi Ferija Lain\u0161\u010dka uprizorili Petelinji zajtrk, ki je v filmski izvedbi velja za eden najbolj gledanih slovenskih filmov.\" \/>\n<meta property=\"og:url\" content=\"https:\/\/hudo.com\/si\/aktualno\/jubilejni-praznik-ljubiteljskega-gledalisca\/\" \/>\n<meta property=\"og:site_name\" content=\"Hudo Slovenija\" \/>\n<meta property=\"article:publisher\" content=\"https:\/\/www.facebook.com\/hudo.si\" \/>\n<meta property=\"article:published_time\" content=\"2017-11-07T16:00:00+00:00\" \/>\n<meta property=\"og:image\" content=\"https:\/\/hudo.com\/si\/wp-content\/uploads\/sites\/2\/2017\/11\/480x290_djvu_1668964_racic_ra-i-zadnja-tekma.jpeg\" \/>\n\t<meta property=\"og:image:width\" content=\"480\" \/>\n\t<meta property=\"og:image:height\" content=\"290\" \/>\n\t<meta property=\"og:image:type\" content=\"image\/jpeg\" \/>\n<meta name=\"author\" content=\"hudo\" \/>\n<meta name=\"twitter:card\" content=\"summary_large_image\" \/>\n<meta name=\"twitter:creator\" content=\"@hudo_si\" \/>\n<meta name=\"twitter:site\" content=\"@hudo_si\" \/>\n<meta name=\"twitter:label1\" content=\"Written by\" \/>\n\t<meta name=\"twitter:data1\" content=\"hudo\" \/>\n\t<meta name=\"twitter:label2\" content=\"Est. reading time\" \/>\n\t<meta name=\"twitter:data2\" content=\"1 minuta\" \/>\n<script type=\"application\/ld+json\" class=\"yoast-schema-graph\">{\"@context\":\"https:\/\/schema.org\",\"@graph\":[{\"@type\":\"Article\",\"@id\":\"https:\/\/hudo.com\/si\/aktualno\/jubilejni-praznik-ljubiteljskega-gledalisca\/#article\",\"isPartOf\":{\"@id\":\"https:\/\/hudo.com\/si\/aktualno\/jubilejni-praznik-ljubiteljskega-gledalisca\/\"},\"author\":{\"name\":\"hudo\",\"@id\":\"https:\/\/hudo.com\/si\/#\/schema\/person\/601cf3379633985b20f7e50f2bb47707\"},\"headline\":\"Jubilejni praznik ljubiteljskega gledali\u0161\u010da\",\"datePublished\":\"2017-11-07T16:00:00+00:00\",\"dateModified\":\"2017-11-07T16:00:00+00:00\",\"mainEntityOfPage\":{\"@id\":\"https:\/\/hudo.com\/si\/aktualno\/jubilejni-praznik-ljubiteljskega-gledalisca\/\"},\"wordCount\":124,\"publisher\":{\"@id\":\"https:\/\/hudo.com\/si\/#organization\"},\"articleSection\":[\"Aktualno\"],\"inLanguage\":\"sl-SI\"},{\"@type\":\"WebPage\",\"@id\":\"https:\/\/hudo.com\/si\/aktualno\/jubilejni-praznik-ljubiteljskega-gledalisca\/\",\"url\":\"https:\/\/hudo.com\/si\/aktualno\/jubilejni-praznik-ljubiteljskega-gledalisca\/\",\"name\":\"Jubilejni praznik ljubiteljskega gledali\u0161\u010da - Hudo Slovenija\",\"isPartOf\":{\"@id\":\"https:\/\/hudo.com\/si\/#website\"},\"datePublished\":\"2017-11-07T16:00:00+00:00\",\"dateModified\":\"2017-11-07T16:00:00+00:00\",\"breadcrumb\":{\"@id\":\"https:\/\/hudo.com\/si\/aktualno\/jubilejni-praznik-ljubiteljskega-gledalisca\/#breadcrumb\"},\"inLanguage\":\"sl-SI\",\"potentialAction\":[{\"@type\":\"ReadAction\",\"target\":[\"https:\/\/hudo.com\/si\/aktualno\/jubilejni-praznik-ljubiteljskega-gledalisca\/\"]}]},{\"@type\":\"BreadcrumbList\",\"@id\":\"https:\/\/hudo.com\/si\/aktualno\/jubilejni-praznik-ljubiteljskega-gledalisca\/#breadcrumb\",\"itemListElement\":[{\"@type\":\"ListItem\",\"position\":1,\"name\":\"Home\",\"item\":\"https:\/\/hudo.com\/si\/\"},{\"@type\":\"ListItem\",\"position\":2,\"name\":\"Jubilejni praznik ljubiteljskega gledali\u0161\u010da\"}]},{\"@type\":\"WebSite\",\"@id\":\"https:\/\/hudo.com\/si\/#website\",\"url\":\"https:\/\/hudo.com\/si\/\",\"name\":\"Hudo Slovenija\",\"description\":\"Vse novice iz Slovenije in sveta\",\"publisher\":{\"@id\":\"https:\/\/hudo.com\/si\/#organization\"},\"potentialAction\":[{\"@type\":\"SearchAction\",\"target\":{\"@type\":\"EntryPoint\",\"urlTemplate\":\"https:\/\/hudo.com\/si\/?s={search_term_string}\"},\"query-input\":\"required name=search_term_string\"}],\"inLanguage\":\"sl-SI\"},{\"@type\":\"Organization\",\"@id\":\"https:\/\/hudo.com\/si\/#organization\",\"name\":\"VSN Media\",\"url\":\"https:\/\/hudo.com\/si\/\",\"logo\":{\"@type\":\"ImageObject\",\"inLanguage\":\"sl-SI\",\"@id\":\"https:\/\/hudo.com\/si\/#\/schema\/logo\/image\/\",\"url\":\"https:\/\/hudo.com\/si\/wp-content\/uploads\/sites\/2\/2021\/03\/hudo-app-2.png\",\"contentUrl\":\"https:\/\/hudo.com\/si\/wp-content\/uploads\/sites\/2\/2021\/03\/hudo-app-2.png\",\"width\":2185,\"height\":2167,\"caption\":\"VSN Media\"},\"image\":{\"@id\":\"https:\/\/hudo.com\/si\/#\/schema\/logo\/image\/\"},\"sameAs\":[\"https:\/\/www.facebook.com\/hudo.si\",\"https:\/\/twitter.com\/hudo_si\"]},{\"@type\":\"Person\",\"@id\":\"https:\/\/hudo.com\/si\/#\/schema\/person\/601cf3379633985b20f7e50f2bb47707\",\"name\":\"hudo\",\"image\":{\"@type\":\"ImageObject\",\"inLanguage\":\"sl-SI\",\"@id\":\"https:\/\/hudo.com\/si\/#\/schema\/person\/image\/\",\"url\":\"https:\/\/secure.gravatar.com\/avatar\/c4ca25fa72cace7a696b52ff5db9e095?s=96&d=mm&r=g\",\"contentUrl\":\"https:\/\/secure.gravatar.com\/avatar\/c4ca25fa72cace7a696b52ff5db9e095?s=96&d=mm&r=g\",\"caption\":\"hudo\"},\"url\":\"https:\/\/hudo.com\/si\/author\/hudo\/\"}]}<\/script>\n<!-- \/ Yoast SEO plugin. -->","yoast_head_json":{"title":"Jubilejni praznik ljubiteljskega gledali\u0161\u010da - Hudo Slovenija","robots":{"index":"index","follow":"follow","max-snippet":"max-snippet:-1","max-image-preview":"max-image-preview:large","max-video-preview":"max-video-preview:-1"},"canonical":"https:\/\/hudo.com\/si\/aktualno\/jubilejni-praznik-ljubiteljskega-gledalisca\/","og_locale":"sl_SI","og_type":"article","og_title":"Jubilejni praznik ljubiteljskega gledali\u0161\u010da - Hudo Slovenija","og_description":"Kategorija: Slovenija Tue, 07 Nov 2017 18:00:00 +0100 Jesenice \u2013 V gledali\u0161\u010du Toneta \u010cufarja se pripravljajo na nov gledali\u0161ki praznik, saj bodo prihodnji teden pripravili \u017ee 30. festival ljubiteljskih gledali\u0161\u010d \u2013 \u010cufarjeve dneve. Jubilej sovpada s 120. obletnico delovanja gledali\u0161\u010da na Jesenicah. V tekmovalnem programu se bo zvrstilo \u0161est predstav, pripravljajo ve\u010d spremljevalnih dogodkov, prvi\u010d bodo podelili priznanja najbolj\u0161im mladim gledali\u0161\u010dnikom. Kot je dejal selektor Iztok Vali\u010d, si \u017eeli, da bi ljubiteljski gledali\u0161\u010dniki imeli ve\u010d podpore, tudi finan\u010dne. S podelitvijo priznanj, bodo festival sklenili 20. novembra, ko bodo doma\u010di gledali\u0161\u010dniki v koprodukciji s \u0161entjakobskim gledali\u0161\u010dem iz Ljubljane po literarni predlogi Ferija Lain\u0161\u010dka uprizorili Petelinji zajtrk, ki je v filmski izvedbi velja za eden najbolj gledanih slovenskih filmov.","og_url":"https:\/\/hudo.com\/si\/aktualno\/jubilejni-praznik-ljubiteljskega-gledalisca\/","og_site_name":"Hudo Slovenija","article_publisher":"https:\/\/www.facebook.com\/hudo.si","article_published_time":"2017-11-07T16:00:00+00:00","og_image":[{"width":480,"height":290,"url":"https:\/\/hudo.com\/si\/wp-content\/uploads\/sites\/2\/2017\/11\/480x290_djvu_1668964_racic_ra-i-zadnja-tekma.jpeg","type":"image\/jpeg"}],"author":"hudo","twitter_card":"summary_large_image","twitter_creator":"@hudo_si","twitter_site":"@hudo_si","twitter_misc":{"Written by":"hudo","Est. reading time":"1 minuta"},"schema":{"@context":"https:\/\/schema.org","@graph":[{"@type":"Article","@id":"https:\/\/hudo.com\/si\/aktualno\/jubilejni-praznik-ljubiteljskega-gledalisca\/#article","isPartOf":{"@id":"https:\/\/hudo.com\/si\/aktualno\/jubilejni-praznik-ljubiteljskega-gledalisca\/"},"author":{"name":"hudo","@id":"https:\/\/hudo.com\/si\/#\/schema\/person\/601cf3379633985b20f7e50f2bb47707"},"headline":"Jubilejni praznik ljubiteljskega gledali\u0161\u010da","datePublished":"2017-11-07T16:00:00+00:00","dateModified":"2017-11-07T16:00:00+00:00","mainEntityOfPage":{"@id":"https:\/\/hudo.com\/si\/aktualno\/jubilejni-praznik-ljubiteljskega-gledalisca\/"},"wordCount":124,"publisher":{"@id":"https:\/\/hudo.com\/si\/#organization"},"articleSection":["Aktualno"],"inLanguage":"sl-SI"},{"@type":"WebPage","@id":"https:\/\/hudo.com\/si\/aktualno\/jubilejni-praznik-ljubiteljskega-gledalisca\/","url":"https:\/\/hudo.com\/si\/aktualno\/jubilejni-praznik-ljubiteljskega-gledalisca\/","name":"Jubilejni praznik ljubiteljskega gledali\u0161\u010da - Hudo Slovenija","isPartOf":{"@id":"https:\/\/hudo.com\/si\/#website"},"datePublished":"2017-11-07T16:00:00+00:00","dateModified":"2017-11-07T16:00:00+00:00","breadcrumb":{"@id":"https:\/\/hudo.com\/si\/aktualno\/jubilejni-praznik-ljubiteljskega-gledalisca\/#breadcrumb"},"inLanguage":"sl-SI","potentialAction":[{"@type":"ReadAction","target":["https:\/\/hudo.com\/si\/aktualno\/jubilejni-praznik-ljubiteljskega-gledalisca\/"]}]},{"@type":"BreadcrumbList","@id":"https:\/\/hudo.com\/si\/aktualno\/jubilejni-praznik-ljubiteljskega-gledalisca\/#breadcrumb","itemListElement":[{"@type":"ListItem","position":1,"name":"Home","item":"https:\/\/hudo.com\/si\/"},{"@type":"ListItem","position":2,"name":"Jubilejni praznik ljubiteljskega gledali\u0161\u010da"}]},{"@type":"WebSite","@id":"https:\/\/hudo.com\/si\/#website","url":"https:\/\/hudo.com\/si\/","name":"Hudo Slovenija","description":"Vse novice iz Slovenije in sveta","publisher":{"@id":"https:\/\/hudo.com\/si\/#organization"},"potentialAction":[{"@type":"SearchAction","target":{"@type":"EntryPoint","urlTemplate":"https:\/\/hudo.com\/si\/?s={search_term_string}"},"query-input":"required name=search_term_string"}],"inLanguage":"sl-SI"},{"@type":"Organization","@id":"https:\/\/hudo.com\/si\/#organization","name":"VSN Media","url":"https:\/\/hudo.com\/si\/","logo":{"@type":"ImageObject","inLanguage":"sl-SI","@id":"https:\/\/hudo.com\/si\/#\/schema\/logo\/image\/","url":"https:\/\/hudo.com\/si\/wp-content\/uploads\/sites\/2\/2021\/03\/hudo-app-2.png","contentUrl":"https:\/\/hudo.com\/si\/wp-content\/uploads\/sites\/2\/2021\/03\/hudo-app-2.png","width":2185,"height":2167,"caption":"VSN Media"},"image":{"@id":"https:\/\/hudo.com\/si\/#\/schema\/logo\/image\/"},"sameAs":["https:\/\/www.facebook.com\/hudo.si","https:\/\/twitter.com\/hudo_si"]},{"@type":"Person","@id":"https:\/\/hudo.com\/si\/#\/schema\/person\/601cf3379633985b20f7e50f2bb47707","name":"hudo","image":{"@type":"ImageObject","inLanguage":"sl-SI","@id":"https:\/\/hudo.com\/si\/#\/schema\/person\/image\/","url":"https:\/\/secure.gravatar.com\/avatar\/c4ca25fa72cace7a696b52ff5db9e095?s=96&d=mm&r=g","contentUrl":"https:\/\/secure.gravatar.com\/avatar\/c4ca25fa72cace7a696b52ff5db9e095?s=96&d=mm&r=g","caption":"hudo"},"url":"https:\/\/hudo.com\/si\/author\/hudo\/"}]}},"amp_enabled":true,"_links":{"self":[{"href":"https:\/\/hudo.com\/si\/wp-json\/wp\/v2\/posts\/318900"}],"collection":[{"href":"https:\/\/hudo.com\/si\/wp-json\/wp\/v2\/posts"}],"about":[{"href":"https:\/\/hudo.com\/si\/wp-json\/wp\/v2\/types\/post"}],"author":[{"embeddable":true,"href":"https:\/\/hudo.com\/si\/wp-json\/wp\/v2\/users\/1"}],"replies":[{"embeddable":true,"href":"https:\/\/hudo.com\/si\/wp-json\/wp\/v2\/comments?post=318900"}],"version-history":[{"count":0,"href":"https:\/\/hudo.com\/si\/wp-json\/wp\/v2\/posts\/318900\/revisions"}],"wp:attachment":[{"href":"https:\/\/hudo.com\/si\/wp-json\/wp\/v2\/media?parent=318900"}],"wp:term":[{"taxonomy":"category","embeddable":true,"href":"https:\/\/hudo.com\/si\/wp-json\/wp\/v2\/categories?post=318900"},{"taxonomy":"post_tag","embeddable":true,"href":"https:\/\/hudo.com\/si\/wp-json\/wp\/v2\/tags?post=318900"},{"taxonomy":"source","embeddable":true,"href":"https:\/\/hudo.com\/si\/wp-json\/wp\/v2\/source?post=318900"},{"taxonomy":"supertag","embeddable":true,"href":"https:\/\/hudo.com\/si\/wp-json\/wp\/v2\/supertag?post=318900"}],"curies":[{"name":"wp","href":"https:\/\/api.w.org\/{rel}","templated":true}]}}