{"id":318904,"date":"2017-11-07T16:54:00","date_gmt":"2017-11-07T15:54:00","guid":{"rendered":"http:\/\/hudo.com\/si\/2017\/11\/07\/v-eu-decembra-dogovor-o-crnem-seznamu-davcnih-oaz\/"},"modified":"2017-11-07T16:54:00","modified_gmt":"2017-11-07T15:54:00","slug":"v-eu-decembra-dogovor-o-crnem-seznamu-davcnih-oaz","status":"publish","type":"post","link":"https:\/\/hudo.com\/si\/aktualno\/v-eu-decembra-dogovor-o-crnem-seznamu-davcnih-oaz\/","title":{"rendered":"V EU decembra dogovor o \u010drnem seznamu dav\u010dnih oaz?"},"content":{"rendered":"<p>Kategorija: Evropa Tue, 07 Nov 2017 17:54:00 +0100  Bruselj \u2013 V senci nove dav\u010dne afere z objavo Rajskih dokumentov, ki razkrivajo nove zlorabe sistema z namenom izogibanja davkom, so finan\u010dni ministri EU danes v Bruslju obravnavali napredek pri vzpostavljanju evropskega \u010drnega seznama dav\u010dnih oaz. Upamo na dogovor v decembru, je dejal podpredsednik Evropske komisije Valdis Dombrovskis. Komisija \u017eeli tudi sankcije proti tistim, ki se bodo zna\u0161li na seznamu, je poudaril Dombrovskis. Francoski finan\u010dni minister Bruno Le Maire se je zavzel za to, da dr\u017eave, ki ne sodelujejo v boju proti izogibanju davkom, ne bi imele dostopa do finan\u010dnih sredstev mednarodnih organizacij, kot sta Svetovna banka in Mednarodni denarni sklad. Vpra\u0161anje sankcij sicer ostaja odprto, razprava o tem \u0161e poteka. Opozorilo posebne delovne skupine o mo\u017enosti uvrstitve na \u010drni seznam naj bi dobilo dolo\u010deno \u0161tevilo dr\u017eav oziroma jurisdikcij, od katerih se do 17.\u00a0&#8230;<\/p>\n","protected":false},"excerpt":{"rendered":"<p>Kategorija: Evropa Tue, 07 Nov 2017 17:54:00 +0100  Bruselj \u2013 V senci nove dav\u010dne afere z objavo Rajskih dokumentov, ki razkrivajo nove zlorabe sistema z namenom izogibanja davkom, so finan\u010dni ministri EU danes v Bruslju obravnavali napredek pri vzpostavljanju evropskega \u010drnega seznama dav\u010dnih oaz. Upamo na dogovor v decembru, je dejal podpredsednik Evropske komisije Valdis Dombrovskis. Komisija \u017eeli tudi sankcije proti tistim, ki se bodo zna\u0161li na seznamu, je poudaril Dombrovskis. Francoski finan\u010dni minister Bruno Le Maire se je zavzel za to, da dr\u017eave, ki ne sodelujejo v boju proti izogibanju davkom, ne bi imele dostopa do finan\u010dnih sredstev mednarodnih organizacij, kot sta Svetovna banka in Mednarodni denarni sklad. Vpra\u0161anje sankcij sicer ostaja odprto, razprava o tem \u0161e poteka. Opozorilo posebne delovne skupine o mo\u017enosti uvrstitve na \u010drni seznam naj bi dobilo dolo\u010deno \u0161tevilo dr\u017eav oziroma jurisdikcij, od katerih se do 17.\u00a0&#8230;<\/p>\n","protected":false},"author":1,"featured_media":0,"comment_status":"closed","ping_status":"closed","sticky":false,"template":"","format":"standard","meta":{"footnotes":""},"categories":[1179],"tags":[],"source":[1703],"supertag":[],"acf":[],"yoast_head":"<!-- This site is optimized with the Yoast SEO plugin v21.3 - https:\/\/yoast.com\/wordpress\/plugins\/seo\/ -->\n<title>V EU decembra dogovor o \u010drnem seznamu dav\u010dnih oaz? - Hudo Slovenija<\/title>\n<meta name=\"robots\" content=\"index, follow, max-snippet:-1, max-image-preview:large, max-video-preview:-1\" \/>\n<link rel=\"canonical\" href=\"https:\/\/hudo.com\/si\/aktualno\/v-eu-decembra-dogovor-o-crnem-seznamu-davcnih-oaz\/\" \/>\n<meta property=\"og:locale\" content=\"sl_SI\" \/>\n<meta property=\"og:type\" content=\"article\" \/>\n<meta property=\"og:title\" content=\"V EU decembra dogovor o \u010drnem seznamu dav\u010dnih oaz? - Hudo Slovenija\" \/>\n<meta property=\"og:description\" content=\"Kategorija: Evropa Tue, 07 Nov 2017 17:54:00 +0100 Bruselj \u2013 V senci nove dav\u010dne afere z objavo Rajskih dokumentov, ki razkrivajo nove zlorabe sistema z namenom izogibanja davkom, so finan\u010dni ministri EU danes v Bruslju obravnavali napredek pri vzpostavljanju evropskega \u010drnega seznama dav\u010dnih oaz. Upamo na dogovor v decembru, je dejal podpredsednik Evropske komisije Valdis Dombrovskis. Komisija \u017eeli tudi sankcije proti tistim, ki se bodo zna\u0161li na seznamu, je poudaril Dombrovskis. Francoski finan\u010dni minister Bruno Le Maire se je zavzel za to, da dr\u017eave, ki ne sodelujejo v boju proti izogibanju davkom, ne bi imele dostopa do finan\u010dnih sredstev mednarodnih organizacij, kot sta Svetovna banka in Mednarodni denarni sklad. Vpra\u0161anje sankcij sicer ostaja odprto, razprava o tem \u0161e poteka. Opozorilo posebne delovne skupine o mo\u017enosti uvrstitve na \u010drni seznam naj bi dobilo dolo\u010deno \u0161tevilo dr\u017eav oziroma jurisdikcij, od katerih se do 17.\u00a0...\" \/>\n<meta property=\"og:url\" content=\"https:\/\/hudo.com\/si\/aktualno\/v-eu-decembra-dogovor-o-crnem-seznamu-davcnih-oaz\/\" \/>\n<meta property=\"og:site_name\" content=\"Hudo Slovenija\" \/>\n<meta property=\"article:publisher\" content=\"https:\/\/www.facebook.com\/hudo.si\" \/>\n<meta property=\"article:published_time\" content=\"2017-11-07T15:54:00+00:00\" \/>\n<meta property=\"og:image\" content=\"https:\/\/hudo.com\/si\/wp-content\/uploads\/sites\/2\/2017\/11\/480x290_2_stran__Delo_Foto_20170530.1_hires0.jpeg\" \/>\n\t<meta property=\"og:image:width\" content=\"480\" \/>\n\t<meta property=\"og:image:height\" content=\"290\" \/>\n\t<meta property=\"og:image:type\" content=\"image\/jpeg\" \/>\n<meta name=\"author\" content=\"hudo\" \/>\n<meta name=\"twitter:card\" content=\"summary_large_image\" \/>\n<meta name=\"twitter:creator\" content=\"@hudo_si\" \/>\n<meta name=\"twitter:site\" content=\"@hudo_si\" \/>\n<meta name=\"twitter:label1\" content=\"Written by\" \/>\n\t<meta name=\"twitter:data1\" content=\"hudo\" \/>\n\t<meta name=\"twitter:label2\" content=\"Est. reading time\" \/>\n\t<meta name=\"twitter:data2\" content=\"1 minuta\" \/>\n<script type=\"application\/ld+json\" class=\"yoast-schema-graph\">{\"@context\":\"https:\/\/schema.org\",\"@graph\":[{\"@type\":\"Article\",\"@id\":\"https:\/\/hudo.com\/si\/aktualno\/v-eu-decembra-dogovor-o-crnem-seznamu-davcnih-oaz\/#article\",\"isPartOf\":{\"@id\":\"https:\/\/hudo.com\/si\/aktualno\/v-eu-decembra-dogovor-o-crnem-seznamu-davcnih-oaz\/\"},\"author\":{\"name\":\"hudo\",\"@id\":\"https:\/\/hudo.com\/si\/#\/schema\/person\/601cf3379633985b20f7e50f2bb47707\"},\"headline\":\"V EU decembra dogovor o \u010drnem seznamu dav\u010dnih oaz?\",\"datePublished\":\"2017-11-07T15:54:00+00:00\",\"dateModified\":\"2017-11-07T15:54:00+00:00\",\"mainEntityOfPage\":{\"@id\":\"https:\/\/hudo.com\/si\/aktualno\/v-eu-decembra-dogovor-o-crnem-seznamu-davcnih-oaz\/\"},\"wordCount\":157,\"publisher\":{\"@id\":\"https:\/\/hudo.com\/si\/#organization\"},\"articleSection\":[\"Aktualno\"],\"inLanguage\":\"sl-SI\"},{\"@type\":\"WebPage\",\"@id\":\"https:\/\/hudo.com\/si\/aktualno\/v-eu-decembra-dogovor-o-crnem-seznamu-davcnih-oaz\/\",\"url\":\"https:\/\/hudo.com\/si\/aktualno\/v-eu-decembra-dogovor-o-crnem-seznamu-davcnih-oaz\/\",\"name\":\"V EU decembra dogovor o \u010drnem seznamu dav\u010dnih oaz? - Hudo Slovenija\",\"isPartOf\":{\"@id\":\"https:\/\/hudo.com\/si\/#website\"},\"datePublished\":\"2017-11-07T15:54:00+00:00\",\"dateModified\":\"2017-11-07T15:54:00+00:00\",\"breadcrumb\":{\"@id\":\"https:\/\/hudo.com\/si\/aktualno\/v-eu-decembra-dogovor-o-crnem-seznamu-davcnih-oaz\/#breadcrumb\"},\"inLanguage\":\"sl-SI\",\"potentialAction\":[{\"@type\":\"ReadAction\",\"target\":[\"https:\/\/hudo.com\/si\/aktualno\/v-eu-decembra-dogovor-o-crnem-seznamu-davcnih-oaz\/\"]}]},{\"@type\":\"BreadcrumbList\",\"@id\":\"https:\/\/hudo.com\/si\/aktualno\/v-eu-decembra-dogovor-o-crnem-seznamu-davcnih-oaz\/#breadcrumb\",\"itemListElement\":[{\"@type\":\"ListItem\",\"position\":1,\"name\":\"Home\",\"item\":\"https:\/\/hudo.com\/si\/\"},{\"@type\":\"ListItem\",\"position\":2,\"name\":\"V EU decembra dogovor o \u010drnem seznamu dav\u010dnih oaz?\"}]},{\"@type\":\"WebSite\",\"@id\":\"https:\/\/hudo.com\/si\/#website\",\"url\":\"https:\/\/hudo.com\/si\/\",\"name\":\"Hudo Slovenija\",\"description\":\"Vse novice iz Slovenije in sveta\",\"publisher\":{\"@id\":\"https:\/\/hudo.com\/si\/#organization\"},\"potentialAction\":[{\"@type\":\"SearchAction\",\"target\":{\"@type\":\"EntryPoint\",\"urlTemplate\":\"https:\/\/hudo.com\/si\/?s={search_term_string}\"},\"query-input\":\"required name=search_term_string\"}],\"inLanguage\":\"sl-SI\"},{\"@type\":\"Organization\",\"@id\":\"https:\/\/hudo.com\/si\/#organization\",\"name\":\"VSN Media\",\"url\":\"https:\/\/hudo.com\/si\/\",\"logo\":{\"@type\":\"ImageObject\",\"inLanguage\":\"sl-SI\",\"@id\":\"https:\/\/hudo.com\/si\/#\/schema\/logo\/image\/\",\"url\":\"https:\/\/hudo.com\/si\/wp-content\/uploads\/sites\/2\/2021\/03\/hudo-app-2.png\",\"contentUrl\":\"https:\/\/hudo.com\/si\/wp-content\/uploads\/sites\/2\/2021\/03\/hudo-app-2.png\",\"width\":2185,\"height\":2167,\"caption\":\"VSN Media\"},\"image\":{\"@id\":\"https:\/\/hudo.com\/si\/#\/schema\/logo\/image\/\"},\"sameAs\":[\"https:\/\/www.facebook.com\/hudo.si\",\"https:\/\/twitter.com\/hudo_si\"]},{\"@type\":\"Person\",\"@id\":\"https:\/\/hudo.com\/si\/#\/schema\/person\/601cf3379633985b20f7e50f2bb47707\",\"name\":\"hudo\",\"image\":{\"@type\":\"ImageObject\",\"inLanguage\":\"sl-SI\",\"@id\":\"https:\/\/hudo.com\/si\/#\/schema\/person\/image\/\",\"url\":\"https:\/\/secure.gravatar.com\/avatar\/c4ca25fa72cace7a696b52ff5db9e095?s=96&d=mm&r=g\",\"contentUrl\":\"https:\/\/secure.gravatar.com\/avatar\/c4ca25fa72cace7a696b52ff5db9e095?s=96&d=mm&r=g\",\"caption\":\"hudo\"},\"url\":\"https:\/\/hudo.com\/si\/author\/hudo\/\"}]}<\/script>\n<!-- \/ Yoast SEO plugin. -->","yoast_head_json":{"title":"V EU decembra dogovor o \u010drnem seznamu dav\u010dnih oaz? - Hudo Slovenija","robots":{"index":"index","follow":"follow","max-snippet":"max-snippet:-1","max-image-preview":"max-image-preview:large","max-video-preview":"max-video-preview:-1"},"canonical":"https:\/\/hudo.com\/si\/aktualno\/v-eu-decembra-dogovor-o-crnem-seznamu-davcnih-oaz\/","og_locale":"sl_SI","og_type":"article","og_title":"V EU decembra dogovor o \u010drnem seznamu dav\u010dnih oaz? - Hudo Slovenija","og_description":"Kategorija: Evropa Tue, 07 Nov 2017 17:54:00 +0100 Bruselj \u2013 V senci nove dav\u010dne afere z objavo Rajskih dokumentov, ki razkrivajo nove zlorabe sistema z namenom izogibanja davkom, so finan\u010dni ministri EU danes v Bruslju obravnavali napredek pri vzpostavljanju evropskega \u010drnega seznama dav\u010dnih oaz. Upamo na dogovor v decembru, je dejal podpredsednik Evropske komisije Valdis Dombrovskis. Komisija \u017eeli tudi sankcije proti tistim, ki se bodo zna\u0161li na seznamu, je poudaril Dombrovskis. Francoski finan\u010dni minister Bruno Le Maire se je zavzel za to, da dr\u017eave, ki ne sodelujejo v boju proti izogibanju davkom, ne bi imele dostopa do finan\u010dnih sredstev mednarodnih organizacij, kot sta Svetovna banka in Mednarodni denarni sklad. Vpra\u0161anje sankcij sicer ostaja odprto, razprava o tem \u0161e poteka. Opozorilo posebne delovne skupine o mo\u017enosti uvrstitve na \u010drni seznam naj bi dobilo dolo\u010deno \u0161tevilo dr\u017eav oziroma jurisdikcij, od katerih se do 17.\u00a0...","og_url":"https:\/\/hudo.com\/si\/aktualno\/v-eu-decembra-dogovor-o-crnem-seznamu-davcnih-oaz\/","og_site_name":"Hudo Slovenija","article_publisher":"https:\/\/www.facebook.com\/hudo.si","article_published_time":"2017-11-07T15:54:00+00:00","og_image":[{"width":480,"height":290,"url":"https:\/\/hudo.com\/si\/wp-content\/uploads\/sites\/2\/2017\/11\/480x290_2_stran__Delo_Foto_20170530.1_hires0.jpeg","type":"image\/jpeg"}],"author":"hudo","twitter_card":"summary_large_image","twitter_creator":"@hudo_si","twitter_site":"@hudo_si","twitter_misc":{"Written by":"hudo","Est. reading time":"1 minuta"},"schema":{"@context":"https:\/\/schema.org","@graph":[{"@type":"Article","@id":"https:\/\/hudo.com\/si\/aktualno\/v-eu-decembra-dogovor-o-crnem-seznamu-davcnih-oaz\/#article","isPartOf":{"@id":"https:\/\/hudo.com\/si\/aktualno\/v-eu-decembra-dogovor-o-crnem-seznamu-davcnih-oaz\/"},"author":{"name":"hudo","@id":"https:\/\/hudo.com\/si\/#\/schema\/person\/601cf3379633985b20f7e50f2bb47707"},"headline":"V EU decembra dogovor o \u010drnem seznamu dav\u010dnih oaz?","datePublished":"2017-11-07T15:54:00+00:00","dateModified":"2017-11-07T15:54:00+00:00","mainEntityOfPage":{"@id":"https:\/\/hudo.com\/si\/aktualno\/v-eu-decembra-dogovor-o-crnem-seznamu-davcnih-oaz\/"},"wordCount":157,"publisher":{"@id":"https:\/\/hudo.com\/si\/#organization"},"articleSection":["Aktualno"],"inLanguage":"sl-SI"},{"@type":"WebPage","@id":"https:\/\/hudo.com\/si\/aktualno\/v-eu-decembra-dogovor-o-crnem-seznamu-davcnih-oaz\/","url":"https:\/\/hudo.com\/si\/aktualno\/v-eu-decembra-dogovor-o-crnem-seznamu-davcnih-oaz\/","name":"V EU decembra dogovor o \u010drnem seznamu dav\u010dnih oaz? - Hudo Slovenija","isPartOf":{"@id":"https:\/\/hudo.com\/si\/#website"},"datePublished":"2017-11-07T15:54:00+00:00","dateModified":"2017-11-07T15:54:00+00:00","breadcrumb":{"@id":"https:\/\/hudo.com\/si\/aktualno\/v-eu-decembra-dogovor-o-crnem-seznamu-davcnih-oaz\/#breadcrumb"},"inLanguage":"sl-SI","potentialAction":[{"@type":"ReadAction","target":["https:\/\/hudo.com\/si\/aktualno\/v-eu-decembra-dogovor-o-crnem-seznamu-davcnih-oaz\/"]}]},{"@type":"BreadcrumbList","@id":"https:\/\/hudo.com\/si\/aktualno\/v-eu-decembra-dogovor-o-crnem-seznamu-davcnih-oaz\/#breadcrumb","itemListElement":[{"@type":"ListItem","position":1,"name":"Home","item":"https:\/\/hudo.com\/si\/"},{"@type":"ListItem","position":2,"name":"V EU decembra dogovor o \u010drnem seznamu dav\u010dnih oaz?"}]},{"@type":"WebSite","@id":"https:\/\/hudo.com\/si\/#website","url":"https:\/\/hudo.com\/si\/","name":"Hudo Slovenija","description":"Vse novice iz Slovenije in sveta","publisher":{"@id":"https:\/\/hudo.com\/si\/#organization"},"potentialAction":[{"@type":"SearchAction","target":{"@type":"EntryPoint","urlTemplate":"https:\/\/hudo.com\/si\/?s={search_term_string}"},"query-input":"required name=search_term_string"}],"inLanguage":"sl-SI"},{"@type":"Organization","@id":"https:\/\/hudo.com\/si\/#organization","name":"VSN Media","url":"https:\/\/hudo.com\/si\/","logo":{"@type":"ImageObject","inLanguage":"sl-SI","@id":"https:\/\/hudo.com\/si\/#\/schema\/logo\/image\/","url":"https:\/\/hudo.com\/si\/wp-content\/uploads\/sites\/2\/2021\/03\/hudo-app-2.png","contentUrl":"https:\/\/hudo.com\/si\/wp-content\/uploads\/sites\/2\/2021\/03\/hudo-app-2.png","width":2185,"height":2167,"caption":"VSN Media"},"image":{"@id":"https:\/\/hudo.com\/si\/#\/schema\/logo\/image\/"},"sameAs":["https:\/\/www.facebook.com\/hudo.si","https:\/\/twitter.com\/hudo_si"]},{"@type":"Person","@id":"https:\/\/hudo.com\/si\/#\/schema\/person\/601cf3379633985b20f7e50f2bb47707","name":"hudo","image":{"@type":"ImageObject","inLanguage":"sl-SI","@id":"https:\/\/hudo.com\/si\/#\/schema\/person\/image\/","url":"https:\/\/secure.gravatar.com\/avatar\/c4ca25fa72cace7a696b52ff5db9e095?s=96&d=mm&r=g","contentUrl":"https:\/\/secure.gravatar.com\/avatar\/c4ca25fa72cace7a696b52ff5db9e095?s=96&d=mm&r=g","caption":"hudo"},"url":"https:\/\/hudo.com\/si\/author\/hudo\/"}]}},"amp_enabled":true,"_links":{"self":[{"href":"https:\/\/hudo.com\/si\/wp-json\/wp\/v2\/posts\/318904"}],"collection":[{"href":"https:\/\/hudo.com\/si\/wp-json\/wp\/v2\/posts"}],"about":[{"href":"https:\/\/hudo.com\/si\/wp-json\/wp\/v2\/types\/post"}],"author":[{"embeddable":true,"href":"https:\/\/hudo.com\/si\/wp-json\/wp\/v2\/users\/1"}],"replies":[{"embeddable":true,"href":"https:\/\/hudo.com\/si\/wp-json\/wp\/v2\/comments?post=318904"}],"version-history":[{"count":0,"href":"https:\/\/hudo.com\/si\/wp-json\/wp\/v2\/posts\/318904\/revisions"}],"wp:attachment":[{"href":"https:\/\/hudo.com\/si\/wp-json\/wp\/v2\/media?parent=318904"}],"wp:term":[{"taxonomy":"category","embeddable":true,"href":"https:\/\/hudo.com\/si\/wp-json\/wp\/v2\/categories?post=318904"},{"taxonomy":"post_tag","embeddable":true,"href":"https:\/\/hudo.com\/si\/wp-json\/wp\/v2\/tags?post=318904"},{"taxonomy":"source","embeddable":true,"href":"https:\/\/hudo.com\/si\/wp-json\/wp\/v2\/source?post=318904"},{"taxonomy":"supertag","embeddable":true,"href":"https:\/\/hudo.com\/si\/wp-json\/wp\/v2\/supertag?post=318904"}],"curies":[{"name":"wp","href":"https:\/\/api.w.org\/{rel}","templated":true}]}}