{"id":319765,"date":"2017-11-09T15:04:00","date_gmt":"2017-11-09T14:04:00","guid":{"rendered":"http:\/\/hudo.com\/si\/2017\/11\/09\/predsednik-letosnje-zirije-za-nagrade-sempler-je-darko-ivancevic\/"},"modified":"2017-11-09T15:04:00","modified_gmt":"2017-11-09T14:04:00","slug":"predsednik-letosnje-zirije-za-nagrade-sempler-je-darko-ivancevic","status":"publish","type":"post","link":"https:\/\/hudo.com\/si\/aktualno\/predsednik-letosnje-zirije-za-nagrade-sempler-je-darko-ivancevic\/","title":{"rendered":"Predsednik leto\u0161nje \u017eirije za nagrade Sempler je Darko Ivan\u010devi\u0107"},"content":{"rendered":"<p>Devet\u010dlansko mednarodno \u017eirijo za nagrade Sempler, namenjene najbolj\u0161im medijskim strategijam leta v regiji, bo vodil Darko Ivan\u010devi\u0107,\u00a0globalni podpredsednik za blagovno znamko Staropramen v pivovarski multinacionalki Molson Coors. Prijave na tekmovanje Sempler so odprte od 1. septembra 2017 dalje, zmagovalci pa bodo znani na konferenci medijskih trendov SEMPL, ki bo 23. in 24. novembra 2017 v Portoro\u017eu.<\/p>\n","protected":false},"excerpt":{"rendered":"<p>Devet\u010dlansko mednarodno \u017eirijo za nagrade Sempler, namenjene najbolj\u0161im medijskim strategijam leta v regiji, bo vodil Darko Ivan\u010devi\u0107,\u00a0globalni podpredsednik za blagovno znamko Staropramen v pivovarski multinacionalki Molson Coors. Prijave na tekmovanje Sempler so odprte od 1. septembra 2017 dalje, zmagovalci pa bodo znani na konferenci medijskih trendov SEMPL, ki bo 23. in 24. novembra 2017 v Portoro\u017eu.<\/p>\n","protected":false},"author":1,"featured_media":0,"comment_status":"closed","ping_status":"closed","sticky":false,"template":"","format":"standard","meta":{"footnotes":""},"categories":[1179],"tags":[],"source":[1717],"supertag":[],"acf":[],"yoast_head":"<!-- This site is optimized with the Yoast SEO plugin v21.3 - https:\/\/yoast.com\/wordpress\/plugins\/seo\/ -->\n<title>Predsednik leto\u0161nje \u017eirije za nagrade Sempler je Darko Ivan\u010devi\u0107 - Hudo Slovenija<\/title>\n<meta name=\"robots\" content=\"index, follow, max-snippet:-1, max-image-preview:large, max-video-preview:-1\" \/>\n<link rel=\"canonical\" href=\"https:\/\/hudo.com\/si\/aktualno\/predsednik-letosnje-zirije-za-nagrade-sempler-je-darko-ivancevic\/\" \/>\n<meta property=\"og:locale\" content=\"sl_SI\" \/>\n<meta property=\"og:type\" content=\"article\" \/>\n<meta property=\"og:title\" content=\"Predsednik leto\u0161nje \u017eirije za nagrade Sempler je Darko Ivan\u010devi\u0107 - Hudo Slovenija\" \/>\n<meta property=\"og:description\" content=\"Devet\u010dlansko mednarodno \u017eirijo za nagrade Sempler, namenjene najbolj\u0161im medijskim strategijam leta v regiji, bo vodil Darko Ivan\u010devi\u0107,\u00a0globalni podpredsednik za blagovno znamko Staropramen v pivovarski multinacionalki Molson Coors. Prijave na tekmovanje Sempler so odprte od 1. septembra 2017 dalje, zmagovalci pa bodo znani na konferenci medijskih trendov SEMPL, ki bo 23. in 24. novembra 2017 v Portoro\u017eu.\" \/>\n<meta property=\"og:url\" content=\"https:\/\/hudo.com\/si\/aktualno\/predsednik-letosnje-zirije-za-nagrade-sempler-je-darko-ivancevic\/\" \/>\n<meta property=\"og:site_name\" content=\"Hudo Slovenija\" \/>\n<meta property=\"article:publisher\" content=\"https:\/\/www.facebook.com\/hudo.si\" \/>\n<meta property=\"article:published_time\" content=\"2017-11-09T14:04:00+00:00\" \/>\n<meta property=\"og:image\" content=\"https:\/\/hudo.com\/si\/wp-content\/uploads\/sites\/2\/2017\/11\/6dd2cf21900bb15a07e4-sempl-2017.jpeg\" \/>\n\t<meta property=\"og:image:width\" content=\"1200\" \/>\n\t<meta property=\"og:image:height\" content=\"628\" \/>\n\t<meta property=\"og:image:type\" content=\"image\/jpeg\" \/>\n<meta name=\"author\" content=\"hudo\" \/>\n<meta name=\"twitter:card\" content=\"summary_large_image\" \/>\n<meta name=\"twitter:creator\" content=\"@hudo_si\" \/>\n<meta name=\"twitter:site\" content=\"@hudo_si\" \/>\n<meta name=\"twitter:label1\" content=\"Written by\" \/>\n\t<meta name=\"twitter:data1\" content=\"hudo\" \/>\n<script type=\"application\/ld+json\" class=\"yoast-schema-graph\">{\"@context\":\"https:\/\/schema.org\",\"@graph\":[{\"@type\":\"Article\",\"@id\":\"https:\/\/hudo.com\/si\/aktualno\/predsednik-letosnje-zirije-za-nagrade-sempler-je-darko-ivancevic\/#article\",\"isPartOf\":{\"@id\":\"https:\/\/hudo.com\/si\/aktualno\/predsednik-letosnje-zirije-za-nagrade-sempler-je-darko-ivancevic\/\"},\"author\":{\"name\":\"hudo\",\"@id\":\"https:\/\/hudo.com\/si\/#\/schema\/person\/601cf3379633985b20f7e50f2bb47707\"},\"headline\":\"Predsednik leto\u0161nje \u017eirije za nagrade Sempler je Darko Ivan\u010devi\u0107\",\"datePublished\":\"2017-11-09T14:04:00+00:00\",\"dateModified\":\"2017-11-09T14:04:00+00:00\",\"mainEntityOfPage\":{\"@id\":\"https:\/\/hudo.com\/si\/aktualno\/predsednik-letosnje-zirije-za-nagrade-sempler-je-darko-ivancevic\/\"},\"wordCount\":67,\"publisher\":{\"@id\":\"https:\/\/hudo.com\/si\/#organization\"},\"articleSection\":[\"Aktualno\"],\"inLanguage\":\"sl-SI\"},{\"@type\":\"WebPage\",\"@id\":\"https:\/\/hudo.com\/si\/aktualno\/predsednik-letosnje-zirije-za-nagrade-sempler-je-darko-ivancevic\/\",\"url\":\"https:\/\/hudo.com\/si\/aktualno\/predsednik-letosnje-zirije-za-nagrade-sempler-je-darko-ivancevic\/\",\"name\":\"Predsednik leto\u0161nje \u017eirije za nagrade Sempler je Darko Ivan\u010devi\u0107 - Hudo Slovenija\",\"isPartOf\":{\"@id\":\"https:\/\/hudo.com\/si\/#website\"},\"datePublished\":\"2017-11-09T14:04:00+00:00\",\"dateModified\":\"2017-11-09T14:04:00+00:00\",\"breadcrumb\":{\"@id\":\"https:\/\/hudo.com\/si\/aktualno\/predsednik-letosnje-zirije-za-nagrade-sempler-je-darko-ivancevic\/#breadcrumb\"},\"inLanguage\":\"sl-SI\",\"potentialAction\":[{\"@type\":\"ReadAction\",\"target\":[\"https:\/\/hudo.com\/si\/aktualno\/predsednik-letosnje-zirije-za-nagrade-sempler-je-darko-ivancevic\/\"]}]},{\"@type\":\"BreadcrumbList\",\"@id\":\"https:\/\/hudo.com\/si\/aktualno\/predsednik-letosnje-zirije-za-nagrade-sempler-je-darko-ivancevic\/#breadcrumb\",\"itemListElement\":[{\"@type\":\"ListItem\",\"position\":1,\"name\":\"Home\",\"item\":\"https:\/\/hudo.com\/si\/\"},{\"@type\":\"ListItem\",\"position\":2,\"name\":\"Predsednik leto\u0161nje \u017eirije za nagrade Sempler je Darko Ivan\u010devi\u0107\"}]},{\"@type\":\"WebSite\",\"@id\":\"https:\/\/hudo.com\/si\/#website\",\"url\":\"https:\/\/hudo.com\/si\/\",\"name\":\"Hudo Slovenija\",\"description\":\"Vse novice iz Slovenije in sveta\",\"publisher\":{\"@id\":\"https:\/\/hudo.com\/si\/#organization\"},\"potentialAction\":[{\"@type\":\"SearchAction\",\"target\":{\"@type\":\"EntryPoint\",\"urlTemplate\":\"https:\/\/hudo.com\/si\/?s={search_term_string}\"},\"query-input\":\"required name=search_term_string\"}],\"inLanguage\":\"sl-SI\"},{\"@type\":\"Organization\",\"@id\":\"https:\/\/hudo.com\/si\/#organization\",\"name\":\"VSN Media\",\"url\":\"https:\/\/hudo.com\/si\/\",\"logo\":{\"@type\":\"ImageObject\",\"inLanguage\":\"sl-SI\",\"@id\":\"https:\/\/hudo.com\/si\/#\/schema\/logo\/image\/\",\"url\":\"https:\/\/hudo.com\/si\/wp-content\/uploads\/sites\/2\/2021\/03\/hudo-app-2.png\",\"contentUrl\":\"https:\/\/hudo.com\/si\/wp-content\/uploads\/sites\/2\/2021\/03\/hudo-app-2.png\",\"width\":2185,\"height\":2167,\"caption\":\"VSN Media\"},\"image\":{\"@id\":\"https:\/\/hudo.com\/si\/#\/schema\/logo\/image\/\"},\"sameAs\":[\"https:\/\/www.facebook.com\/hudo.si\",\"https:\/\/twitter.com\/hudo_si\"]},{\"@type\":\"Person\",\"@id\":\"https:\/\/hudo.com\/si\/#\/schema\/person\/601cf3379633985b20f7e50f2bb47707\",\"name\":\"hudo\",\"image\":{\"@type\":\"ImageObject\",\"inLanguage\":\"sl-SI\",\"@id\":\"https:\/\/hudo.com\/si\/#\/schema\/person\/image\/\",\"url\":\"https:\/\/secure.gravatar.com\/avatar\/c4ca25fa72cace7a696b52ff5db9e095?s=96&d=mm&r=g\",\"contentUrl\":\"https:\/\/secure.gravatar.com\/avatar\/c4ca25fa72cace7a696b52ff5db9e095?s=96&d=mm&r=g\",\"caption\":\"hudo\"},\"url\":\"https:\/\/hudo.com\/si\/author\/hudo\/\"}]}<\/script>\n<!-- \/ Yoast SEO plugin. -->","yoast_head_json":{"title":"Predsednik leto\u0161nje \u017eirije za nagrade Sempler je Darko Ivan\u010devi\u0107 - Hudo Slovenija","robots":{"index":"index","follow":"follow","max-snippet":"max-snippet:-1","max-image-preview":"max-image-preview:large","max-video-preview":"max-video-preview:-1"},"canonical":"https:\/\/hudo.com\/si\/aktualno\/predsednik-letosnje-zirije-za-nagrade-sempler-je-darko-ivancevic\/","og_locale":"sl_SI","og_type":"article","og_title":"Predsednik leto\u0161nje \u017eirije za nagrade Sempler je Darko Ivan\u010devi\u0107 - Hudo Slovenija","og_description":"Devet\u010dlansko mednarodno \u017eirijo za nagrade Sempler, namenjene najbolj\u0161im medijskim strategijam leta v regiji, bo vodil Darko Ivan\u010devi\u0107,\u00a0globalni podpredsednik za blagovno znamko Staropramen v pivovarski multinacionalki Molson Coors. Prijave na tekmovanje Sempler so odprte od 1. septembra 2017 dalje, zmagovalci pa bodo znani na konferenci medijskih trendov SEMPL, ki bo 23. in 24. novembra 2017 v Portoro\u017eu.","og_url":"https:\/\/hudo.com\/si\/aktualno\/predsednik-letosnje-zirije-za-nagrade-sempler-je-darko-ivancevic\/","og_site_name":"Hudo Slovenija","article_publisher":"https:\/\/www.facebook.com\/hudo.si","article_published_time":"2017-11-09T14:04:00+00:00","og_image":[{"width":1200,"height":628,"url":"https:\/\/hudo.com\/si\/wp-content\/uploads\/sites\/2\/2017\/11\/6dd2cf21900bb15a07e4-sempl-2017.jpeg","type":"image\/jpeg"}],"author":"hudo","twitter_card":"summary_large_image","twitter_creator":"@hudo_si","twitter_site":"@hudo_si","twitter_misc":{"Written by":"hudo"},"schema":{"@context":"https:\/\/schema.org","@graph":[{"@type":"Article","@id":"https:\/\/hudo.com\/si\/aktualno\/predsednik-letosnje-zirije-za-nagrade-sempler-je-darko-ivancevic\/#article","isPartOf":{"@id":"https:\/\/hudo.com\/si\/aktualno\/predsednik-letosnje-zirije-za-nagrade-sempler-je-darko-ivancevic\/"},"author":{"name":"hudo","@id":"https:\/\/hudo.com\/si\/#\/schema\/person\/601cf3379633985b20f7e50f2bb47707"},"headline":"Predsednik leto\u0161nje \u017eirije za nagrade Sempler je Darko Ivan\u010devi\u0107","datePublished":"2017-11-09T14:04:00+00:00","dateModified":"2017-11-09T14:04:00+00:00","mainEntityOfPage":{"@id":"https:\/\/hudo.com\/si\/aktualno\/predsednik-letosnje-zirije-za-nagrade-sempler-je-darko-ivancevic\/"},"wordCount":67,"publisher":{"@id":"https:\/\/hudo.com\/si\/#organization"},"articleSection":["Aktualno"],"inLanguage":"sl-SI"},{"@type":"WebPage","@id":"https:\/\/hudo.com\/si\/aktualno\/predsednik-letosnje-zirije-za-nagrade-sempler-je-darko-ivancevic\/","url":"https:\/\/hudo.com\/si\/aktualno\/predsednik-letosnje-zirije-za-nagrade-sempler-je-darko-ivancevic\/","name":"Predsednik leto\u0161nje \u017eirije za nagrade Sempler je Darko Ivan\u010devi\u0107 - Hudo Slovenija","isPartOf":{"@id":"https:\/\/hudo.com\/si\/#website"},"datePublished":"2017-11-09T14:04:00+00:00","dateModified":"2017-11-09T14:04:00+00:00","breadcrumb":{"@id":"https:\/\/hudo.com\/si\/aktualno\/predsednik-letosnje-zirije-za-nagrade-sempler-je-darko-ivancevic\/#breadcrumb"},"inLanguage":"sl-SI","potentialAction":[{"@type":"ReadAction","target":["https:\/\/hudo.com\/si\/aktualno\/predsednik-letosnje-zirije-za-nagrade-sempler-je-darko-ivancevic\/"]}]},{"@type":"BreadcrumbList","@id":"https:\/\/hudo.com\/si\/aktualno\/predsednik-letosnje-zirije-za-nagrade-sempler-je-darko-ivancevic\/#breadcrumb","itemListElement":[{"@type":"ListItem","position":1,"name":"Home","item":"https:\/\/hudo.com\/si\/"},{"@type":"ListItem","position":2,"name":"Predsednik leto\u0161nje \u017eirije za nagrade Sempler je Darko Ivan\u010devi\u0107"}]},{"@type":"WebSite","@id":"https:\/\/hudo.com\/si\/#website","url":"https:\/\/hudo.com\/si\/","name":"Hudo Slovenija","description":"Vse novice iz Slovenije in sveta","publisher":{"@id":"https:\/\/hudo.com\/si\/#organization"},"potentialAction":[{"@type":"SearchAction","target":{"@type":"EntryPoint","urlTemplate":"https:\/\/hudo.com\/si\/?s={search_term_string}"},"query-input":"required name=search_term_string"}],"inLanguage":"sl-SI"},{"@type":"Organization","@id":"https:\/\/hudo.com\/si\/#organization","name":"VSN Media","url":"https:\/\/hudo.com\/si\/","logo":{"@type":"ImageObject","inLanguage":"sl-SI","@id":"https:\/\/hudo.com\/si\/#\/schema\/logo\/image\/","url":"https:\/\/hudo.com\/si\/wp-content\/uploads\/sites\/2\/2021\/03\/hudo-app-2.png","contentUrl":"https:\/\/hudo.com\/si\/wp-content\/uploads\/sites\/2\/2021\/03\/hudo-app-2.png","width":2185,"height":2167,"caption":"VSN Media"},"image":{"@id":"https:\/\/hudo.com\/si\/#\/schema\/logo\/image\/"},"sameAs":["https:\/\/www.facebook.com\/hudo.si","https:\/\/twitter.com\/hudo_si"]},{"@type":"Person","@id":"https:\/\/hudo.com\/si\/#\/schema\/person\/601cf3379633985b20f7e50f2bb47707","name":"hudo","image":{"@type":"ImageObject","inLanguage":"sl-SI","@id":"https:\/\/hudo.com\/si\/#\/schema\/person\/image\/","url":"https:\/\/secure.gravatar.com\/avatar\/c4ca25fa72cace7a696b52ff5db9e095?s=96&d=mm&r=g","contentUrl":"https:\/\/secure.gravatar.com\/avatar\/c4ca25fa72cace7a696b52ff5db9e095?s=96&d=mm&r=g","caption":"hudo"},"url":"https:\/\/hudo.com\/si\/author\/hudo\/"}]}},"amp_enabled":true,"_links":{"self":[{"href":"https:\/\/hudo.com\/si\/wp-json\/wp\/v2\/posts\/319765"}],"collection":[{"href":"https:\/\/hudo.com\/si\/wp-json\/wp\/v2\/posts"}],"about":[{"href":"https:\/\/hudo.com\/si\/wp-json\/wp\/v2\/types\/post"}],"author":[{"embeddable":true,"href":"https:\/\/hudo.com\/si\/wp-json\/wp\/v2\/users\/1"}],"replies":[{"embeddable":true,"href":"https:\/\/hudo.com\/si\/wp-json\/wp\/v2\/comments?post=319765"}],"version-history":[{"count":0,"href":"https:\/\/hudo.com\/si\/wp-json\/wp\/v2\/posts\/319765\/revisions"}],"wp:attachment":[{"href":"https:\/\/hudo.com\/si\/wp-json\/wp\/v2\/media?parent=319765"}],"wp:term":[{"taxonomy":"category","embeddable":true,"href":"https:\/\/hudo.com\/si\/wp-json\/wp\/v2\/categories?post=319765"},{"taxonomy":"post_tag","embeddable":true,"href":"https:\/\/hudo.com\/si\/wp-json\/wp\/v2\/tags?post=319765"},{"taxonomy":"source","embeddable":true,"href":"https:\/\/hudo.com\/si\/wp-json\/wp\/v2\/source?post=319765"},{"taxonomy":"supertag","embeddable":true,"href":"https:\/\/hudo.com\/si\/wp-json\/wp\/v2\/supertag?post=319765"}],"curies":[{"name":"wp","href":"https:\/\/api.w.org\/{rel}","templated":true}]}}