{"id":319854,"date":"2017-11-09T16:00:00","date_gmt":"2017-11-09T15:00:00","guid":{"rendered":"http:\/\/hudo.com\/si\/2017\/11\/09\/zgodovina-primorskih-novic-iz-prve-vrste\/"},"modified":"2017-11-09T16:00:00","modified_gmt":"2017-11-09T15:00:00","slug":"zgodovina-primorskih-novic-iz-prve-vrste","status":"publish","type":"post","link":"https:\/\/hudo.com\/si\/aktualno\/zgodovina-primorskih-novic-iz-prve-vrste\/","title":{"rendered":"Zgodovina Primorskih novic iz prve vrste"},"content":{"rendered":"<p>Kategorija: Slovenija Thu, 09 Nov 2017 17:00:00 +0100  Koper &#8211; V sredo so Primorske novice, prvi in edini regionalni dnevnik v Sloveniji, obele\u017eile 70 let delovanja. Leta 1947 je v Solkanu iz\u0161la prva \u0161tevilka \u0161tirinajstdnevnika, glasila OF za Gori\u0161ki okraj Nova Gorica, tri leta kasneje pa \u0161e glasilo OF za koprski okraj Istrski tednik. Leta 1953 se je \u010dasnik Nova Gorica preimenoval v Primorske novice in se leta 1963 povezal z naslednikom Istrskega tednika (Slovenskim Jadranom) v tednik, ki je povezal celotno Primorsko.Ob jubileju so Primorske novice izdale bogato prilogo, ki v strnjeni obliki povzema poglaviten razvoj Primorske v teh sedmih desetletjih. Odgovorni urednik Anti\u0161a Korljan je \u010dasopisno poslanstvo primorskega dnevnika opisal s \u0161estimi bvesedami: \u00bbZgodovino smo spremljali iz prve vrste.\u00ab Direktor Primorskih novic Rok Hladnik pa je ponosen, da so tako povezani s prostorom in bralci, in\u00a0&#8230;<\/p>\n","protected":false},"excerpt":{"rendered":"<p>Kategorija: Slovenija Thu, 09 Nov 2017 17:00:00 +0100  Koper &#8211; V sredo so Primorske novice, prvi in edini regionalni dnevnik v Sloveniji, obele\u017eile 70 let delovanja. Leta 1947 je v Solkanu iz\u0161la prva \u0161tevilka \u0161tirinajstdnevnika, glasila OF za Gori\u0161ki okraj Nova Gorica, tri leta kasneje pa \u0161e glasilo OF za koprski okraj Istrski tednik. Leta 1953 se je \u010dasnik Nova Gorica preimenoval v Primorske novice in se leta 1963 povezal z naslednikom Istrskega tednika (Slovenskim Jadranom) v tednik, ki je povezal celotno Primorsko.Ob jubileju so Primorske novice izdale bogato prilogo, ki v strnjeni obliki povzema poglaviten razvoj Primorske v teh sedmih desetletjih. Odgovorni urednik Anti\u0161a Korljan je \u010dasopisno poslanstvo primorskega dnevnika opisal s \u0161estimi bvesedami: \u00bbZgodovino smo spremljali iz prve vrste.\u00ab Direktor Primorskih novic Rok Hladnik pa je ponosen, da so tako povezani s prostorom in bralci, in\u00a0&#8230;<\/p>\n","protected":false},"author":1,"featured_media":0,"comment_status":"closed","ping_status":"closed","sticky":false,"template":"","format":"standard","meta":{"footnotes":""},"categories":[1179],"tags":[],"source":[1703],"supertag":[],"acf":[],"yoast_head":"<!-- This site is optimized with the Yoast SEO plugin v21.3 - https:\/\/yoast.com\/wordpress\/plugins\/seo\/ -->\n<title>Zgodovina Primorskih novic iz prve vrste - Hudo Slovenija<\/title>\n<meta name=\"robots\" content=\"index, follow, max-snippet:-1, max-image-preview:large, max-video-preview:-1\" \/>\n<link rel=\"canonical\" href=\"https:\/\/hudo.com\/si\/aktualno\/zgodovina-primorskih-novic-iz-prve-vrste\/\" \/>\n<meta property=\"og:locale\" content=\"sl_SI\" \/>\n<meta property=\"og:type\" content=\"article\" \/>\n<meta property=\"og:title\" content=\"Zgodovina Primorskih novic iz prve vrste - Hudo Slovenija\" \/>\n<meta property=\"og:description\" content=\"Kategorija: Slovenija Thu, 09 Nov 2017 17:00:00 +0100 Koper - V sredo so Primorske novice, prvi in edini regionalni dnevnik v Sloveniji, obele\u017eile 70 let delovanja. Leta 1947 je v Solkanu iz\u0161la prva \u0161tevilka \u0161tirinajstdnevnika, glasila OF za Gori\u0161ki okraj Nova Gorica, tri leta kasneje pa \u0161e glasilo OF za koprski okraj Istrski tednik. Leta 1953 se je \u010dasnik Nova Gorica preimenoval v Primorske novice in se leta 1963 povezal z naslednikom Istrskega tednika (Slovenskim Jadranom) v tednik, ki je povezal celotno Primorsko.Ob jubileju so Primorske novice izdale bogato prilogo, ki v strnjeni obliki povzema poglaviten razvoj Primorske v teh sedmih desetletjih. Odgovorni urednik Anti\u0161a Korljan je \u010dasopisno poslanstvo primorskega dnevnika opisal s \u0161estimi bvesedami: \u00bbZgodovino smo spremljali iz prve vrste.\u00ab Direktor Primorskih novic Rok Hladnik pa je ponosen, da so tako povezani s prostorom in bralci, in\u00a0...\" \/>\n<meta property=\"og:url\" content=\"https:\/\/hudo.com\/si\/aktualno\/zgodovina-primorskih-novic-iz-prve-vrste\/\" \/>\n<meta property=\"og:site_name\" content=\"Hudo Slovenija\" \/>\n<meta property=\"article:publisher\" content=\"https:\/\/www.facebook.com\/hudo.si\" \/>\n<meta property=\"article:published_time\" content=\"2017-11-09T15:00:00+00:00\" \/>\n<meta property=\"og:image\" content=\"https:\/\/hudo.com\/si\/wp-content\/uploads\/sites\/2\/2017\/11\/480x290_djvu_632774_zalokal_dzi-Sobotna-priloga-Mediji.jpeg\" \/>\n\t<meta property=\"og:image:width\" content=\"480\" \/>\n\t<meta property=\"og:image:height\" content=\"290\" \/>\n\t<meta property=\"og:image:type\" content=\"image\/jpeg\" \/>\n<meta name=\"author\" content=\"hudo\" \/>\n<meta name=\"twitter:card\" content=\"summary_large_image\" \/>\n<meta name=\"twitter:creator\" content=\"@hudo_si\" \/>\n<meta name=\"twitter:site\" content=\"@hudo_si\" \/>\n<meta name=\"twitter:label1\" content=\"Written by\" \/>\n\t<meta name=\"twitter:data1\" content=\"hudo\" \/>\n\t<meta name=\"twitter:label2\" content=\"Est. reading time\" \/>\n\t<meta name=\"twitter:data2\" content=\"1 minuta\" \/>\n<script type=\"application\/ld+json\" class=\"yoast-schema-graph\">{\"@context\":\"https:\/\/schema.org\",\"@graph\":[{\"@type\":\"Article\",\"@id\":\"https:\/\/hudo.com\/si\/aktualno\/zgodovina-primorskih-novic-iz-prve-vrste\/#article\",\"isPartOf\":{\"@id\":\"https:\/\/hudo.com\/si\/aktualno\/zgodovina-primorskih-novic-iz-prve-vrste\/\"},\"author\":{\"name\":\"hudo\",\"@id\":\"https:\/\/hudo.com\/si\/#\/schema\/person\/601cf3379633985b20f7e50f2bb47707\"},\"headline\":\"Zgodovina Primorskih novic iz prve vrste\",\"datePublished\":\"2017-11-09T15:00:00+00:00\",\"dateModified\":\"2017-11-09T15:00:00+00:00\",\"mainEntityOfPage\":{\"@id\":\"https:\/\/hudo.com\/si\/aktualno\/zgodovina-primorskih-novic-iz-prve-vrste\/\"},\"wordCount\":141,\"publisher\":{\"@id\":\"https:\/\/hudo.com\/si\/#organization\"},\"articleSection\":[\"Aktualno\"],\"inLanguage\":\"sl-SI\"},{\"@type\":\"WebPage\",\"@id\":\"https:\/\/hudo.com\/si\/aktualno\/zgodovina-primorskih-novic-iz-prve-vrste\/\",\"url\":\"https:\/\/hudo.com\/si\/aktualno\/zgodovina-primorskih-novic-iz-prve-vrste\/\",\"name\":\"Zgodovina Primorskih novic iz prve vrste - Hudo Slovenija\",\"isPartOf\":{\"@id\":\"https:\/\/hudo.com\/si\/#website\"},\"datePublished\":\"2017-11-09T15:00:00+00:00\",\"dateModified\":\"2017-11-09T15:00:00+00:00\",\"breadcrumb\":{\"@id\":\"https:\/\/hudo.com\/si\/aktualno\/zgodovina-primorskih-novic-iz-prve-vrste\/#breadcrumb\"},\"inLanguage\":\"sl-SI\",\"potentialAction\":[{\"@type\":\"ReadAction\",\"target\":[\"https:\/\/hudo.com\/si\/aktualno\/zgodovina-primorskih-novic-iz-prve-vrste\/\"]}]},{\"@type\":\"BreadcrumbList\",\"@id\":\"https:\/\/hudo.com\/si\/aktualno\/zgodovina-primorskih-novic-iz-prve-vrste\/#breadcrumb\",\"itemListElement\":[{\"@type\":\"ListItem\",\"position\":1,\"name\":\"Home\",\"item\":\"https:\/\/hudo.com\/si\/\"},{\"@type\":\"ListItem\",\"position\":2,\"name\":\"Zgodovina Primorskih novic iz prve vrste\"}]},{\"@type\":\"WebSite\",\"@id\":\"https:\/\/hudo.com\/si\/#website\",\"url\":\"https:\/\/hudo.com\/si\/\",\"name\":\"Hudo Slovenija\",\"description\":\"Vse novice iz Slovenije in sveta\",\"publisher\":{\"@id\":\"https:\/\/hudo.com\/si\/#organization\"},\"potentialAction\":[{\"@type\":\"SearchAction\",\"target\":{\"@type\":\"EntryPoint\",\"urlTemplate\":\"https:\/\/hudo.com\/si\/?s={search_term_string}\"},\"query-input\":\"required name=search_term_string\"}],\"inLanguage\":\"sl-SI\"},{\"@type\":\"Organization\",\"@id\":\"https:\/\/hudo.com\/si\/#organization\",\"name\":\"VSN Media\",\"url\":\"https:\/\/hudo.com\/si\/\",\"logo\":{\"@type\":\"ImageObject\",\"inLanguage\":\"sl-SI\",\"@id\":\"https:\/\/hudo.com\/si\/#\/schema\/logo\/image\/\",\"url\":\"https:\/\/hudo.com\/si\/wp-content\/uploads\/sites\/2\/2021\/03\/hudo-app-2.png\",\"contentUrl\":\"https:\/\/hudo.com\/si\/wp-content\/uploads\/sites\/2\/2021\/03\/hudo-app-2.png\",\"width\":2185,\"height\":2167,\"caption\":\"VSN Media\"},\"image\":{\"@id\":\"https:\/\/hudo.com\/si\/#\/schema\/logo\/image\/\"},\"sameAs\":[\"https:\/\/www.facebook.com\/hudo.si\",\"https:\/\/twitter.com\/hudo_si\"]},{\"@type\":\"Person\",\"@id\":\"https:\/\/hudo.com\/si\/#\/schema\/person\/601cf3379633985b20f7e50f2bb47707\",\"name\":\"hudo\",\"image\":{\"@type\":\"ImageObject\",\"inLanguage\":\"sl-SI\",\"@id\":\"https:\/\/hudo.com\/si\/#\/schema\/person\/image\/\",\"url\":\"https:\/\/secure.gravatar.com\/avatar\/c4ca25fa72cace7a696b52ff5db9e095?s=96&d=mm&r=g\",\"contentUrl\":\"https:\/\/secure.gravatar.com\/avatar\/c4ca25fa72cace7a696b52ff5db9e095?s=96&d=mm&r=g\",\"caption\":\"hudo\"},\"url\":\"https:\/\/hudo.com\/si\/author\/hudo\/\"}]}<\/script>\n<!-- \/ Yoast SEO plugin. -->","yoast_head_json":{"title":"Zgodovina Primorskih novic iz prve vrste - Hudo Slovenija","robots":{"index":"index","follow":"follow","max-snippet":"max-snippet:-1","max-image-preview":"max-image-preview:large","max-video-preview":"max-video-preview:-1"},"canonical":"https:\/\/hudo.com\/si\/aktualno\/zgodovina-primorskih-novic-iz-prve-vrste\/","og_locale":"sl_SI","og_type":"article","og_title":"Zgodovina Primorskih novic iz prve vrste - Hudo Slovenija","og_description":"Kategorija: Slovenija Thu, 09 Nov 2017 17:00:00 +0100 Koper - V sredo so Primorske novice, prvi in edini regionalni dnevnik v Sloveniji, obele\u017eile 70 let delovanja. Leta 1947 je v Solkanu iz\u0161la prva \u0161tevilka \u0161tirinajstdnevnika, glasila OF za Gori\u0161ki okraj Nova Gorica, tri leta kasneje pa \u0161e glasilo OF za koprski okraj Istrski tednik. Leta 1953 se je \u010dasnik Nova Gorica preimenoval v Primorske novice in se leta 1963 povezal z naslednikom Istrskega tednika (Slovenskim Jadranom) v tednik, ki je povezal celotno Primorsko.Ob jubileju so Primorske novice izdale bogato prilogo, ki v strnjeni obliki povzema poglaviten razvoj Primorske v teh sedmih desetletjih. Odgovorni urednik Anti\u0161a Korljan je \u010dasopisno poslanstvo primorskega dnevnika opisal s \u0161estimi bvesedami: \u00bbZgodovino smo spremljali iz prve vrste.\u00ab Direktor Primorskih novic Rok Hladnik pa je ponosen, da so tako povezani s prostorom in bralci, in\u00a0...","og_url":"https:\/\/hudo.com\/si\/aktualno\/zgodovina-primorskih-novic-iz-prve-vrste\/","og_site_name":"Hudo Slovenija","article_publisher":"https:\/\/www.facebook.com\/hudo.si","article_published_time":"2017-11-09T15:00:00+00:00","og_image":[{"width":480,"height":290,"url":"https:\/\/hudo.com\/si\/wp-content\/uploads\/sites\/2\/2017\/11\/480x290_djvu_632774_zalokal_dzi-Sobotna-priloga-Mediji.jpeg","type":"image\/jpeg"}],"author":"hudo","twitter_card":"summary_large_image","twitter_creator":"@hudo_si","twitter_site":"@hudo_si","twitter_misc":{"Written by":"hudo","Est. reading time":"1 minuta"},"schema":{"@context":"https:\/\/schema.org","@graph":[{"@type":"Article","@id":"https:\/\/hudo.com\/si\/aktualno\/zgodovina-primorskih-novic-iz-prve-vrste\/#article","isPartOf":{"@id":"https:\/\/hudo.com\/si\/aktualno\/zgodovina-primorskih-novic-iz-prve-vrste\/"},"author":{"name":"hudo","@id":"https:\/\/hudo.com\/si\/#\/schema\/person\/601cf3379633985b20f7e50f2bb47707"},"headline":"Zgodovina Primorskih novic iz prve vrste","datePublished":"2017-11-09T15:00:00+00:00","dateModified":"2017-11-09T15:00:00+00:00","mainEntityOfPage":{"@id":"https:\/\/hudo.com\/si\/aktualno\/zgodovina-primorskih-novic-iz-prve-vrste\/"},"wordCount":141,"publisher":{"@id":"https:\/\/hudo.com\/si\/#organization"},"articleSection":["Aktualno"],"inLanguage":"sl-SI"},{"@type":"WebPage","@id":"https:\/\/hudo.com\/si\/aktualno\/zgodovina-primorskih-novic-iz-prve-vrste\/","url":"https:\/\/hudo.com\/si\/aktualno\/zgodovina-primorskih-novic-iz-prve-vrste\/","name":"Zgodovina Primorskih novic iz prve vrste - Hudo Slovenija","isPartOf":{"@id":"https:\/\/hudo.com\/si\/#website"},"datePublished":"2017-11-09T15:00:00+00:00","dateModified":"2017-11-09T15:00:00+00:00","breadcrumb":{"@id":"https:\/\/hudo.com\/si\/aktualno\/zgodovina-primorskih-novic-iz-prve-vrste\/#breadcrumb"},"inLanguage":"sl-SI","potentialAction":[{"@type":"ReadAction","target":["https:\/\/hudo.com\/si\/aktualno\/zgodovina-primorskih-novic-iz-prve-vrste\/"]}]},{"@type":"BreadcrumbList","@id":"https:\/\/hudo.com\/si\/aktualno\/zgodovina-primorskih-novic-iz-prve-vrste\/#breadcrumb","itemListElement":[{"@type":"ListItem","position":1,"name":"Home","item":"https:\/\/hudo.com\/si\/"},{"@type":"ListItem","position":2,"name":"Zgodovina Primorskih novic iz prve vrste"}]},{"@type":"WebSite","@id":"https:\/\/hudo.com\/si\/#website","url":"https:\/\/hudo.com\/si\/","name":"Hudo Slovenija","description":"Vse novice iz Slovenije in sveta","publisher":{"@id":"https:\/\/hudo.com\/si\/#organization"},"potentialAction":[{"@type":"SearchAction","target":{"@type":"EntryPoint","urlTemplate":"https:\/\/hudo.com\/si\/?s={search_term_string}"},"query-input":"required name=search_term_string"}],"inLanguage":"sl-SI"},{"@type":"Organization","@id":"https:\/\/hudo.com\/si\/#organization","name":"VSN Media","url":"https:\/\/hudo.com\/si\/","logo":{"@type":"ImageObject","inLanguage":"sl-SI","@id":"https:\/\/hudo.com\/si\/#\/schema\/logo\/image\/","url":"https:\/\/hudo.com\/si\/wp-content\/uploads\/sites\/2\/2021\/03\/hudo-app-2.png","contentUrl":"https:\/\/hudo.com\/si\/wp-content\/uploads\/sites\/2\/2021\/03\/hudo-app-2.png","width":2185,"height":2167,"caption":"VSN Media"},"image":{"@id":"https:\/\/hudo.com\/si\/#\/schema\/logo\/image\/"},"sameAs":["https:\/\/www.facebook.com\/hudo.si","https:\/\/twitter.com\/hudo_si"]},{"@type":"Person","@id":"https:\/\/hudo.com\/si\/#\/schema\/person\/601cf3379633985b20f7e50f2bb47707","name":"hudo","image":{"@type":"ImageObject","inLanguage":"sl-SI","@id":"https:\/\/hudo.com\/si\/#\/schema\/person\/image\/","url":"https:\/\/secure.gravatar.com\/avatar\/c4ca25fa72cace7a696b52ff5db9e095?s=96&d=mm&r=g","contentUrl":"https:\/\/secure.gravatar.com\/avatar\/c4ca25fa72cace7a696b52ff5db9e095?s=96&d=mm&r=g","caption":"hudo"},"url":"https:\/\/hudo.com\/si\/author\/hudo\/"}]}},"amp_enabled":true,"_links":{"self":[{"href":"https:\/\/hudo.com\/si\/wp-json\/wp\/v2\/posts\/319854"}],"collection":[{"href":"https:\/\/hudo.com\/si\/wp-json\/wp\/v2\/posts"}],"about":[{"href":"https:\/\/hudo.com\/si\/wp-json\/wp\/v2\/types\/post"}],"author":[{"embeddable":true,"href":"https:\/\/hudo.com\/si\/wp-json\/wp\/v2\/users\/1"}],"replies":[{"embeddable":true,"href":"https:\/\/hudo.com\/si\/wp-json\/wp\/v2\/comments?post=319854"}],"version-history":[{"count":0,"href":"https:\/\/hudo.com\/si\/wp-json\/wp\/v2\/posts\/319854\/revisions"}],"wp:attachment":[{"href":"https:\/\/hudo.com\/si\/wp-json\/wp\/v2\/media?parent=319854"}],"wp:term":[{"taxonomy":"category","embeddable":true,"href":"https:\/\/hudo.com\/si\/wp-json\/wp\/v2\/categories?post=319854"},{"taxonomy":"post_tag","embeddable":true,"href":"https:\/\/hudo.com\/si\/wp-json\/wp\/v2\/tags?post=319854"},{"taxonomy":"source","embeddable":true,"href":"https:\/\/hudo.com\/si\/wp-json\/wp\/v2\/source?post=319854"},{"taxonomy":"supertag","embeddable":true,"href":"https:\/\/hudo.com\/si\/wp-json\/wp\/v2\/supertag?post=319854"}],"curies":[{"name":"wp","href":"https:\/\/api.w.org\/{rel}","templated":true}]}}