{"id":319858,"date":"2017-11-09T15:46:00","date_gmt":"2017-11-09T14:46:00","guid":{"rendered":"http:\/\/hudo.com\/si\/2017\/11\/09\/janus-izbral-sedmerico-za-wislo\/"},"modified":"2017-11-09T15:46:00","modified_gmt":"2017-11-09T14:46:00","slug":"janus-izbral-sedmerico-za-wislo","status":"publish","type":"post","link":"https:\/\/hudo.com\/si\/aktualno\/janus-izbral-sedmerico-za-wislo\/","title":{"rendered":"Janus izbral sedmerico za Wislo"},"content":{"rendered":"<p>Kategorija: Zimski Thu, 09 Nov 2017 16:46:00 +0100  Kranj &#8211; Olimpijsko sezono bodo prihodnji konec tedna z uvodnima preizku\u0161njama svetovnega pokala v poljski Wisli (v petek bodo na sporedu kvalifikacije, v soboto ekipna tekma pod \u017earometi in v nedeljo \u0161e posami\u010dna) odprli tudi smu\u010darji skakalci. Glavni trener slovenske reprezentance Goran Janus je po treningih v Oberstdorfu in Kranju na ledeni smu\u010dini \u017ee dolo\u010dil sedmerico tekmovalcev, ki bodo nastopili na Poljskem. Med elito se bodo merili Peter Prevc, Robert Kranjec, Jurij Tepe\u0161, An\u017ee Lani\u0161ek, An\u017ee Semeni\u010d, Tilen Bartol in poletni dr\u017eavni prvak Timi Zajc, za katerega bo to sploh krstni nastop na tekmah najvi\u0161je ravni. Na\u0161i orli so sicer po koncu poletne sezone in dr\u017eavnem prvenstvu v Kranju od\u0161li na aktivni oddih na Tenerife, nato pa se hitro vrnili na skakalnice. V Nem\u010diji \u017ee tradicionalno opravijo prve skoke na ledeni\u00a0&#8230;<\/p>\n","protected":false},"excerpt":{"rendered":"<p>Kategorija: Zimski Thu, 09 Nov 2017 16:46:00 +0100  Kranj &#8211; Olimpijsko sezono bodo prihodnji konec tedna z uvodnima preizku\u0161njama svetovnega pokala v poljski Wisli (v petek bodo na sporedu kvalifikacije, v soboto ekipna tekma pod \u017earometi in v nedeljo \u0161e posami\u010dna) odprli tudi smu\u010darji skakalci. Glavni trener slovenske reprezentance Goran Janus je po treningih v Oberstdorfu in Kranju na ledeni smu\u010dini \u017ee dolo\u010dil sedmerico tekmovalcev, ki bodo nastopili na Poljskem. Med elito se bodo merili Peter Prevc, Robert Kranjec, Jurij Tepe\u0161, An\u017ee Lani\u0161ek, An\u017ee Semeni\u010d, Tilen Bartol in poletni dr\u017eavni prvak Timi Zajc, za katerega bo to sploh krstni nastop na tekmah najvi\u0161je ravni. Na\u0161i orli so sicer po koncu poletne sezone in dr\u017eavnem prvenstvu v Kranju od\u0161li na aktivni oddih na Tenerife, nato pa se hitro vrnili na skakalnice. V Nem\u010diji \u017ee tradicionalno opravijo prve skoke na ledeni\u00a0&#8230;<\/p>\n","protected":false},"author":1,"featured_media":0,"comment_status":"closed","ping_status":"closed","sticky":false,"template":"","format":"standard","meta":{"footnotes":""},"categories":[1179],"tags":[],"source":[1703],"supertag":[],"acf":[],"yoast_head":"<!-- This site is optimized with the Yoast SEO plugin v21.3 - https:\/\/yoast.com\/wordpress\/plugins\/seo\/ -->\n<title>Janus izbral sedmerico za Wislo - Hudo Slovenija<\/title>\n<meta name=\"robots\" content=\"index, follow, max-snippet:-1, max-image-preview:large, max-video-preview:-1\" \/>\n<link rel=\"canonical\" href=\"https:\/\/hudo.com\/si\/aktualno\/janus-izbral-sedmerico-za-wislo\/\" \/>\n<meta property=\"og:locale\" content=\"sl_SI\" \/>\n<meta property=\"og:type\" content=\"article\" \/>\n<meta property=\"og:title\" content=\"Janus izbral sedmerico za Wislo - Hudo Slovenija\" \/>\n<meta property=\"og:description\" content=\"Kategorija: Zimski Thu, 09 Nov 2017 16:46:00 +0100 Kranj - Olimpijsko sezono bodo prihodnji konec tedna z uvodnima preizku\u0161njama svetovnega pokala v poljski Wisli (v petek bodo na sporedu kvalifikacije, v soboto ekipna tekma pod \u017earometi in v nedeljo \u0161e posami\u010dna) odprli tudi smu\u010darji skakalci. Glavni trener slovenske reprezentance Goran Janus je po treningih v Oberstdorfu in Kranju na ledeni smu\u010dini \u017ee dolo\u010dil sedmerico tekmovalcev, ki bodo nastopili na Poljskem. Med elito se bodo merili Peter Prevc, Robert Kranjec, Jurij Tepe\u0161, An\u017ee Lani\u0161ek, An\u017ee Semeni\u010d, Tilen Bartol in poletni dr\u017eavni prvak Timi Zajc, za katerega bo to sploh krstni nastop na tekmah najvi\u0161je ravni. Na\u0161i orli so sicer po koncu poletne sezone in dr\u017eavnem prvenstvu v Kranju od\u0161li na aktivni oddih na Tenerife, nato pa se hitro vrnili na skakalnice. V Nem\u010diji \u017ee tradicionalno opravijo prve skoke na ledeni\u00a0...\" \/>\n<meta property=\"og:url\" content=\"https:\/\/hudo.com\/si\/aktualno\/janus-izbral-sedmerico-za-wislo\/\" \/>\n<meta property=\"og:site_name\" content=\"Hudo Slovenija\" \/>\n<meta property=\"article:publisher\" content=\"https:\/\/www.facebook.com\/hudo.si\" \/>\n<meta property=\"article:published_time\" content=\"2017-11-09T14:46:00+00:00\" \/>\n<meta property=\"og:image\" content=\"https:\/\/hudo.com\/si\/wp-content\/uploads\/sites\/2\/2017\/11\/480x290_djvu_2598766_janezp_bsa-Prevc.jpeg\" \/>\n\t<meta property=\"og:image:width\" content=\"480\" \/>\n\t<meta property=\"og:image:height\" content=\"290\" \/>\n\t<meta property=\"og:image:type\" content=\"image\/jpeg\" \/>\n<meta name=\"author\" content=\"hudo\" \/>\n<meta name=\"twitter:card\" content=\"summary_large_image\" \/>\n<meta name=\"twitter:creator\" content=\"@hudo_si\" \/>\n<meta name=\"twitter:site\" content=\"@hudo_si\" \/>\n<meta name=\"twitter:label1\" content=\"Written by\" \/>\n\t<meta name=\"twitter:data1\" content=\"hudo\" \/>\n\t<meta name=\"twitter:label2\" content=\"Est. reading time\" \/>\n\t<meta name=\"twitter:data2\" content=\"1 minuta\" \/>\n<script type=\"application\/ld+json\" class=\"yoast-schema-graph\">{\"@context\":\"https:\/\/schema.org\",\"@graph\":[{\"@type\":\"Article\",\"@id\":\"https:\/\/hudo.com\/si\/aktualno\/janus-izbral-sedmerico-za-wislo\/#article\",\"isPartOf\":{\"@id\":\"https:\/\/hudo.com\/si\/aktualno\/janus-izbral-sedmerico-za-wislo\/\"},\"author\":{\"name\":\"hudo\",\"@id\":\"https:\/\/hudo.com\/si\/#\/schema\/person\/601cf3379633985b20f7e50f2bb47707\"},\"headline\":\"Janus izbral sedmerico za Wislo\",\"datePublished\":\"2017-11-09T14:46:00+00:00\",\"dateModified\":\"2017-11-09T14:46:00+00:00\",\"mainEntityOfPage\":{\"@id\":\"https:\/\/hudo.com\/si\/aktualno\/janus-izbral-sedmerico-za-wislo\/\"},\"wordCount\":154,\"publisher\":{\"@id\":\"https:\/\/hudo.com\/si\/#organization\"},\"articleSection\":[\"Aktualno\"],\"inLanguage\":\"sl-SI\"},{\"@type\":\"WebPage\",\"@id\":\"https:\/\/hudo.com\/si\/aktualno\/janus-izbral-sedmerico-za-wislo\/\",\"url\":\"https:\/\/hudo.com\/si\/aktualno\/janus-izbral-sedmerico-za-wislo\/\",\"name\":\"Janus izbral sedmerico za Wislo - Hudo Slovenija\",\"isPartOf\":{\"@id\":\"https:\/\/hudo.com\/si\/#website\"},\"datePublished\":\"2017-11-09T14:46:00+00:00\",\"dateModified\":\"2017-11-09T14:46:00+00:00\",\"breadcrumb\":{\"@id\":\"https:\/\/hudo.com\/si\/aktualno\/janus-izbral-sedmerico-za-wislo\/#breadcrumb\"},\"inLanguage\":\"sl-SI\",\"potentialAction\":[{\"@type\":\"ReadAction\",\"target\":[\"https:\/\/hudo.com\/si\/aktualno\/janus-izbral-sedmerico-za-wislo\/\"]}]},{\"@type\":\"BreadcrumbList\",\"@id\":\"https:\/\/hudo.com\/si\/aktualno\/janus-izbral-sedmerico-za-wislo\/#breadcrumb\",\"itemListElement\":[{\"@type\":\"ListItem\",\"position\":1,\"name\":\"Home\",\"item\":\"https:\/\/hudo.com\/si\/\"},{\"@type\":\"ListItem\",\"position\":2,\"name\":\"Janus izbral sedmerico za Wislo\"}]},{\"@type\":\"WebSite\",\"@id\":\"https:\/\/hudo.com\/si\/#website\",\"url\":\"https:\/\/hudo.com\/si\/\",\"name\":\"Hudo Slovenija\",\"description\":\"Vse novice iz Slovenije in sveta\",\"publisher\":{\"@id\":\"https:\/\/hudo.com\/si\/#organization\"},\"potentialAction\":[{\"@type\":\"SearchAction\",\"target\":{\"@type\":\"EntryPoint\",\"urlTemplate\":\"https:\/\/hudo.com\/si\/?s={search_term_string}\"},\"query-input\":\"required name=search_term_string\"}],\"inLanguage\":\"sl-SI\"},{\"@type\":\"Organization\",\"@id\":\"https:\/\/hudo.com\/si\/#organization\",\"name\":\"VSN Media\",\"url\":\"https:\/\/hudo.com\/si\/\",\"logo\":{\"@type\":\"ImageObject\",\"inLanguage\":\"sl-SI\",\"@id\":\"https:\/\/hudo.com\/si\/#\/schema\/logo\/image\/\",\"url\":\"https:\/\/hudo.com\/si\/wp-content\/uploads\/sites\/2\/2021\/03\/hudo-app-2.png\",\"contentUrl\":\"https:\/\/hudo.com\/si\/wp-content\/uploads\/sites\/2\/2021\/03\/hudo-app-2.png\",\"width\":2185,\"height\":2167,\"caption\":\"VSN Media\"},\"image\":{\"@id\":\"https:\/\/hudo.com\/si\/#\/schema\/logo\/image\/\"},\"sameAs\":[\"https:\/\/www.facebook.com\/hudo.si\",\"https:\/\/twitter.com\/hudo_si\"]},{\"@type\":\"Person\",\"@id\":\"https:\/\/hudo.com\/si\/#\/schema\/person\/601cf3379633985b20f7e50f2bb47707\",\"name\":\"hudo\",\"image\":{\"@type\":\"ImageObject\",\"inLanguage\":\"sl-SI\",\"@id\":\"https:\/\/hudo.com\/si\/#\/schema\/person\/image\/\",\"url\":\"https:\/\/secure.gravatar.com\/avatar\/c4ca25fa72cace7a696b52ff5db9e095?s=96&d=mm&r=g\",\"contentUrl\":\"https:\/\/secure.gravatar.com\/avatar\/c4ca25fa72cace7a696b52ff5db9e095?s=96&d=mm&r=g\",\"caption\":\"hudo\"},\"url\":\"https:\/\/hudo.com\/si\/author\/hudo\/\"}]}<\/script>\n<!-- \/ Yoast SEO plugin. -->","yoast_head_json":{"title":"Janus izbral sedmerico za Wislo - Hudo Slovenija","robots":{"index":"index","follow":"follow","max-snippet":"max-snippet:-1","max-image-preview":"max-image-preview:large","max-video-preview":"max-video-preview:-1"},"canonical":"https:\/\/hudo.com\/si\/aktualno\/janus-izbral-sedmerico-za-wislo\/","og_locale":"sl_SI","og_type":"article","og_title":"Janus izbral sedmerico za Wislo - Hudo Slovenija","og_description":"Kategorija: Zimski Thu, 09 Nov 2017 16:46:00 +0100 Kranj - Olimpijsko sezono bodo prihodnji konec tedna z uvodnima preizku\u0161njama svetovnega pokala v poljski Wisli (v petek bodo na sporedu kvalifikacije, v soboto ekipna tekma pod \u017earometi in v nedeljo \u0161e posami\u010dna) odprli tudi smu\u010darji skakalci. Glavni trener slovenske reprezentance Goran Janus je po treningih v Oberstdorfu in Kranju na ledeni smu\u010dini \u017ee dolo\u010dil sedmerico tekmovalcev, ki bodo nastopili na Poljskem. Med elito se bodo merili Peter Prevc, Robert Kranjec, Jurij Tepe\u0161, An\u017ee Lani\u0161ek, An\u017ee Semeni\u010d, Tilen Bartol in poletni dr\u017eavni prvak Timi Zajc, za katerega bo to sploh krstni nastop na tekmah najvi\u0161je ravni. Na\u0161i orli so sicer po koncu poletne sezone in dr\u017eavnem prvenstvu v Kranju od\u0161li na aktivni oddih na Tenerife, nato pa se hitro vrnili na skakalnice. V Nem\u010diji \u017ee tradicionalno opravijo prve skoke na ledeni\u00a0...","og_url":"https:\/\/hudo.com\/si\/aktualno\/janus-izbral-sedmerico-za-wislo\/","og_site_name":"Hudo Slovenija","article_publisher":"https:\/\/www.facebook.com\/hudo.si","article_published_time":"2017-11-09T14:46:00+00:00","og_image":[{"width":480,"height":290,"url":"https:\/\/hudo.com\/si\/wp-content\/uploads\/sites\/2\/2017\/11\/480x290_djvu_2598766_janezp_bsa-Prevc.jpeg","type":"image\/jpeg"}],"author":"hudo","twitter_card":"summary_large_image","twitter_creator":"@hudo_si","twitter_site":"@hudo_si","twitter_misc":{"Written by":"hudo","Est. reading time":"1 minuta"},"schema":{"@context":"https:\/\/schema.org","@graph":[{"@type":"Article","@id":"https:\/\/hudo.com\/si\/aktualno\/janus-izbral-sedmerico-za-wislo\/#article","isPartOf":{"@id":"https:\/\/hudo.com\/si\/aktualno\/janus-izbral-sedmerico-za-wislo\/"},"author":{"name":"hudo","@id":"https:\/\/hudo.com\/si\/#\/schema\/person\/601cf3379633985b20f7e50f2bb47707"},"headline":"Janus izbral sedmerico za Wislo","datePublished":"2017-11-09T14:46:00+00:00","dateModified":"2017-11-09T14:46:00+00:00","mainEntityOfPage":{"@id":"https:\/\/hudo.com\/si\/aktualno\/janus-izbral-sedmerico-za-wislo\/"},"wordCount":154,"publisher":{"@id":"https:\/\/hudo.com\/si\/#organization"},"articleSection":["Aktualno"],"inLanguage":"sl-SI"},{"@type":"WebPage","@id":"https:\/\/hudo.com\/si\/aktualno\/janus-izbral-sedmerico-za-wislo\/","url":"https:\/\/hudo.com\/si\/aktualno\/janus-izbral-sedmerico-za-wislo\/","name":"Janus izbral sedmerico za Wislo - Hudo Slovenija","isPartOf":{"@id":"https:\/\/hudo.com\/si\/#website"},"datePublished":"2017-11-09T14:46:00+00:00","dateModified":"2017-11-09T14:46:00+00:00","breadcrumb":{"@id":"https:\/\/hudo.com\/si\/aktualno\/janus-izbral-sedmerico-za-wislo\/#breadcrumb"},"inLanguage":"sl-SI","potentialAction":[{"@type":"ReadAction","target":["https:\/\/hudo.com\/si\/aktualno\/janus-izbral-sedmerico-za-wislo\/"]}]},{"@type":"BreadcrumbList","@id":"https:\/\/hudo.com\/si\/aktualno\/janus-izbral-sedmerico-za-wislo\/#breadcrumb","itemListElement":[{"@type":"ListItem","position":1,"name":"Home","item":"https:\/\/hudo.com\/si\/"},{"@type":"ListItem","position":2,"name":"Janus izbral sedmerico za Wislo"}]},{"@type":"WebSite","@id":"https:\/\/hudo.com\/si\/#website","url":"https:\/\/hudo.com\/si\/","name":"Hudo Slovenija","description":"Vse novice iz Slovenije in sveta","publisher":{"@id":"https:\/\/hudo.com\/si\/#organization"},"potentialAction":[{"@type":"SearchAction","target":{"@type":"EntryPoint","urlTemplate":"https:\/\/hudo.com\/si\/?s={search_term_string}"},"query-input":"required name=search_term_string"}],"inLanguage":"sl-SI"},{"@type":"Organization","@id":"https:\/\/hudo.com\/si\/#organization","name":"VSN Media","url":"https:\/\/hudo.com\/si\/","logo":{"@type":"ImageObject","inLanguage":"sl-SI","@id":"https:\/\/hudo.com\/si\/#\/schema\/logo\/image\/","url":"https:\/\/hudo.com\/si\/wp-content\/uploads\/sites\/2\/2021\/03\/hudo-app-2.png","contentUrl":"https:\/\/hudo.com\/si\/wp-content\/uploads\/sites\/2\/2021\/03\/hudo-app-2.png","width":2185,"height":2167,"caption":"VSN Media"},"image":{"@id":"https:\/\/hudo.com\/si\/#\/schema\/logo\/image\/"},"sameAs":["https:\/\/www.facebook.com\/hudo.si","https:\/\/twitter.com\/hudo_si"]},{"@type":"Person","@id":"https:\/\/hudo.com\/si\/#\/schema\/person\/601cf3379633985b20f7e50f2bb47707","name":"hudo","image":{"@type":"ImageObject","inLanguage":"sl-SI","@id":"https:\/\/hudo.com\/si\/#\/schema\/person\/image\/","url":"https:\/\/secure.gravatar.com\/avatar\/c4ca25fa72cace7a696b52ff5db9e095?s=96&d=mm&r=g","contentUrl":"https:\/\/secure.gravatar.com\/avatar\/c4ca25fa72cace7a696b52ff5db9e095?s=96&d=mm&r=g","caption":"hudo"},"url":"https:\/\/hudo.com\/si\/author\/hudo\/"}]}},"amp_enabled":true,"_links":{"self":[{"href":"https:\/\/hudo.com\/si\/wp-json\/wp\/v2\/posts\/319858"}],"collection":[{"href":"https:\/\/hudo.com\/si\/wp-json\/wp\/v2\/posts"}],"about":[{"href":"https:\/\/hudo.com\/si\/wp-json\/wp\/v2\/types\/post"}],"author":[{"embeddable":true,"href":"https:\/\/hudo.com\/si\/wp-json\/wp\/v2\/users\/1"}],"replies":[{"embeddable":true,"href":"https:\/\/hudo.com\/si\/wp-json\/wp\/v2\/comments?post=319858"}],"version-history":[{"count":0,"href":"https:\/\/hudo.com\/si\/wp-json\/wp\/v2\/posts\/319858\/revisions"}],"wp:attachment":[{"href":"https:\/\/hudo.com\/si\/wp-json\/wp\/v2\/media?parent=319858"}],"wp:term":[{"taxonomy":"category","embeddable":true,"href":"https:\/\/hudo.com\/si\/wp-json\/wp\/v2\/categories?post=319858"},{"taxonomy":"post_tag","embeddable":true,"href":"https:\/\/hudo.com\/si\/wp-json\/wp\/v2\/tags?post=319858"},{"taxonomy":"source","embeddable":true,"href":"https:\/\/hudo.com\/si\/wp-json\/wp\/v2\/source?post=319858"},{"taxonomy":"supertag","embeddable":true,"href":"https:\/\/hudo.com\/si\/wp-json\/wp\/v2\/supertag?post=319858"}],"curies":[{"name":"wp","href":"https:\/\/api.w.org\/{rel}","templated":true}]}}