{"id":319864,"date":"2017-11-09T15:18:00","date_gmt":"2017-11-09T14:18:00","guid":{"rendered":"http:\/\/hudo.com\/si\/2017\/11\/09\/v-dopinskem-vrtincu-tudi-dvakrat-srebrni-vilegzanin\/"},"modified":"2017-11-09T15:18:00","modified_gmt":"2017-11-09T14:18:00","slug":"v-dopinskem-vrtincu-tudi-dvakrat-srebrni-vilegzanin","status":"publish","type":"post","link":"https:\/\/hudo.com\/si\/aktualno\/v-dopinskem-vrtincu-tudi-dvakrat-srebrni-vilegzanin\/","title":{"rendered":"V dopin\u0161kem vrtincu tudi dvakrat srebrni Vileg\u017eanin"},"content":{"rendered":"<p>Kategorija: Zimski Thu, 09 Nov 2017 16:18:00 +0100  Lozana &#8211; \u0160tevilo kolajn ruskih \u0161portnikov na prej\u0161njih zimskih olimpijskih igrah leta 2014 v doma\u010dem So\u010diju je vse manj\u0161e. Od danes je osiroma\u0161eno \u0161e za dodatni dve odli\u010dji, ki jih je Mednarodni olimpijski komite (MOK) odvzel zaradi zlorabe prepovedanih substanc, poro\u010da STA. Tako je brez kolajn srebrnega leska, ki jih je osvojil na preizku\u0161nji na 50 kilometrov in v \u0161tafeti na 4 x 10 kilometrov, ostal \u0161e izku\u0161eni smu\u010darski teka\u010d Maksim Vileg\u017eanin, ki je sredi oktobra dopolnil 35 let. Poleg njega je MOK kaznoval \u0161e njegove rojake Alekseja Petuhova, Jevgenijo \u0160apalovo in Julijo Ivanovo, ravno tako smu\u010darske teka\u010de, ki pa v So\u010diju niso posegli po zmagovalnem odru. \u017de minuli teden si je dosmrtno prepoved nastopanja zavoljo dopin\u0161kega prekr\u0161ka prislu\u017eil tudi Aleksandr Legkov, ki se je na prej\u0161njih olimpijskih igrah okitil z\u00a0&#8230;<\/p>\n","protected":false},"excerpt":{"rendered":"<p>Kategorija: Zimski Thu, 09 Nov 2017 16:18:00 +0100  Lozana &#8211; \u0160tevilo kolajn ruskih \u0161portnikov na prej\u0161njih zimskih olimpijskih igrah leta 2014 v doma\u010dem So\u010diju je vse manj\u0161e. Od danes je osiroma\u0161eno \u0161e za dodatni dve odli\u010dji, ki jih je Mednarodni olimpijski komite (MOK) odvzel zaradi zlorabe prepovedanih substanc, poro\u010da STA. Tako je brez kolajn srebrnega leska, ki jih je osvojil na preizku\u0161nji na 50 kilometrov in v \u0161tafeti na 4 x 10 kilometrov, ostal \u0161e izku\u0161eni smu\u010darski teka\u010d Maksim Vileg\u017eanin, ki je sredi oktobra dopolnil 35 let. Poleg njega je MOK kaznoval \u0161e njegove rojake Alekseja Petuhova, Jevgenijo \u0160apalovo in Julijo Ivanovo, ravno tako smu\u010darske teka\u010de, ki pa v So\u010diju niso posegli po zmagovalnem odru. \u017de minuli teden si je dosmrtno prepoved nastopanja zavoljo dopin\u0161kega prekr\u0161ka prislu\u017eil tudi Aleksandr Legkov, ki se je na prej\u0161njih olimpijskih igrah okitil z\u00a0&#8230;<\/p>\n","protected":false},"author":1,"featured_media":0,"comment_status":"closed","ping_status":"closed","sticky":false,"template":"","format":"standard","meta":{"footnotes":""},"categories":[1179],"tags":[],"source":[1703],"supertag":[],"acf":[],"yoast_head":"<!-- This site is optimized with the Yoast SEO plugin v21.3 - https:\/\/yoast.com\/wordpress\/plugins\/seo\/ -->\n<title>V dopin\u0161kem vrtincu tudi dvakrat srebrni Vileg\u017eanin - Hudo Slovenija<\/title>\n<meta name=\"robots\" content=\"index, follow, max-snippet:-1, max-image-preview:large, max-video-preview:-1\" \/>\n<link rel=\"canonical\" href=\"https:\/\/hudo.com\/si\/aktualno\/v-dopinskem-vrtincu-tudi-dvakrat-srebrni-vilegzanin\/\" \/>\n<meta property=\"og:locale\" content=\"sl_SI\" \/>\n<meta property=\"og:type\" content=\"article\" \/>\n<meta property=\"og:title\" content=\"V dopin\u0161kem vrtincu tudi dvakrat srebrni Vileg\u017eanin - Hudo Slovenija\" \/>\n<meta property=\"og:description\" content=\"Kategorija: Zimski Thu, 09 Nov 2017 16:18:00 +0100 Lozana - \u0160tevilo kolajn ruskih \u0161portnikov na prej\u0161njih zimskih olimpijskih igrah leta 2014 v doma\u010dem So\u010diju je vse manj\u0161e. Od danes je osiroma\u0161eno \u0161e za dodatni dve odli\u010dji, ki jih je Mednarodni olimpijski komite (MOK) odvzel zaradi zlorabe prepovedanih substanc, poro\u010da STA. Tako je brez kolajn srebrnega leska, ki jih je osvojil na preizku\u0161nji na 50 kilometrov in v \u0161tafeti na 4 x 10 kilometrov, ostal \u0161e izku\u0161eni smu\u010darski teka\u010d Maksim Vileg\u017eanin, ki je sredi oktobra dopolnil 35 let. Poleg njega je MOK kaznoval \u0161e njegove rojake Alekseja Petuhova, Jevgenijo \u0160apalovo in Julijo Ivanovo, ravno tako smu\u010darske teka\u010de, ki pa v So\u010diju niso posegli po zmagovalnem odru. \u017de minuli teden si je dosmrtno prepoved nastopanja zavoljo dopin\u0161kega prekr\u0161ka prislu\u017eil tudi Aleksandr Legkov, ki se je na prej\u0161njih olimpijskih igrah okitil z\u00a0...\" \/>\n<meta property=\"og:url\" content=\"https:\/\/hudo.com\/si\/aktualno\/v-dopinskem-vrtincu-tudi-dvakrat-srebrni-vilegzanin\/\" \/>\n<meta property=\"og:site_name\" content=\"Hudo Slovenija\" \/>\n<meta property=\"article:publisher\" content=\"https:\/\/www.facebook.com\/hudo.si\" \/>\n<meta property=\"article:published_time\" content=\"2017-11-09T14:18:00+00:00\" \/>\n<meta property=\"og:image\" content=\"https:\/\/hudo.com\/si\/wp-content\/uploads\/sites\/2\/2017\/11\/480x290_AP_Pictures-20171109141241-12626400.jpeg\" \/>\n\t<meta property=\"og:image:width\" content=\"480\" \/>\n\t<meta property=\"og:image:height\" content=\"290\" \/>\n\t<meta property=\"og:image:type\" content=\"image\/jpeg\" \/>\n<meta name=\"author\" content=\"hudo\" \/>\n<meta name=\"twitter:card\" content=\"summary_large_image\" \/>\n<meta name=\"twitter:creator\" content=\"@hudo_si\" \/>\n<meta name=\"twitter:site\" content=\"@hudo_si\" \/>\n<meta name=\"twitter:label1\" content=\"Written by\" \/>\n\t<meta name=\"twitter:data1\" content=\"hudo\" \/>\n\t<meta name=\"twitter:label2\" content=\"Est. reading time\" \/>\n\t<meta name=\"twitter:data2\" content=\"1 minuta\" \/>\n<script type=\"application\/ld+json\" class=\"yoast-schema-graph\">{\"@context\":\"https:\/\/schema.org\",\"@graph\":[{\"@type\":\"Article\",\"@id\":\"https:\/\/hudo.com\/si\/aktualno\/v-dopinskem-vrtincu-tudi-dvakrat-srebrni-vilegzanin\/#article\",\"isPartOf\":{\"@id\":\"https:\/\/hudo.com\/si\/aktualno\/v-dopinskem-vrtincu-tudi-dvakrat-srebrni-vilegzanin\/\"},\"author\":{\"name\":\"hudo\",\"@id\":\"https:\/\/hudo.com\/si\/#\/schema\/person\/601cf3379633985b20f7e50f2bb47707\"},\"headline\":\"V dopin\u0161kem vrtincu tudi dvakrat srebrni Vileg\u017eanin\",\"datePublished\":\"2017-11-09T14:18:00+00:00\",\"dateModified\":\"2017-11-09T14:18:00+00:00\",\"mainEntityOfPage\":{\"@id\":\"https:\/\/hudo.com\/si\/aktualno\/v-dopinskem-vrtincu-tudi-dvakrat-srebrni-vilegzanin\/\"},\"wordCount\":157,\"publisher\":{\"@id\":\"https:\/\/hudo.com\/si\/#organization\"},\"articleSection\":[\"Aktualno\"],\"inLanguage\":\"sl-SI\"},{\"@type\":\"WebPage\",\"@id\":\"https:\/\/hudo.com\/si\/aktualno\/v-dopinskem-vrtincu-tudi-dvakrat-srebrni-vilegzanin\/\",\"url\":\"https:\/\/hudo.com\/si\/aktualno\/v-dopinskem-vrtincu-tudi-dvakrat-srebrni-vilegzanin\/\",\"name\":\"V dopin\u0161kem vrtincu tudi dvakrat srebrni Vileg\u017eanin - Hudo Slovenija\",\"isPartOf\":{\"@id\":\"https:\/\/hudo.com\/si\/#website\"},\"datePublished\":\"2017-11-09T14:18:00+00:00\",\"dateModified\":\"2017-11-09T14:18:00+00:00\",\"breadcrumb\":{\"@id\":\"https:\/\/hudo.com\/si\/aktualno\/v-dopinskem-vrtincu-tudi-dvakrat-srebrni-vilegzanin\/#breadcrumb\"},\"inLanguage\":\"sl-SI\",\"potentialAction\":[{\"@type\":\"ReadAction\",\"target\":[\"https:\/\/hudo.com\/si\/aktualno\/v-dopinskem-vrtincu-tudi-dvakrat-srebrni-vilegzanin\/\"]}]},{\"@type\":\"BreadcrumbList\",\"@id\":\"https:\/\/hudo.com\/si\/aktualno\/v-dopinskem-vrtincu-tudi-dvakrat-srebrni-vilegzanin\/#breadcrumb\",\"itemListElement\":[{\"@type\":\"ListItem\",\"position\":1,\"name\":\"Home\",\"item\":\"https:\/\/hudo.com\/si\/\"},{\"@type\":\"ListItem\",\"position\":2,\"name\":\"V dopin\u0161kem vrtincu tudi dvakrat srebrni Vileg\u017eanin\"}]},{\"@type\":\"WebSite\",\"@id\":\"https:\/\/hudo.com\/si\/#website\",\"url\":\"https:\/\/hudo.com\/si\/\",\"name\":\"Hudo Slovenija\",\"description\":\"Vse novice iz Slovenije in sveta\",\"publisher\":{\"@id\":\"https:\/\/hudo.com\/si\/#organization\"},\"potentialAction\":[{\"@type\":\"SearchAction\",\"target\":{\"@type\":\"EntryPoint\",\"urlTemplate\":\"https:\/\/hudo.com\/si\/?s={search_term_string}\"},\"query-input\":\"required name=search_term_string\"}],\"inLanguage\":\"sl-SI\"},{\"@type\":\"Organization\",\"@id\":\"https:\/\/hudo.com\/si\/#organization\",\"name\":\"VSN Media\",\"url\":\"https:\/\/hudo.com\/si\/\",\"logo\":{\"@type\":\"ImageObject\",\"inLanguage\":\"sl-SI\",\"@id\":\"https:\/\/hudo.com\/si\/#\/schema\/logo\/image\/\",\"url\":\"https:\/\/hudo.com\/si\/wp-content\/uploads\/sites\/2\/2021\/03\/hudo-app-2.png\",\"contentUrl\":\"https:\/\/hudo.com\/si\/wp-content\/uploads\/sites\/2\/2021\/03\/hudo-app-2.png\",\"width\":2185,\"height\":2167,\"caption\":\"VSN Media\"},\"image\":{\"@id\":\"https:\/\/hudo.com\/si\/#\/schema\/logo\/image\/\"},\"sameAs\":[\"https:\/\/www.facebook.com\/hudo.si\",\"https:\/\/twitter.com\/hudo_si\"]},{\"@type\":\"Person\",\"@id\":\"https:\/\/hudo.com\/si\/#\/schema\/person\/601cf3379633985b20f7e50f2bb47707\",\"name\":\"hudo\",\"image\":{\"@type\":\"ImageObject\",\"inLanguage\":\"sl-SI\",\"@id\":\"https:\/\/hudo.com\/si\/#\/schema\/person\/image\/\",\"url\":\"https:\/\/secure.gravatar.com\/avatar\/c4ca25fa72cace7a696b52ff5db9e095?s=96&d=mm&r=g\",\"contentUrl\":\"https:\/\/secure.gravatar.com\/avatar\/c4ca25fa72cace7a696b52ff5db9e095?s=96&d=mm&r=g\",\"caption\":\"hudo\"},\"url\":\"https:\/\/hudo.com\/si\/author\/hudo\/\"}]}<\/script>\n<!-- \/ Yoast SEO plugin. -->","yoast_head_json":{"title":"V dopin\u0161kem vrtincu tudi dvakrat srebrni Vileg\u017eanin - Hudo Slovenija","robots":{"index":"index","follow":"follow","max-snippet":"max-snippet:-1","max-image-preview":"max-image-preview:large","max-video-preview":"max-video-preview:-1"},"canonical":"https:\/\/hudo.com\/si\/aktualno\/v-dopinskem-vrtincu-tudi-dvakrat-srebrni-vilegzanin\/","og_locale":"sl_SI","og_type":"article","og_title":"V dopin\u0161kem vrtincu tudi dvakrat srebrni Vileg\u017eanin - Hudo Slovenija","og_description":"Kategorija: Zimski Thu, 09 Nov 2017 16:18:00 +0100 Lozana - \u0160tevilo kolajn ruskih \u0161portnikov na prej\u0161njih zimskih olimpijskih igrah leta 2014 v doma\u010dem So\u010diju je vse manj\u0161e. Od danes je osiroma\u0161eno \u0161e za dodatni dve odli\u010dji, ki jih je Mednarodni olimpijski komite (MOK) odvzel zaradi zlorabe prepovedanih substanc, poro\u010da STA. Tako je brez kolajn srebrnega leska, ki jih je osvojil na preizku\u0161nji na 50 kilometrov in v \u0161tafeti na 4 x 10 kilometrov, ostal \u0161e izku\u0161eni smu\u010darski teka\u010d Maksim Vileg\u017eanin, ki je sredi oktobra dopolnil 35 let. Poleg njega je MOK kaznoval \u0161e njegove rojake Alekseja Petuhova, Jevgenijo \u0160apalovo in Julijo Ivanovo, ravno tako smu\u010darske teka\u010de, ki pa v So\u010diju niso posegli po zmagovalnem odru. \u017de minuli teden si je dosmrtno prepoved nastopanja zavoljo dopin\u0161kega prekr\u0161ka prislu\u017eil tudi Aleksandr Legkov, ki se je na prej\u0161njih olimpijskih igrah okitil z\u00a0...","og_url":"https:\/\/hudo.com\/si\/aktualno\/v-dopinskem-vrtincu-tudi-dvakrat-srebrni-vilegzanin\/","og_site_name":"Hudo Slovenija","article_publisher":"https:\/\/www.facebook.com\/hudo.si","article_published_time":"2017-11-09T14:18:00+00:00","og_image":[{"width":480,"height":290,"url":"https:\/\/hudo.com\/si\/wp-content\/uploads\/sites\/2\/2017\/11\/480x290_AP_Pictures-20171109141241-12626400.jpeg","type":"image\/jpeg"}],"author":"hudo","twitter_card":"summary_large_image","twitter_creator":"@hudo_si","twitter_site":"@hudo_si","twitter_misc":{"Written by":"hudo","Est. reading time":"1 minuta"},"schema":{"@context":"https:\/\/schema.org","@graph":[{"@type":"Article","@id":"https:\/\/hudo.com\/si\/aktualno\/v-dopinskem-vrtincu-tudi-dvakrat-srebrni-vilegzanin\/#article","isPartOf":{"@id":"https:\/\/hudo.com\/si\/aktualno\/v-dopinskem-vrtincu-tudi-dvakrat-srebrni-vilegzanin\/"},"author":{"name":"hudo","@id":"https:\/\/hudo.com\/si\/#\/schema\/person\/601cf3379633985b20f7e50f2bb47707"},"headline":"V dopin\u0161kem vrtincu tudi dvakrat srebrni Vileg\u017eanin","datePublished":"2017-11-09T14:18:00+00:00","dateModified":"2017-11-09T14:18:00+00:00","mainEntityOfPage":{"@id":"https:\/\/hudo.com\/si\/aktualno\/v-dopinskem-vrtincu-tudi-dvakrat-srebrni-vilegzanin\/"},"wordCount":157,"publisher":{"@id":"https:\/\/hudo.com\/si\/#organization"},"articleSection":["Aktualno"],"inLanguage":"sl-SI"},{"@type":"WebPage","@id":"https:\/\/hudo.com\/si\/aktualno\/v-dopinskem-vrtincu-tudi-dvakrat-srebrni-vilegzanin\/","url":"https:\/\/hudo.com\/si\/aktualno\/v-dopinskem-vrtincu-tudi-dvakrat-srebrni-vilegzanin\/","name":"V dopin\u0161kem vrtincu tudi dvakrat srebrni Vileg\u017eanin - Hudo Slovenija","isPartOf":{"@id":"https:\/\/hudo.com\/si\/#website"},"datePublished":"2017-11-09T14:18:00+00:00","dateModified":"2017-11-09T14:18:00+00:00","breadcrumb":{"@id":"https:\/\/hudo.com\/si\/aktualno\/v-dopinskem-vrtincu-tudi-dvakrat-srebrni-vilegzanin\/#breadcrumb"},"inLanguage":"sl-SI","potentialAction":[{"@type":"ReadAction","target":["https:\/\/hudo.com\/si\/aktualno\/v-dopinskem-vrtincu-tudi-dvakrat-srebrni-vilegzanin\/"]}]},{"@type":"BreadcrumbList","@id":"https:\/\/hudo.com\/si\/aktualno\/v-dopinskem-vrtincu-tudi-dvakrat-srebrni-vilegzanin\/#breadcrumb","itemListElement":[{"@type":"ListItem","position":1,"name":"Home","item":"https:\/\/hudo.com\/si\/"},{"@type":"ListItem","position":2,"name":"V dopin\u0161kem vrtincu tudi dvakrat srebrni Vileg\u017eanin"}]},{"@type":"WebSite","@id":"https:\/\/hudo.com\/si\/#website","url":"https:\/\/hudo.com\/si\/","name":"Hudo Slovenija","description":"Vse novice iz Slovenije in sveta","publisher":{"@id":"https:\/\/hudo.com\/si\/#organization"},"potentialAction":[{"@type":"SearchAction","target":{"@type":"EntryPoint","urlTemplate":"https:\/\/hudo.com\/si\/?s={search_term_string}"},"query-input":"required name=search_term_string"}],"inLanguage":"sl-SI"},{"@type":"Organization","@id":"https:\/\/hudo.com\/si\/#organization","name":"VSN Media","url":"https:\/\/hudo.com\/si\/","logo":{"@type":"ImageObject","inLanguage":"sl-SI","@id":"https:\/\/hudo.com\/si\/#\/schema\/logo\/image\/","url":"https:\/\/hudo.com\/si\/wp-content\/uploads\/sites\/2\/2021\/03\/hudo-app-2.png","contentUrl":"https:\/\/hudo.com\/si\/wp-content\/uploads\/sites\/2\/2021\/03\/hudo-app-2.png","width":2185,"height":2167,"caption":"VSN Media"},"image":{"@id":"https:\/\/hudo.com\/si\/#\/schema\/logo\/image\/"},"sameAs":["https:\/\/www.facebook.com\/hudo.si","https:\/\/twitter.com\/hudo_si"]},{"@type":"Person","@id":"https:\/\/hudo.com\/si\/#\/schema\/person\/601cf3379633985b20f7e50f2bb47707","name":"hudo","image":{"@type":"ImageObject","inLanguage":"sl-SI","@id":"https:\/\/hudo.com\/si\/#\/schema\/person\/image\/","url":"https:\/\/secure.gravatar.com\/avatar\/c4ca25fa72cace7a696b52ff5db9e095?s=96&d=mm&r=g","contentUrl":"https:\/\/secure.gravatar.com\/avatar\/c4ca25fa72cace7a696b52ff5db9e095?s=96&d=mm&r=g","caption":"hudo"},"url":"https:\/\/hudo.com\/si\/author\/hudo\/"}]}},"amp_enabled":true,"_links":{"self":[{"href":"https:\/\/hudo.com\/si\/wp-json\/wp\/v2\/posts\/319864"}],"collection":[{"href":"https:\/\/hudo.com\/si\/wp-json\/wp\/v2\/posts"}],"about":[{"href":"https:\/\/hudo.com\/si\/wp-json\/wp\/v2\/types\/post"}],"author":[{"embeddable":true,"href":"https:\/\/hudo.com\/si\/wp-json\/wp\/v2\/users\/1"}],"replies":[{"embeddable":true,"href":"https:\/\/hudo.com\/si\/wp-json\/wp\/v2\/comments?post=319864"}],"version-history":[{"count":0,"href":"https:\/\/hudo.com\/si\/wp-json\/wp\/v2\/posts\/319864\/revisions"}],"wp:attachment":[{"href":"https:\/\/hudo.com\/si\/wp-json\/wp\/v2\/media?parent=319864"}],"wp:term":[{"taxonomy":"category","embeddable":true,"href":"https:\/\/hudo.com\/si\/wp-json\/wp\/v2\/categories?post=319864"},{"taxonomy":"post_tag","embeddable":true,"href":"https:\/\/hudo.com\/si\/wp-json\/wp\/v2\/tags?post=319864"},{"taxonomy":"source","embeddable":true,"href":"https:\/\/hudo.com\/si\/wp-json\/wp\/v2\/source?post=319864"},{"taxonomy":"supertag","embeddable":true,"href":"https:\/\/hudo.com\/si\/wp-json\/wp\/v2\/supertag?post=319864"}],"curies":[{"name":"wp","href":"https:\/\/api.w.org\/{rel}","templated":true}]}}