{"id":32015,"date":"2016-04-17T18:10:00","date_gmt":"2016-04-17T16:10:00","guid":{"rendered":"http:\/\/hudo.com\/si\/2016\/04\/17\/marchisio-zaradi-poskodbe-kolena-ob-ep\/"},"modified":"2016-04-17T22:16:13","modified_gmt":"2016-04-17T20:16:13","slug":"marchisio-zaradi-poskodbe-kolena-ob-ep","status":"publish","type":"post","link":"https:\/\/hudo.com\/si\/aktualno\/marchisio-zaradi-poskodbe-kolena-ob-ep\/","title":{"rendered":"Marchisio zaradi po\u0161kodbe kolena ob EP"},"content":{"rendered":"<p>Kategorija: Nogomet Sun, 17 Apr 2016 20:10:00 +0200  Torino &#8211; Italijanski vezist Claudio Marchisio bo moral izpustiti leto\u0161nje evropsko prvenstvo, saj si je na dana\u0161nji prvenstveni tekmi svojega Juventusa huje po\u0161kodoval levo koleno. 30-letni Marchisio je na tekmi s Palermom (4:0) nerodno pristal po skoku in so ga v 15. minuti z zelenice odnesli na nosilih. Podrobnej\u0161i pregledi so pokazali, da si je strgal kri\u017ene vezi levega kolena in bo potreboval operacijo, tako da je zanj konec tako sezone kot tudi mo\u017enosti za nastop na evropskem prvenstvu. Claudio Marchisio je za Italijo debitiral leta 2009 in nastopil na 54 tekmah, med drugim ji je leta 2012 pomagal do naslova evropskega podprvaka.<\/p>\n","protected":false},"excerpt":{"rendered":"<p>Kategorija: Nogomet Sun, 17 Apr 2016 20:10:00 +0200  Torino &#8211; Italijanski vezist Claudio Marchisio bo moral izpustiti leto\u0161nje evropsko prvenstvo, saj si je na dana\u0161nji prvenstveni tekmi svojega Juventusa huje po\u0161kodoval levo koleno. 30-letni Marchisio je na tekmi s Palermom (4:0) nerodno pristal po skoku in so ga v 15. minuti z zelenice odnesli na nosilih. Podrobnej\u0161i pregledi so pokazali, da si je strgal kri\u017ene vezi levega kolena in bo potreboval operacijo, tako da je zanj konec tako sezone kot tudi mo\u017enosti za nastop na evropskem prvenstvu. Claudio Marchisio je za Italijo debitiral leta 2009 in nastopil na 54 tekmah, med drugim ji je leta 2012 pomagal do naslova evropskega podprvaka.<\/p>\n","protected":false},"author":1,"featured_media":0,"comment_status":"closed","ping_status":"closed","sticky":false,"template":"","format":"standard","meta":{"footnotes":""},"categories":[1179],"tags":[],"source":[4511],"supertag":[],"acf":[],"yoast_head":"<!-- This site is optimized with the Yoast SEO plugin v21.3 - https:\/\/yoast.com\/wordpress\/plugins\/seo\/ -->\n<title>Marchisio zaradi po\u0161kodbe kolena ob EP - Hudo Slovenija<\/title>\n<meta name=\"robots\" content=\"index, follow, max-snippet:-1, max-image-preview:large, max-video-preview:-1\" \/>\n<link rel=\"canonical\" href=\"https:\/\/hudo.com\/si\/aktualno\/marchisio-zaradi-poskodbe-kolena-ob-ep\/\" \/>\n<meta property=\"og:locale\" content=\"sl_SI\" \/>\n<meta property=\"og:type\" content=\"article\" \/>\n<meta property=\"og:title\" content=\"Marchisio zaradi po\u0161kodbe kolena ob EP - Hudo Slovenija\" \/>\n<meta property=\"og:description\" content=\"Kategorija: Nogomet Sun, 17 Apr 2016 20:10:00 +0200 Torino - Italijanski vezist Claudio Marchisio bo moral izpustiti leto\u0161nje evropsko prvenstvo, saj si je na dana\u0161nji prvenstveni tekmi svojega Juventusa huje po\u0161kodoval levo koleno. 30-letni Marchisio je na tekmi s Palermom (4:0) nerodno pristal po skoku in so ga v 15. minuti z zelenice odnesli na nosilih. Podrobnej\u0161i pregledi so pokazali, da si je strgal kri\u017ene vezi levega kolena in bo potreboval operacijo, tako da je zanj konec tako sezone kot tudi mo\u017enosti za nastop na evropskem prvenstvu. Claudio Marchisio je za Italijo debitiral leta 2009 in nastopil na 54 tekmah, med drugim ji je leta 2012 pomagal do naslova evropskega podprvaka.\" \/>\n<meta property=\"og:url\" content=\"https:\/\/hudo.com\/si\/aktualno\/marchisio-zaradi-poskodbe-kolena-ob-ep\/\" \/>\n<meta property=\"og:site_name\" content=\"Hudo Slovenija\" \/>\n<meta property=\"article:publisher\" content=\"https:\/\/www.facebook.com\/hudo.si\" \/>\n<meta property=\"article:published_time\" content=\"2016-04-17T16:10:00+00:00\" \/>\n<meta property=\"article:modified_time\" content=\"2016-04-17T20:16:13+00:00\" \/>\n<meta property=\"og:image\" content=\"https:\/\/hudo.com\/si\/wp-content\/uploads\/sites\/2\/2016\/04\/480x290_Reuters_Pictures-20160417153910-69057600.jpeg\" \/>\n\t<meta property=\"og:image:width\" content=\"480\" \/>\n\t<meta property=\"og:image:height\" content=\"290\" \/>\n\t<meta property=\"og:image:type\" content=\"image\/jpeg\" \/>\n<meta name=\"author\" content=\"hudo\" \/>\n<meta name=\"twitter:card\" content=\"summary_large_image\" \/>\n<meta name=\"twitter:creator\" content=\"@hudo_si\" \/>\n<meta name=\"twitter:site\" content=\"@hudo_si\" \/>\n<meta name=\"twitter:label1\" content=\"Written by\" \/>\n\t<meta name=\"twitter:data1\" content=\"hudo\" \/>\n\t<meta name=\"twitter:label2\" content=\"Est. reading time\" \/>\n\t<meta name=\"twitter:data2\" content=\"1 minuta\" \/>\n<script type=\"application\/ld+json\" class=\"yoast-schema-graph\">{\"@context\":\"https:\/\/schema.org\",\"@graph\":[{\"@type\":\"Article\",\"@id\":\"https:\/\/hudo.com\/si\/aktualno\/marchisio-zaradi-poskodbe-kolena-ob-ep\/#article\",\"isPartOf\":{\"@id\":\"https:\/\/hudo.com\/si\/aktualno\/marchisio-zaradi-poskodbe-kolena-ob-ep\/\"},\"author\":{\"name\":\"hudo\",\"@id\":\"https:\/\/hudo.com\/si\/#\/schema\/person\/601cf3379633985b20f7e50f2bb47707\"},\"headline\":\"Marchisio zaradi po\u0161kodbe kolena ob EP\",\"datePublished\":\"2016-04-17T16:10:00+00:00\",\"dateModified\":\"2016-04-17T20:16:13+00:00\",\"mainEntityOfPage\":{\"@id\":\"https:\/\/hudo.com\/si\/aktualno\/marchisio-zaradi-poskodbe-kolena-ob-ep\/\"},\"wordCount\":115,\"publisher\":{\"@id\":\"https:\/\/hudo.com\/si\/#organization\"},\"articleSection\":[\"Aktualno\"],\"inLanguage\":\"sl-SI\"},{\"@type\":\"WebPage\",\"@id\":\"https:\/\/hudo.com\/si\/aktualno\/marchisio-zaradi-poskodbe-kolena-ob-ep\/\",\"url\":\"https:\/\/hudo.com\/si\/aktualno\/marchisio-zaradi-poskodbe-kolena-ob-ep\/\",\"name\":\"Marchisio zaradi po\u0161kodbe kolena ob EP - Hudo Slovenija\",\"isPartOf\":{\"@id\":\"https:\/\/hudo.com\/si\/#website\"},\"datePublished\":\"2016-04-17T16:10:00+00:00\",\"dateModified\":\"2016-04-17T20:16:13+00:00\",\"breadcrumb\":{\"@id\":\"https:\/\/hudo.com\/si\/aktualno\/marchisio-zaradi-poskodbe-kolena-ob-ep\/#breadcrumb\"},\"inLanguage\":\"sl-SI\",\"potentialAction\":[{\"@type\":\"ReadAction\",\"target\":[\"https:\/\/hudo.com\/si\/aktualno\/marchisio-zaradi-poskodbe-kolena-ob-ep\/\"]}]},{\"@type\":\"BreadcrumbList\",\"@id\":\"https:\/\/hudo.com\/si\/aktualno\/marchisio-zaradi-poskodbe-kolena-ob-ep\/#breadcrumb\",\"itemListElement\":[{\"@type\":\"ListItem\",\"position\":1,\"name\":\"Home\",\"item\":\"https:\/\/hudo.com\/si\/\"},{\"@type\":\"ListItem\",\"position\":2,\"name\":\"Marchisio zaradi po\u0161kodbe kolena ob EP\"}]},{\"@type\":\"WebSite\",\"@id\":\"https:\/\/hudo.com\/si\/#website\",\"url\":\"https:\/\/hudo.com\/si\/\",\"name\":\"Hudo Slovenija\",\"description\":\"Vse novice iz Slovenije in sveta\",\"publisher\":{\"@id\":\"https:\/\/hudo.com\/si\/#organization\"},\"potentialAction\":[{\"@type\":\"SearchAction\",\"target\":{\"@type\":\"EntryPoint\",\"urlTemplate\":\"https:\/\/hudo.com\/si\/?s={search_term_string}\"},\"query-input\":\"required name=search_term_string\"}],\"inLanguage\":\"sl-SI\"},{\"@type\":\"Organization\",\"@id\":\"https:\/\/hudo.com\/si\/#organization\",\"name\":\"VSN Media\",\"url\":\"https:\/\/hudo.com\/si\/\",\"logo\":{\"@type\":\"ImageObject\",\"inLanguage\":\"sl-SI\",\"@id\":\"https:\/\/hudo.com\/si\/#\/schema\/logo\/image\/\",\"url\":\"https:\/\/hudo.com\/si\/wp-content\/uploads\/sites\/2\/2021\/03\/hudo-app-2.png\",\"contentUrl\":\"https:\/\/hudo.com\/si\/wp-content\/uploads\/sites\/2\/2021\/03\/hudo-app-2.png\",\"width\":2185,\"height\":2167,\"caption\":\"VSN Media\"},\"image\":{\"@id\":\"https:\/\/hudo.com\/si\/#\/schema\/logo\/image\/\"},\"sameAs\":[\"https:\/\/www.facebook.com\/hudo.si\",\"https:\/\/twitter.com\/hudo_si\"]},{\"@type\":\"Person\",\"@id\":\"https:\/\/hudo.com\/si\/#\/schema\/person\/601cf3379633985b20f7e50f2bb47707\",\"name\":\"hudo\",\"image\":{\"@type\":\"ImageObject\",\"inLanguage\":\"sl-SI\",\"@id\":\"https:\/\/hudo.com\/si\/#\/schema\/person\/image\/\",\"url\":\"https:\/\/secure.gravatar.com\/avatar\/c4ca25fa72cace7a696b52ff5db9e095?s=96&d=mm&r=g\",\"contentUrl\":\"https:\/\/secure.gravatar.com\/avatar\/c4ca25fa72cace7a696b52ff5db9e095?s=96&d=mm&r=g\",\"caption\":\"hudo\"},\"url\":\"https:\/\/hudo.com\/si\/author\/hudo\/\"}]}<\/script>\n<!-- \/ Yoast SEO plugin. -->","yoast_head_json":{"title":"Marchisio zaradi po\u0161kodbe kolena ob EP - Hudo Slovenija","robots":{"index":"index","follow":"follow","max-snippet":"max-snippet:-1","max-image-preview":"max-image-preview:large","max-video-preview":"max-video-preview:-1"},"canonical":"https:\/\/hudo.com\/si\/aktualno\/marchisio-zaradi-poskodbe-kolena-ob-ep\/","og_locale":"sl_SI","og_type":"article","og_title":"Marchisio zaradi po\u0161kodbe kolena ob EP - Hudo Slovenija","og_description":"Kategorija: Nogomet Sun, 17 Apr 2016 20:10:00 +0200 Torino - Italijanski vezist Claudio Marchisio bo moral izpustiti leto\u0161nje evropsko prvenstvo, saj si je na dana\u0161nji prvenstveni tekmi svojega Juventusa huje po\u0161kodoval levo koleno. 30-letni Marchisio je na tekmi s Palermom (4:0) nerodno pristal po skoku in so ga v 15. minuti z zelenice odnesli na nosilih. Podrobnej\u0161i pregledi so pokazali, da si je strgal kri\u017ene vezi levega kolena in bo potreboval operacijo, tako da je zanj konec tako sezone kot tudi mo\u017enosti za nastop na evropskem prvenstvu. Claudio Marchisio je za Italijo debitiral leta 2009 in nastopil na 54 tekmah, med drugim ji je leta 2012 pomagal do naslova evropskega podprvaka.","og_url":"https:\/\/hudo.com\/si\/aktualno\/marchisio-zaradi-poskodbe-kolena-ob-ep\/","og_site_name":"Hudo Slovenija","article_publisher":"https:\/\/www.facebook.com\/hudo.si","article_published_time":"2016-04-17T16:10:00+00:00","article_modified_time":"2016-04-17T20:16:13+00:00","og_image":[{"width":480,"height":290,"url":"https:\/\/hudo.com\/si\/wp-content\/uploads\/sites\/2\/2016\/04\/480x290_Reuters_Pictures-20160417153910-69057600.jpeg","type":"image\/jpeg"}],"author":"hudo","twitter_card":"summary_large_image","twitter_creator":"@hudo_si","twitter_site":"@hudo_si","twitter_misc":{"Written by":"hudo","Est. reading time":"1 minuta"},"schema":{"@context":"https:\/\/schema.org","@graph":[{"@type":"Article","@id":"https:\/\/hudo.com\/si\/aktualno\/marchisio-zaradi-poskodbe-kolena-ob-ep\/#article","isPartOf":{"@id":"https:\/\/hudo.com\/si\/aktualno\/marchisio-zaradi-poskodbe-kolena-ob-ep\/"},"author":{"name":"hudo","@id":"https:\/\/hudo.com\/si\/#\/schema\/person\/601cf3379633985b20f7e50f2bb47707"},"headline":"Marchisio zaradi po\u0161kodbe kolena ob EP","datePublished":"2016-04-17T16:10:00+00:00","dateModified":"2016-04-17T20:16:13+00:00","mainEntityOfPage":{"@id":"https:\/\/hudo.com\/si\/aktualno\/marchisio-zaradi-poskodbe-kolena-ob-ep\/"},"wordCount":115,"publisher":{"@id":"https:\/\/hudo.com\/si\/#organization"},"articleSection":["Aktualno"],"inLanguage":"sl-SI"},{"@type":"WebPage","@id":"https:\/\/hudo.com\/si\/aktualno\/marchisio-zaradi-poskodbe-kolena-ob-ep\/","url":"https:\/\/hudo.com\/si\/aktualno\/marchisio-zaradi-poskodbe-kolena-ob-ep\/","name":"Marchisio zaradi po\u0161kodbe kolena ob EP - Hudo Slovenija","isPartOf":{"@id":"https:\/\/hudo.com\/si\/#website"},"datePublished":"2016-04-17T16:10:00+00:00","dateModified":"2016-04-17T20:16:13+00:00","breadcrumb":{"@id":"https:\/\/hudo.com\/si\/aktualno\/marchisio-zaradi-poskodbe-kolena-ob-ep\/#breadcrumb"},"inLanguage":"sl-SI","potentialAction":[{"@type":"ReadAction","target":["https:\/\/hudo.com\/si\/aktualno\/marchisio-zaradi-poskodbe-kolena-ob-ep\/"]}]},{"@type":"BreadcrumbList","@id":"https:\/\/hudo.com\/si\/aktualno\/marchisio-zaradi-poskodbe-kolena-ob-ep\/#breadcrumb","itemListElement":[{"@type":"ListItem","position":1,"name":"Home","item":"https:\/\/hudo.com\/si\/"},{"@type":"ListItem","position":2,"name":"Marchisio zaradi po\u0161kodbe kolena ob EP"}]},{"@type":"WebSite","@id":"https:\/\/hudo.com\/si\/#website","url":"https:\/\/hudo.com\/si\/","name":"Hudo Slovenija","description":"Vse novice iz Slovenije in sveta","publisher":{"@id":"https:\/\/hudo.com\/si\/#organization"},"potentialAction":[{"@type":"SearchAction","target":{"@type":"EntryPoint","urlTemplate":"https:\/\/hudo.com\/si\/?s={search_term_string}"},"query-input":"required name=search_term_string"}],"inLanguage":"sl-SI"},{"@type":"Organization","@id":"https:\/\/hudo.com\/si\/#organization","name":"VSN Media","url":"https:\/\/hudo.com\/si\/","logo":{"@type":"ImageObject","inLanguage":"sl-SI","@id":"https:\/\/hudo.com\/si\/#\/schema\/logo\/image\/","url":"https:\/\/hudo.com\/si\/wp-content\/uploads\/sites\/2\/2021\/03\/hudo-app-2.png","contentUrl":"https:\/\/hudo.com\/si\/wp-content\/uploads\/sites\/2\/2021\/03\/hudo-app-2.png","width":2185,"height":2167,"caption":"VSN Media"},"image":{"@id":"https:\/\/hudo.com\/si\/#\/schema\/logo\/image\/"},"sameAs":["https:\/\/www.facebook.com\/hudo.si","https:\/\/twitter.com\/hudo_si"]},{"@type":"Person","@id":"https:\/\/hudo.com\/si\/#\/schema\/person\/601cf3379633985b20f7e50f2bb47707","name":"hudo","image":{"@type":"ImageObject","inLanguage":"sl-SI","@id":"https:\/\/hudo.com\/si\/#\/schema\/person\/image\/","url":"https:\/\/secure.gravatar.com\/avatar\/c4ca25fa72cace7a696b52ff5db9e095?s=96&d=mm&r=g","contentUrl":"https:\/\/secure.gravatar.com\/avatar\/c4ca25fa72cace7a696b52ff5db9e095?s=96&d=mm&r=g","caption":"hudo"},"url":"https:\/\/hudo.com\/si\/author\/hudo\/"}]}},"amp_enabled":true,"_links":{"self":[{"href":"https:\/\/hudo.com\/si\/wp-json\/wp\/v2\/posts\/32015"}],"collection":[{"href":"https:\/\/hudo.com\/si\/wp-json\/wp\/v2\/posts"}],"about":[{"href":"https:\/\/hudo.com\/si\/wp-json\/wp\/v2\/types\/post"}],"author":[{"embeddable":true,"href":"https:\/\/hudo.com\/si\/wp-json\/wp\/v2\/users\/1"}],"replies":[{"embeddable":true,"href":"https:\/\/hudo.com\/si\/wp-json\/wp\/v2\/comments?post=32015"}],"version-history":[{"count":1,"href":"https:\/\/hudo.com\/si\/wp-json\/wp\/v2\/posts\/32015\/revisions"}],"predecessor-version":[{"id":32072,"href":"https:\/\/hudo.com\/si\/wp-json\/wp\/v2\/posts\/32015\/revisions\/32072"}],"wp:attachment":[{"href":"https:\/\/hudo.com\/si\/wp-json\/wp\/v2\/media?parent=32015"}],"wp:term":[{"taxonomy":"category","embeddable":true,"href":"https:\/\/hudo.com\/si\/wp-json\/wp\/v2\/categories?post=32015"},{"taxonomy":"post_tag","embeddable":true,"href":"https:\/\/hudo.com\/si\/wp-json\/wp\/v2\/tags?post=32015"},{"taxonomy":"source","embeddable":true,"href":"https:\/\/hudo.com\/si\/wp-json\/wp\/v2\/source?post=32015"},{"taxonomy":"supertag","embeddable":true,"href":"https:\/\/hudo.com\/si\/wp-json\/wp\/v2\/supertag?post=32015"}],"curies":[{"name":"wp","href":"https:\/\/api.w.org\/{rel}","templated":true}]}}