{"id":320576,"date":"2017-11-11T15:00:00","date_gmt":"2017-11-11T14:00:00","guid":{"rendered":"http:\/\/hudo.com\/si\/2017\/11\/11\/kaksne-so-razmere-na-slovenskih-cestah\/"},"modified":"2017-11-11T15:00:00","modified_gmt":"2017-11-11T14:00:00","slug":"kaksne-so-razmere-na-slovenskih-cestah","status":"publish","type":"post","link":"https:\/\/hudo.com\/si\/aktualno\/kaksne-so-razmere-na-slovenskih-cestah\/","title":{"rendered":"Kak\u0161ne so razmere na slovenskih cestah"},"content":{"rendered":"<p>Kategorija: Slovenija Sat, 11 Nov 2017 16:00:00 +0100  Ljubljana &#8211; Po podatkih Prometno-informacijskega centra za dr\u017eavne ceste na primorski avtocesti v delovni zapori med Postojno in Uncem proti Ljubljani promet poteka samo po enem voznem pasu, nastal je zastoj dolg pribli\u017eno 1,5 kilometra. Na primorski hitri cesti med \u0160kofijami in Srminom \u017eival na vozi\u0161\u010du ovira promet. Na \u0161tajerski avtocesti je zaprt izvoz Dom\u017eale iz smeri Celja zaradi del, vozniki lahko uporabijo izvoz Krtina. Cesta Grosuplje-\u0160marje Sap bo zaprta danes do 17. ure. \u0160tajerska avtocesta bo zaprta med priklju\u010dkoma Blagovica in Vransko proti Mariboru od 21. ure do ponedeljka do 6. ure zaradi del. Obvoz bo urejen po regionalni cesti Blagovica-Trojane-Vransko. Zaprt bo tudi uvoz Trojane v obe smeri. V nedeljo bo na primorski avtocesti med Brezovico in Logom proti Kopru zaradi del promet potekal samo po enem voznem pasu med 3:30\u00a0&#8230;<\/p>\n","protected":false},"excerpt":{"rendered":"<p>Kategorija: Slovenija Sat, 11 Nov 2017 16:00:00 +0100  Ljubljana &#8211; Po podatkih Prometno-informacijskega centra za dr\u017eavne ceste na primorski avtocesti v delovni zapori med Postojno in Uncem proti Ljubljani promet poteka samo po enem voznem pasu, nastal je zastoj dolg pribli\u017eno 1,5 kilometra. Na primorski hitri cesti med \u0160kofijami in Srminom \u017eival na vozi\u0161\u010du ovira promet. Na \u0161tajerski avtocesti je zaprt izvoz Dom\u017eale iz smeri Celja zaradi del, vozniki lahko uporabijo izvoz Krtina. Cesta Grosuplje-\u0160marje Sap bo zaprta danes do 17. ure. \u0160tajerska avtocesta bo zaprta med priklju\u010dkoma Blagovica in Vransko proti Mariboru od 21. ure do ponedeljka do 6. ure zaradi del. Obvoz bo urejen po regionalni cesti Blagovica-Trojane-Vransko. Zaprt bo tudi uvoz Trojane v obe smeri. V nedeljo bo na primorski avtocesti med Brezovico in Logom proti Kopru zaradi del promet potekal samo po enem voznem pasu med 3:30\u00a0&#8230;<\/p>\n","protected":false},"author":1,"featured_media":0,"comment_status":"closed","ping_status":"closed","sticky":false,"template":"","format":"standard","meta":{"footnotes":""},"categories":[1179],"tags":[],"source":[1703],"supertag":[],"acf":[],"yoast_head":"<!-- This site is optimized with the Yoast SEO plugin v21.3 - https:\/\/yoast.com\/wordpress\/plugins\/seo\/ -->\n<title>Kak\u0161ne so razmere na slovenskih cestah - Hudo Slovenija<\/title>\n<meta name=\"robots\" content=\"index, follow, max-snippet:-1, max-image-preview:large, max-video-preview:-1\" \/>\n<link rel=\"canonical\" href=\"https:\/\/hudo.com\/si\/aktualno\/kaksne-so-razmere-na-slovenskih-cestah\/\" \/>\n<meta property=\"og:locale\" content=\"sl_SI\" \/>\n<meta property=\"og:type\" content=\"article\" \/>\n<meta property=\"og:title\" content=\"Kak\u0161ne so razmere na slovenskih cestah - Hudo Slovenija\" \/>\n<meta property=\"og:description\" content=\"Kategorija: Slovenija Sat, 11 Nov 2017 16:00:00 +0100 Ljubljana - Po podatkih Prometno-informacijskega centra za dr\u017eavne ceste na primorski avtocesti v delovni zapori med Postojno in Uncem proti Ljubljani promet poteka samo po enem voznem pasu, nastal je zastoj dolg pribli\u017eno 1,5 kilometra. Na primorski hitri cesti med \u0160kofijami in Srminom \u017eival na vozi\u0161\u010du ovira promet. Na \u0161tajerski avtocesti je zaprt izvoz Dom\u017eale iz smeri Celja zaradi del, vozniki lahko uporabijo izvoz Krtina. Cesta Grosuplje-\u0160marje Sap bo zaprta danes do 17. ure. \u0160tajerska avtocesta bo zaprta med priklju\u010dkoma Blagovica in Vransko proti Mariboru od 21. ure do ponedeljka do 6. ure zaradi del. Obvoz bo urejen po regionalni cesti Blagovica-Trojane-Vransko. Zaprt bo tudi uvoz Trojane v obe smeri. V nedeljo bo na primorski avtocesti med Brezovico in Logom proti Kopru zaradi del promet potekal samo po enem voznem pasu med 3:30\u00a0...\" \/>\n<meta property=\"og:url\" content=\"https:\/\/hudo.com\/si\/aktualno\/kaksne-so-razmere-na-slovenskih-cestah\/\" \/>\n<meta property=\"og:site_name\" content=\"Hudo Slovenija\" \/>\n<meta property=\"article:publisher\" content=\"https:\/\/www.facebook.com\/hudo.si\" \/>\n<meta property=\"article:published_time\" content=\"2017-11-11T14:00:00+00:00\" \/>\n<meta property=\"og:image\" content=\"https:\/\/hudo.com\/si\/wp-content\/uploads\/sites\/2\/2017\/11\/480x290_djvu_1926763_pavlinb_suhadolnik-avtocesta.jpeg\" \/>\n\t<meta property=\"og:image:width\" content=\"480\" \/>\n\t<meta property=\"og:image:height\" content=\"290\" \/>\n\t<meta property=\"og:image:type\" content=\"image\/jpeg\" \/>\n<meta name=\"author\" content=\"hudo\" \/>\n<meta name=\"twitter:card\" content=\"summary_large_image\" \/>\n<meta name=\"twitter:creator\" content=\"@hudo_si\" \/>\n<meta name=\"twitter:site\" content=\"@hudo_si\" \/>\n<meta name=\"twitter:label1\" content=\"Written by\" \/>\n\t<meta name=\"twitter:data1\" content=\"hudo\" \/>\n\t<meta name=\"twitter:label2\" content=\"Est. reading time\" \/>\n\t<meta name=\"twitter:data2\" content=\"1 minuta\" \/>\n<script type=\"application\/ld+json\" class=\"yoast-schema-graph\">{\"@context\":\"https:\/\/schema.org\",\"@graph\":[{\"@type\":\"Article\",\"@id\":\"https:\/\/hudo.com\/si\/aktualno\/kaksne-so-razmere-na-slovenskih-cestah\/#article\",\"isPartOf\":{\"@id\":\"https:\/\/hudo.com\/si\/aktualno\/kaksne-so-razmere-na-slovenskih-cestah\/\"},\"author\":{\"name\":\"hudo\",\"@id\":\"https:\/\/hudo.com\/si\/#\/schema\/person\/601cf3379633985b20f7e50f2bb47707\"},\"headline\":\"Kak\u0161ne so razmere na slovenskih cestah\",\"datePublished\":\"2017-11-11T14:00:00+00:00\",\"dateModified\":\"2017-11-11T14:00:00+00:00\",\"mainEntityOfPage\":{\"@id\":\"https:\/\/hudo.com\/si\/aktualno\/kaksne-so-razmere-na-slovenskih-cestah\/\"},\"wordCount\":145,\"publisher\":{\"@id\":\"https:\/\/hudo.com\/si\/#organization\"},\"articleSection\":[\"Aktualno\"],\"inLanguage\":\"sl-SI\"},{\"@type\":\"WebPage\",\"@id\":\"https:\/\/hudo.com\/si\/aktualno\/kaksne-so-razmere-na-slovenskih-cestah\/\",\"url\":\"https:\/\/hudo.com\/si\/aktualno\/kaksne-so-razmere-na-slovenskih-cestah\/\",\"name\":\"Kak\u0161ne so razmere na slovenskih cestah - Hudo Slovenija\",\"isPartOf\":{\"@id\":\"https:\/\/hudo.com\/si\/#website\"},\"datePublished\":\"2017-11-11T14:00:00+00:00\",\"dateModified\":\"2017-11-11T14:00:00+00:00\",\"breadcrumb\":{\"@id\":\"https:\/\/hudo.com\/si\/aktualno\/kaksne-so-razmere-na-slovenskih-cestah\/#breadcrumb\"},\"inLanguage\":\"sl-SI\",\"potentialAction\":[{\"@type\":\"ReadAction\",\"target\":[\"https:\/\/hudo.com\/si\/aktualno\/kaksne-so-razmere-na-slovenskih-cestah\/\"]}]},{\"@type\":\"BreadcrumbList\",\"@id\":\"https:\/\/hudo.com\/si\/aktualno\/kaksne-so-razmere-na-slovenskih-cestah\/#breadcrumb\",\"itemListElement\":[{\"@type\":\"ListItem\",\"position\":1,\"name\":\"Home\",\"item\":\"https:\/\/hudo.com\/si\/\"},{\"@type\":\"ListItem\",\"position\":2,\"name\":\"Kak\u0161ne so razmere na slovenskih cestah\"}]},{\"@type\":\"WebSite\",\"@id\":\"https:\/\/hudo.com\/si\/#website\",\"url\":\"https:\/\/hudo.com\/si\/\",\"name\":\"Hudo Slovenija\",\"description\":\"Vse novice iz Slovenije in sveta\",\"publisher\":{\"@id\":\"https:\/\/hudo.com\/si\/#organization\"},\"potentialAction\":[{\"@type\":\"SearchAction\",\"target\":{\"@type\":\"EntryPoint\",\"urlTemplate\":\"https:\/\/hudo.com\/si\/?s={search_term_string}\"},\"query-input\":\"required name=search_term_string\"}],\"inLanguage\":\"sl-SI\"},{\"@type\":\"Organization\",\"@id\":\"https:\/\/hudo.com\/si\/#organization\",\"name\":\"VSN Media\",\"url\":\"https:\/\/hudo.com\/si\/\",\"logo\":{\"@type\":\"ImageObject\",\"inLanguage\":\"sl-SI\",\"@id\":\"https:\/\/hudo.com\/si\/#\/schema\/logo\/image\/\",\"url\":\"https:\/\/hudo.com\/si\/wp-content\/uploads\/sites\/2\/2021\/03\/hudo-app-2.png\",\"contentUrl\":\"https:\/\/hudo.com\/si\/wp-content\/uploads\/sites\/2\/2021\/03\/hudo-app-2.png\",\"width\":2185,\"height\":2167,\"caption\":\"VSN Media\"},\"image\":{\"@id\":\"https:\/\/hudo.com\/si\/#\/schema\/logo\/image\/\"},\"sameAs\":[\"https:\/\/www.facebook.com\/hudo.si\",\"https:\/\/twitter.com\/hudo_si\"]},{\"@type\":\"Person\",\"@id\":\"https:\/\/hudo.com\/si\/#\/schema\/person\/601cf3379633985b20f7e50f2bb47707\",\"name\":\"hudo\",\"image\":{\"@type\":\"ImageObject\",\"inLanguage\":\"sl-SI\",\"@id\":\"https:\/\/hudo.com\/si\/#\/schema\/person\/image\/\",\"url\":\"https:\/\/secure.gravatar.com\/avatar\/c4ca25fa72cace7a696b52ff5db9e095?s=96&d=mm&r=g\",\"contentUrl\":\"https:\/\/secure.gravatar.com\/avatar\/c4ca25fa72cace7a696b52ff5db9e095?s=96&d=mm&r=g\",\"caption\":\"hudo\"},\"url\":\"https:\/\/hudo.com\/si\/author\/hudo\/\"}]}<\/script>\n<!-- \/ Yoast SEO plugin. -->","yoast_head_json":{"title":"Kak\u0161ne so razmere na slovenskih cestah - Hudo Slovenija","robots":{"index":"index","follow":"follow","max-snippet":"max-snippet:-1","max-image-preview":"max-image-preview:large","max-video-preview":"max-video-preview:-1"},"canonical":"https:\/\/hudo.com\/si\/aktualno\/kaksne-so-razmere-na-slovenskih-cestah\/","og_locale":"sl_SI","og_type":"article","og_title":"Kak\u0161ne so razmere na slovenskih cestah - Hudo Slovenija","og_description":"Kategorija: Slovenija Sat, 11 Nov 2017 16:00:00 +0100 Ljubljana - Po podatkih Prometno-informacijskega centra za dr\u017eavne ceste na primorski avtocesti v delovni zapori med Postojno in Uncem proti Ljubljani promet poteka samo po enem voznem pasu, nastal je zastoj dolg pribli\u017eno 1,5 kilometra. Na primorski hitri cesti med \u0160kofijami in Srminom \u017eival na vozi\u0161\u010du ovira promet. Na \u0161tajerski avtocesti je zaprt izvoz Dom\u017eale iz smeri Celja zaradi del, vozniki lahko uporabijo izvoz Krtina. Cesta Grosuplje-\u0160marje Sap bo zaprta danes do 17. ure. \u0160tajerska avtocesta bo zaprta med priklju\u010dkoma Blagovica in Vransko proti Mariboru od 21. ure do ponedeljka do 6. ure zaradi del. Obvoz bo urejen po regionalni cesti Blagovica-Trojane-Vransko. Zaprt bo tudi uvoz Trojane v obe smeri. V nedeljo bo na primorski avtocesti med Brezovico in Logom proti Kopru zaradi del promet potekal samo po enem voznem pasu med 3:30\u00a0...","og_url":"https:\/\/hudo.com\/si\/aktualno\/kaksne-so-razmere-na-slovenskih-cestah\/","og_site_name":"Hudo Slovenija","article_publisher":"https:\/\/www.facebook.com\/hudo.si","article_published_time":"2017-11-11T14:00:00+00:00","og_image":[{"width":480,"height":290,"url":"https:\/\/hudo.com\/si\/wp-content\/uploads\/sites\/2\/2017\/11\/480x290_djvu_1926763_pavlinb_suhadolnik-avtocesta.jpeg","type":"image\/jpeg"}],"author":"hudo","twitter_card":"summary_large_image","twitter_creator":"@hudo_si","twitter_site":"@hudo_si","twitter_misc":{"Written by":"hudo","Est. reading time":"1 minuta"},"schema":{"@context":"https:\/\/schema.org","@graph":[{"@type":"Article","@id":"https:\/\/hudo.com\/si\/aktualno\/kaksne-so-razmere-na-slovenskih-cestah\/#article","isPartOf":{"@id":"https:\/\/hudo.com\/si\/aktualno\/kaksne-so-razmere-na-slovenskih-cestah\/"},"author":{"name":"hudo","@id":"https:\/\/hudo.com\/si\/#\/schema\/person\/601cf3379633985b20f7e50f2bb47707"},"headline":"Kak\u0161ne so razmere na slovenskih cestah","datePublished":"2017-11-11T14:00:00+00:00","dateModified":"2017-11-11T14:00:00+00:00","mainEntityOfPage":{"@id":"https:\/\/hudo.com\/si\/aktualno\/kaksne-so-razmere-na-slovenskih-cestah\/"},"wordCount":145,"publisher":{"@id":"https:\/\/hudo.com\/si\/#organization"},"articleSection":["Aktualno"],"inLanguage":"sl-SI"},{"@type":"WebPage","@id":"https:\/\/hudo.com\/si\/aktualno\/kaksne-so-razmere-na-slovenskih-cestah\/","url":"https:\/\/hudo.com\/si\/aktualno\/kaksne-so-razmere-na-slovenskih-cestah\/","name":"Kak\u0161ne so razmere na slovenskih cestah - Hudo Slovenija","isPartOf":{"@id":"https:\/\/hudo.com\/si\/#website"},"datePublished":"2017-11-11T14:00:00+00:00","dateModified":"2017-11-11T14:00:00+00:00","breadcrumb":{"@id":"https:\/\/hudo.com\/si\/aktualno\/kaksne-so-razmere-na-slovenskih-cestah\/#breadcrumb"},"inLanguage":"sl-SI","potentialAction":[{"@type":"ReadAction","target":["https:\/\/hudo.com\/si\/aktualno\/kaksne-so-razmere-na-slovenskih-cestah\/"]}]},{"@type":"BreadcrumbList","@id":"https:\/\/hudo.com\/si\/aktualno\/kaksne-so-razmere-na-slovenskih-cestah\/#breadcrumb","itemListElement":[{"@type":"ListItem","position":1,"name":"Home","item":"https:\/\/hudo.com\/si\/"},{"@type":"ListItem","position":2,"name":"Kak\u0161ne so razmere na slovenskih cestah"}]},{"@type":"WebSite","@id":"https:\/\/hudo.com\/si\/#website","url":"https:\/\/hudo.com\/si\/","name":"Hudo Slovenija","description":"Vse novice iz Slovenije in sveta","publisher":{"@id":"https:\/\/hudo.com\/si\/#organization"},"potentialAction":[{"@type":"SearchAction","target":{"@type":"EntryPoint","urlTemplate":"https:\/\/hudo.com\/si\/?s={search_term_string}"},"query-input":"required name=search_term_string"}],"inLanguage":"sl-SI"},{"@type":"Organization","@id":"https:\/\/hudo.com\/si\/#organization","name":"VSN Media","url":"https:\/\/hudo.com\/si\/","logo":{"@type":"ImageObject","inLanguage":"sl-SI","@id":"https:\/\/hudo.com\/si\/#\/schema\/logo\/image\/","url":"https:\/\/hudo.com\/si\/wp-content\/uploads\/sites\/2\/2021\/03\/hudo-app-2.png","contentUrl":"https:\/\/hudo.com\/si\/wp-content\/uploads\/sites\/2\/2021\/03\/hudo-app-2.png","width":2185,"height":2167,"caption":"VSN Media"},"image":{"@id":"https:\/\/hudo.com\/si\/#\/schema\/logo\/image\/"},"sameAs":["https:\/\/www.facebook.com\/hudo.si","https:\/\/twitter.com\/hudo_si"]},{"@type":"Person","@id":"https:\/\/hudo.com\/si\/#\/schema\/person\/601cf3379633985b20f7e50f2bb47707","name":"hudo","image":{"@type":"ImageObject","inLanguage":"sl-SI","@id":"https:\/\/hudo.com\/si\/#\/schema\/person\/image\/","url":"https:\/\/secure.gravatar.com\/avatar\/c4ca25fa72cace7a696b52ff5db9e095?s=96&d=mm&r=g","contentUrl":"https:\/\/secure.gravatar.com\/avatar\/c4ca25fa72cace7a696b52ff5db9e095?s=96&d=mm&r=g","caption":"hudo"},"url":"https:\/\/hudo.com\/si\/author\/hudo\/"}]}},"amp_enabled":true,"_links":{"self":[{"href":"https:\/\/hudo.com\/si\/wp-json\/wp\/v2\/posts\/320576"}],"collection":[{"href":"https:\/\/hudo.com\/si\/wp-json\/wp\/v2\/posts"}],"about":[{"href":"https:\/\/hudo.com\/si\/wp-json\/wp\/v2\/types\/post"}],"author":[{"embeddable":true,"href":"https:\/\/hudo.com\/si\/wp-json\/wp\/v2\/users\/1"}],"replies":[{"embeddable":true,"href":"https:\/\/hudo.com\/si\/wp-json\/wp\/v2\/comments?post=320576"}],"version-history":[{"count":0,"href":"https:\/\/hudo.com\/si\/wp-json\/wp\/v2\/posts\/320576\/revisions"}],"wp:attachment":[{"href":"https:\/\/hudo.com\/si\/wp-json\/wp\/v2\/media?parent=320576"}],"wp:term":[{"taxonomy":"category","embeddable":true,"href":"https:\/\/hudo.com\/si\/wp-json\/wp\/v2\/categories?post=320576"},{"taxonomy":"post_tag","embeddable":true,"href":"https:\/\/hudo.com\/si\/wp-json\/wp\/v2\/tags?post=320576"},{"taxonomy":"source","embeddable":true,"href":"https:\/\/hudo.com\/si\/wp-json\/wp\/v2\/source?post=320576"},{"taxonomy":"supertag","embeddable":true,"href":"https:\/\/hudo.com\/si\/wp-json\/wp\/v2\/supertag?post=320576"}],"curies":[{"name":"wp","href":"https:\/\/api.w.org\/{rel}","templated":true}]}}