{"id":32062,"date":"2016-04-17T19:00:00","date_gmt":"2016-04-17T17:00:00","guid":{"rendered":"http:\/\/hudo.com\/si\/2016\/04\/17\/osebno-z-bastianom-obermayerjem-zaradi-njega-bogati-slabo-spijo\/"},"modified":"2016-04-17T19:00:00","modified_gmt":"2016-04-17T17:00:00","slug":"osebno-z-bastianom-obermayerjem-zaradi-njega-bogati-slabo-spijo","status":"publish","type":"post","link":"https:\/\/hudo.com\/si\/aktualno\/osebno-z-bastianom-obermayerjem-zaradi-njega-bogati-slabo-spijo\/","title":{"rendered":"Osebno z Bastianom Obermayerjem: Zaradi njega bogati slabo spijo"},"content":{"rendered":"<p>Kategorija: Ozadja Sun, 17 Apr 2016 21:00:00 +0200  Novinar, ki je skupaj s kolegom Frederikom Obermaierjem dosegel najve\u010dje razkritje tajnih dokumentov v zgodovini novinarstva in hkrati zagnal kolesje najobse\u017enej\u0161ega raziskovalnega sodelovanja novinarjev po vsem svetu. Da smo pri\u0161li do novinarja m\u00fcnchenskega S\u00fcddeutsche Zeitunga, smo morali uporabiti osebne zveze in ugled v mednarodni novinarski skupnosti, ki si ga je Delo pridobilo pri projektu Panama Papers in drugem sodelovanju z mednarodnim konzorcijem preiskovalnih novinarjev. Zaradi izjemnega odziva sta namre\u010d s kolegom \u010dez no\u010d postala zelo iskana sogovornika. J. D.: Vas zanimajo podatki? Z njima je navezala stik anonimna oseba in jima ponudila dostop do dokumentacije panamske odvetni\u0161ke pisarne Mossack Fonseca. Potres, ki ga je ta prvotni \u00bbstik\u00ab na koncu povzro\u010dil, je dodobra pretresel mednarodno skupnost, posledice razkritij pa se bodo \u0161ele pokazale. \u00bbZdravo, tukaj John Doe,\u00ab je pisalo v\u00a0&#8230;<\/p>\n","protected":false},"excerpt":{"rendered":"<p>Kategorija: Ozadja Sun, 17 Apr 2016 21:00:00 +0200  Novinar, ki je skupaj s kolegom Frederikom Obermaierjem dosegel najve\u010dje razkritje tajnih dokumentov v zgodovini novinarstva in hkrati zagnal kolesje najobse\u017enej\u0161ega raziskovalnega sodelovanja novinarjev po vsem svetu. Da smo pri\u0161li do novinarja m\u00fcnchenskega S\u00fcddeutsche Zeitunga, smo morali uporabiti osebne zveze in ugled v mednarodni novinarski skupnosti, ki si ga je Delo pridobilo pri projektu Panama Papers in drugem sodelovanju z mednarodnim konzorcijem preiskovalnih novinarjev. Zaradi izjemnega odziva sta namre\u010d s kolegom \u010dez no\u010d postala zelo iskana sogovornika. J. D.: Vas zanimajo podatki? Z njima je navezala stik anonimna oseba in jima ponudila dostop do dokumentacije panamske odvetni\u0161ke pisarne Mossack Fonseca. Potres, ki ga je ta prvotni \u00bbstik\u00ab na koncu povzro\u010dil, je dodobra pretresel mednarodno skupnost, posledice razkritij pa se bodo \u0161ele pokazale. \u00bbZdravo, tukaj John Doe,\u00ab je pisalo v\u00a0&#8230;<\/p>\n","protected":false},"author":1,"featured_media":0,"comment_status":"closed","ping_status":"closed","sticky":false,"template":"","format":"standard","meta":{"footnotes":""},"categories":[1179],"tags":[],"source":[4511],"supertag":[],"acf":[],"yoast_head":"<!-- This site is optimized with the Yoast SEO plugin v21.3 - https:\/\/yoast.com\/wordpress\/plugins\/seo\/ -->\n<title>Osebno z Bastianom Obermayerjem: Zaradi njega bogati slabo spijo - Hudo Slovenija<\/title>\n<meta name=\"robots\" content=\"index, follow, max-snippet:-1, max-image-preview:large, max-video-preview:-1\" \/>\n<link rel=\"canonical\" href=\"https:\/\/hudo.com\/si\/aktualno\/osebno-z-bastianom-obermayerjem-zaradi-njega-bogati-slabo-spijo\/\" \/>\n<meta property=\"og:locale\" content=\"sl_SI\" \/>\n<meta property=\"og:type\" content=\"article\" \/>\n<meta property=\"og:title\" content=\"Osebno z Bastianom Obermayerjem: Zaradi njega bogati slabo spijo - Hudo Slovenija\" \/>\n<meta property=\"og:description\" content=\"Kategorija: Ozadja Sun, 17 Apr 2016 21:00:00 +0200 Novinar, ki je skupaj s kolegom Frederikom Obermaierjem dosegel najve\u010dje razkritje tajnih dokumentov v zgodovini novinarstva in hkrati zagnal kolesje najobse\u017enej\u0161ega raziskovalnega sodelovanja novinarjev po vsem svetu. Da smo pri\u0161li do novinarja m\u00fcnchenskega S\u00fcddeutsche Zeitunga, smo morali uporabiti osebne zveze in ugled v mednarodni novinarski skupnosti, ki si ga je Delo pridobilo pri projektu Panama Papers in drugem sodelovanju z mednarodnim konzorcijem preiskovalnih novinarjev. Zaradi izjemnega odziva sta namre\u010d s kolegom \u010dez no\u010d postala zelo iskana sogovornika. J. D.: Vas zanimajo podatki? Z njima je navezala stik anonimna oseba in jima ponudila dostop do dokumentacije panamske odvetni\u0161ke pisarne Mossack Fonseca. Potres, ki ga je ta prvotni \u00bbstik\u00ab na koncu povzro\u010dil, je dodobra pretresel mednarodno skupnost, posledice razkritij pa se bodo \u0161ele pokazale. \u00bbZdravo, tukaj John Doe,\u00ab je pisalo v\u00a0...\" \/>\n<meta property=\"og:url\" content=\"https:\/\/hudo.com\/si\/aktualno\/osebno-z-bastianom-obermayerjem-zaradi-njega-bogati-slabo-spijo\/\" \/>\n<meta property=\"og:site_name\" content=\"Hudo Slovenija\" \/>\n<meta property=\"article:publisher\" content=\"https:\/\/www.facebook.com\/hudo.si\" \/>\n<meta property=\"article:published_time\" content=\"2016-04-17T17:00:00+00:00\" \/>\n<meta property=\"og:image\" content=\"https:\/\/hudo.com\/si\/wp-content\/uploads\/sites\/2\/2016\/04\/480x290_Ozadja__KIWI_OBERMAY_I_ER_0.jpeg\" \/>\n\t<meta property=\"og:image:width\" content=\"480\" \/>\n\t<meta property=\"og:image:height\" content=\"290\" \/>\n\t<meta property=\"og:image:type\" content=\"image\/jpeg\" \/>\n<meta name=\"author\" content=\"hudo\" \/>\n<meta name=\"twitter:card\" content=\"summary_large_image\" \/>\n<meta name=\"twitter:creator\" content=\"@hudo_si\" \/>\n<meta name=\"twitter:site\" content=\"@hudo_si\" \/>\n<meta name=\"twitter:label1\" content=\"Written by\" \/>\n\t<meta name=\"twitter:data1\" content=\"hudo\" \/>\n\t<meta name=\"twitter:label2\" content=\"Est. reading time\" \/>\n\t<meta name=\"twitter:data2\" content=\"1 minuta\" \/>\n<script type=\"application\/ld+json\" class=\"yoast-schema-graph\">{\"@context\":\"https:\/\/schema.org\",\"@graph\":[{\"@type\":\"Article\",\"@id\":\"https:\/\/hudo.com\/si\/aktualno\/osebno-z-bastianom-obermayerjem-zaradi-njega-bogati-slabo-spijo\/#article\",\"isPartOf\":{\"@id\":\"https:\/\/hudo.com\/si\/aktualno\/osebno-z-bastianom-obermayerjem-zaradi-njega-bogati-slabo-spijo\/\"},\"author\":{\"name\":\"hudo\",\"@id\":\"https:\/\/hudo.com\/si\/#\/schema\/person\/601cf3379633985b20f7e50f2bb47707\"},\"headline\":\"Osebno z Bastianom Obermayerjem: Zaradi njega bogati slabo spijo\",\"datePublished\":\"2016-04-17T17:00:00+00:00\",\"dateModified\":\"2016-04-17T17:00:00+00:00\",\"mainEntityOfPage\":{\"@id\":\"https:\/\/hudo.com\/si\/aktualno\/osebno-z-bastianom-obermayerjem-zaradi-njega-bogati-slabo-spijo\/\"},\"wordCount\":150,\"publisher\":{\"@id\":\"https:\/\/hudo.com\/si\/#organization\"},\"articleSection\":[\"Aktualno\"],\"inLanguage\":\"sl-SI\"},{\"@type\":\"WebPage\",\"@id\":\"https:\/\/hudo.com\/si\/aktualno\/osebno-z-bastianom-obermayerjem-zaradi-njega-bogati-slabo-spijo\/\",\"url\":\"https:\/\/hudo.com\/si\/aktualno\/osebno-z-bastianom-obermayerjem-zaradi-njega-bogati-slabo-spijo\/\",\"name\":\"Osebno z Bastianom Obermayerjem: Zaradi njega bogati slabo spijo - Hudo Slovenija\",\"isPartOf\":{\"@id\":\"https:\/\/hudo.com\/si\/#website\"},\"datePublished\":\"2016-04-17T17:00:00+00:00\",\"dateModified\":\"2016-04-17T17:00:00+00:00\",\"breadcrumb\":{\"@id\":\"https:\/\/hudo.com\/si\/aktualno\/osebno-z-bastianom-obermayerjem-zaradi-njega-bogati-slabo-spijo\/#breadcrumb\"},\"inLanguage\":\"sl-SI\",\"potentialAction\":[{\"@type\":\"ReadAction\",\"target\":[\"https:\/\/hudo.com\/si\/aktualno\/osebno-z-bastianom-obermayerjem-zaradi-njega-bogati-slabo-spijo\/\"]}]},{\"@type\":\"BreadcrumbList\",\"@id\":\"https:\/\/hudo.com\/si\/aktualno\/osebno-z-bastianom-obermayerjem-zaradi-njega-bogati-slabo-spijo\/#breadcrumb\",\"itemListElement\":[{\"@type\":\"ListItem\",\"position\":1,\"name\":\"Home\",\"item\":\"https:\/\/hudo.com\/si\/\"},{\"@type\":\"ListItem\",\"position\":2,\"name\":\"Osebno z Bastianom Obermayerjem: Zaradi njega bogati slabo spijo\"}]},{\"@type\":\"WebSite\",\"@id\":\"https:\/\/hudo.com\/si\/#website\",\"url\":\"https:\/\/hudo.com\/si\/\",\"name\":\"Hudo Slovenija\",\"description\":\"Vse novice iz Slovenije in sveta\",\"publisher\":{\"@id\":\"https:\/\/hudo.com\/si\/#organization\"},\"potentialAction\":[{\"@type\":\"SearchAction\",\"target\":{\"@type\":\"EntryPoint\",\"urlTemplate\":\"https:\/\/hudo.com\/si\/?s={search_term_string}\"},\"query-input\":\"required name=search_term_string\"}],\"inLanguage\":\"sl-SI\"},{\"@type\":\"Organization\",\"@id\":\"https:\/\/hudo.com\/si\/#organization\",\"name\":\"VSN Media\",\"url\":\"https:\/\/hudo.com\/si\/\",\"logo\":{\"@type\":\"ImageObject\",\"inLanguage\":\"sl-SI\",\"@id\":\"https:\/\/hudo.com\/si\/#\/schema\/logo\/image\/\",\"url\":\"https:\/\/hudo.com\/si\/wp-content\/uploads\/sites\/2\/2021\/03\/hudo-app-2.png\",\"contentUrl\":\"https:\/\/hudo.com\/si\/wp-content\/uploads\/sites\/2\/2021\/03\/hudo-app-2.png\",\"width\":2185,\"height\":2167,\"caption\":\"VSN Media\"},\"image\":{\"@id\":\"https:\/\/hudo.com\/si\/#\/schema\/logo\/image\/\"},\"sameAs\":[\"https:\/\/www.facebook.com\/hudo.si\",\"https:\/\/twitter.com\/hudo_si\"]},{\"@type\":\"Person\",\"@id\":\"https:\/\/hudo.com\/si\/#\/schema\/person\/601cf3379633985b20f7e50f2bb47707\",\"name\":\"hudo\",\"image\":{\"@type\":\"ImageObject\",\"inLanguage\":\"sl-SI\",\"@id\":\"https:\/\/hudo.com\/si\/#\/schema\/person\/image\/\",\"url\":\"https:\/\/secure.gravatar.com\/avatar\/c4ca25fa72cace7a696b52ff5db9e095?s=96&d=mm&r=g\",\"contentUrl\":\"https:\/\/secure.gravatar.com\/avatar\/c4ca25fa72cace7a696b52ff5db9e095?s=96&d=mm&r=g\",\"caption\":\"hudo\"},\"url\":\"https:\/\/hudo.com\/si\/author\/hudo\/\"}]}<\/script>\n<!-- \/ Yoast SEO plugin. -->","yoast_head_json":{"title":"Osebno z Bastianom Obermayerjem: Zaradi njega bogati slabo spijo - Hudo Slovenija","robots":{"index":"index","follow":"follow","max-snippet":"max-snippet:-1","max-image-preview":"max-image-preview:large","max-video-preview":"max-video-preview:-1"},"canonical":"https:\/\/hudo.com\/si\/aktualno\/osebno-z-bastianom-obermayerjem-zaradi-njega-bogati-slabo-spijo\/","og_locale":"sl_SI","og_type":"article","og_title":"Osebno z Bastianom Obermayerjem: Zaradi njega bogati slabo spijo - Hudo Slovenija","og_description":"Kategorija: Ozadja Sun, 17 Apr 2016 21:00:00 +0200 Novinar, ki je skupaj s kolegom Frederikom Obermaierjem dosegel najve\u010dje razkritje tajnih dokumentov v zgodovini novinarstva in hkrati zagnal kolesje najobse\u017enej\u0161ega raziskovalnega sodelovanja novinarjev po vsem svetu. Da smo pri\u0161li do novinarja m\u00fcnchenskega S\u00fcddeutsche Zeitunga, smo morali uporabiti osebne zveze in ugled v mednarodni novinarski skupnosti, ki si ga je Delo pridobilo pri projektu Panama Papers in drugem sodelovanju z mednarodnim konzorcijem preiskovalnih novinarjev. Zaradi izjemnega odziva sta namre\u010d s kolegom \u010dez no\u010d postala zelo iskana sogovornika. J. D.: Vas zanimajo podatki? Z njima je navezala stik anonimna oseba in jima ponudila dostop do dokumentacije panamske odvetni\u0161ke pisarne Mossack Fonseca. Potres, ki ga je ta prvotni \u00bbstik\u00ab na koncu povzro\u010dil, je dodobra pretresel mednarodno skupnost, posledice razkritij pa se bodo \u0161ele pokazale. \u00bbZdravo, tukaj John Doe,\u00ab je pisalo v\u00a0...","og_url":"https:\/\/hudo.com\/si\/aktualno\/osebno-z-bastianom-obermayerjem-zaradi-njega-bogati-slabo-spijo\/","og_site_name":"Hudo Slovenija","article_publisher":"https:\/\/www.facebook.com\/hudo.si","article_published_time":"2016-04-17T17:00:00+00:00","og_image":[{"width":480,"height":290,"url":"https:\/\/hudo.com\/si\/wp-content\/uploads\/sites\/2\/2016\/04\/480x290_Ozadja__KIWI_OBERMAY_I_ER_0.jpeg","type":"image\/jpeg"}],"author":"hudo","twitter_card":"summary_large_image","twitter_creator":"@hudo_si","twitter_site":"@hudo_si","twitter_misc":{"Written by":"hudo","Est. reading time":"1 minuta"},"schema":{"@context":"https:\/\/schema.org","@graph":[{"@type":"Article","@id":"https:\/\/hudo.com\/si\/aktualno\/osebno-z-bastianom-obermayerjem-zaradi-njega-bogati-slabo-spijo\/#article","isPartOf":{"@id":"https:\/\/hudo.com\/si\/aktualno\/osebno-z-bastianom-obermayerjem-zaradi-njega-bogati-slabo-spijo\/"},"author":{"name":"hudo","@id":"https:\/\/hudo.com\/si\/#\/schema\/person\/601cf3379633985b20f7e50f2bb47707"},"headline":"Osebno z Bastianom Obermayerjem: Zaradi njega bogati slabo spijo","datePublished":"2016-04-17T17:00:00+00:00","dateModified":"2016-04-17T17:00:00+00:00","mainEntityOfPage":{"@id":"https:\/\/hudo.com\/si\/aktualno\/osebno-z-bastianom-obermayerjem-zaradi-njega-bogati-slabo-spijo\/"},"wordCount":150,"publisher":{"@id":"https:\/\/hudo.com\/si\/#organization"},"articleSection":["Aktualno"],"inLanguage":"sl-SI"},{"@type":"WebPage","@id":"https:\/\/hudo.com\/si\/aktualno\/osebno-z-bastianom-obermayerjem-zaradi-njega-bogati-slabo-spijo\/","url":"https:\/\/hudo.com\/si\/aktualno\/osebno-z-bastianom-obermayerjem-zaradi-njega-bogati-slabo-spijo\/","name":"Osebno z Bastianom Obermayerjem: Zaradi njega bogati slabo spijo - Hudo Slovenija","isPartOf":{"@id":"https:\/\/hudo.com\/si\/#website"},"datePublished":"2016-04-17T17:00:00+00:00","dateModified":"2016-04-17T17:00:00+00:00","breadcrumb":{"@id":"https:\/\/hudo.com\/si\/aktualno\/osebno-z-bastianom-obermayerjem-zaradi-njega-bogati-slabo-spijo\/#breadcrumb"},"inLanguage":"sl-SI","potentialAction":[{"@type":"ReadAction","target":["https:\/\/hudo.com\/si\/aktualno\/osebno-z-bastianom-obermayerjem-zaradi-njega-bogati-slabo-spijo\/"]}]},{"@type":"BreadcrumbList","@id":"https:\/\/hudo.com\/si\/aktualno\/osebno-z-bastianom-obermayerjem-zaradi-njega-bogati-slabo-spijo\/#breadcrumb","itemListElement":[{"@type":"ListItem","position":1,"name":"Home","item":"https:\/\/hudo.com\/si\/"},{"@type":"ListItem","position":2,"name":"Osebno z Bastianom Obermayerjem: Zaradi njega bogati slabo spijo"}]},{"@type":"WebSite","@id":"https:\/\/hudo.com\/si\/#website","url":"https:\/\/hudo.com\/si\/","name":"Hudo Slovenija","description":"Vse novice iz Slovenije in sveta","publisher":{"@id":"https:\/\/hudo.com\/si\/#organization"},"potentialAction":[{"@type":"SearchAction","target":{"@type":"EntryPoint","urlTemplate":"https:\/\/hudo.com\/si\/?s={search_term_string}"},"query-input":"required name=search_term_string"}],"inLanguage":"sl-SI"},{"@type":"Organization","@id":"https:\/\/hudo.com\/si\/#organization","name":"VSN Media","url":"https:\/\/hudo.com\/si\/","logo":{"@type":"ImageObject","inLanguage":"sl-SI","@id":"https:\/\/hudo.com\/si\/#\/schema\/logo\/image\/","url":"https:\/\/hudo.com\/si\/wp-content\/uploads\/sites\/2\/2021\/03\/hudo-app-2.png","contentUrl":"https:\/\/hudo.com\/si\/wp-content\/uploads\/sites\/2\/2021\/03\/hudo-app-2.png","width":2185,"height":2167,"caption":"VSN Media"},"image":{"@id":"https:\/\/hudo.com\/si\/#\/schema\/logo\/image\/"},"sameAs":["https:\/\/www.facebook.com\/hudo.si","https:\/\/twitter.com\/hudo_si"]},{"@type":"Person","@id":"https:\/\/hudo.com\/si\/#\/schema\/person\/601cf3379633985b20f7e50f2bb47707","name":"hudo","image":{"@type":"ImageObject","inLanguage":"sl-SI","@id":"https:\/\/hudo.com\/si\/#\/schema\/person\/image\/","url":"https:\/\/secure.gravatar.com\/avatar\/c4ca25fa72cace7a696b52ff5db9e095?s=96&d=mm&r=g","contentUrl":"https:\/\/secure.gravatar.com\/avatar\/c4ca25fa72cace7a696b52ff5db9e095?s=96&d=mm&r=g","caption":"hudo"},"url":"https:\/\/hudo.com\/si\/author\/hudo\/"}]}},"amp_enabled":true,"_links":{"self":[{"href":"https:\/\/hudo.com\/si\/wp-json\/wp\/v2\/posts\/32062"}],"collection":[{"href":"https:\/\/hudo.com\/si\/wp-json\/wp\/v2\/posts"}],"about":[{"href":"https:\/\/hudo.com\/si\/wp-json\/wp\/v2\/types\/post"}],"author":[{"embeddable":true,"href":"https:\/\/hudo.com\/si\/wp-json\/wp\/v2\/users\/1"}],"replies":[{"embeddable":true,"href":"https:\/\/hudo.com\/si\/wp-json\/wp\/v2\/comments?post=32062"}],"version-history":[{"count":0,"href":"https:\/\/hudo.com\/si\/wp-json\/wp\/v2\/posts\/32062\/revisions"}],"wp:attachment":[{"href":"https:\/\/hudo.com\/si\/wp-json\/wp\/v2\/media?parent=32062"}],"wp:term":[{"taxonomy":"category","embeddable":true,"href":"https:\/\/hudo.com\/si\/wp-json\/wp\/v2\/categories?post=32062"},{"taxonomy":"post_tag","embeddable":true,"href":"https:\/\/hudo.com\/si\/wp-json\/wp\/v2\/tags?post=32062"},{"taxonomy":"source","embeddable":true,"href":"https:\/\/hudo.com\/si\/wp-json\/wp\/v2\/source?post=32062"},{"taxonomy":"supertag","embeddable":true,"href":"https:\/\/hudo.com\/si\/wp-json\/wp\/v2\/supertag?post=32062"}],"curies":[{"name":"wp","href":"https:\/\/api.w.org\/{rel}","templated":true}]}}