{"id":320627,"date":"2017-11-11T18:36:00","date_gmt":"2017-11-11T17:36:00","guid":{"rendered":"http:\/\/hudo.com\/si\/2017\/11\/11\/en-clovek-umrl-med-podiranjem-drevesa-za-drugega-usoden-padec-s-strehe\/"},"modified":"2017-11-11T18:36:00","modified_gmt":"2017-11-11T17:36:00","slug":"en-clovek-umrl-med-podiranjem-drevesa-za-drugega-usoden-padec-s-strehe","status":"publish","type":"post","link":"https:\/\/hudo.com\/si\/aktualno\/en-clovek-umrl-med-podiranjem-drevesa-za-drugega-usoden-padec-s-strehe\/","title":{"rendered":"En \u010dlovek umrl med podiranjem drevesa, za drugega usoden padec s strehe"},"content":{"rendered":"<p>Kategorija: Kronika Sat, 11 Nov 2017 19:36:00 +0100  Kamnik\/Ig &#8211; Uprava RS za za\u0161\u010dito in re\u0161evanje poro\u010da o dveh delovnih nesre\u010dah s smrtnim izidom, ki sta se zgodili danes popoldne. Na Visokem v ob\u010dini Ig je krajan pri delu na strehi padel z nje in se tako hudo po\u0161kodoval, da ga gasilci z o\u017eivljanjem niso mogli re\u0161iti. V gozdu v Loki v Tuhinju v ob\u010dini Kamnik pa je \u010dlovek umrl med podiranjem drevesa. Obe delovni nesre\u010di sta se po podatkih uprave za za\u0161\u010dito in re\u0161evanje zgodili nekaj po 15. uri. Podrobne okoli\u0161\u010dine obeh tragi\u010dnih dogodkov pristojne slu\u017ebe \u0161e ugotavljajo.<\/p>\n","protected":false},"excerpt":{"rendered":"<p>Kategorija: Kronika Sat, 11 Nov 2017 19:36:00 +0100  Kamnik\/Ig &#8211; Uprava RS za za\u0161\u010dito in re\u0161evanje poro\u010da o dveh delovnih nesre\u010dah s smrtnim izidom, ki sta se zgodili danes popoldne. Na Visokem v ob\u010dini Ig je krajan pri delu na strehi padel z nje in se tako hudo po\u0161kodoval, da ga gasilci z o\u017eivljanjem niso mogli re\u0161iti. V gozdu v Loki v Tuhinju v ob\u010dini Kamnik pa je \u010dlovek umrl med podiranjem drevesa. Obe delovni nesre\u010di sta se po podatkih uprave za za\u0161\u010dito in re\u0161evanje zgodili nekaj po 15. uri. Podrobne okoli\u0161\u010dine obeh tragi\u010dnih dogodkov pristojne slu\u017ebe \u0161e ugotavljajo.<\/p>\n","protected":false},"author":1,"featured_media":0,"comment_status":"closed","ping_status":"closed","sticky":false,"template":"","format":"standard","meta":{"footnotes":""},"categories":[1179],"tags":[],"source":[1703],"supertag":[],"acf":[],"yoast_head":"<!-- This site is optimized with the Yoast SEO plugin v21.3 - https:\/\/yoast.com\/wordpress\/plugins\/seo\/ -->\n<title>En \u010dlovek umrl med podiranjem drevesa, za drugega usoden padec s strehe - Hudo Slovenija<\/title>\n<meta name=\"robots\" content=\"index, follow, max-snippet:-1, max-image-preview:large, max-video-preview:-1\" \/>\n<link rel=\"canonical\" href=\"https:\/\/hudo.com\/si\/aktualno\/en-clovek-umrl-med-podiranjem-drevesa-za-drugega-usoden-padec-s-strehe\/\" \/>\n<meta property=\"og:locale\" content=\"sl_SI\" \/>\n<meta property=\"og:type\" content=\"article\" \/>\n<meta property=\"og:title\" content=\"En \u010dlovek umrl med podiranjem drevesa, za drugega usoden padec s strehe - Hudo Slovenija\" \/>\n<meta property=\"og:description\" content=\"Kategorija: Kronika Sat, 11 Nov 2017 19:36:00 +0100 Kamnik\/Ig - Uprava RS za za\u0161\u010dito in re\u0161evanje poro\u010da o dveh delovnih nesre\u010dah s smrtnim izidom, ki sta se zgodili danes popoldne. Na Visokem v ob\u010dini Ig je krajan pri delu na strehi padel z nje in se tako hudo po\u0161kodoval, da ga gasilci z o\u017eivljanjem niso mogli re\u0161iti. V gozdu v Loki v Tuhinju v ob\u010dini Kamnik pa je \u010dlovek umrl med podiranjem drevesa. Obe delovni nesre\u010di sta se po podatkih uprave za za\u0161\u010dito in re\u0161evanje zgodili nekaj po 15. uri. Podrobne okoli\u0161\u010dine obeh tragi\u010dnih dogodkov pristojne slu\u017ebe \u0161e ugotavljajo.\" \/>\n<meta property=\"og:url\" content=\"https:\/\/hudo.com\/si\/aktualno\/en-clovek-umrl-med-podiranjem-drevesa-za-drugega-usoden-padec-s-strehe\/\" \/>\n<meta property=\"og:site_name\" content=\"Hudo Slovenija\" \/>\n<meta property=\"article:publisher\" content=\"https:\/\/www.facebook.com\/hudo.si\" \/>\n<meta property=\"article:published_time\" content=\"2017-11-11T17:36:00+00:00\" \/>\n<meta property=\"og:image\" content=\"https:\/\/hudo.com\/si\/wp-content\/uploads\/sites\/2\/2017\/11\/480x290_djvu_1346320_verdevv_iza-Policija.jpeg\" \/>\n\t<meta property=\"og:image:width\" content=\"480\" \/>\n\t<meta property=\"og:image:height\" content=\"290\" \/>\n\t<meta property=\"og:image:type\" content=\"image\/jpeg\" \/>\n<meta name=\"author\" content=\"hudo\" \/>\n<meta name=\"twitter:card\" content=\"summary_large_image\" \/>\n<meta name=\"twitter:creator\" content=\"@hudo_si\" \/>\n<meta name=\"twitter:site\" content=\"@hudo_si\" \/>\n<meta name=\"twitter:label1\" content=\"Written by\" \/>\n\t<meta name=\"twitter:data1\" content=\"hudo\" \/>\n\t<meta name=\"twitter:label2\" content=\"Est. reading time\" \/>\n\t<meta name=\"twitter:data2\" content=\"1 minuta\" \/>\n<script type=\"application\/ld+json\" class=\"yoast-schema-graph\">{\"@context\":\"https:\/\/schema.org\",\"@graph\":[{\"@type\":\"Article\",\"@id\":\"https:\/\/hudo.com\/si\/aktualno\/en-clovek-umrl-med-podiranjem-drevesa-za-drugega-usoden-padec-s-strehe\/#article\",\"isPartOf\":{\"@id\":\"https:\/\/hudo.com\/si\/aktualno\/en-clovek-umrl-med-podiranjem-drevesa-za-drugega-usoden-padec-s-strehe\/\"},\"author\":{\"name\":\"hudo\",\"@id\":\"https:\/\/hudo.com\/si\/#\/schema\/person\/601cf3379633985b20f7e50f2bb47707\"},\"headline\":\"En \u010dlovek umrl med podiranjem drevesa, za drugega usoden padec s strehe\",\"datePublished\":\"2017-11-11T17:36:00+00:00\",\"dateModified\":\"2017-11-11T17:36:00+00:00\",\"mainEntityOfPage\":{\"@id\":\"https:\/\/hudo.com\/si\/aktualno\/en-clovek-umrl-med-podiranjem-drevesa-za-drugega-usoden-padec-s-strehe\/\"},\"wordCount\":122,\"publisher\":{\"@id\":\"https:\/\/hudo.com\/si\/#organization\"},\"articleSection\":[\"Aktualno\"],\"inLanguage\":\"sl-SI\"},{\"@type\":\"WebPage\",\"@id\":\"https:\/\/hudo.com\/si\/aktualno\/en-clovek-umrl-med-podiranjem-drevesa-za-drugega-usoden-padec-s-strehe\/\",\"url\":\"https:\/\/hudo.com\/si\/aktualno\/en-clovek-umrl-med-podiranjem-drevesa-za-drugega-usoden-padec-s-strehe\/\",\"name\":\"En \u010dlovek umrl med podiranjem drevesa, za drugega usoden padec s strehe - Hudo Slovenija\",\"isPartOf\":{\"@id\":\"https:\/\/hudo.com\/si\/#website\"},\"datePublished\":\"2017-11-11T17:36:00+00:00\",\"dateModified\":\"2017-11-11T17:36:00+00:00\",\"breadcrumb\":{\"@id\":\"https:\/\/hudo.com\/si\/aktualno\/en-clovek-umrl-med-podiranjem-drevesa-za-drugega-usoden-padec-s-strehe\/#breadcrumb\"},\"inLanguage\":\"sl-SI\",\"potentialAction\":[{\"@type\":\"ReadAction\",\"target\":[\"https:\/\/hudo.com\/si\/aktualno\/en-clovek-umrl-med-podiranjem-drevesa-za-drugega-usoden-padec-s-strehe\/\"]}]},{\"@type\":\"BreadcrumbList\",\"@id\":\"https:\/\/hudo.com\/si\/aktualno\/en-clovek-umrl-med-podiranjem-drevesa-za-drugega-usoden-padec-s-strehe\/#breadcrumb\",\"itemListElement\":[{\"@type\":\"ListItem\",\"position\":1,\"name\":\"Home\",\"item\":\"https:\/\/hudo.com\/si\/\"},{\"@type\":\"ListItem\",\"position\":2,\"name\":\"En \u010dlovek umrl med podiranjem drevesa, za drugega usoden padec s strehe\"}]},{\"@type\":\"WebSite\",\"@id\":\"https:\/\/hudo.com\/si\/#website\",\"url\":\"https:\/\/hudo.com\/si\/\",\"name\":\"Hudo Slovenija\",\"description\":\"Vse novice iz Slovenije in sveta\",\"publisher\":{\"@id\":\"https:\/\/hudo.com\/si\/#organization\"},\"potentialAction\":[{\"@type\":\"SearchAction\",\"target\":{\"@type\":\"EntryPoint\",\"urlTemplate\":\"https:\/\/hudo.com\/si\/?s={search_term_string}\"},\"query-input\":\"required name=search_term_string\"}],\"inLanguage\":\"sl-SI\"},{\"@type\":\"Organization\",\"@id\":\"https:\/\/hudo.com\/si\/#organization\",\"name\":\"VSN Media\",\"url\":\"https:\/\/hudo.com\/si\/\",\"logo\":{\"@type\":\"ImageObject\",\"inLanguage\":\"sl-SI\",\"@id\":\"https:\/\/hudo.com\/si\/#\/schema\/logo\/image\/\",\"url\":\"https:\/\/hudo.com\/si\/wp-content\/uploads\/sites\/2\/2021\/03\/hudo-app-2.png\",\"contentUrl\":\"https:\/\/hudo.com\/si\/wp-content\/uploads\/sites\/2\/2021\/03\/hudo-app-2.png\",\"width\":2185,\"height\":2167,\"caption\":\"VSN Media\"},\"image\":{\"@id\":\"https:\/\/hudo.com\/si\/#\/schema\/logo\/image\/\"},\"sameAs\":[\"https:\/\/www.facebook.com\/hudo.si\",\"https:\/\/twitter.com\/hudo_si\"]},{\"@type\":\"Person\",\"@id\":\"https:\/\/hudo.com\/si\/#\/schema\/person\/601cf3379633985b20f7e50f2bb47707\",\"name\":\"hudo\",\"image\":{\"@type\":\"ImageObject\",\"inLanguage\":\"sl-SI\",\"@id\":\"https:\/\/hudo.com\/si\/#\/schema\/person\/image\/\",\"url\":\"https:\/\/secure.gravatar.com\/avatar\/c4ca25fa72cace7a696b52ff5db9e095?s=96&d=mm&r=g\",\"contentUrl\":\"https:\/\/secure.gravatar.com\/avatar\/c4ca25fa72cace7a696b52ff5db9e095?s=96&d=mm&r=g\",\"caption\":\"hudo\"},\"url\":\"https:\/\/hudo.com\/si\/author\/hudo\/\"}]}<\/script>\n<!-- \/ Yoast SEO plugin. -->","yoast_head_json":{"title":"En \u010dlovek umrl med podiranjem drevesa, za drugega usoden padec s strehe - Hudo Slovenija","robots":{"index":"index","follow":"follow","max-snippet":"max-snippet:-1","max-image-preview":"max-image-preview:large","max-video-preview":"max-video-preview:-1"},"canonical":"https:\/\/hudo.com\/si\/aktualno\/en-clovek-umrl-med-podiranjem-drevesa-za-drugega-usoden-padec-s-strehe\/","og_locale":"sl_SI","og_type":"article","og_title":"En \u010dlovek umrl med podiranjem drevesa, za drugega usoden padec s strehe - Hudo Slovenija","og_description":"Kategorija: Kronika Sat, 11 Nov 2017 19:36:00 +0100 Kamnik\/Ig - Uprava RS za za\u0161\u010dito in re\u0161evanje poro\u010da o dveh delovnih nesre\u010dah s smrtnim izidom, ki sta se zgodili danes popoldne. Na Visokem v ob\u010dini Ig je krajan pri delu na strehi padel z nje in se tako hudo po\u0161kodoval, da ga gasilci z o\u017eivljanjem niso mogli re\u0161iti. V gozdu v Loki v Tuhinju v ob\u010dini Kamnik pa je \u010dlovek umrl med podiranjem drevesa. Obe delovni nesre\u010di sta se po podatkih uprave za za\u0161\u010dito in re\u0161evanje zgodili nekaj po 15. uri. Podrobne okoli\u0161\u010dine obeh tragi\u010dnih dogodkov pristojne slu\u017ebe \u0161e ugotavljajo.","og_url":"https:\/\/hudo.com\/si\/aktualno\/en-clovek-umrl-med-podiranjem-drevesa-za-drugega-usoden-padec-s-strehe\/","og_site_name":"Hudo Slovenija","article_publisher":"https:\/\/www.facebook.com\/hudo.si","article_published_time":"2017-11-11T17:36:00+00:00","og_image":[{"width":480,"height":290,"url":"https:\/\/hudo.com\/si\/wp-content\/uploads\/sites\/2\/2017\/11\/480x290_djvu_1346320_verdevv_iza-Policija.jpeg","type":"image\/jpeg"}],"author":"hudo","twitter_card":"summary_large_image","twitter_creator":"@hudo_si","twitter_site":"@hudo_si","twitter_misc":{"Written by":"hudo","Est. reading time":"1 minuta"},"schema":{"@context":"https:\/\/schema.org","@graph":[{"@type":"Article","@id":"https:\/\/hudo.com\/si\/aktualno\/en-clovek-umrl-med-podiranjem-drevesa-za-drugega-usoden-padec-s-strehe\/#article","isPartOf":{"@id":"https:\/\/hudo.com\/si\/aktualno\/en-clovek-umrl-med-podiranjem-drevesa-za-drugega-usoden-padec-s-strehe\/"},"author":{"name":"hudo","@id":"https:\/\/hudo.com\/si\/#\/schema\/person\/601cf3379633985b20f7e50f2bb47707"},"headline":"En \u010dlovek umrl med podiranjem drevesa, za drugega usoden padec s strehe","datePublished":"2017-11-11T17:36:00+00:00","dateModified":"2017-11-11T17:36:00+00:00","mainEntityOfPage":{"@id":"https:\/\/hudo.com\/si\/aktualno\/en-clovek-umrl-med-podiranjem-drevesa-za-drugega-usoden-padec-s-strehe\/"},"wordCount":122,"publisher":{"@id":"https:\/\/hudo.com\/si\/#organization"},"articleSection":["Aktualno"],"inLanguage":"sl-SI"},{"@type":"WebPage","@id":"https:\/\/hudo.com\/si\/aktualno\/en-clovek-umrl-med-podiranjem-drevesa-za-drugega-usoden-padec-s-strehe\/","url":"https:\/\/hudo.com\/si\/aktualno\/en-clovek-umrl-med-podiranjem-drevesa-za-drugega-usoden-padec-s-strehe\/","name":"En \u010dlovek umrl med podiranjem drevesa, za drugega usoden padec s strehe - Hudo Slovenija","isPartOf":{"@id":"https:\/\/hudo.com\/si\/#website"},"datePublished":"2017-11-11T17:36:00+00:00","dateModified":"2017-11-11T17:36:00+00:00","breadcrumb":{"@id":"https:\/\/hudo.com\/si\/aktualno\/en-clovek-umrl-med-podiranjem-drevesa-za-drugega-usoden-padec-s-strehe\/#breadcrumb"},"inLanguage":"sl-SI","potentialAction":[{"@type":"ReadAction","target":["https:\/\/hudo.com\/si\/aktualno\/en-clovek-umrl-med-podiranjem-drevesa-za-drugega-usoden-padec-s-strehe\/"]}]},{"@type":"BreadcrumbList","@id":"https:\/\/hudo.com\/si\/aktualno\/en-clovek-umrl-med-podiranjem-drevesa-za-drugega-usoden-padec-s-strehe\/#breadcrumb","itemListElement":[{"@type":"ListItem","position":1,"name":"Home","item":"https:\/\/hudo.com\/si\/"},{"@type":"ListItem","position":2,"name":"En \u010dlovek umrl med podiranjem drevesa, za drugega usoden padec s strehe"}]},{"@type":"WebSite","@id":"https:\/\/hudo.com\/si\/#website","url":"https:\/\/hudo.com\/si\/","name":"Hudo Slovenija","description":"Vse novice iz Slovenije in sveta","publisher":{"@id":"https:\/\/hudo.com\/si\/#organization"},"potentialAction":[{"@type":"SearchAction","target":{"@type":"EntryPoint","urlTemplate":"https:\/\/hudo.com\/si\/?s={search_term_string}"},"query-input":"required name=search_term_string"}],"inLanguage":"sl-SI"},{"@type":"Organization","@id":"https:\/\/hudo.com\/si\/#organization","name":"VSN Media","url":"https:\/\/hudo.com\/si\/","logo":{"@type":"ImageObject","inLanguage":"sl-SI","@id":"https:\/\/hudo.com\/si\/#\/schema\/logo\/image\/","url":"https:\/\/hudo.com\/si\/wp-content\/uploads\/sites\/2\/2021\/03\/hudo-app-2.png","contentUrl":"https:\/\/hudo.com\/si\/wp-content\/uploads\/sites\/2\/2021\/03\/hudo-app-2.png","width":2185,"height":2167,"caption":"VSN Media"},"image":{"@id":"https:\/\/hudo.com\/si\/#\/schema\/logo\/image\/"},"sameAs":["https:\/\/www.facebook.com\/hudo.si","https:\/\/twitter.com\/hudo_si"]},{"@type":"Person","@id":"https:\/\/hudo.com\/si\/#\/schema\/person\/601cf3379633985b20f7e50f2bb47707","name":"hudo","image":{"@type":"ImageObject","inLanguage":"sl-SI","@id":"https:\/\/hudo.com\/si\/#\/schema\/person\/image\/","url":"https:\/\/secure.gravatar.com\/avatar\/c4ca25fa72cace7a696b52ff5db9e095?s=96&d=mm&r=g","contentUrl":"https:\/\/secure.gravatar.com\/avatar\/c4ca25fa72cace7a696b52ff5db9e095?s=96&d=mm&r=g","caption":"hudo"},"url":"https:\/\/hudo.com\/si\/author\/hudo\/"}]}},"amp_enabled":true,"_links":{"self":[{"href":"https:\/\/hudo.com\/si\/wp-json\/wp\/v2\/posts\/320627"}],"collection":[{"href":"https:\/\/hudo.com\/si\/wp-json\/wp\/v2\/posts"}],"about":[{"href":"https:\/\/hudo.com\/si\/wp-json\/wp\/v2\/types\/post"}],"author":[{"embeddable":true,"href":"https:\/\/hudo.com\/si\/wp-json\/wp\/v2\/users\/1"}],"replies":[{"embeddable":true,"href":"https:\/\/hudo.com\/si\/wp-json\/wp\/v2\/comments?post=320627"}],"version-history":[{"count":0,"href":"https:\/\/hudo.com\/si\/wp-json\/wp\/v2\/posts\/320627\/revisions"}],"wp:attachment":[{"href":"https:\/\/hudo.com\/si\/wp-json\/wp\/v2\/media?parent=320627"}],"wp:term":[{"taxonomy":"category","embeddable":true,"href":"https:\/\/hudo.com\/si\/wp-json\/wp\/v2\/categories?post=320627"},{"taxonomy":"post_tag","embeddable":true,"href":"https:\/\/hudo.com\/si\/wp-json\/wp\/v2\/tags?post=320627"},{"taxonomy":"source","embeddable":true,"href":"https:\/\/hudo.com\/si\/wp-json\/wp\/v2\/source?post=320627"},{"taxonomy":"supertag","embeddable":true,"href":"https:\/\/hudo.com\/si\/wp-json\/wp\/v2\/supertag?post=320627"}],"curies":[{"name":"wp","href":"https:\/\/api.w.org\/{rel}","templated":true}]}}