{"id":322177,"date":"2017-11-15T17:19:36","date_gmt":"2017-11-15T16:19:36","guid":{"rendered":"http:\/\/hudo.com\/si\/?p=322177"},"modified":"2017-11-15T17:19:36","modified_gmt":"2017-11-15T16:19:36","slug":"sds-cerar-je-v-primeru-begunca-samija-storil-kaznivo-dejanje-ki-ga-je-treba-preganjati","status":"publish","type":"post","link":"https:\/\/hudo.com\/si\/aktualno\/sds-cerar-je-v-primeru-begunca-samija-storil-kaznivo-dejanje-ki-ga-je-treba-preganjati\/","title":{"rendered":"SDS: Cerar je v primeru begunca \u0160amija storil kaznivo dejanje, ki ga je treba preganjati"},"content":{"rendered":"<div class=\"text\">\n<p>Gorenak je na dana\u0161nji novinarski konferenci opozoril, da je ministrstvo za notranje zadeve v primeru omenjenega begunca izdalo dokon\u010dno, pravnomo\u010dno in izvr\u0161ljivo odlo\u010dbo, po kateri bi moral biti ta v torek deportiran na Hrva\u0161ko. &#8220;Akt, ki ga je izdalo ministrstvo za notranje zadeve, je akt, ki je izvr\u0161ljiv. Ne more ga odpraviti nih\u010de ve\u010d. Ta akt je zakonit in preizku\u0161en tudi na vrhovnem sodi\u0161\u010du, sodi\u0161\u010du EU in na ustavnem sodi\u0161\u010du,&#8221; je dodal.<\/p>\n<p>Po njegovem mnenju je Cerar s svojimi izjavami v ponedeljek in torek neposredno posegel v to, da se &#8220;zakonita odlo\u010dba zakonitega organa ne izvr\u0161i&#8221;. &#8220;Predsednik vlade je s tem po na\u0161em mnenju naredil dejanje, ki ima vse znake kaznivega dejanja zlorabe polo\u017eaja,&#8221; je dejal.<\/p>\n<p>Kot je pojasnil, je kaznivo dejanje treba preganjati, zato bodo v SDS vlo\u017eili predlog ustavne obto\u017ebe, da se predsednika razre\u0161i. Ob tem ni izklju\u010dil mo\u017enosti vlo\u017eitve kazenske ovadbe proti Cerarju.<\/p>\n<p>Po Gorenakovih besedah je to, da bo Cerar po svojih napovedih v primeru \u0160amija uporabil 51. \u010dlen zakona o tujcih, nezakonito. Na podlagi te dolo\u010dbe bi mu namre\u010d lahko dali dovoljenje za za\u010dasno prebivanje prej, preden je bila izdana zakonita odlo\u010dba notranjega ministrstva, je prepri\u010dan Gorenak. Ob tem je pojasnil \u0161e, da je 51. \u010dlen zakona o tujcih namenjen temu, da se dovoljenje za prebivanje podeli nekomu, ki je znanstvenik, profesor, raziskovalec, zdravnik, in da obstaja interes Slovenije za to. &#8220;V tem primeru pa ne vem, \u010de obstaja interes,&#8221; je v dvomih Gorenak.<\/p>\n<p>Za to, da predlog ustavne obto\u017ebe pride do ustavnega sodi\u0161\u010da, ga mora podpreti vsaj 46 poslancev. Kot je dejal Gorenak, doslej \u0161e niso komunicirali z nobeno od politi\u010dnih strank glede podpore njihovemu predlogu. Na vpra\u0161anje, ali predlog SDS vlaga z mislijo na parlamentarne volitve prihodnje leto, je Gorenak odgovoril, da bo Cerar volitve prihodnje leto izgubil tudi brez te obto\u017ebe.<\/p>\n<p>Gorenak je ponovil tudi, da na ilegalen na\u010din priti v Slovenijo in zaprositi za azil &#8220;sploh ni mogo\u010de, razen \u010de prileti\u0161 s padalom&#8221;, saj da mora skladno z dublinsko uredbo za azil vsak zaprositi v prvi dr\u017eavi EU, to pa sta denimo Gr\u010dija in Hrva\u0161ka.<\/p>\n<p>Na potrebo po spremembi teh dolo\u010db dublinske uredbe so sicer najbolj glasno nevladne organizacije opozarjale ob mno\u017ei\u010dnih migracijah, ki so tekle \u010dez Slovenijo.<\/p>\n<p>\u0160ami je v Slovenijo prek Hrva\u0161ke vstopil februarja 2016 ob koncu migrantskega vala, v Sloveniji pa sprva ni zaprosil za azil, temve\u010d je nadaljeval pot v Avstrijo. Ta ga je na meji zavrnila, nato je v Sloveniji zaprosil za azil. Njegovo pro\u0161njo je ministrstvo za notranje zadeve junija 2016 zavrglo, saj je ugotovilo, da je zanjo, skladno z dolo\u010dili dublinske uredbe, odgovorna Hrva\u0161ka. Po odlo\u010ditvah sodi\u0161\u010d je notranje ministrstvo v ponedeljek sporo\u010dilo, da so 30. oktobra prejeli sklep ustavnega sodi\u0161\u010da, po katerem so lahko za\u010deli postopek za deportacijo \u0160amija.<\/p>\n<p>Ta naj bi se zgodila v torej zjutraj, a do nje ni pri\u0161lo. K ustavitvi postopka je v ponedeljek pozval tudi Cerar, ki je v torek napovedal, da bo vlada odlo\u010dala o interesu dr\u017eave za izdajo dovoljenja za za\u010dasno prebivanje na podlagi 51. \u010dlena zakona o tujcih, ki dolo\u010da, da se tujcu, katerega prebivanje v Sloveniji je v interesu dr\u017eave, lahko izda dovoljenje za za\u010dasno prebivanje.<\/p>\n<p>Na notranjem ministrstvu so v torek pojasnili, da je bil dublinski postopek pravnomo\u010dno kon\u010dan, zato \u0160ami ni ve\u010d prosilec za mednarodno za\u0161\u010dito in po pravnomo\u010dnosti zanj veljajo dolo\u010dbe zakona o tujcih. \u010ce bo vlada skladno z zakonom o tujcih, kot je predlagal premier, sprejela sklep, da je izdaja dovoljenja za za\u010dasno prebivanje \u0160amiju v interesu Slovenije, bo notranje ministrstvo po uradni dol\u017enosti izdalo tako dovoljenje. Tako bo pridobil zakonit status v Sloveniji po drugi pravni podlagi in se predaja Hrva\u0161ki ne bo izvedla, so pojasnili.<\/p>\n<\/div>\n","protected":false},"excerpt":{"rendered":"<p>Predsednik vlade Miro Cerar je po prepri\u010danju SDS zlorabil svoj polo\u017eaj, da je dosegel neizvr\u0161itev zakonite odlo\u010dbe v primeru sirskega begunca Ahmada \u0160amija. Po oceni poslanca SDS Vinka Gorenaka je s tem Cerar storil kaznivo dejanje, ki ga je treba preganjati. Zato bodo danes vlo\u017eili ustavno obto\u017ebo proti Cerarju.<\/p>\n","protected":false},"author":5,"featured_media":209192,"comment_status":"closed","ping_status":"closed","sticky":false,"template":"","format":"standard","meta":{"footnotes":""},"categories":[1179],"tags":[9840,2173,5108,4632,1595,7189],"source":[4511],"supertag":[],"acf":[],"yoast_head":"<!-- This site is optimized with the Yoast SEO plugin v21.3 - https:\/\/yoast.com\/wordpress\/plugins\/seo\/ -->\n<title>SDS: Cerar je v primeru begunca \u0160amija storil kaznivo dejanje, ki ga je treba preganjati - Hudo Slovenija<\/title>\n<meta name=\"robots\" content=\"index, follow, max-snippet:-1, max-image-preview:large, max-video-preview:-1\" \/>\n<link rel=\"canonical\" href=\"https:\/\/hudo.com\/si\/aktualno\/sds-cerar-je-v-primeru-begunca-samija-storil-kaznivo-dejanje-ki-ga-je-treba-preganjati\/\" \/>\n<meta property=\"og:locale\" content=\"sl_SI\" \/>\n<meta property=\"og:type\" content=\"article\" \/>\n<meta property=\"og:title\" content=\"SDS: Cerar je v primeru begunca \u0160amija storil kaznivo dejanje, ki ga je treba preganjati - Hudo Slovenija\" \/>\n<meta property=\"og:description\" content=\"Predsednik vlade Miro Cerar je po prepri\u010danju SDS zlorabil svoj polo\u017eaj, da je dosegel neizvr\u0161itev zakonite odlo\u010dbe v primeru sirskega begunca Ahmada \u0160amija. Po oceni poslanca SDS Vinka Gorenaka je s tem Cerar storil kaznivo dejanje, ki ga je treba preganjati. Zato bodo danes vlo\u017eili ustavno obto\u017ebo proti Cerarju.\" \/>\n<meta property=\"og:url\" content=\"https:\/\/hudo.com\/si\/aktualno\/sds-cerar-je-v-primeru-begunca-samija-storil-kaznivo-dejanje-ki-ga-je-treba-preganjati\/\" \/>\n<meta property=\"og:site_name\" content=\"Hudo Slovenija\" \/>\n<meta property=\"article:publisher\" content=\"https:\/\/www.facebook.com\/hudo.si\" \/>\n<meta property=\"article:published_time\" content=\"2017-11-15T16:19:36+00:00\" \/>\n<meta property=\"og:image\" content=\"https:\/\/hudo.com\/si\/wp-content\/uploads\/sites\/2\/2017\/02\/profimedia-0313334321.jpg\" \/>\n\t<meta property=\"og:image:width\" content=\"1250\" \/>\n\t<meta property=\"og:image:height\" content=\"833\" \/>\n\t<meta property=\"og:image:type\" content=\"image\/jpeg\" \/>\n<meta name=\"author\" content=\"A. G., STA\" \/>\n<meta name=\"twitter:card\" content=\"summary_large_image\" \/>\n<meta name=\"twitter:creator\" content=\"@hudo_si\" \/>\n<meta name=\"twitter:site\" content=\"@hudo_si\" \/>\n<meta name=\"twitter:label1\" content=\"Written by\" \/>\n\t<meta name=\"twitter:data1\" content=\"A. G., STA\" \/>\n\t<meta name=\"twitter:label2\" content=\"Est. reading time\" \/>\n\t<meta name=\"twitter:data2\" content=\"3 minute\" \/>\n<script type=\"application\/ld+json\" class=\"yoast-schema-graph\">{\"@context\":\"https:\/\/schema.org\",\"@graph\":[{\"@type\":\"Article\",\"@id\":\"https:\/\/hudo.com\/si\/aktualno\/sds-cerar-je-v-primeru-begunca-samija-storil-kaznivo-dejanje-ki-ga-je-treba-preganjati\/#article\",\"isPartOf\":{\"@id\":\"https:\/\/hudo.com\/si\/aktualno\/sds-cerar-je-v-primeru-begunca-samija-storil-kaznivo-dejanje-ki-ga-je-treba-preganjati\/\"},\"author\":{\"name\":\"A. G., STA\",\"@id\":\"https:\/\/hudo.com\/si\/#\/schema\/person\/2391667a63ea075ba94f2f2dc6b77537\"},\"headline\":\"SDS: Cerar je v primeru begunca \u0160amija storil kaznivo dejanje, ki ga je treba preganjati\",\"datePublished\":\"2017-11-15T16:19:36+00:00\",\"dateModified\":\"2017-11-15T16:19:36+00:00\",\"mainEntityOfPage\":{\"@id\":\"https:\/\/hudo.com\/si\/aktualno\/sds-cerar-je-v-primeru-begunca-samija-storil-kaznivo-dejanje-ki-ga-je-treba-preganjati\/\"},\"wordCount\":677,\"publisher\":{\"@id\":\"https:\/\/hudo.com\/si\/#organization\"},\"keywords\":[\"begunec Ahmad \u0160ami\",\"Miro Cerar\",\"obto\u017eba\",\"SDS\",\"Slovenija\",\"ustava\"],\"articleSection\":[\"Aktualno\"],\"inLanguage\":\"sl-SI\"},{\"@type\":\"WebPage\",\"@id\":\"https:\/\/hudo.com\/si\/aktualno\/sds-cerar-je-v-primeru-begunca-samija-storil-kaznivo-dejanje-ki-ga-je-treba-preganjati\/\",\"url\":\"https:\/\/hudo.com\/si\/aktualno\/sds-cerar-je-v-primeru-begunca-samija-storil-kaznivo-dejanje-ki-ga-je-treba-preganjati\/\",\"name\":\"SDS: Cerar je v primeru begunca \u0160amija storil kaznivo dejanje, ki ga je treba preganjati - Hudo Slovenija\",\"isPartOf\":{\"@id\":\"https:\/\/hudo.com\/si\/#website\"},\"datePublished\":\"2017-11-15T16:19:36+00:00\",\"dateModified\":\"2017-11-15T16:19:36+00:00\",\"breadcrumb\":{\"@id\":\"https:\/\/hudo.com\/si\/aktualno\/sds-cerar-je-v-primeru-begunca-samija-storil-kaznivo-dejanje-ki-ga-je-treba-preganjati\/#breadcrumb\"},\"inLanguage\":\"sl-SI\",\"potentialAction\":[{\"@type\":\"ReadAction\",\"target\":[\"https:\/\/hudo.com\/si\/aktualno\/sds-cerar-je-v-primeru-begunca-samija-storil-kaznivo-dejanje-ki-ga-je-treba-preganjati\/\"]}]},{\"@type\":\"BreadcrumbList\",\"@id\":\"https:\/\/hudo.com\/si\/aktualno\/sds-cerar-je-v-primeru-begunca-samija-storil-kaznivo-dejanje-ki-ga-je-treba-preganjati\/#breadcrumb\",\"itemListElement\":[{\"@type\":\"ListItem\",\"position\":1,\"name\":\"Home\",\"item\":\"https:\/\/hudo.com\/si\/\"},{\"@type\":\"ListItem\",\"position\":2,\"name\":\"SDS: Cerar je v primeru begunca \u0160amija storil kaznivo dejanje, ki ga je treba preganjati\"}]},{\"@type\":\"WebSite\",\"@id\":\"https:\/\/hudo.com\/si\/#website\",\"url\":\"https:\/\/hudo.com\/si\/\",\"name\":\"Hudo Slovenija\",\"description\":\"Vse novice iz Slovenije in sveta\",\"publisher\":{\"@id\":\"https:\/\/hudo.com\/si\/#organization\"},\"potentialAction\":[{\"@type\":\"SearchAction\",\"target\":{\"@type\":\"EntryPoint\",\"urlTemplate\":\"https:\/\/hudo.com\/si\/?s={search_term_string}\"},\"query-input\":\"required name=search_term_string\"}],\"inLanguage\":\"sl-SI\"},{\"@type\":\"Organization\",\"@id\":\"https:\/\/hudo.com\/si\/#organization\",\"name\":\"VSN Media\",\"url\":\"https:\/\/hudo.com\/si\/\",\"logo\":{\"@type\":\"ImageObject\",\"inLanguage\":\"sl-SI\",\"@id\":\"https:\/\/hudo.com\/si\/#\/schema\/logo\/image\/\",\"url\":\"https:\/\/hudo.com\/si\/wp-content\/uploads\/sites\/2\/2021\/03\/hudo-app-2.png\",\"contentUrl\":\"https:\/\/hudo.com\/si\/wp-content\/uploads\/sites\/2\/2021\/03\/hudo-app-2.png\",\"width\":2185,\"height\":2167,\"caption\":\"VSN Media\"},\"image\":{\"@id\":\"https:\/\/hudo.com\/si\/#\/schema\/logo\/image\/\"},\"sameAs\":[\"https:\/\/www.facebook.com\/hudo.si\",\"https:\/\/twitter.com\/hudo_si\"]},{\"@type\":\"Person\",\"@id\":\"https:\/\/hudo.com\/si\/#\/schema\/person\/2391667a63ea075ba94f2f2dc6b77537\",\"name\":\"A. G., STA\",\"image\":{\"@type\":\"ImageObject\",\"inLanguage\":\"sl-SI\",\"@id\":\"https:\/\/hudo.com\/si\/#\/schema\/person\/image\/\",\"url\":\"https:\/\/secure.gravatar.com\/avatar\/e13d22ac3e442658d5025fbbe6238a79?s=96&d=mm&r=g\",\"contentUrl\":\"https:\/\/secure.gravatar.com\/avatar\/e13d22ac3e442658d5025fbbe6238a79?s=96&d=mm&r=g\",\"caption\":\"A. G., STA\"},\"url\":\"https:\/\/hudo.com\/si\/author\/alenka\/\"}]}<\/script>\n<!-- \/ Yoast SEO plugin. -->","yoast_head_json":{"title":"SDS: Cerar je v primeru begunca \u0160amija storil kaznivo dejanje, ki ga je treba preganjati - Hudo Slovenija","robots":{"index":"index","follow":"follow","max-snippet":"max-snippet:-1","max-image-preview":"max-image-preview:large","max-video-preview":"max-video-preview:-1"},"canonical":"https:\/\/hudo.com\/si\/aktualno\/sds-cerar-je-v-primeru-begunca-samija-storil-kaznivo-dejanje-ki-ga-je-treba-preganjati\/","og_locale":"sl_SI","og_type":"article","og_title":"SDS: Cerar je v primeru begunca \u0160amija storil kaznivo dejanje, ki ga je treba preganjati - Hudo Slovenija","og_description":"Predsednik vlade Miro Cerar je po prepri\u010danju SDS zlorabil svoj polo\u017eaj, da je dosegel neizvr\u0161itev zakonite odlo\u010dbe v primeru sirskega begunca Ahmada \u0160amija. Po oceni poslanca SDS Vinka Gorenaka je s tem Cerar storil kaznivo dejanje, ki ga je treba preganjati. Zato bodo danes vlo\u017eili ustavno obto\u017ebo proti Cerarju.","og_url":"https:\/\/hudo.com\/si\/aktualno\/sds-cerar-je-v-primeru-begunca-samija-storil-kaznivo-dejanje-ki-ga-je-treba-preganjati\/","og_site_name":"Hudo Slovenija","article_publisher":"https:\/\/www.facebook.com\/hudo.si","article_published_time":"2017-11-15T16:19:36+00:00","og_image":[{"width":1250,"height":833,"url":"https:\/\/hudo.com\/si\/wp-content\/uploads\/sites\/2\/2017\/02\/profimedia-0313334321.jpg","type":"image\/jpeg"}],"author":"A. G., STA","twitter_card":"summary_large_image","twitter_creator":"@hudo_si","twitter_site":"@hudo_si","twitter_misc":{"Written by":"A. G., STA","Est. reading time":"3 minute"},"schema":{"@context":"https:\/\/schema.org","@graph":[{"@type":"Article","@id":"https:\/\/hudo.com\/si\/aktualno\/sds-cerar-je-v-primeru-begunca-samija-storil-kaznivo-dejanje-ki-ga-je-treba-preganjati\/#article","isPartOf":{"@id":"https:\/\/hudo.com\/si\/aktualno\/sds-cerar-je-v-primeru-begunca-samija-storil-kaznivo-dejanje-ki-ga-je-treba-preganjati\/"},"author":{"name":"A. G., STA","@id":"https:\/\/hudo.com\/si\/#\/schema\/person\/2391667a63ea075ba94f2f2dc6b77537"},"headline":"SDS: Cerar je v primeru begunca \u0160amija storil kaznivo dejanje, ki ga je treba preganjati","datePublished":"2017-11-15T16:19:36+00:00","dateModified":"2017-11-15T16:19:36+00:00","mainEntityOfPage":{"@id":"https:\/\/hudo.com\/si\/aktualno\/sds-cerar-je-v-primeru-begunca-samija-storil-kaznivo-dejanje-ki-ga-je-treba-preganjati\/"},"wordCount":677,"publisher":{"@id":"https:\/\/hudo.com\/si\/#organization"},"keywords":["begunec Ahmad \u0160ami","Miro Cerar","obto\u017eba","SDS","Slovenija","ustava"],"articleSection":["Aktualno"],"inLanguage":"sl-SI"},{"@type":"WebPage","@id":"https:\/\/hudo.com\/si\/aktualno\/sds-cerar-je-v-primeru-begunca-samija-storil-kaznivo-dejanje-ki-ga-je-treba-preganjati\/","url":"https:\/\/hudo.com\/si\/aktualno\/sds-cerar-je-v-primeru-begunca-samija-storil-kaznivo-dejanje-ki-ga-je-treba-preganjati\/","name":"SDS: Cerar je v primeru begunca \u0160amija storil kaznivo dejanje, ki ga je treba preganjati - Hudo Slovenija","isPartOf":{"@id":"https:\/\/hudo.com\/si\/#website"},"datePublished":"2017-11-15T16:19:36+00:00","dateModified":"2017-11-15T16:19:36+00:00","breadcrumb":{"@id":"https:\/\/hudo.com\/si\/aktualno\/sds-cerar-je-v-primeru-begunca-samija-storil-kaznivo-dejanje-ki-ga-je-treba-preganjati\/#breadcrumb"},"inLanguage":"sl-SI","potentialAction":[{"@type":"ReadAction","target":["https:\/\/hudo.com\/si\/aktualno\/sds-cerar-je-v-primeru-begunca-samija-storil-kaznivo-dejanje-ki-ga-je-treba-preganjati\/"]}]},{"@type":"BreadcrumbList","@id":"https:\/\/hudo.com\/si\/aktualno\/sds-cerar-je-v-primeru-begunca-samija-storil-kaznivo-dejanje-ki-ga-je-treba-preganjati\/#breadcrumb","itemListElement":[{"@type":"ListItem","position":1,"name":"Home","item":"https:\/\/hudo.com\/si\/"},{"@type":"ListItem","position":2,"name":"SDS: Cerar je v primeru begunca \u0160amija storil kaznivo dejanje, ki ga je treba preganjati"}]},{"@type":"WebSite","@id":"https:\/\/hudo.com\/si\/#website","url":"https:\/\/hudo.com\/si\/","name":"Hudo Slovenija","description":"Vse novice iz Slovenije in sveta","publisher":{"@id":"https:\/\/hudo.com\/si\/#organization"},"potentialAction":[{"@type":"SearchAction","target":{"@type":"EntryPoint","urlTemplate":"https:\/\/hudo.com\/si\/?s={search_term_string}"},"query-input":"required name=search_term_string"}],"inLanguage":"sl-SI"},{"@type":"Organization","@id":"https:\/\/hudo.com\/si\/#organization","name":"VSN Media","url":"https:\/\/hudo.com\/si\/","logo":{"@type":"ImageObject","inLanguage":"sl-SI","@id":"https:\/\/hudo.com\/si\/#\/schema\/logo\/image\/","url":"https:\/\/hudo.com\/si\/wp-content\/uploads\/sites\/2\/2021\/03\/hudo-app-2.png","contentUrl":"https:\/\/hudo.com\/si\/wp-content\/uploads\/sites\/2\/2021\/03\/hudo-app-2.png","width":2185,"height":2167,"caption":"VSN Media"},"image":{"@id":"https:\/\/hudo.com\/si\/#\/schema\/logo\/image\/"},"sameAs":["https:\/\/www.facebook.com\/hudo.si","https:\/\/twitter.com\/hudo_si"]},{"@type":"Person","@id":"https:\/\/hudo.com\/si\/#\/schema\/person\/2391667a63ea075ba94f2f2dc6b77537","name":"A. G., STA","image":{"@type":"ImageObject","inLanguage":"sl-SI","@id":"https:\/\/hudo.com\/si\/#\/schema\/person\/image\/","url":"https:\/\/secure.gravatar.com\/avatar\/e13d22ac3e442658d5025fbbe6238a79?s=96&d=mm&r=g","contentUrl":"https:\/\/secure.gravatar.com\/avatar\/e13d22ac3e442658d5025fbbe6238a79?s=96&d=mm&r=g","caption":"A. G., STA"},"url":"https:\/\/hudo.com\/si\/author\/alenka\/"}]}},"amp_enabled":true,"_links":{"self":[{"href":"https:\/\/hudo.com\/si\/wp-json\/wp\/v2\/posts\/322177"}],"collection":[{"href":"https:\/\/hudo.com\/si\/wp-json\/wp\/v2\/posts"}],"about":[{"href":"https:\/\/hudo.com\/si\/wp-json\/wp\/v2\/types\/post"}],"author":[{"embeddable":true,"href":"https:\/\/hudo.com\/si\/wp-json\/wp\/v2\/users\/5"}],"replies":[{"embeddable":true,"href":"https:\/\/hudo.com\/si\/wp-json\/wp\/v2\/comments?post=322177"}],"version-history":[{"count":1,"href":"https:\/\/hudo.com\/si\/wp-json\/wp\/v2\/posts\/322177\/revisions"}],"predecessor-version":[{"id":322178,"href":"https:\/\/hudo.com\/si\/wp-json\/wp\/v2\/posts\/322177\/revisions\/322178"}],"wp:featuredmedia":[{"embeddable":true,"href":"https:\/\/hudo.com\/si\/wp-json\/wp\/v2\/media\/209192"}],"wp:attachment":[{"href":"https:\/\/hudo.com\/si\/wp-json\/wp\/v2\/media?parent=322177"}],"wp:term":[{"taxonomy":"category","embeddable":true,"href":"https:\/\/hudo.com\/si\/wp-json\/wp\/v2\/categories?post=322177"},{"taxonomy":"post_tag","embeddable":true,"href":"https:\/\/hudo.com\/si\/wp-json\/wp\/v2\/tags?post=322177"},{"taxonomy":"source","embeddable":true,"href":"https:\/\/hudo.com\/si\/wp-json\/wp\/v2\/source?post=322177"},{"taxonomy":"supertag","embeddable":true,"href":"https:\/\/hudo.com\/si\/wp-json\/wp\/v2\/supertag?post=322177"}],"curies":[{"name":"wp","href":"https:\/\/api.w.org\/{rel}","templated":true}]}}