{"id":322604,"date":"2017-11-16T17:56:36","date_gmt":"2017-11-16T16:56:36","guid":{"rendered":"http:\/\/hudo.com\/si\/?p=322604"},"modified":"2017-11-16T17:56:36","modified_gmt":"2017-11-16T16:56:36","slug":"pocivalsek-po-odlocitvi-sodisca-lazje-stabilizacije-mercatorja","status":"publish","type":"post","link":"https:\/\/hudo.com\/si\/aktualno\/pocivalsek-po-odlocitvi-sodisca-lazje-stabilizacije-mercatorja\/","title":{"rendered":"Po\u010dival\u0161ek: Po odlo\u010ditvi sodi\u0161\u010da la\u017eje do stabilizacije Mercatorja"},"content":{"rendered":"<p>Sodi\u0161\u010de je odlo\u010ditev sprejelo na podlagi ugovora Sberbank, medtem ko je ugovor dr\u017eave zaradi pomanjkanja pravnega interesa zavrglo. &#8220;V vsakem primeru je cilj, ki smo ga zasledovali, dose\u017een,&#8221; je danes v izjavi za medije v Ljubljani dejal Po\u010dival\u0161ek.<\/p>\n<p>Vlada je sicer \u017eelela, da lex Agrokor v Sloveniji ne bi veljal iz drugih razlogov, in sicer ker da se &#8220;kri\u017ea&#8221; z zakonom o pogojih imenovanja izrednega \u010dlana uprave v dru\u017ebah sistemskega pomena za Slovenijo (t.i. lex Mercator).<\/p>\n<p>Po\u010dival\u0161ek odlo\u010ditve sodi\u0161\u010da sicer \u0161e ni podrobno prou\u010dil, tako da podrobnej\u0161ega komentarja, kot je dejal, ni mogel dati.<\/p>\n<p>Glede vpliva na Mercator, ki je v skoraj 70-odstotni lasti Agrokorja, je dejal, da o prihodnjih potezah Sberbank ne more govoriti, da pa bodo lahko sedaj upniki Agrokorja zahtevali popla\u010dilo iz Agrokorjevega dele\u017ea v Mercatorju.<\/p>\n<p>Dr\u017eava bo, je dodal, &#8220;interes stabilizacije Mercatorja&#8221; zasledovala kot doslej. &#8220;Odlo\u010ditev sodi\u0161\u010da po mojem osebnem mnenju to (stabilizacijo Mercatorja) omogo\u010da na hitrej\u0161i in bolj u\u010dinkovit na\u010din,&#8221; je dejal minister.<\/p>\n<p>DZ je na predlog vlade aprila letos sprejel lex Mercator, na podlagi katerega je sodi\u0161\u010de (na predlog vlade) za izrednega \u010dlana uprave Mercatorja imenovalo Gregorja Planteua, ki mora sogla\u0161ati z vsemi posli med Mercatorjem ter Agrokorjem in njegovimi dru\u017ebami. Vlada je namre\u010d \u017eelela z zakonom prepre\u010diti iz\u010drpavanje Mercatorja, kar ji je, kot je ob predstavitvi poro\u010dila izrednega \u010dlana uprave v za\u010detku septembra dejal Po\u010dival\u0161ek, tudi uspelo.<\/p>\n<p>V Mercatorju odlo\u010ditve sodi\u0161\u010da ne komentirajo, saj, kot so povedali za STA, &#8220;gre za stvar na ravni lastnika, ki jo skladno s pravili korporativnega upravljanja ne moremo komentirati&#8221;.<\/p>\n","protected":false},"excerpt":{"rendered":"<p>Odlo\u010ditev Okro\u017enega sodi\u0161\u010da v Ljubljani, da ne prizna postopka izredne uprave v hrva\u0161kem Agrokorju v Sloveniji, pomeni, da bodo lahko upniki Agrokorja zahtevali popla\u010dilo tudi iz delnic Mercatorja. Gospodarski minister Zdravko Po\u010dival\u0161ek meni, da bo mogo\u010de s tem hitreje in bolj u\u010dinkovito priti do &#8220;stabilizacije&#8221; Mercatorja.<\/p>\n","protected":false},"author":7,"featured_media":0,"comment_status":"closed","ping_status":"closed","sticky":false,"template":"","format":"standard","meta":{"footnotes":""},"categories":[1179],"tags":[8348,2391,4574,1595,4992],"source":[4511],"supertag":[7541],"acf":[],"yoast_head":"<!-- This site is optimized with the Yoast SEO plugin v21.3 - https:\/\/yoast.com\/wordpress\/plugins\/seo\/ -->\n<title>Po\u010dival\u0161ek: Po odlo\u010ditvi sodi\u0161\u010da la\u017eje do stabilizacije Mercatorja - Hudo Slovenija<\/title>\n<meta name=\"robots\" content=\"index, follow, max-snippet:-1, max-image-preview:large, max-video-preview:-1\" \/>\n<link rel=\"canonical\" href=\"https:\/\/hudo.com\/si\/aktualno\/pocivalsek-po-odlocitvi-sodisca-lazje-stabilizacije-mercatorja\/\" \/>\n<meta property=\"og:locale\" content=\"sl_SI\" \/>\n<meta property=\"og:type\" content=\"article\" \/>\n<meta property=\"og:title\" content=\"Po\u010dival\u0161ek: Po odlo\u010ditvi sodi\u0161\u010da la\u017eje do stabilizacije Mercatorja - Hudo Slovenija\" \/>\n<meta property=\"og:description\" content=\"Odlo\u010ditev Okro\u017enega sodi\u0161\u010da v Ljubljani, da ne prizna postopka izredne uprave v hrva\u0161kem Agrokorju v Sloveniji, pomeni, da bodo lahko upniki Agrokorja zahtevali popla\u010dilo tudi iz delnic Mercatorja. Gospodarski minister Zdravko Po\u010dival\u0161ek meni, da bo mogo\u010de s tem hitreje in bolj u\u010dinkovito priti do &quot;stabilizacije&quot; Mercatorja.\" \/>\n<meta property=\"og:url\" content=\"https:\/\/hudo.com\/si\/aktualno\/pocivalsek-po-odlocitvi-sodisca-lazje-stabilizacije-mercatorja\/\" \/>\n<meta property=\"og:site_name\" content=\"Hudo Slovenija\" \/>\n<meta property=\"article:publisher\" content=\"https:\/\/www.facebook.com\/hudo.si\" \/>\n<meta property=\"article:published_time\" content=\"2017-11-16T16:56:36+00:00\" \/>\n<meta property=\"og:image\" content=\"https:\/\/hudo.com\/si\/wp-content\/uploads\/sites\/2\/2017\/02\/16-POCIVALSEK.jpg\" \/>\n\t<meta property=\"og:image:width\" content=\"620\" \/>\n\t<meta property=\"og:image:height\" content=\"466\" \/>\n\t<meta property=\"og:image:type\" content=\"image\/jpeg\" \/>\n<meta name=\"author\" content=\"A. P., STA\" \/>\n<meta name=\"twitter:card\" content=\"summary_large_image\" \/>\n<meta name=\"twitter:creator\" content=\"@hudo_si\" \/>\n<meta name=\"twitter:site\" content=\"@hudo_si\" \/>\n<meta name=\"twitter:label1\" content=\"Written by\" \/>\n\t<meta name=\"twitter:data1\" content=\"A. P., STA\" \/>\n\t<meta name=\"twitter:label2\" content=\"Est. reading time\" \/>\n\t<meta name=\"twitter:data2\" content=\"1 minuta\" \/>\n<script type=\"application\/ld+json\" class=\"yoast-schema-graph\">{\"@context\":\"https:\/\/schema.org\",\"@graph\":[{\"@type\":\"Article\",\"@id\":\"https:\/\/hudo.com\/si\/aktualno\/pocivalsek-po-odlocitvi-sodisca-lazje-stabilizacije-mercatorja\/#article\",\"isPartOf\":{\"@id\":\"https:\/\/hudo.com\/si\/aktualno\/pocivalsek-po-odlocitvi-sodisca-lazje-stabilizacije-mercatorja\/\"},\"author\":{\"name\":\"A. P., STA\",\"@id\":\"https:\/\/hudo.com\/si\/#\/schema\/person\/18f09c02475ba9e606e941a565b80cff\"},\"headline\":\"Po\u010dival\u0161ek: Po odlo\u010ditvi sodi\u0161\u010da la\u017eje do stabilizacije Mercatorja\",\"datePublished\":\"2017-11-16T16:56:36+00:00\",\"dateModified\":\"2017-11-16T16:56:36+00:00\",\"mainEntityOfPage\":{\"@id\":\"https:\/\/hudo.com\/si\/aktualno\/pocivalsek-po-odlocitvi-sodisca-lazje-stabilizacije-mercatorja\/\"},\"wordCount\":300,\"publisher\":{\"@id\":\"https:\/\/hudo.com\/si\/#organization\"},\"keywords\":[\"Agrokor\",\"gospodarstvo\",\"Mercator\",\"Slovenija\",\"Zdravko Po\u010dival\u0161ek\"],\"articleSection\":[\"Aktualno\"],\"inLanguage\":\"sl-SI\"},{\"@type\":\"WebPage\",\"@id\":\"https:\/\/hudo.com\/si\/aktualno\/pocivalsek-po-odlocitvi-sodisca-lazje-stabilizacije-mercatorja\/\",\"url\":\"https:\/\/hudo.com\/si\/aktualno\/pocivalsek-po-odlocitvi-sodisca-lazje-stabilizacije-mercatorja\/\",\"name\":\"Po\u010dival\u0161ek: Po odlo\u010ditvi sodi\u0161\u010da la\u017eje do stabilizacije Mercatorja - Hudo Slovenija\",\"isPartOf\":{\"@id\":\"https:\/\/hudo.com\/si\/#website\"},\"datePublished\":\"2017-11-16T16:56:36+00:00\",\"dateModified\":\"2017-11-16T16:56:36+00:00\",\"breadcrumb\":{\"@id\":\"https:\/\/hudo.com\/si\/aktualno\/pocivalsek-po-odlocitvi-sodisca-lazje-stabilizacije-mercatorja\/#breadcrumb\"},\"inLanguage\":\"sl-SI\",\"potentialAction\":[{\"@type\":\"ReadAction\",\"target\":[\"https:\/\/hudo.com\/si\/aktualno\/pocivalsek-po-odlocitvi-sodisca-lazje-stabilizacije-mercatorja\/\"]}]},{\"@type\":\"BreadcrumbList\",\"@id\":\"https:\/\/hudo.com\/si\/aktualno\/pocivalsek-po-odlocitvi-sodisca-lazje-stabilizacije-mercatorja\/#breadcrumb\",\"itemListElement\":[{\"@type\":\"ListItem\",\"position\":1,\"name\":\"Home\",\"item\":\"https:\/\/hudo.com\/si\/\"},{\"@type\":\"ListItem\",\"position\":2,\"name\":\"Po\u010dival\u0161ek: Po odlo\u010ditvi sodi\u0161\u010da la\u017eje do stabilizacije Mercatorja\"}]},{\"@type\":\"WebSite\",\"@id\":\"https:\/\/hudo.com\/si\/#website\",\"url\":\"https:\/\/hudo.com\/si\/\",\"name\":\"Hudo Slovenija\",\"description\":\"Vse novice iz Slovenije in sveta\",\"publisher\":{\"@id\":\"https:\/\/hudo.com\/si\/#organization\"},\"potentialAction\":[{\"@type\":\"SearchAction\",\"target\":{\"@type\":\"EntryPoint\",\"urlTemplate\":\"https:\/\/hudo.com\/si\/?s={search_term_string}\"},\"query-input\":\"required name=search_term_string\"}],\"inLanguage\":\"sl-SI\"},{\"@type\":\"Organization\",\"@id\":\"https:\/\/hudo.com\/si\/#organization\",\"name\":\"VSN Media\",\"url\":\"https:\/\/hudo.com\/si\/\",\"logo\":{\"@type\":\"ImageObject\",\"inLanguage\":\"sl-SI\",\"@id\":\"https:\/\/hudo.com\/si\/#\/schema\/logo\/image\/\",\"url\":\"https:\/\/hudo.com\/si\/wp-content\/uploads\/sites\/2\/2021\/03\/hudo-app-2.png\",\"contentUrl\":\"https:\/\/hudo.com\/si\/wp-content\/uploads\/sites\/2\/2021\/03\/hudo-app-2.png\",\"width\":2185,\"height\":2167,\"caption\":\"VSN Media\"},\"image\":{\"@id\":\"https:\/\/hudo.com\/si\/#\/schema\/logo\/image\/\"},\"sameAs\":[\"https:\/\/www.facebook.com\/hudo.si\",\"https:\/\/twitter.com\/hudo_si\"]},{\"@type\":\"Person\",\"@id\":\"https:\/\/hudo.com\/si\/#\/schema\/person\/18f09c02475ba9e606e941a565b80cff\",\"name\":\"A. P., STA\",\"image\":{\"@type\":\"ImageObject\",\"inLanguage\":\"sl-SI\",\"@id\":\"https:\/\/hudo.com\/si\/#\/schema\/person\/image\/\",\"url\":\"https:\/\/secure.gravatar.com\/avatar\/03eac8e609f5f04383125d80eaeaaf3e?s=96&d=mm&r=g\",\"contentUrl\":\"https:\/\/secure.gravatar.com\/avatar\/03eac8e609f5f04383125d80eaeaaf3e?s=96&d=mm&r=g\",\"caption\":\"A. P., STA\"},\"url\":\"https:\/\/hudo.com\/si\/author\/lubu\/\"}]}<\/script>\n<!-- \/ Yoast SEO plugin. -->","yoast_head_json":{"title":"Po\u010dival\u0161ek: Po odlo\u010ditvi sodi\u0161\u010da la\u017eje do stabilizacije Mercatorja - Hudo Slovenija","robots":{"index":"index","follow":"follow","max-snippet":"max-snippet:-1","max-image-preview":"max-image-preview:large","max-video-preview":"max-video-preview:-1"},"canonical":"https:\/\/hudo.com\/si\/aktualno\/pocivalsek-po-odlocitvi-sodisca-lazje-stabilizacije-mercatorja\/","og_locale":"sl_SI","og_type":"article","og_title":"Po\u010dival\u0161ek: Po odlo\u010ditvi sodi\u0161\u010da la\u017eje do stabilizacije Mercatorja - Hudo Slovenija","og_description":"Odlo\u010ditev Okro\u017enega sodi\u0161\u010da v Ljubljani, da ne prizna postopka izredne uprave v hrva\u0161kem Agrokorju v Sloveniji, pomeni, da bodo lahko upniki Agrokorja zahtevali popla\u010dilo tudi iz delnic Mercatorja. Gospodarski minister Zdravko Po\u010dival\u0161ek meni, da bo mogo\u010de s tem hitreje in bolj u\u010dinkovito priti do \"stabilizacije\" Mercatorja.","og_url":"https:\/\/hudo.com\/si\/aktualno\/pocivalsek-po-odlocitvi-sodisca-lazje-stabilizacije-mercatorja\/","og_site_name":"Hudo Slovenija","article_publisher":"https:\/\/www.facebook.com\/hudo.si","article_published_time":"2017-11-16T16:56:36+00:00","og_image":[{"width":620,"height":466,"url":"https:\/\/hudo.com\/si\/wp-content\/uploads\/sites\/2\/2017\/02\/16-POCIVALSEK.jpg","type":"image\/jpeg"}],"author":"A. P., STA","twitter_card":"summary_large_image","twitter_creator":"@hudo_si","twitter_site":"@hudo_si","twitter_misc":{"Written by":"A. P., STA","Est. reading time":"1 minuta"},"schema":{"@context":"https:\/\/schema.org","@graph":[{"@type":"Article","@id":"https:\/\/hudo.com\/si\/aktualno\/pocivalsek-po-odlocitvi-sodisca-lazje-stabilizacije-mercatorja\/#article","isPartOf":{"@id":"https:\/\/hudo.com\/si\/aktualno\/pocivalsek-po-odlocitvi-sodisca-lazje-stabilizacije-mercatorja\/"},"author":{"name":"A. P., STA","@id":"https:\/\/hudo.com\/si\/#\/schema\/person\/18f09c02475ba9e606e941a565b80cff"},"headline":"Po\u010dival\u0161ek: Po odlo\u010ditvi sodi\u0161\u010da la\u017eje do stabilizacije Mercatorja","datePublished":"2017-11-16T16:56:36+00:00","dateModified":"2017-11-16T16:56:36+00:00","mainEntityOfPage":{"@id":"https:\/\/hudo.com\/si\/aktualno\/pocivalsek-po-odlocitvi-sodisca-lazje-stabilizacije-mercatorja\/"},"wordCount":300,"publisher":{"@id":"https:\/\/hudo.com\/si\/#organization"},"keywords":["Agrokor","gospodarstvo","Mercator","Slovenija","Zdravko Po\u010dival\u0161ek"],"articleSection":["Aktualno"],"inLanguage":"sl-SI"},{"@type":"WebPage","@id":"https:\/\/hudo.com\/si\/aktualno\/pocivalsek-po-odlocitvi-sodisca-lazje-stabilizacije-mercatorja\/","url":"https:\/\/hudo.com\/si\/aktualno\/pocivalsek-po-odlocitvi-sodisca-lazje-stabilizacije-mercatorja\/","name":"Po\u010dival\u0161ek: Po odlo\u010ditvi sodi\u0161\u010da la\u017eje do stabilizacije Mercatorja - Hudo Slovenija","isPartOf":{"@id":"https:\/\/hudo.com\/si\/#website"},"datePublished":"2017-11-16T16:56:36+00:00","dateModified":"2017-11-16T16:56:36+00:00","breadcrumb":{"@id":"https:\/\/hudo.com\/si\/aktualno\/pocivalsek-po-odlocitvi-sodisca-lazje-stabilizacije-mercatorja\/#breadcrumb"},"inLanguage":"sl-SI","potentialAction":[{"@type":"ReadAction","target":["https:\/\/hudo.com\/si\/aktualno\/pocivalsek-po-odlocitvi-sodisca-lazje-stabilizacije-mercatorja\/"]}]},{"@type":"BreadcrumbList","@id":"https:\/\/hudo.com\/si\/aktualno\/pocivalsek-po-odlocitvi-sodisca-lazje-stabilizacije-mercatorja\/#breadcrumb","itemListElement":[{"@type":"ListItem","position":1,"name":"Home","item":"https:\/\/hudo.com\/si\/"},{"@type":"ListItem","position":2,"name":"Po\u010dival\u0161ek: Po odlo\u010ditvi sodi\u0161\u010da la\u017eje do stabilizacije Mercatorja"}]},{"@type":"WebSite","@id":"https:\/\/hudo.com\/si\/#website","url":"https:\/\/hudo.com\/si\/","name":"Hudo Slovenija","description":"Vse novice iz Slovenije in sveta","publisher":{"@id":"https:\/\/hudo.com\/si\/#organization"},"potentialAction":[{"@type":"SearchAction","target":{"@type":"EntryPoint","urlTemplate":"https:\/\/hudo.com\/si\/?s={search_term_string}"},"query-input":"required name=search_term_string"}],"inLanguage":"sl-SI"},{"@type":"Organization","@id":"https:\/\/hudo.com\/si\/#organization","name":"VSN Media","url":"https:\/\/hudo.com\/si\/","logo":{"@type":"ImageObject","inLanguage":"sl-SI","@id":"https:\/\/hudo.com\/si\/#\/schema\/logo\/image\/","url":"https:\/\/hudo.com\/si\/wp-content\/uploads\/sites\/2\/2021\/03\/hudo-app-2.png","contentUrl":"https:\/\/hudo.com\/si\/wp-content\/uploads\/sites\/2\/2021\/03\/hudo-app-2.png","width":2185,"height":2167,"caption":"VSN Media"},"image":{"@id":"https:\/\/hudo.com\/si\/#\/schema\/logo\/image\/"},"sameAs":["https:\/\/www.facebook.com\/hudo.si","https:\/\/twitter.com\/hudo_si"]},{"@type":"Person","@id":"https:\/\/hudo.com\/si\/#\/schema\/person\/18f09c02475ba9e606e941a565b80cff","name":"A. P., STA","image":{"@type":"ImageObject","inLanguage":"sl-SI","@id":"https:\/\/hudo.com\/si\/#\/schema\/person\/image\/","url":"https:\/\/secure.gravatar.com\/avatar\/03eac8e609f5f04383125d80eaeaaf3e?s=96&d=mm&r=g","contentUrl":"https:\/\/secure.gravatar.com\/avatar\/03eac8e609f5f04383125d80eaeaaf3e?s=96&d=mm&r=g","caption":"A. P., STA"},"url":"https:\/\/hudo.com\/si\/author\/lubu\/"}]}},"amp_enabled":true,"_links":{"self":[{"href":"https:\/\/hudo.com\/si\/wp-json\/wp\/v2\/posts\/322604"}],"collection":[{"href":"https:\/\/hudo.com\/si\/wp-json\/wp\/v2\/posts"}],"about":[{"href":"https:\/\/hudo.com\/si\/wp-json\/wp\/v2\/types\/post"}],"author":[{"embeddable":true,"href":"https:\/\/hudo.com\/si\/wp-json\/wp\/v2\/users\/7"}],"replies":[{"embeddable":true,"href":"https:\/\/hudo.com\/si\/wp-json\/wp\/v2\/comments?post=322604"}],"version-history":[{"count":1,"href":"https:\/\/hudo.com\/si\/wp-json\/wp\/v2\/posts\/322604\/revisions"}],"predecessor-version":[{"id":322605,"href":"https:\/\/hudo.com\/si\/wp-json\/wp\/v2\/posts\/322604\/revisions\/322605"}],"wp:attachment":[{"href":"https:\/\/hudo.com\/si\/wp-json\/wp\/v2\/media?parent=322604"}],"wp:term":[{"taxonomy":"category","embeddable":true,"href":"https:\/\/hudo.com\/si\/wp-json\/wp\/v2\/categories?post=322604"},{"taxonomy":"post_tag","embeddable":true,"href":"https:\/\/hudo.com\/si\/wp-json\/wp\/v2\/tags?post=322604"},{"taxonomy":"source","embeddable":true,"href":"https:\/\/hudo.com\/si\/wp-json\/wp\/v2\/source?post=322604"},{"taxonomy":"supertag","embeddable":true,"href":"https:\/\/hudo.com\/si\/wp-json\/wp\/v2\/supertag?post=322604"}],"curies":[{"name":"wp","href":"https:\/\/api.w.org\/{rel}","templated":true}]}}