{"id":323031,"date":"2017-11-17T17:01:40","date_gmt":"2017-11-17T16:01:40","guid":{"rendered":"http:\/\/hudo.com\/si\/?p=323031"},"modified":"2017-11-17T17:01:40","modified_gmt":"2017-11-17T16:01:40","slug":"belgijsko-tozilstvo-zahteva-izrocitev-puigdemonta-spaniji","status":"publish","type":"post","link":"https:\/\/hudo.com\/si\/aktualno\/belgijsko-tozilstvo-zahteva-izrocitev-puigdemonta-spaniji\/","title":{"rendered":"Belgijsko to\u017eilstvo zahteva izro\u010ditev Puigdemonta \u0160paniji"},"content":{"rendered":"<p>Sodnik naj bi dokon\u010dno odlo\u010ditev sprejel 4. decembra, na spletni strani poro\u010da belgijski dnevnik Le Soir.<\/p>\n<p>Peterica se je minuli mesec zatekla v Bruselj in se nato ni odzvala na poziv na zasli\u0161anje na \u0161panskem sodi\u0161\u010du, \u010de\u0161 da jim ne bo omogo\u010deno po\u0161teno sojenje. Puigdemont se je 6. novembra predal belgijskim oblastem, preiskovalni sodnik pa je \u0161e isti dan odlo\u010dil, da lahko na odlo\u010ditev o tem, ali ga bodo izro\u010dili \u0160paniji, po\u010daka na prostosti.<\/p>\n<p>Sodnik na bruseljskem sodi\u0161\u010du danes poslu\u0161a argumente obeh strani glede zahteve za izro\u010ditev. &#8220;Belgijskega sodnika bomo prosili, naj spo\u0161tuje temeljne pravice EU,&#8221; je dejala Michele Hirsch, odvetnica dveh od nekdanjih ministrov.<\/p>\n<p>Kot je zatrdila, organizacija referenduma ni stvar kazenske zakonodaje, tar\u010da pa sta po njenih besedah &#8220;politi\u010dno mnenje ter mirna in demokrati\u010dna izvedba niza dogodkov, povezanih s tem mnenjem&#8221;, poro\u010da francoska tiskovna agencija AFP.<\/p>\n<p>Gre za prvo dejanje sodnega postopka, ki bi se lahko \u0161e zavleklo, saj je pri\u010dakovati, da se bo v primeru poraza katerakoli stran prito\u017eila. To pomeni, da bi bili lahko tako Puigdemont kot njegovi nekdanji ministri \u0161e vedno v Belgiji, ko bodo v Kataloniji 21. decembra potekale regionalne volitve.<\/p>\n<p>\u0160panske oblasti proti nekdanji vladi Katalonije ukrepajo po izvedbi referenduma o neodvisnosti 1. oktobra, na rezultate katerega se je katalonski parlament skliceval, ko je 27. oktobra razglasil neodvisnost Katalonije.<\/p>\n<p>Madrid je v odziv v skladu s 155. \u010dlenom ustave odstavil regionalno vlado in razpustil regionalni parlament. Osem nekdanjih ministrov je v preiskovalnem priporu v \u0160paniji, nad njimi pa visijo iste obto\u017ebe kot nad Puigdemontom. O\u010ditajo jim upor in zlorabo javnih sredstev.<\/p>\n<p>V skladu z belgijsko zakonodajo je treba o evropskem pripornem nalogu odlo\u010diti v 60 dneh. O primeru odlo\u010da flamsko govore\u010di sodnik &#8211; obto\u017eenci v Belgiji imajo mo\u017enost, da si sami izberejo, kateri jezik naj govori sodnik, ki odlo\u010da o njihovem primeru. Katalonci so si sicer v Belgiji pridobili podporo flamskih nacionalistov.<\/p>\n<p>Sodnik naj bi glede na pri\u010dakovanja prvotno odlo\u010ditev sprejel v osmih do desetih dneh, \u0161e pi\u0161e AFP.<\/p>\n","protected":false},"excerpt":{"rendered":"<p>Na sodi\u0161\u010du v Bruslju danes poteka zasli\u0161anje nekdanjega katalonskega voditelja Carlesa Puigdemonta in \u0161e \u0161tirih odstavljenih ministrov v zvezi z zahtevo \u0160panije po njihovi izro\u010ditvi. To\u017eilstvo je po besedah njihovega odvetnika na obravnavi za zaprtimi vrati zahtevalo izvr\u0161itev evropskega pripornega naloga zanje.<\/p>\n","protected":false},"author":8,"featured_media":316880,"comment_status":"closed","ping_status":"closed","sticky":false,"template":"","format":"standard","meta":{"footnotes":""},"categories":[1179],"tags":[9646,6761,1812],"source":[4511],"supertag":[6103],"acf":[],"yoast_head":"<!-- This site is optimized with the Yoast SEO plugin v21.3 - https:\/\/yoast.com\/wordpress\/plugins\/seo\/ -->\n<title>Belgijsko to\u017eilstvo zahteva izro\u010ditev Puigdemonta \u0160paniji - Hudo Slovenija<\/title>\n<meta name=\"robots\" content=\"index, follow, max-snippet:-1, max-image-preview:large, max-video-preview:-1\" \/>\n<link rel=\"canonical\" href=\"https:\/\/hudo.com\/si\/aktualno\/belgijsko-tozilstvo-zahteva-izrocitev-puigdemonta-spaniji\/\" \/>\n<meta property=\"og:locale\" content=\"sl_SI\" \/>\n<meta property=\"og:type\" content=\"article\" \/>\n<meta property=\"og:title\" content=\"Belgijsko to\u017eilstvo zahteva izro\u010ditev Puigdemonta \u0160paniji - Hudo Slovenija\" \/>\n<meta property=\"og:description\" content=\"Na sodi\u0161\u010du v Bruslju danes poteka zasli\u0161anje nekdanjega katalonskega voditelja Carlesa Puigdemonta in \u0161e \u0161tirih odstavljenih ministrov v zvezi z zahtevo \u0160panije po njihovi izro\u010ditvi. To\u017eilstvo je po besedah njihovega odvetnika na obravnavi za zaprtimi vrati zahtevalo izvr\u0161itev evropskega pripornega naloga zanje.\" \/>\n<meta property=\"og:url\" content=\"https:\/\/hudo.com\/si\/aktualno\/belgijsko-tozilstvo-zahteva-izrocitev-puigdemonta-spaniji\/\" \/>\n<meta property=\"og:site_name\" content=\"Hudo Slovenija\" \/>\n<meta property=\"article:publisher\" content=\"https:\/\/www.facebook.com\/hudo.si\" \/>\n<meta property=\"article:published_time\" content=\"2017-11-17T16:01:40+00:00\" \/>\n<meta property=\"og:image\" content=\"https:\/\/hudo.com\/si\/wp-content\/uploads\/sites\/2\/2017\/11\/profimedia-0352501154.jpg\" \/>\n\t<meta property=\"og:image:width\" content=\"1250\" \/>\n\t<meta property=\"og:image:height\" content=\"832\" \/>\n\t<meta property=\"og:image:type\" content=\"image\/jpeg\" \/>\n<meta name=\"author\" content=\"M. N., STA\" \/>\n<meta name=\"twitter:card\" content=\"summary_large_image\" \/>\n<meta name=\"twitter:creator\" content=\"@hudo_si\" \/>\n<meta name=\"twitter:site\" content=\"@hudo_si\" \/>\n<meta name=\"twitter:label1\" content=\"Written by\" \/>\n\t<meta name=\"twitter:data1\" content=\"M. N., STA\" \/>\n\t<meta name=\"twitter:label2\" content=\"Est. reading time\" \/>\n\t<meta name=\"twitter:data2\" content=\"2 minuti\" \/>\n<script type=\"application\/ld+json\" class=\"yoast-schema-graph\">{\"@context\":\"https:\/\/schema.org\",\"@graph\":[{\"@type\":\"Article\",\"@id\":\"https:\/\/hudo.com\/si\/aktualno\/belgijsko-tozilstvo-zahteva-izrocitev-puigdemonta-spaniji\/#article\",\"isPartOf\":{\"@id\":\"https:\/\/hudo.com\/si\/aktualno\/belgijsko-tozilstvo-zahteva-izrocitev-puigdemonta-spaniji\/\"},\"author\":{\"name\":\"M. N., STA\",\"@id\":\"https:\/\/hudo.com\/si\/#\/schema\/person\/c2f10ce65d2e6ede2aeda5be2a0611fa\"},\"headline\":\"Belgijsko to\u017eilstvo zahteva izro\u010ditev Puigdemonta \u0160paniji\",\"datePublished\":\"2017-11-17T16:01:40+00:00\",\"dateModified\":\"2017-11-17T16:01:40+00:00\",\"mainEntityOfPage\":{\"@id\":\"https:\/\/hudo.com\/si\/aktualno\/belgijsko-tozilstvo-zahteva-izrocitev-puigdemonta-spaniji\/\"},\"wordCount\":359,\"publisher\":{\"@id\":\"https:\/\/hudo.com\/si\/#organization\"},\"keywords\":[\"Carles Puigdemont\",\"katalonija\",\"\u0161panija\"],\"articleSection\":[\"Aktualno\"],\"inLanguage\":\"sl-SI\"},{\"@type\":\"WebPage\",\"@id\":\"https:\/\/hudo.com\/si\/aktualno\/belgijsko-tozilstvo-zahteva-izrocitev-puigdemonta-spaniji\/\",\"url\":\"https:\/\/hudo.com\/si\/aktualno\/belgijsko-tozilstvo-zahteva-izrocitev-puigdemonta-spaniji\/\",\"name\":\"Belgijsko to\u017eilstvo zahteva izro\u010ditev Puigdemonta \u0160paniji - Hudo Slovenija\",\"isPartOf\":{\"@id\":\"https:\/\/hudo.com\/si\/#website\"},\"datePublished\":\"2017-11-17T16:01:40+00:00\",\"dateModified\":\"2017-11-17T16:01:40+00:00\",\"breadcrumb\":{\"@id\":\"https:\/\/hudo.com\/si\/aktualno\/belgijsko-tozilstvo-zahteva-izrocitev-puigdemonta-spaniji\/#breadcrumb\"},\"inLanguage\":\"sl-SI\",\"potentialAction\":[{\"@type\":\"ReadAction\",\"target\":[\"https:\/\/hudo.com\/si\/aktualno\/belgijsko-tozilstvo-zahteva-izrocitev-puigdemonta-spaniji\/\"]}]},{\"@type\":\"BreadcrumbList\",\"@id\":\"https:\/\/hudo.com\/si\/aktualno\/belgijsko-tozilstvo-zahteva-izrocitev-puigdemonta-spaniji\/#breadcrumb\",\"itemListElement\":[{\"@type\":\"ListItem\",\"position\":1,\"name\":\"Home\",\"item\":\"https:\/\/hudo.com\/si\/\"},{\"@type\":\"ListItem\",\"position\":2,\"name\":\"Belgijsko to\u017eilstvo zahteva izro\u010ditev Puigdemonta \u0160paniji\"}]},{\"@type\":\"WebSite\",\"@id\":\"https:\/\/hudo.com\/si\/#website\",\"url\":\"https:\/\/hudo.com\/si\/\",\"name\":\"Hudo Slovenija\",\"description\":\"Vse novice iz Slovenije in sveta\",\"publisher\":{\"@id\":\"https:\/\/hudo.com\/si\/#organization\"},\"potentialAction\":[{\"@type\":\"SearchAction\",\"target\":{\"@type\":\"EntryPoint\",\"urlTemplate\":\"https:\/\/hudo.com\/si\/?s={search_term_string}\"},\"query-input\":\"required name=search_term_string\"}],\"inLanguage\":\"sl-SI\"},{\"@type\":\"Organization\",\"@id\":\"https:\/\/hudo.com\/si\/#organization\",\"name\":\"VSN Media\",\"url\":\"https:\/\/hudo.com\/si\/\",\"logo\":{\"@type\":\"ImageObject\",\"inLanguage\":\"sl-SI\",\"@id\":\"https:\/\/hudo.com\/si\/#\/schema\/logo\/image\/\",\"url\":\"https:\/\/hudo.com\/si\/wp-content\/uploads\/sites\/2\/2021\/03\/hudo-app-2.png\",\"contentUrl\":\"https:\/\/hudo.com\/si\/wp-content\/uploads\/sites\/2\/2021\/03\/hudo-app-2.png\",\"width\":2185,\"height\":2167,\"caption\":\"VSN Media\"},\"image\":{\"@id\":\"https:\/\/hudo.com\/si\/#\/schema\/logo\/image\/\"},\"sameAs\":[\"https:\/\/www.facebook.com\/hudo.si\",\"https:\/\/twitter.com\/hudo_si\"]},{\"@type\":\"Person\",\"@id\":\"https:\/\/hudo.com\/si\/#\/schema\/person\/c2f10ce65d2e6ede2aeda5be2a0611fa\",\"name\":\"M. N., STA\",\"image\":{\"@type\":\"ImageObject\",\"inLanguage\":\"sl-SI\",\"@id\":\"https:\/\/hudo.com\/si\/#\/schema\/person\/image\/\",\"url\":\"https:\/\/secure.gravatar.com\/avatar\/f370d38daa10467f755c5c766a4cac20?s=96&d=mm&r=g\",\"contentUrl\":\"https:\/\/secure.gravatar.com\/avatar\/f370d38daa10467f755c5c766a4cac20?s=96&d=mm&r=g\",\"caption\":\"M. N., STA\"},\"url\":\"https:\/\/hudo.com\/si\/author\/mana\/\"}]}<\/script>\n<!-- \/ Yoast SEO plugin. -->","yoast_head_json":{"title":"Belgijsko to\u017eilstvo zahteva izro\u010ditev Puigdemonta \u0160paniji - Hudo Slovenija","robots":{"index":"index","follow":"follow","max-snippet":"max-snippet:-1","max-image-preview":"max-image-preview:large","max-video-preview":"max-video-preview:-1"},"canonical":"https:\/\/hudo.com\/si\/aktualno\/belgijsko-tozilstvo-zahteva-izrocitev-puigdemonta-spaniji\/","og_locale":"sl_SI","og_type":"article","og_title":"Belgijsko to\u017eilstvo zahteva izro\u010ditev Puigdemonta \u0160paniji - Hudo Slovenija","og_description":"Na sodi\u0161\u010du v Bruslju danes poteka zasli\u0161anje nekdanjega katalonskega voditelja Carlesa Puigdemonta in \u0161e \u0161tirih odstavljenih ministrov v zvezi z zahtevo \u0160panije po njihovi izro\u010ditvi. To\u017eilstvo je po besedah njihovega odvetnika na obravnavi za zaprtimi vrati zahtevalo izvr\u0161itev evropskega pripornega naloga zanje.","og_url":"https:\/\/hudo.com\/si\/aktualno\/belgijsko-tozilstvo-zahteva-izrocitev-puigdemonta-spaniji\/","og_site_name":"Hudo Slovenija","article_publisher":"https:\/\/www.facebook.com\/hudo.si","article_published_time":"2017-11-17T16:01:40+00:00","og_image":[{"width":1250,"height":832,"url":"https:\/\/hudo.com\/si\/wp-content\/uploads\/sites\/2\/2017\/11\/profimedia-0352501154.jpg","type":"image\/jpeg"}],"author":"M. N., STA","twitter_card":"summary_large_image","twitter_creator":"@hudo_si","twitter_site":"@hudo_si","twitter_misc":{"Written by":"M. N., STA","Est. reading time":"2 minuti"},"schema":{"@context":"https:\/\/schema.org","@graph":[{"@type":"Article","@id":"https:\/\/hudo.com\/si\/aktualno\/belgijsko-tozilstvo-zahteva-izrocitev-puigdemonta-spaniji\/#article","isPartOf":{"@id":"https:\/\/hudo.com\/si\/aktualno\/belgijsko-tozilstvo-zahteva-izrocitev-puigdemonta-spaniji\/"},"author":{"name":"M. N., STA","@id":"https:\/\/hudo.com\/si\/#\/schema\/person\/c2f10ce65d2e6ede2aeda5be2a0611fa"},"headline":"Belgijsko to\u017eilstvo zahteva izro\u010ditev Puigdemonta \u0160paniji","datePublished":"2017-11-17T16:01:40+00:00","dateModified":"2017-11-17T16:01:40+00:00","mainEntityOfPage":{"@id":"https:\/\/hudo.com\/si\/aktualno\/belgijsko-tozilstvo-zahteva-izrocitev-puigdemonta-spaniji\/"},"wordCount":359,"publisher":{"@id":"https:\/\/hudo.com\/si\/#organization"},"keywords":["Carles Puigdemont","katalonija","\u0161panija"],"articleSection":["Aktualno"],"inLanguage":"sl-SI"},{"@type":"WebPage","@id":"https:\/\/hudo.com\/si\/aktualno\/belgijsko-tozilstvo-zahteva-izrocitev-puigdemonta-spaniji\/","url":"https:\/\/hudo.com\/si\/aktualno\/belgijsko-tozilstvo-zahteva-izrocitev-puigdemonta-spaniji\/","name":"Belgijsko to\u017eilstvo zahteva izro\u010ditev Puigdemonta \u0160paniji - Hudo Slovenija","isPartOf":{"@id":"https:\/\/hudo.com\/si\/#website"},"datePublished":"2017-11-17T16:01:40+00:00","dateModified":"2017-11-17T16:01:40+00:00","breadcrumb":{"@id":"https:\/\/hudo.com\/si\/aktualno\/belgijsko-tozilstvo-zahteva-izrocitev-puigdemonta-spaniji\/#breadcrumb"},"inLanguage":"sl-SI","potentialAction":[{"@type":"ReadAction","target":["https:\/\/hudo.com\/si\/aktualno\/belgijsko-tozilstvo-zahteva-izrocitev-puigdemonta-spaniji\/"]}]},{"@type":"BreadcrumbList","@id":"https:\/\/hudo.com\/si\/aktualno\/belgijsko-tozilstvo-zahteva-izrocitev-puigdemonta-spaniji\/#breadcrumb","itemListElement":[{"@type":"ListItem","position":1,"name":"Home","item":"https:\/\/hudo.com\/si\/"},{"@type":"ListItem","position":2,"name":"Belgijsko to\u017eilstvo zahteva izro\u010ditev Puigdemonta \u0160paniji"}]},{"@type":"WebSite","@id":"https:\/\/hudo.com\/si\/#website","url":"https:\/\/hudo.com\/si\/","name":"Hudo Slovenija","description":"Vse novice iz Slovenije in sveta","publisher":{"@id":"https:\/\/hudo.com\/si\/#organization"},"potentialAction":[{"@type":"SearchAction","target":{"@type":"EntryPoint","urlTemplate":"https:\/\/hudo.com\/si\/?s={search_term_string}"},"query-input":"required name=search_term_string"}],"inLanguage":"sl-SI"},{"@type":"Organization","@id":"https:\/\/hudo.com\/si\/#organization","name":"VSN Media","url":"https:\/\/hudo.com\/si\/","logo":{"@type":"ImageObject","inLanguage":"sl-SI","@id":"https:\/\/hudo.com\/si\/#\/schema\/logo\/image\/","url":"https:\/\/hudo.com\/si\/wp-content\/uploads\/sites\/2\/2021\/03\/hudo-app-2.png","contentUrl":"https:\/\/hudo.com\/si\/wp-content\/uploads\/sites\/2\/2021\/03\/hudo-app-2.png","width":2185,"height":2167,"caption":"VSN Media"},"image":{"@id":"https:\/\/hudo.com\/si\/#\/schema\/logo\/image\/"},"sameAs":["https:\/\/www.facebook.com\/hudo.si","https:\/\/twitter.com\/hudo_si"]},{"@type":"Person","@id":"https:\/\/hudo.com\/si\/#\/schema\/person\/c2f10ce65d2e6ede2aeda5be2a0611fa","name":"M. N., STA","image":{"@type":"ImageObject","inLanguage":"sl-SI","@id":"https:\/\/hudo.com\/si\/#\/schema\/person\/image\/","url":"https:\/\/secure.gravatar.com\/avatar\/f370d38daa10467f755c5c766a4cac20?s=96&d=mm&r=g","contentUrl":"https:\/\/secure.gravatar.com\/avatar\/f370d38daa10467f755c5c766a4cac20?s=96&d=mm&r=g","caption":"M. N., STA"},"url":"https:\/\/hudo.com\/si\/author\/mana\/"}]}},"amp_enabled":true,"_links":{"self":[{"href":"https:\/\/hudo.com\/si\/wp-json\/wp\/v2\/posts\/323031"}],"collection":[{"href":"https:\/\/hudo.com\/si\/wp-json\/wp\/v2\/posts"}],"about":[{"href":"https:\/\/hudo.com\/si\/wp-json\/wp\/v2\/types\/post"}],"author":[{"embeddable":true,"href":"https:\/\/hudo.com\/si\/wp-json\/wp\/v2\/users\/8"}],"replies":[{"embeddable":true,"href":"https:\/\/hudo.com\/si\/wp-json\/wp\/v2\/comments?post=323031"}],"version-history":[{"count":1,"href":"https:\/\/hudo.com\/si\/wp-json\/wp\/v2\/posts\/323031\/revisions"}],"predecessor-version":[{"id":323032,"href":"https:\/\/hudo.com\/si\/wp-json\/wp\/v2\/posts\/323031\/revisions\/323032"}],"wp:featuredmedia":[{"embeddable":true,"href":"https:\/\/hudo.com\/si\/wp-json\/wp\/v2\/media\/316880"}],"wp:attachment":[{"href":"https:\/\/hudo.com\/si\/wp-json\/wp\/v2\/media?parent=323031"}],"wp:term":[{"taxonomy":"category","embeddable":true,"href":"https:\/\/hudo.com\/si\/wp-json\/wp\/v2\/categories?post=323031"},{"taxonomy":"post_tag","embeddable":true,"href":"https:\/\/hudo.com\/si\/wp-json\/wp\/v2\/tags?post=323031"},{"taxonomy":"source","embeddable":true,"href":"https:\/\/hudo.com\/si\/wp-json\/wp\/v2\/source?post=323031"},{"taxonomy":"supertag","embeddable":true,"href":"https:\/\/hudo.com\/si\/wp-json\/wp\/v2\/supertag?post=323031"}],"curies":[{"name":"wp","href":"https:\/\/api.w.org\/{rel}","templated":true}]}}