{"id":32304,"date":"2016-04-18T07:45:00","date_gmt":"2016-04-18T05:45:00","guid":{"rendered":"http:\/\/hudo.com\/si\/2016\/04\/18\/bizjak-mlakarjeva-prva-ministrica-bom-ki-bom-razresena-zato-ker-zelim-delati-po-zakonu\/"},"modified":"2016-04-19T05:16:43","modified_gmt":"2016-04-19T03:16:43","slug":"bizjak-mlakarjeva-prva-ministrica-bom-ki-bom-razresena-zato-ker-zelim-delati-po-zakonu","status":"publish","type":"post","link":"https:\/\/hudo.com\/si\/aktualno\/bizjak-mlakarjeva-prva-ministrica-bom-ki-bom-razresena-zato-ker-zelim-delati-po-zakonu\/","title":{"rendered":"Bizjak Mlakarjeva: Prva ministrica bom, ki bom razre\u0161ena zato, ker \u017eelim delati po zakonu"},"content":{"rendered":"<p>Ministrica za kulturo Julijana Bizjak Mlakar je po dana\u0161njem pogovoru s premierjem Mirom Cerarjem medijem sporo\u010dila, da bo prva ministrica, ki bo razre\u0161ena zato, ker \u017eeli delati po zakonu. Kot je dejala, \u017eeli namre\u010d prepre\u010diti nevarnost, ki bi nastala za premo\u017eenje in \u017eivljenje ljudi v Idriji, \u010de bi ministrstvo za kulturo prevzelo rudnike. &#8220;Videti je, da bomo \u0161li v parlament. \u017denske, ki mislimo s svojo glavo in ne ubogamo mo\u0161kih, si je treba podrediti, da postanejo bolj ubogljive,&#8221; so prve besede vidno pretresene Bizjak Mlakarjeve po njenem pogovoru s Cerarjem. Ministrica je namre\u010d zaupanje premierja izgubila po tistem, ko ni izvr\u0161evala sklepov vlade v zvezi z idrijskim rudnikom. Ministrica pa ni \u017eelela pojasniti, ali jo je torej premier pozval k odstopu, kar naj bi se sicer po neuradnih informacijah zgodilo. Sama pa o\u010ditno ne bo odstopila, pa\u010d pa jo bo moral na predlog Cerarja razre\u0161iti DZ. Ministrica iz vrst DeSUS se je v zadnjih mesecih ve\u010dkrat zna\u0161la v sredi\u0161\u010du pozornosti tako zaradi svojih izjav kot neomajnih stali\u0161\u010d, a se je vselej uspe\u0161no izvila. Sodu pa je izbilo dno njeno neizpolnjevanje sklepov vlade v zvezi z idrijskim rudnikom, s \u010demer je precej razburila predsednika vlade. Sklep, da mora Center za upravljanje z dedi\u0161\u010dino \u017eivega srebra Idrija, javni zavod, ki sodi pod okrilje ministrstva za kulturo, bdeti nad aktivnostmi vzdr\u017eevanja nezalitega dela jame in monitoringom vplivnega obmo\u010dja rudnika Idrija, je \u017ee septembra 2014 sprejela ministrska ekipa Alenke Bratu\u0161ek, Cerarjeva vlada pa mu je pritrdila. Sredi marca je vlada poudarila, da mora omenjeni idrijski center za\u010deti z izvajanjem nalog. Na ministrstvu za kulturo so izrazili pomisleke, da se javni zavod ne more ukvarjati z rudarstvom. Prvak DeSUS Karl Erjavec, s katerim se ministrica tudi ni imela \u010dasa sestati, je izrazil pri\u010dakovanje, da bodo ministri DeSUS upo\u0161tevali sklepe vlade. Bizjak Mlakarjevo pa je posvaril, da stali\u0161\u010d, ki so v nasprotju z vladno politiko, ne namerava \u0161\u010dititi. \u010ce je sprva \u0161e k<\/p>\n","protected":false},"excerpt":{"rendered":"<p>Ministrica za kulturo Julijana Bizjak Mlakar je po dana\u0161njem pogovoru s premierjem Mirom Cerarjem medijem sporo\u010dila, da bo prva ministrica, ki bo razre\u0161ena zato, ker \u017eeli delati po zakonu. Kot je dejala, \u017eeli namre\u010d prepre\u010diti nevarnost, ki bi nastala za premo\u017eenje in \u017eivljenje ljudi v Idriji, \u010de bi ministrstvo za kulturo prevzelo rudnike. &#8220;Videti je, da bomo \u0161li v parlament. \u017denske, ki mislimo s svojo glavo in ne ubogamo mo\u0161kih, si je treba podrediti, da postanejo bolj ubogljive,&#8221; so prve besede vidno pretresene Bizjak Mlakarjeve po njenem pogovoru s Cerarjem. Ministrica je namre\u010d zaupanje premierja izgubila po tistem, ko ni izvr\u0161evala sklepov vlade v zvezi z idrijskim rudnikom. Ministrica pa ni \u017eelela pojasniti, ali jo je torej premier pozval k odstopu, kar naj bi se sicer po neuradnih informacijah zgodilo. Sama pa o\u010ditno ne bo odstopila, pa\u010d pa jo bo moral na predlog Cerarja razre\u0161iti DZ. Ministrica iz vrst DeSUS se je v zadnjih mesecih ve\u010dkrat zna\u0161la v sredi\u0161\u010du pozornosti tako zaradi svojih izjav kot neomajnih stali\u0161\u010d, a se je vselej uspe\u0161no izvila. Sodu pa je izbilo dno njeno neizpolnjevanje sklepov vlade v zvezi z idrijskim rudnikom, s \u010demer je precej razburila predsednika vlade. Sklep, da mora Center za upravljanje z dedi\u0161\u010dino \u017eivega srebra Idrija, javni zavod, ki sodi pod okrilje ministrstva za kulturo, bdeti nad aktivnostmi vzdr\u017eevanja nezalitega dela jame in monitoringom vplivnega obmo\u010dja rudnika Idrija, je \u017ee septembra 2014 sprejela ministrska ekipa Alenke Bratu\u0161ek, Cerarjeva vlada pa mu je pritrdila. Sredi marca je vlada poudarila, da mora omenjeni idrijski center za\u010deti z izvajanjem nalog. Na ministrstvu za kulturo so izrazili pomisleke, da se javni zavod ne more ukvarjati z rudarstvom. Prvak DeSUS Karl Erjavec, s katerim se ministrica tudi ni imela \u010dasa sestati, je izrazil pri\u010dakovanje, da bodo ministri DeSUS upo\u0161tevali sklepe vlade. Bizjak Mlakarjevo pa je posvaril, da stali\u0161\u010d, ki so v nasprotju z vladno politiko, ne namerava \u0161\u010dititi. \u010ce je sprva \u0161e k<\/p>\n","protected":false},"author":1,"featured_media":0,"comment_status":"closed","ping_status":"closed","sticky":false,"template":"","format":"standard","meta":{"footnotes":""},"categories":[1179],"tags":[],"source":[1711],"supertag":[],"acf":[],"yoast_head":"<!-- This site is optimized with the Yoast SEO plugin v21.3 - https:\/\/yoast.com\/wordpress\/plugins\/seo\/ -->\n<title>Bizjak Mlakarjeva: Prva ministrica bom, ki bom razre\u0161ena zato, ker \u017eelim delati po zakonu - Hudo Slovenija<\/title>\n<meta name=\"robots\" content=\"index, follow, max-snippet:-1, max-image-preview:large, max-video-preview:-1\" \/>\n<link rel=\"canonical\" href=\"https:\/\/hudo.com\/si\/aktualno\/bizjak-mlakarjeva-prva-ministrica-bom-ki-bom-razresena-zato-ker-zelim-delati-po-zakonu\/\" \/>\n<meta property=\"og:locale\" content=\"sl_SI\" \/>\n<meta property=\"og:type\" content=\"article\" \/>\n<meta property=\"og:title\" content=\"Bizjak Mlakarjeva: Prva ministrica bom, ki bom razre\u0161ena zato, ker \u017eelim delati po zakonu - Hudo Slovenija\" \/>\n<meta property=\"og:description\" content=\"Ministrica za kulturo Julijana Bizjak Mlakar je po dana\u0161njem pogovoru s premierjem Mirom Cerarjem medijem sporo\u010dila, da bo prva ministrica, ki bo razre\u0161ena zato, ker \u017eeli delati po zakonu. Kot je dejala, \u017eeli namre\u010d prepre\u010diti nevarnost, ki bi nastala za premo\u017eenje in \u017eivljenje ljudi v Idriji, \u010de bi ministrstvo za kulturo prevzelo rudnike. &quot;Videti je, da bomo \u0161li v parlament. \u017denske, ki mislimo s svojo glavo in ne ubogamo mo\u0161kih, si je treba podrediti, da postanejo bolj ubogljive,&quot; so prve besede vidno pretresene Bizjak Mlakarjeve po njenem pogovoru s Cerarjem. Ministrica je namre\u010d zaupanje premierja izgubila po tistem, ko ni izvr\u0161evala sklepov vlade v zvezi z idrijskim rudnikom. Ministrica pa ni \u017eelela pojasniti, ali jo je torej premier pozval k odstopu, kar naj bi se sicer po neuradnih informacijah zgodilo. Sama pa o\u010ditno ne bo odstopila, pa\u010d pa jo bo moral na predlog Cerarja razre\u0161iti DZ. Ministrica iz vrst DeSUS se je v zadnjih mesecih ve\u010dkrat zna\u0161la v sredi\u0161\u010du pozornosti tako zaradi svojih izjav kot neomajnih stali\u0161\u010d, a se je vselej uspe\u0161no izvila. Sodu pa je izbilo dno njeno neizpolnjevanje sklepov vlade v zvezi z idrijskim rudnikom, s \u010demer je precej razburila predsednika vlade. Sklep, da mora Center za upravljanje z dedi\u0161\u010dino \u017eivega srebra Idrija, javni zavod, ki sodi pod okrilje ministrstva za kulturo, bdeti nad aktivnostmi vzdr\u017eevanja nezalitega dela jame in monitoringom vplivnega obmo\u010dja rudnika Idrija, je \u017ee septembra 2014 sprejela ministrska ekipa Alenke Bratu\u0161ek, Cerarjeva vlada pa mu je pritrdila. Sredi marca je vlada poudarila, da mora omenjeni idrijski center za\u010deti z izvajanjem nalog. Na ministrstvu za kulturo so izrazili pomisleke, da se javni zavod ne more ukvarjati z rudarstvom. Prvak DeSUS Karl Erjavec, s katerim se ministrica tudi ni imela \u010dasa sestati, je izrazil pri\u010dakovanje, da bodo ministri DeSUS upo\u0161tevali sklepe vlade. Bizjak Mlakarjevo pa je posvaril, da stali\u0161\u010d, ki so v nasprotju z vladno politiko, ne namerava \u0161\u010dititi. \u010ce je sprva \u0161e k\" \/>\n<meta property=\"og:url\" content=\"https:\/\/hudo.com\/si\/aktualno\/bizjak-mlakarjeva-prva-ministrica-bom-ki-bom-razresena-zato-ker-zelim-delati-po-zakonu\/\" \/>\n<meta property=\"og:site_name\" content=\"Hudo Slovenija\" \/>\n<meta property=\"article:publisher\" content=\"https:\/\/www.facebook.com\/hudo.si\" \/>\n<meta property=\"article:published_time\" content=\"2016-04-18T05:45:00+00:00\" \/>\n<meta property=\"article:modified_time\" content=\"2016-04-19T03:16:43+00:00\" \/>\n<meta property=\"og:image\" content=\"https:\/\/hudo.com\/si\/wp-content\/uploads\/sites\/2\/2016\/04\/01457733F-300-1.jpg\" \/>\n\t<meta property=\"og:image:width\" content=\"450\" \/>\n\t<meta property=\"og:image:height\" content=\"300\" \/>\n\t<meta property=\"og:image:type\" content=\"image\/jpeg\" \/>\n<meta name=\"author\" content=\"hudo\" \/>\n<meta name=\"twitter:card\" content=\"summary_large_image\" \/>\n<meta name=\"twitter:creator\" content=\"@hudo_si\" \/>\n<meta name=\"twitter:site\" content=\"@hudo_si\" \/>\n<meta name=\"twitter:label1\" content=\"Written by\" \/>\n\t<meta name=\"twitter:data1\" content=\"hudo\" \/>\n\t<meta name=\"twitter:label2\" content=\"Est. reading time\" \/>\n\t<meta name=\"twitter:data2\" content=\"2 minuti\" \/>\n<script type=\"application\/ld+json\" class=\"yoast-schema-graph\">{\"@context\":\"https:\/\/schema.org\",\"@graph\":[{\"@type\":\"Article\",\"@id\":\"https:\/\/hudo.com\/si\/aktualno\/bizjak-mlakarjeva-prva-ministrica-bom-ki-bom-razresena-zato-ker-zelim-delati-po-zakonu\/#article\",\"isPartOf\":{\"@id\":\"https:\/\/hudo.com\/si\/aktualno\/bizjak-mlakarjeva-prva-ministrica-bom-ki-bom-razresena-zato-ker-zelim-delati-po-zakonu\/\"},\"author\":{\"name\":\"hudo\",\"@id\":\"https:\/\/hudo.com\/si\/#\/schema\/person\/601cf3379633985b20f7e50f2bb47707\"},\"headline\":\"Bizjak Mlakarjeva: Prva ministrica bom, ki bom razre\u0161ena zato, ker \u017eelim delati po zakonu\",\"datePublished\":\"2016-04-18T05:45:00+00:00\",\"dateModified\":\"2016-04-19T03:16:43+00:00\",\"mainEntityOfPage\":{\"@id\":\"https:\/\/hudo.com\/si\/aktualno\/bizjak-mlakarjeva-prva-ministrica-bom-ki-bom-razresena-zato-ker-zelim-delati-po-zakonu\/\"},\"wordCount\":351,\"publisher\":{\"@id\":\"https:\/\/hudo.com\/si\/#organization\"},\"articleSection\":[\"Aktualno\"],\"inLanguage\":\"sl-SI\"},{\"@type\":\"WebPage\",\"@id\":\"https:\/\/hudo.com\/si\/aktualno\/bizjak-mlakarjeva-prva-ministrica-bom-ki-bom-razresena-zato-ker-zelim-delati-po-zakonu\/\",\"url\":\"https:\/\/hudo.com\/si\/aktualno\/bizjak-mlakarjeva-prva-ministrica-bom-ki-bom-razresena-zato-ker-zelim-delati-po-zakonu\/\",\"name\":\"Bizjak Mlakarjeva: Prva ministrica bom, ki bom razre\u0161ena zato, ker \u017eelim delati po zakonu - Hudo Slovenija\",\"isPartOf\":{\"@id\":\"https:\/\/hudo.com\/si\/#website\"},\"datePublished\":\"2016-04-18T05:45:00+00:00\",\"dateModified\":\"2016-04-19T03:16:43+00:00\",\"breadcrumb\":{\"@id\":\"https:\/\/hudo.com\/si\/aktualno\/bizjak-mlakarjeva-prva-ministrica-bom-ki-bom-razresena-zato-ker-zelim-delati-po-zakonu\/#breadcrumb\"},\"inLanguage\":\"sl-SI\",\"potentialAction\":[{\"@type\":\"ReadAction\",\"target\":[\"https:\/\/hudo.com\/si\/aktualno\/bizjak-mlakarjeva-prva-ministrica-bom-ki-bom-razresena-zato-ker-zelim-delati-po-zakonu\/\"]}]},{\"@type\":\"BreadcrumbList\",\"@id\":\"https:\/\/hudo.com\/si\/aktualno\/bizjak-mlakarjeva-prva-ministrica-bom-ki-bom-razresena-zato-ker-zelim-delati-po-zakonu\/#breadcrumb\",\"itemListElement\":[{\"@type\":\"ListItem\",\"position\":1,\"name\":\"Home\",\"item\":\"https:\/\/hudo.com\/si\/\"},{\"@type\":\"ListItem\",\"position\":2,\"name\":\"Bizjak Mlakarjeva: Prva ministrica bom, ki bom razre\u0161ena zato, ker \u017eelim delati po zakonu\"}]},{\"@type\":\"WebSite\",\"@id\":\"https:\/\/hudo.com\/si\/#website\",\"url\":\"https:\/\/hudo.com\/si\/\",\"name\":\"Hudo Slovenija\",\"description\":\"Vse novice iz Slovenije in sveta\",\"publisher\":{\"@id\":\"https:\/\/hudo.com\/si\/#organization\"},\"potentialAction\":[{\"@type\":\"SearchAction\",\"target\":{\"@type\":\"EntryPoint\",\"urlTemplate\":\"https:\/\/hudo.com\/si\/?s={search_term_string}\"},\"query-input\":\"required name=search_term_string\"}],\"inLanguage\":\"sl-SI\"},{\"@type\":\"Organization\",\"@id\":\"https:\/\/hudo.com\/si\/#organization\",\"name\":\"VSN Media\",\"url\":\"https:\/\/hudo.com\/si\/\",\"logo\":{\"@type\":\"ImageObject\",\"inLanguage\":\"sl-SI\",\"@id\":\"https:\/\/hudo.com\/si\/#\/schema\/logo\/image\/\",\"url\":\"https:\/\/hudo.com\/si\/wp-content\/uploads\/sites\/2\/2021\/03\/hudo-app-2.png\",\"contentUrl\":\"https:\/\/hudo.com\/si\/wp-content\/uploads\/sites\/2\/2021\/03\/hudo-app-2.png\",\"width\":2185,\"height\":2167,\"caption\":\"VSN Media\"},\"image\":{\"@id\":\"https:\/\/hudo.com\/si\/#\/schema\/logo\/image\/\"},\"sameAs\":[\"https:\/\/www.facebook.com\/hudo.si\",\"https:\/\/twitter.com\/hudo_si\"]},{\"@type\":\"Person\",\"@id\":\"https:\/\/hudo.com\/si\/#\/schema\/person\/601cf3379633985b20f7e50f2bb47707\",\"name\":\"hudo\",\"image\":{\"@type\":\"ImageObject\",\"inLanguage\":\"sl-SI\",\"@id\":\"https:\/\/hudo.com\/si\/#\/schema\/person\/image\/\",\"url\":\"https:\/\/secure.gravatar.com\/avatar\/c4ca25fa72cace7a696b52ff5db9e095?s=96&d=mm&r=g\",\"contentUrl\":\"https:\/\/secure.gravatar.com\/avatar\/c4ca25fa72cace7a696b52ff5db9e095?s=96&d=mm&r=g\",\"caption\":\"hudo\"},\"url\":\"https:\/\/hudo.com\/si\/author\/hudo\/\"}]}<\/script>\n<!-- \/ Yoast SEO plugin. -->","yoast_head_json":{"title":"Bizjak Mlakarjeva: Prva ministrica bom, ki bom razre\u0161ena zato, ker \u017eelim delati po zakonu - Hudo Slovenija","robots":{"index":"index","follow":"follow","max-snippet":"max-snippet:-1","max-image-preview":"max-image-preview:large","max-video-preview":"max-video-preview:-1"},"canonical":"https:\/\/hudo.com\/si\/aktualno\/bizjak-mlakarjeva-prva-ministrica-bom-ki-bom-razresena-zato-ker-zelim-delati-po-zakonu\/","og_locale":"sl_SI","og_type":"article","og_title":"Bizjak Mlakarjeva: Prva ministrica bom, ki bom razre\u0161ena zato, ker \u017eelim delati po zakonu - Hudo Slovenija","og_description":"Ministrica za kulturo Julijana Bizjak Mlakar je po dana\u0161njem pogovoru s premierjem Mirom Cerarjem medijem sporo\u010dila, da bo prva ministrica, ki bo razre\u0161ena zato, ker \u017eeli delati po zakonu. Kot je dejala, \u017eeli namre\u010d prepre\u010diti nevarnost, ki bi nastala za premo\u017eenje in \u017eivljenje ljudi v Idriji, \u010de bi ministrstvo za kulturo prevzelo rudnike. \"Videti je, da bomo \u0161li v parlament. \u017denske, ki mislimo s svojo glavo in ne ubogamo mo\u0161kih, si je treba podrediti, da postanejo bolj ubogljive,\" so prve besede vidno pretresene Bizjak Mlakarjeve po njenem pogovoru s Cerarjem. Ministrica je namre\u010d zaupanje premierja izgubila po tistem, ko ni izvr\u0161evala sklepov vlade v zvezi z idrijskim rudnikom. Ministrica pa ni \u017eelela pojasniti, ali jo je torej premier pozval k odstopu, kar naj bi se sicer po neuradnih informacijah zgodilo. Sama pa o\u010ditno ne bo odstopila, pa\u010d pa jo bo moral na predlog Cerarja razre\u0161iti DZ. Ministrica iz vrst DeSUS se je v zadnjih mesecih ve\u010dkrat zna\u0161la v sredi\u0161\u010du pozornosti tako zaradi svojih izjav kot neomajnih stali\u0161\u010d, a se je vselej uspe\u0161no izvila. Sodu pa je izbilo dno njeno neizpolnjevanje sklepov vlade v zvezi z idrijskim rudnikom, s \u010demer je precej razburila predsednika vlade. Sklep, da mora Center za upravljanje z dedi\u0161\u010dino \u017eivega srebra Idrija, javni zavod, ki sodi pod okrilje ministrstva za kulturo, bdeti nad aktivnostmi vzdr\u017eevanja nezalitega dela jame in monitoringom vplivnega obmo\u010dja rudnika Idrija, je \u017ee septembra 2014 sprejela ministrska ekipa Alenke Bratu\u0161ek, Cerarjeva vlada pa mu je pritrdila. Sredi marca je vlada poudarila, da mora omenjeni idrijski center za\u010deti z izvajanjem nalog. Na ministrstvu za kulturo so izrazili pomisleke, da se javni zavod ne more ukvarjati z rudarstvom. Prvak DeSUS Karl Erjavec, s katerim se ministrica tudi ni imela \u010dasa sestati, je izrazil pri\u010dakovanje, da bodo ministri DeSUS upo\u0161tevali sklepe vlade. Bizjak Mlakarjevo pa je posvaril, da stali\u0161\u010d, ki so v nasprotju z vladno politiko, ne namerava \u0161\u010dititi. \u010ce je sprva \u0161e k","og_url":"https:\/\/hudo.com\/si\/aktualno\/bizjak-mlakarjeva-prva-ministrica-bom-ki-bom-razresena-zato-ker-zelim-delati-po-zakonu\/","og_site_name":"Hudo Slovenija","article_publisher":"https:\/\/www.facebook.com\/hudo.si","article_published_time":"2016-04-18T05:45:00+00:00","article_modified_time":"2016-04-19T03:16:43+00:00","og_image":[{"width":450,"height":300,"url":"https:\/\/hudo.com\/si\/wp-content\/uploads\/sites\/2\/2016\/04\/01457733F-300-1.jpg","type":"image\/jpeg"}],"author":"hudo","twitter_card":"summary_large_image","twitter_creator":"@hudo_si","twitter_site":"@hudo_si","twitter_misc":{"Written by":"hudo","Est. reading time":"2 minuti"},"schema":{"@context":"https:\/\/schema.org","@graph":[{"@type":"Article","@id":"https:\/\/hudo.com\/si\/aktualno\/bizjak-mlakarjeva-prva-ministrica-bom-ki-bom-razresena-zato-ker-zelim-delati-po-zakonu\/#article","isPartOf":{"@id":"https:\/\/hudo.com\/si\/aktualno\/bizjak-mlakarjeva-prva-ministrica-bom-ki-bom-razresena-zato-ker-zelim-delati-po-zakonu\/"},"author":{"name":"hudo","@id":"https:\/\/hudo.com\/si\/#\/schema\/person\/601cf3379633985b20f7e50f2bb47707"},"headline":"Bizjak Mlakarjeva: Prva ministrica bom, ki bom razre\u0161ena zato, ker \u017eelim delati po zakonu","datePublished":"2016-04-18T05:45:00+00:00","dateModified":"2016-04-19T03:16:43+00:00","mainEntityOfPage":{"@id":"https:\/\/hudo.com\/si\/aktualno\/bizjak-mlakarjeva-prva-ministrica-bom-ki-bom-razresena-zato-ker-zelim-delati-po-zakonu\/"},"wordCount":351,"publisher":{"@id":"https:\/\/hudo.com\/si\/#organization"},"articleSection":["Aktualno"],"inLanguage":"sl-SI"},{"@type":"WebPage","@id":"https:\/\/hudo.com\/si\/aktualno\/bizjak-mlakarjeva-prva-ministrica-bom-ki-bom-razresena-zato-ker-zelim-delati-po-zakonu\/","url":"https:\/\/hudo.com\/si\/aktualno\/bizjak-mlakarjeva-prva-ministrica-bom-ki-bom-razresena-zato-ker-zelim-delati-po-zakonu\/","name":"Bizjak Mlakarjeva: Prva ministrica bom, ki bom razre\u0161ena zato, ker \u017eelim delati po zakonu - Hudo Slovenija","isPartOf":{"@id":"https:\/\/hudo.com\/si\/#website"},"datePublished":"2016-04-18T05:45:00+00:00","dateModified":"2016-04-19T03:16:43+00:00","breadcrumb":{"@id":"https:\/\/hudo.com\/si\/aktualno\/bizjak-mlakarjeva-prva-ministrica-bom-ki-bom-razresena-zato-ker-zelim-delati-po-zakonu\/#breadcrumb"},"inLanguage":"sl-SI","potentialAction":[{"@type":"ReadAction","target":["https:\/\/hudo.com\/si\/aktualno\/bizjak-mlakarjeva-prva-ministrica-bom-ki-bom-razresena-zato-ker-zelim-delati-po-zakonu\/"]}]},{"@type":"BreadcrumbList","@id":"https:\/\/hudo.com\/si\/aktualno\/bizjak-mlakarjeva-prva-ministrica-bom-ki-bom-razresena-zato-ker-zelim-delati-po-zakonu\/#breadcrumb","itemListElement":[{"@type":"ListItem","position":1,"name":"Home","item":"https:\/\/hudo.com\/si\/"},{"@type":"ListItem","position":2,"name":"Bizjak Mlakarjeva: Prva ministrica bom, ki bom razre\u0161ena zato, ker \u017eelim delati po zakonu"}]},{"@type":"WebSite","@id":"https:\/\/hudo.com\/si\/#website","url":"https:\/\/hudo.com\/si\/","name":"Hudo Slovenija","description":"Vse novice iz Slovenije in sveta","publisher":{"@id":"https:\/\/hudo.com\/si\/#organization"},"potentialAction":[{"@type":"SearchAction","target":{"@type":"EntryPoint","urlTemplate":"https:\/\/hudo.com\/si\/?s={search_term_string}"},"query-input":"required name=search_term_string"}],"inLanguage":"sl-SI"},{"@type":"Organization","@id":"https:\/\/hudo.com\/si\/#organization","name":"VSN Media","url":"https:\/\/hudo.com\/si\/","logo":{"@type":"ImageObject","inLanguage":"sl-SI","@id":"https:\/\/hudo.com\/si\/#\/schema\/logo\/image\/","url":"https:\/\/hudo.com\/si\/wp-content\/uploads\/sites\/2\/2021\/03\/hudo-app-2.png","contentUrl":"https:\/\/hudo.com\/si\/wp-content\/uploads\/sites\/2\/2021\/03\/hudo-app-2.png","width":2185,"height":2167,"caption":"VSN Media"},"image":{"@id":"https:\/\/hudo.com\/si\/#\/schema\/logo\/image\/"},"sameAs":["https:\/\/www.facebook.com\/hudo.si","https:\/\/twitter.com\/hudo_si"]},{"@type":"Person","@id":"https:\/\/hudo.com\/si\/#\/schema\/person\/601cf3379633985b20f7e50f2bb47707","name":"hudo","image":{"@type":"ImageObject","inLanguage":"sl-SI","@id":"https:\/\/hudo.com\/si\/#\/schema\/person\/image\/","url":"https:\/\/secure.gravatar.com\/avatar\/c4ca25fa72cace7a696b52ff5db9e095?s=96&d=mm&r=g","contentUrl":"https:\/\/secure.gravatar.com\/avatar\/c4ca25fa72cace7a696b52ff5db9e095?s=96&d=mm&r=g","caption":"hudo"},"url":"https:\/\/hudo.com\/si\/author\/hudo\/"}]}},"amp_enabled":true,"_links":{"self":[{"href":"https:\/\/hudo.com\/si\/wp-json\/wp\/v2\/posts\/32304"}],"collection":[{"href":"https:\/\/hudo.com\/si\/wp-json\/wp\/v2\/posts"}],"about":[{"href":"https:\/\/hudo.com\/si\/wp-json\/wp\/v2\/types\/post"}],"author":[{"embeddable":true,"href":"https:\/\/hudo.com\/si\/wp-json\/wp\/v2\/users\/1"}],"replies":[{"embeddable":true,"href":"https:\/\/hudo.com\/si\/wp-json\/wp\/v2\/comments?post=32304"}],"version-history":[{"count":1,"href":"https:\/\/hudo.com\/si\/wp-json\/wp\/v2\/posts\/32304\/revisions"}],"predecessor-version":[{"id":32445,"href":"https:\/\/hudo.com\/si\/wp-json\/wp\/v2\/posts\/32304\/revisions\/32445"}],"wp:attachment":[{"href":"https:\/\/hudo.com\/si\/wp-json\/wp\/v2\/media?parent=32304"}],"wp:term":[{"taxonomy":"category","embeddable":true,"href":"https:\/\/hudo.com\/si\/wp-json\/wp\/v2\/categories?post=32304"},{"taxonomy":"post_tag","embeddable":true,"href":"https:\/\/hudo.com\/si\/wp-json\/wp\/v2\/tags?post=32304"},{"taxonomy":"source","embeddable":true,"href":"https:\/\/hudo.com\/si\/wp-json\/wp\/v2\/source?post=32304"},{"taxonomy":"supertag","embeddable":true,"href":"https:\/\/hudo.com\/si\/wp-json\/wp\/v2\/supertag?post=32304"}],"curies":[{"name":"wp","href":"https:\/\/api.w.org\/{rel}","templated":true}]}}