{"id":323074,"date":"2017-11-17T17:00:00","date_gmt":"2017-11-17T16:00:00","guid":{"rendered":"http:\/\/hudo.com\/si\/2017\/11\/17\/imenovanje-malo-po-enem-malo-po-drugem-postopku\/"},"modified":"2017-11-17T17:00:00","modified_gmt":"2017-11-17T16:00:00","slug":"imenovanje-malo-po-enem-malo-po-drugem-postopku","status":"publish","type":"post","link":"https:\/\/hudo.com\/si\/aktualno\/imenovanje-malo-po-enem-malo-po-drugem-postopku\/","title":{"rendered":"Imenovanje malo po enem, malo po drugem postopku"},"content":{"rendered":"<p>Kategorija: Kronika Fri, 17 Nov 2017 18:00:00 +0100  Ljubljana &#8211; Po ve\u010dkrat prelo\u017eenem naroku se je na ljubljanskem okrajnem sodi\u0161\u010du za\u010delo sojenje Zvonku Fi\u0161erju, nekdanjemu generalnemu dr\u017eavnemu to\u017eilcu, ki je skupaj z Ale\u0161em Zalarjem, nekdanjim ministrom za pravosodje, obto\u017een, da je pri imenovanju Bo\u0161tjana \u0160krleca za generalnega direktorja vrhovnega dr\u017eavnega to\u017eilstva zlorabil svoj polo\u017eaj. \u00bbKrivde ne priznavam,\u00ab je dejal Zvonko Fi\u0161er na sodi\u0161\u010du, kjer zaradi obveznosti v tujini ni bilo Ale\u0161a Zalarja. Ta je v izjavi za javnost zagotovil, da se te dni vra\u010da v Slovenijo in da se bo postopka udele\u017eil takoj, ko bodo za to izpolnjeni zakoniti pogoji. Sojenje bo, je razlo\u017eila sodnica Tadeja Borinc Zebi\u010d, zaradi smotrnosti zdru\u017eeno oziroma, \u010de bo potrebno, lo\u010deno. To\u017eilstvo Zvonku Fi\u0161erju o\u010dita, da je kot uradna oseba 7. februarja 2012 sprejel sklep, s katerim je ustavil nate\u010daj za imenovanje generalnega direktorja vrhovnega\u00a0&#8230;<\/p>\n","protected":false},"excerpt":{"rendered":"<p>Kategorija: Kronika Fri, 17 Nov 2017 18:00:00 +0100  Ljubljana &#8211; Po ve\u010dkrat prelo\u017eenem naroku se je na ljubljanskem okrajnem sodi\u0161\u010du za\u010delo sojenje Zvonku Fi\u0161erju, nekdanjemu generalnemu dr\u017eavnemu to\u017eilcu, ki je skupaj z Ale\u0161em Zalarjem, nekdanjim ministrom za pravosodje, obto\u017een, da je pri imenovanju Bo\u0161tjana \u0160krleca za generalnega direktorja vrhovnega dr\u017eavnega to\u017eilstva zlorabil svoj polo\u017eaj. \u00bbKrivde ne priznavam,\u00ab je dejal Zvonko Fi\u0161er na sodi\u0161\u010du, kjer zaradi obveznosti v tujini ni bilo Ale\u0161a Zalarja. Ta je v izjavi za javnost zagotovil, da se te dni vra\u010da v Slovenijo in da se bo postopka udele\u017eil takoj, ko bodo za to izpolnjeni zakoniti pogoji. Sojenje bo, je razlo\u017eila sodnica Tadeja Borinc Zebi\u010d, zaradi smotrnosti zdru\u017eeno oziroma, \u010de bo potrebno, lo\u010deno. To\u017eilstvo Zvonku Fi\u0161erju o\u010dita, da je kot uradna oseba 7. februarja 2012 sprejel sklep, s katerim je ustavil nate\u010daj za imenovanje generalnega direktorja vrhovnega\u00a0&#8230;<\/p>\n","protected":false},"author":1,"featured_media":0,"comment_status":"closed","ping_status":"closed","sticky":false,"template":"","format":"standard","meta":{"footnotes":""},"categories":[1179],"tags":[],"source":[1703],"supertag":[],"acf":[],"yoast_head":"<!-- This site is optimized with the Yoast SEO plugin v21.3 - https:\/\/yoast.com\/wordpress\/plugins\/seo\/ -->\n<title>Imenovanje malo po enem, malo po drugem postopku - Hudo Slovenija<\/title>\n<meta name=\"robots\" content=\"index, follow, max-snippet:-1, max-image-preview:large, max-video-preview:-1\" \/>\n<link rel=\"canonical\" href=\"https:\/\/hudo.com\/si\/aktualno\/imenovanje-malo-po-enem-malo-po-drugem-postopku\/\" \/>\n<meta property=\"og:locale\" content=\"sl_SI\" \/>\n<meta property=\"og:type\" content=\"article\" \/>\n<meta property=\"og:title\" content=\"Imenovanje malo po enem, malo po drugem postopku - Hudo Slovenija\" \/>\n<meta property=\"og:description\" content=\"Kategorija: Kronika Fri, 17 Nov 2017 18:00:00 +0100 Ljubljana - Po ve\u010dkrat prelo\u017eenem naroku se je na ljubljanskem okrajnem sodi\u0161\u010du za\u010delo sojenje Zvonku Fi\u0161erju, nekdanjemu generalnemu dr\u017eavnemu to\u017eilcu, ki je skupaj z Ale\u0161em Zalarjem, nekdanjim ministrom za pravosodje, obto\u017een, da je pri imenovanju Bo\u0161tjana \u0160krleca za generalnega direktorja vrhovnega dr\u017eavnega to\u017eilstva zlorabil svoj polo\u017eaj. \u00bbKrivde ne priznavam,\u00ab je dejal Zvonko Fi\u0161er na sodi\u0161\u010du, kjer zaradi obveznosti v tujini ni bilo Ale\u0161a Zalarja. Ta je v izjavi za javnost zagotovil, da se te dni vra\u010da v Slovenijo in da se bo postopka udele\u017eil takoj, ko bodo za to izpolnjeni zakoniti pogoji. Sojenje bo, je razlo\u017eila sodnica Tadeja Borinc Zebi\u010d, zaradi smotrnosti zdru\u017eeno oziroma, \u010de bo potrebno, lo\u010deno. To\u017eilstvo Zvonku Fi\u0161erju o\u010dita, da je kot uradna oseba 7. februarja 2012 sprejel sklep, s katerim je ustavil nate\u010daj za imenovanje generalnega direktorja vrhovnega\u00a0...\" \/>\n<meta property=\"og:url\" content=\"https:\/\/hudo.com\/si\/aktualno\/imenovanje-malo-po-enem-malo-po-drugem-postopku\/\" \/>\n<meta property=\"og:site_name\" content=\"Hudo Slovenija\" \/>\n<meta property=\"article:publisher\" content=\"https:\/\/www.facebook.com\/hudo.si\" \/>\n<meta property=\"article:published_time\" content=\"2017-11-17T16:00:00+00:00\" \/>\n<meta property=\"og:image\" content=\"https:\/\/hudo.com\/si\/wp-content\/uploads\/sites\/2\/2017\/11\/480x290_Kronika__djvu_2456080_felcm_hires0.jpeg\" \/>\n\t<meta property=\"og:image:width\" content=\"480\" \/>\n\t<meta property=\"og:image:height\" content=\"290\" \/>\n\t<meta property=\"og:image:type\" content=\"image\/jpeg\" \/>\n<meta name=\"author\" content=\"hudo\" \/>\n<meta name=\"twitter:card\" content=\"summary_large_image\" \/>\n<meta name=\"twitter:creator\" content=\"@hudo_si\" \/>\n<meta name=\"twitter:site\" content=\"@hudo_si\" \/>\n<meta name=\"twitter:label1\" content=\"Written by\" \/>\n\t<meta name=\"twitter:data1\" content=\"hudo\" \/>\n\t<meta name=\"twitter:label2\" content=\"Est. reading time\" \/>\n\t<meta name=\"twitter:data2\" content=\"1 minuta\" \/>\n<script type=\"application\/ld+json\" class=\"yoast-schema-graph\">{\"@context\":\"https:\/\/schema.org\",\"@graph\":[{\"@type\":\"Article\",\"@id\":\"https:\/\/hudo.com\/si\/aktualno\/imenovanje-malo-po-enem-malo-po-drugem-postopku\/#article\",\"isPartOf\":{\"@id\":\"https:\/\/hudo.com\/si\/aktualno\/imenovanje-malo-po-enem-malo-po-drugem-postopku\/\"},\"author\":{\"name\":\"hudo\",\"@id\":\"https:\/\/hudo.com\/si\/#\/schema\/person\/601cf3379633985b20f7e50f2bb47707\"},\"headline\":\"Imenovanje malo po enem, malo po drugem postopku\",\"datePublished\":\"2017-11-17T16:00:00+00:00\",\"dateModified\":\"2017-11-17T16:00:00+00:00\",\"mainEntityOfPage\":{\"@id\":\"https:\/\/hudo.com\/si\/aktualno\/imenovanje-malo-po-enem-malo-po-drugem-postopku\/\"},\"wordCount\":167,\"publisher\":{\"@id\":\"https:\/\/hudo.com\/si\/#organization\"},\"articleSection\":[\"Aktualno\"],\"inLanguage\":\"sl-SI\"},{\"@type\":\"WebPage\",\"@id\":\"https:\/\/hudo.com\/si\/aktualno\/imenovanje-malo-po-enem-malo-po-drugem-postopku\/\",\"url\":\"https:\/\/hudo.com\/si\/aktualno\/imenovanje-malo-po-enem-malo-po-drugem-postopku\/\",\"name\":\"Imenovanje malo po enem, malo po drugem postopku - Hudo Slovenija\",\"isPartOf\":{\"@id\":\"https:\/\/hudo.com\/si\/#website\"},\"datePublished\":\"2017-11-17T16:00:00+00:00\",\"dateModified\":\"2017-11-17T16:00:00+00:00\",\"breadcrumb\":{\"@id\":\"https:\/\/hudo.com\/si\/aktualno\/imenovanje-malo-po-enem-malo-po-drugem-postopku\/#breadcrumb\"},\"inLanguage\":\"sl-SI\",\"potentialAction\":[{\"@type\":\"ReadAction\",\"target\":[\"https:\/\/hudo.com\/si\/aktualno\/imenovanje-malo-po-enem-malo-po-drugem-postopku\/\"]}]},{\"@type\":\"BreadcrumbList\",\"@id\":\"https:\/\/hudo.com\/si\/aktualno\/imenovanje-malo-po-enem-malo-po-drugem-postopku\/#breadcrumb\",\"itemListElement\":[{\"@type\":\"ListItem\",\"position\":1,\"name\":\"Home\",\"item\":\"https:\/\/hudo.com\/si\/\"},{\"@type\":\"ListItem\",\"position\":2,\"name\":\"Imenovanje malo po enem, malo po drugem postopku\"}]},{\"@type\":\"WebSite\",\"@id\":\"https:\/\/hudo.com\/si\/#website\",\"url\":\"https:\/\/hudo.com\/si\/\",\"name\":\"Hudo Slovenija\",\"description\":\"Vse novice iz Slovenije in sveta\",\"publisher\":{\"@id\":\"https:\/\/hudo.com\/si\/#organization\"},\"potentialAction\":[{\"@type\":\"SearchAction\",\"target\":{\"@type\":\"EntryPoint\",\"urlTemplate\":\"https:\/\/hudo.com\/si\/?s={search_term_string}\"},\"query-input\":\"required name=search_term_string\"}],\"inLanguage\":\"sl-SI\"},{\"@type\":\"Organization\",\"@id\":\"https:\/\/hudo.com\/si\/#organization\",\"name\":\"VSN Media\",\"url\":\"https:\/\/hudo.com\/si\/\",\"logo\":{\"@type\":\"ImageObject\",\"inLanguage\":\"sl-SI\",\"@id\":\"https:\/\/hudo.com\/si\/#\/schema\/logo\/image\/\",\"url\":\"https:\/\/hudo.com\/si\/wp-content\/uploads\/sites\/2\/2021\/03\/hudo-app-2.png\",\"contentUrl\":\"https:\/\/hudo.com\/si\/wp-content\/uploads\/sites\/2\/2021\/03\/hudo-app-2.png\",\"width\":2185,\"height\":2167,\"caption\":\"VSN Media\"},\"image\":{\"@id\":\"https:\/\/hudo.com\/si\/#\/schema\/logo\/image\/\"},\"sameAs\":[\"https:\/\/www.facebook.com\/hudo.si\",\"https:\/\/twitter.com\/hudo_si\"]},{\"@type\":\"Person\",\"@id\":\"https:\/\/hudo.com\/si\/#\/schema\/person\/601cf3379633985b20f7e50f2bb47707\",\"name\":\"hudo\",\"image\":{\"@type\":\"ImageObject\",\"inLanguage\":\"sl-SI\",\"@id\":\"https:\/\/hudo.com\/si\/#\/schema\/person\/image\/\",\"url\":\"https:\/\/secure.gravatar.com\/avatar\/c4ca25fa72cace7a696b52ff5db9e095?s=96&d=mm&r=g\",\"contentUrl\":\"https:\/\/secure.gravatar.com\/avatar\/c4ca25fa72cace7a696b52ff5db9e095?s=96&d=mm&r=g\",\"caption\":\"hudo\"},\"url\":\"https:\/\/hudo.com\/si\/author\/hudo\/\"}]}<\/script>\n<!-- \/ Yoast SEO plugin. -->","yoast_head_json":{"title":"Imenovanje malo po enem, malo po drugem postopku - Hudo Slovenija","robots":{"index":"index","follow":"follow","max-snippet":"max-snippet:-1","max-image-preview":"max-image-preview:large","max-video-preview":"max-video-preview:-1"},"canonical":"https:\/\/hudo.com\/si\/aktualno\/imenovanje-malo-po-enem-malo-po-drugem-postopku\/","og_locale":"sl_SI","og_type":"article","og_title":"Imenovanje malo po enem, malo po drugem postopku - Hudo Slovenija","og_description":"Kategorija: Kronika Fri, 17 Nov 2017 18:00:00 +0100 Ljubljana - Po ve\u010dkrat prelo\u017eenem naroku se je na ljubljanskem okrajnem sodi\u0161\u010du za\u010delo sojenje Zvonku Fi\u0161erju, nekdanjemu generalnemu dr\u017eavnemu to\u017eilcu, ki je skupaj z Ale\u0161em Zalarjem, nekdanjim ministrom za pravosodje, obto\u017een, da je pri imenovanju Bo\u0161tjana \u0160krleca za generalnega direktorja vrhovnega dr\u017eavnega to\u017eilstva zlorabil svoj polo\u017eaj. \u00bbKrivde ne priznavam,\u00ab je dejal Zvonko Fi\u0161er na sodi\u0161\u010du, kjer zaradi obveznosti v tujini ni bilo Ale\u0161a Zalarja. Ta je v izjavi za javnost zagotovil, da se te dni vra\u010da v Slovenijo in da se bo postopka udele\u017eil takoj, ko bodo za to izpolnjeni zakoniti pogoji. Sojenje bo, je razlo\u017eila sodnica Tadeja Borinc Zebi\u010d, zaradi smotrnosti zdru\u017eeno oziroma, \u010de bo potrebno, lo\u010deno. To\u017eilstvo Zvonku Fi\u0161erju o\u010dita, da je kot uradna oseba 7. februarja 2012 sprejel sklep, s katerim je ustavil nate\u010daj za imenovanje generalnega direktorja vrhovnega\u00a0...","og_url":"https:\/\/hudo.com\/si\/aktualno\/imenovanje-malo-po-enem-malo-po-drugem-postopku\/","og_site_name":"Hudo Slovenija","article_publisher":"https:\/\/www.facebook.com\/hudo.si","article_published_time":"2017-11-17T16:00:00+00:00","og_image":[{"width":480,"height":290,"url":"https:\/\/hudo.com\/si\/wp-content\/uploads\/sites\/2\/2017\/11\/480x290_Kronika__djvu_2456080_felcm_hires0.jpeg","type":"image\/jpeg"}],"author":"hudo","twitter_card":"summary_large_image","twitter_creator":"@hudo_si","twitter_site":"@hudo_si","twitter_misc":{"Written by":"hudo","Est. reading time":"1 minuta"},"schema":{"@context":"https:\/\/schema.org","@graph":[{"@type":"Article","@id":"https:\/\/hudo.com\/si\/aktualno\/imenovanje-malo-po-enem-malo-po-drugem-postopku\/#article","isPartOf":{"@id":"https:\/\/hudo.com\/si\/aktualno\/imenovanje-malo-po-enem-malo-po-drugem-postopku\/"},"author":{"name":"hudo","@id":"https:\/\/hudo.com\/si\/#\/schema\/person\/601cf3379633985b20f7e50f2bb47707"},"headline":"Imenovanje malo po enem, malo po drugem postopku","datePublished":"2017-11-17T16:00:00+00:00","dateModified":"2017-11-17T16:00:00+00:00","mainEntityOfPage":{"@id":"https:\/\/hudo.com\/si\/aktualno\/imenovanje-malo-po-enem-malo-po-drugem-postopku\/"},"wordCount":167,"publisher":{"@id":"https:\/\/hudo.com\/si\/#organization"},"articleSection":["Aktualno"],"inLanguage":"sl-SI"},{"@type":"WebPage","@id":"https:\/\/hudo.com\/si\/aktualno\/imenovanje-malo-po-enem-malo-po-drugem-postopku\/","url":"https:\/\/hudo.com\/si\/aktualno\/imenovanje-malo-po-enem-malo-po-drugem-postopku\/","name":"Imenovanje malo po enem, malo po drugem postopku - Hudo Slovenija","isPartOf":{"@id":"https:\/\/hudo.com\/si\/#website"},"datePublished":"2017-11-17T16:00:00+00:00","dateModified":"2017-11-17T16:00:00+00:00","breadcrumb":{"@id":"https:\/\/hudo.com\/si\/aktualno\/imenovanje-malo-po-enem-malo-po-drugem-postopku\/#breadcrumb"},"inLanguage":"sl-SI","potentialAction":[{"@type":"ReadAction","target":["https:\/\/hudo.com\/si\/aktualno\/imenovanje-malo-po-enem-malo-po-drugem-postopku\/"]}]},{"@type":"BreadcrumbList","@id":"https:\/\/hudo.com\/si\/aktualno\/imenovanje-malo-po-enem-malo-po-drugem-postopku\/#breadcrumb","itemListElement":[{"@type":"ListItem","position":1,"name":"Home","item":"https:\/\/hudo.com\/si\/"},{"@type":"ListItem","position":2,"name":"Imenovanje malo po enem, malo po drugem postopku"}]},{"@type":"WebSite","@id":"https:\/\/hudo.com\/si\/#website","url":"https:\/\/hudo.com\/si\/","name":"Hudo Slovenija","description":"Vse novice iz Slovenije in sveta","publisher":{"@id":"https:\/\/hudo.com\/si\/#organization"},"potentialAction":[{"@type":"SearchAction","target":{"@type":"EntryPoint","urlTemplate":"https:\/\/hudo.com\/si\/?s={search_term_string}"},"query-input":"required name=search_term_string"}],"inLanguage":"sl-SI"},{"@type":"Organization","@id":"https:\/\/hudo.com\/si\/#organization","name":"VSN Media","url":"https:\/\/hudo.com\/si\/","logo":{"@type":"ImageObject","inLanguage":"sl-SI","@id":"https:\/\/hudo.com\/si\/#\/schema\/logo\/image\/","url":"https:\/\/hudo.com\/si\/wp-content\/uploads\/sites\/2\/2021\/03\/hudo-app-2.png","contentUrl":"https:\/\/hudo.com\/si\/wp-content\/uploads\/sites\/2\/2021\/03\/hudo-app-2.png","width":2185,"height":2167,"caption":"VSN Media"},"image":{"@id":"https:\/\/hudo.com\/si\/#\/schema\/logo\/image\/"},"sameAs":["https:\/\/www.facebook.com\/hudo.si","https:\/\/twitter.com\/hudo_si"]},{"@type":"Person","@id":"https:\/\/hudo.com\/si\/#\/schema\/person\/601cf3379633985b20f7e50f2bb47707","name":"hudo","image":{"@type":"ImageObject","inLanguage":"sl-SI","@id":"https:\/\/hudo.com\/si\/#\/schema\/person\/image\/","url":"https:\/\/secure.gravatar.com\/avatar\/c4ca25fa72cace7a696b52ff5db9e095?s=96&d=mm&r=g","contentUrl":"https:\/\/secure.gravatar.com\/avatar\/c4ca25fa72cace7a696b52ff5db9e095?s=96&d=mm&r=g","caption":"hudo"},"url":"https:\/\/hudo.com\/si\/author\/hudo\/"}]}},"amp_enabled":true,"_links":{"self":[{"href":"https:\/\/hudo.com\/si\/wp-json\/wp\/v2\/posts\/323074"}],"collection":[{"href":"https:\/\/hudo.com\/si\/wp-json\/wp\/v2\/posts"}],"about":[{"href":"https:\/\/hudo.com\/si\/wp-json\/wp\/v2\/types\/post"}],"author":[{"embeddable":true,"href":"https:\/\/hudo.com\/si\/wp-json\/wp\/v2\/users\/1"}],"replies":[{"embeddable":true,"href":"https:\/\/hudo.com\/si\/wp-json\/wp\/v2\/comments?post=323074"}],"version-history":[{"count":0,"href":"https:\/\/hudo.com\/si\/wp-json\/wp\/v2\/posts\/323074\/revisions"}],"wp:attachment":[{"href":"https:\/\/hudo.com\/si\/wp-json\/wp\/v2\/media?parent=323074"}],"wp:term":[{"taxonomy":"category","embeddable":true,"href":"https:\/\/hudo.com\/si\/wp-json\/wp\/v2\/categories?post=323074"},{"taxonomy":"post_tag","embeddable":true,"href":"https:\/\/hudo.com\/si\/wp-json\/wp\/v2\/tags?post=323074"},{"taxonomy":"source","embeddable":true,"href":"https:\/\/hudo.com\/si\/wp-json\/wp\/v2\/source?post=323074"},{"taxonomy":"supertag","embeddable":true,"href":"https:\/\/hudo.com\/si\/wp-json\/wp\/v2\/supertag?post=323074"}],"curies":[{"name":"wp","href":"https:\/\/api.w.org\/{rel}","templated":true}]}}