{"id":323864,"date":"2017-11-20T10:14:00","date_gmt":"2017-11-20T09:14:00","guid":{"rendered":"http:\/\/hudo.com\/si\/2017\/11\/20\/v-nesreci-na-stajerski-avtocesti-umrla-36-letna-voznica-2\/"},"modified":"2017-11-20T10:14:00","modified_gmt":"2017-11-20T09:14:00","slug":"v-nesreci-na-stajerski-avtocesti-umrla-36-letna-voznica-2","status":"publish","type":"post","link":"https:\/\/hudo.com\/si\/aktualno\/v-nesreci-na-stajerski-avtocesti-umrla-36-letna-voznica-2\/","title":{"rendered":"V nesre\u010di na \u0161tajerski avtocesti umrla 36-letna voznica"},"content":{"rendered":"<p>Kategorija: Kronika Mon, 20 Nov 2017 11:14:00 +0100  Vransko \u2212 Na \u0161tajerski avtocesti se je okoli devete ure v bli\u017eini cestninske postaje Vransko proti Celju zgodila prometna nesre\u010da, v kateri je umrla 36-letna voznica osebnega vozila, so sporo\u010dili s Policijske uprave Celje. Avtocesta je po podatkih prometnoinformacijskega centra pred \u0160entrupertom proti Mariboru zaradi nesre\u010de zaprta. Zaprt je tudi uvoz Vransko proti Mariboru. Obvoz je urejen po vzporedni cesti Vransko\u2212\u0160entrupert. Na izvozu Vransko je nastal pribli\u017eno kilometer dolg zastoj. Po podatkih policije je voznica zapeljala desno, tr\u010dila v ograjo, vozilo je nato odbilo z vozi\u0161\u010da, kjer je tr\u010dilo v steber nadvoza. Voznica je na kraju nesre\u010de umrla. Zaradi razjasnitve okoli\u0161\u010din prometne nesre\u010de policija prosi morebitne o\u010dividce za podatke o prometni nesre\u010di. To je leto\u0161nja sedemnajsta smrtna \u017ertev prometnih nesre\u010d na obmo\u010dju Policijske uprave Celje.<\/p>\n","protected":false},"excerpt":{"rendered":"<p>Kategorija: Kronika Mon, 20 Nov 2017 11:14:00 +0100  Vransko \u2212 Na \u0161tajerski avtocesti se je okoli devete ure v bli\u017eini cestninske postaje Vransko proti Celju zgodila prometna nesre\u010da, v kateri je umrla 36-letna voznica osebnega vozila, so sporo\u010dili s Policijske uprave Celje. Avtocesta je po podatkih prometnoinformacijskega centra pred \u0160entrupertom proti Mariboru zaradi nesre\u010de zaprta. Zaprt je tudi uvoz Vransko proti Mariboru. Obvoz je urejen po vzporedni cesti Vransko\u2212\u0160entrupert. Na izvozu Vransko je nastal pribli\u017eno kilometer dolg zastoj. Po podatkih policije je voznica zapeljala desno, tr\u010dila v ograjo, vozilo je nato odbilo z vozi\u0161\u010da, kjer je tr\u010dilo v steber nadvoza. Voznica je na kraju nesre\u010de umrla. Zaradi razjasnitve okoli\u0161\u010din prometne nesre\u010de policija prosi morebitne o\u010dividce za podatke o prometni nesre\u010di. To je leto\u0161nja sedemnajsta smrtna \u017ertev prometnih nesre\u010d na obmo\u010dju Policijske uprave Celje.<\/p>\n","protected":false},"author":1,"featured_media":0,"comment_status":"closed","ping_status":"closed","sticky":false,"template":"","format":"standard","meta":{"footnotes":""},"categories":[1179],"tags":[],"source":[1703],"supertag":[],"acf":[],"yoast_head":"<!-- This site is optimized with the Yoast SEO plugin v21.3 - https:\/\/yoast.com\/wordpress\/plugins\/seo\/ -->\n<title>V nesre\u010di na \u0161tajerski avtocesti umrla 36-letna voznica - Hudo Slovenija<\/title>\n<meta name=\"robots\" content=\"index, follow, max-snippet:-1, max-image-preview:large, max-video-preview:-1\" \/>\n<link rel=\"canonical\" href=\"https:\/\/hudo.com\/si\/aktualno\/v-nesreci-na-stajerski-avtocesti-umrla-36-letna-voznica-2\/\" \/>\n<meta property=\"og:locale\" content=\"sl_SI\" \/>\n<meta property=\"og:type\" content=\"article\" \/>\n<meta property=\"og:title\" content=\"V nesre\u010di na \u0161tajerski avtocesti umrla 36-letna voznica - Hudo Slovenija\" \/>\n<meta property=\"og:description\" content=\"Kategorija: Kronika Mon, 20 Nov 2017 11:14:00 +0100 Vransko \u2212 Na \u0161tajerski avtocesti se je okoli devete ure v bli\u017eini cestninske postaje Vransko proti Celju zgodila prometna nesre\u010da, v kateri je umrla 36-letna voznica osebnega vozila, so sporo\u010dili s Policijske uprave Celje. Avtocesta je po podatkih prometnoinformacijskega centra pred \u0160entrupertom proti Mariboru zaradi nesre\u010de zaprta. Zaprt je tudi uvoz Vransko proti Mariboru. Obvoz je urejen po vzporedni cesti Vransko\u2212\u0160entrupert. Na izvozu Vransko je nastal pribli\u017eno kilometer dolg zastoj. Po podatkih policije je voznica zapeljala desno, tr\u010dila v ograjo, vozilo je nato odbilo z vozi\u0161\u010da, kjer je tr\u010dilo v steber nadvoza. Voznica je na kraju nesre\u010de umrla. Zaradi razjasnitve okoli\u0161\u010din prometne nesre\u010de policija prosi morebitne o\u010dividce za podatke o prometni nesre\u010di. To je leto\u0161nja sedemnajsta smrtna \u017ertev prometnih nesre\u010d na obmo\u010dju Policijske uprave Celje.\" \/>\n<meta property=\"og:url\" content=\"https:\/\/hudo.com\/si\/aktualno\/v-nesreci-na-stajerski-avtocesti-umrla-36-letna-voznica-2\/\" \/>\n<meta property=\"og:site_name\" content=\"Hudo Slovenija\" \/>\n<meta property=\"article:publisher\" content=\"https:\/\/www.facebook.com\/hudo.si\" \/>\n<meta property=\"article:published_time\" content=\"2017-11-20T09:14:00+00:00\" \/>\n<meta property=\"og:image\" content=\"https:\/\/hudo.com\/si\/wp-content\/uploads\/sites\/2\/2017\/11\/480x290_policija_vukelic.jpeg\" \/>\n\t<meta property=\"og:image:width\" content=\"480\" \/>\n\t<meta property=\"og:image:height\" content=\"290\" \/>\n\t<meta property=\"og:image:type\" content=\"image\/jpeg\" \/>\n<meta name=\"author\" content=\"hudo\" \/>\n<meta name=\"twitter:card\" content=\"summary_large_image\" \/>\n<meta name=\"twitter:creator\" content=\"@hudo_si\" \/>\n<meta name=\"twitter:site\" content=\"@hudo_si\" \/>\n<meta name=\"twitter:label1\" content=\"Written by\" \/>\n\t<meta name=\"twitter:data1\" content=\"hudo\" \/>\n\t<meta name=\"twitter:label2\" content=\"Est. reading time\" \/>\n\t<meta name=\"twitter:data2\" content=\"1 minuta\" \/>\n<script type=\"application\/ld+json\" class=\"yoast-schema-graph\">{\"@context\":\"https:\/\/schema.org\",\"@graph\":[{\"@type\":\"Article\",\"@id\":\"https:\/\/hudo.com\/si\/aktualno\/v-nesreci-na-stajerski-avtocesti-umrla-36-letna-voznica-2\/#article\",\"isPartOf\":{\"@id\":\"https:\/\/hudo.com\/si\/aktualno\/v-nesreci-na-stajerski-avtocesti-umrla-36-letna-voznica-2\/\"},\"author\":{\"name\":\"hudo\",\"@id\":\"https:\/\/hudo.com\/si\/#\/schema\/person\/601cf3379633985b20f7e50f2bb47707\"},\"headline\":\"V nesre\u010di na \u0161tajerski avtocesti umrla 36-letna voznica\",\"datePublished\":\"2017-11-20T09:14:00+00:00\",\"dateModified\":\"2017-11-20T09:14:00+00:00\",\"mainEntityOfPage\":{\"@id\":\"https:\/\/hudo.com\/si\/aktualno\/v-nesreci-na-stajerski-avtocesti-umrla-36-letna-voznica-2\/\"},\"wordCount\":153,\"publisher\":{\"@id\":\"https:\/\/hudo.com\/si\/#organization\"},\"articleSection\":[\"Aktualno\"],\"inLanguage\":\"sl-SI\"},{\"@type\":\"WebPage\",\"@id\":\"https:\/\/hudo.com\/si\/aktualno\/v-nesreci-na-stajerski-avtocesti-umrla-36-letna-voznica-2\/\",\"url\":\"https:\/\/hudo.com\/si\/aktualno\/v-nesreci-na-stajerski-avtocesti-umrla-36-letna-voznica-2\/\",\"name\":\"V nesre\u010di na \u0161tajerski avtocesti umrla 36-letna voznica - Hudo Slovenija\",\"isPartOf\":{\"@id\":\"https:\/\/hudo.com\/si\/#website\"},\"datePublished\":\"2017-11-20T09:14:00+00:00\",\"dateModified\":\"2017-11-20T09:14:00+00:00\",\"breadcrumb\":{\"@id\":\"https:\/\/hudo.com\/si\/aktualno\/v-nesreci-na-stajerski-avtocesti-umrla-36-letna-voznica-2\/#breadcrumb\"},\"inLanguage\":\"sl-SI\",\"potentialAction\":[{\"@type\":\"ReadAction\",\"target\":[\"https:\/\/hudo.com\/si\/aktualno\/v-nesreci-na-stajerski-avtocesti-umrla-36-letna-voznica-2\/\"]}]},{\"@type\":\"BreadcrumbList\",\"@id\":\"https:\/\/hudo.com\/si\/aktualno\/v-nesreci-na-stajerski-avtocesti-umrla-36-letna-voznica-2\/#breadcrumb\",\"itemListElement\":[{\"@type\":\"ListItem\",\"position\":1,\"name\":\"Home\",\"item\":\"https:\/\/hudo.com\/si\/\"},{\"@type\":\"ListItem\",\"position\":2,\"name\":\"V nesre\u010di na \u0161tajerski avtocesti umrla 36-letna voznica\"}]},{\"@type\":\"WebSite\",\"@id\":\"https:\/\/hudo.com\/si\/#website\",\"url\":\"https:\/\/hudo.com\/si\/\",\"name\":\"Hudo Slovenija\",\"description\":\"Vse novice iz Slovenije in sveta\",\"publisher\":{\"@id\":\"https:\/\/hudo.com\/si\/#organization\"},\"potentialAction\":[{\"@type\":\"SearchAction\",\"target\":{\"@type\":\"EntryPoint\",\"urlTemplate\":\"https:\/\/hudo.com\/si\/?s={search_term_string}\"},\"query-input\":\"required name=search_term_string\"}],\"inLanguage\":\"sl-SI\"},{\"@type\":\"Organization\",\"@id\":\"https:\/\/hudo.com\/si\/#organization\",\"name\":\"VSN Media\",\"url\":\"https:\/\/hudo.com\/si\/\",\"logo\":{\"@type\":\"ImageObject\",\"inLanguage\":\"sl-SI\",\"@id\":\"https:\/\/hudo.com\/si\/#\/schema\/logo\/image\/\",\"url\":\"https:\/\/hudo.com\/si\/wp-content\/uploads\/sites\/2\/2021\/03\/hudo-app-2.png\",\"contentUrl\":\"https:\/\/hudo.com\/si\/wp-content\/uploads\/sites\/2\/2021\/03\/hudo-app-2.png\",\"width\":2185,\"height\":2167,\"caption\":\"VSN Media\"},\"image\":{\"@id\":\"https:\/\/hudo.com\/si\/#\/schema\/logo\/image\/\"},\"sameAs\":[\"https:\/\/www.facebook.com\/hudo.si\",\"https:\/\/twitter.com\/hudo_si\"]},{\"@type\":\"Person\",\"@id\":\"https:\/\/hudo.com\/si\/#\/schema\/person\/601cf3379633985b20f7e50f2bb47707\",\"name\":\"hudo\",\"image\":{\"@type\":\"ImageObject\",\"inLanguage\":\"sl-SI\",\"@id\":\"https:\/\/hudo.com\/si\/#\/schema\/person\/image\/\",\"url\":\"https:\/\/secure.gravatar.com\/avatar\/c4ca25fa72cace7a696b52ff5db9e095?s=96&d=mm&r=g\",\"contentUrl\":\"https:\/\/secure.gravatar.com\/avatar\/c4ca25fa72cace7a696b52ff5db9e095?s=96&d=mm&r=g\",\"caption\":\"hudo\"},\"url\":\"https:\/\/hudo.com\/si\/author\/hudo\/\"}]}<\/script>\n<!-- \/ Yoast SEO plugin. -->","yoast_head_json":{"title":"V nesre\u010di na \u0161tajerski avtocesti umrla 36-letna voznica - Hudo Slovenija","robots":{"index":"index","follow":"follow","max-snippet":"max-snippet:-1","max-image-preview":"max-image-preview:large","max-video-preview":"max-video-preview:-1"},"canonical":"https:\/\/hudo.com\/si\/aktualno\/v-nesreci-na-stajerski-avtocesti-umrla-36-letna-voznica-2\/","og_locale":"sl_SI","og_type":"article","og_title":"V nesre\u010di na \u0161tajerski avtocesti umrla 36-letna voznica - Hudo Slovenija","og_description":"Kategorija: Kronika Mon, 20 Nov 2017 11:14:00 +0100 Vransko \u2212 Na \u0161tajerski avtocesti se je okoli devete ure v bli\u017eini cestninske postaje Vransko proti Celju zgodila prometna nesre\u010da, v kateri je umrla 36-letna voznica osebnega vozila, so sporo\u010dili s Policijske uprave Celje. Avtocesta je po podatkih prometnoinformacijskega centra pred \u0160entrupertom proti Mariboru zaradi nesre\u010de zaprta. Zaprt je tudi uvoz Vransko proti Mariboru. Obvoz je urejen po vzporedni cesti Vransko\u2212\u0160entrupert. Na izvozu Vransko je nastal pribli\u017eno kilometer dolg zastoj. Po podatkih policije je voznica zapeljala desno, tr\u010dila v ograjo, vozilo je nato odbilo z vozi\u0161\u010da, kjer je tr\u010dilo v steber nadvoza. Voznica je na kraju nesre\u010de umrla. Zaradi razjasnitve okoli\u0161\u010din prometne nesre\u010de policija prosi morebitne o\u010dividce za podatke o prometni nesre\u010di. To je leto\u0161nja sedemnajsta smrtna \u017ertev prometnih nesre\u010d na obmo\u010dju Policijske uprave Celje.","og_url":"https:\/\/hudo.com\/si\/aktualno\/v-nesreci-na-stajerski-avtocesti-umrla-36-letna-voznica-2\/","og_site_name":"Hudo Slovenija","article_publisher":"https:\/\/www.facebook.com\/hudo.si","article_published_time":"2017-11-20T09:14:00+00:00","og_image":[{"width":480,"height":290,"url":"https:\/\/hudo.com\/si\/wp-content\/uploads\/sites\/2\/2017\/11\/480x290_policija_vukelic.jpeg","type":"image\/jpeg"}],"author":"hudo","twitter_card":"summary_large_image","twitter_creator":"@hudo_si","twitter_site":"@hudo_si","twitter_misc":{"Written by":"hudo","Est. reading time":"1 minuta"},"schema":{"@context":"https:\/\/schema.org","@graph":[{"@type":"Article","@id":"https:\/\/hudo.com\/si\/aktualno\/v-nesreci-na-stajerski-avtocesti-umrla-36-letna-voznica-2\/#article","isPartOf":{"@id":"https:\/\/hudo.com\/si\/aktualno\/v-nesreci-na-stajerski-avtocesti-umrla-36-letna-voznica-2\/"},"author":{"name":"hudo","@id":"https:\/\/hudo.com\/si\/#\/schema\/person\/601cf3379633985b20f7e50f2bb47707"},"headline":"V nesre\u010di na \u0161tajerski avtocesti umrla 36-letna voznica","datePublished":"2017-11-20T09:14:00+00:00","dateModified":"2017-11-20T09:14:00+00:00","mainEntityOfPage":{"@id":"https:\/\/hudo.com\/si\/aktualno\/v-nesreci-na-stajerski-avtocesti-umrla-36-letna-voznica-2\/"},"wordCount":153,"publisher":{"@id":"https:\/\/hudo.com\/si\/#organization"},"articleSection":["Aktualno"],"inLanguage":"sl-SI"},{"@type":"WebPage","@id":"https:\/\/hudo.com\/si\/aktualno\/v-nesreci-na-stajerski-avtocesti-umrla-36-letna-voznica-2\/","url":"https:\/\/hudo.com\/si\/aktualno\/v-nesreci-na-stajerski-avtocesti-umrla-36-letna-voznica-2\/","name":"V nesre\u010di na \u0161tajerski avtocesti umrla 36-letna voznica - Hudo Slovenija","isPartOf":{"@id":"https:\/\/hudo.com\/si\/#website"},"datePublished":"2017-11-20T09:14:00+00:00","dateModified":"2017-11-20T09:14:00+00:00","breadcrumb":{"@id":"https:\/\/hudo.com\/si\/aktualno\/v-nesreci-na-stajerski-avtocesti-umrla-36-letna-voznica-2\/#breadcrumb"},"inLanguage":"sl-SI","potentialAction":[{"@type":"ReadAction","target":["https:\/\/hudo.com\/si\/aktualno\/v-nesreci-na-stajerski-avtocesti-umrla-36-letna-voznica-2\/"]}]},{"@type":"BreadcrumbList","@id":"https:\/\/hudo.com\/si\/aktualno\/v-nesreci-na-stajerski-avtocesti-umrla-36-letna-voznica-2\/#breadcrumb","itemListElement":[{"@type":"ListItem","position":1,"name":"Home","item":"https:\/\/hudo.com\/si\/"},{"@type":"ListItem","position":2,"name":"V nesre\u010di na \u0161tajerski avtocesti umrla 36-letna voznica"}]},{"@type":"WebSite","@id":"https:\/\/hudo.com\/si\/#website","url":"https:\/\/hudo.com\/si\/","name":"Hudo Slovenija","description":"Vse novice iz Slovenije in sveta","publisher":{"@id":"https:\/\/hudo.com\/si\/#organization"},"potentialAction":[{"@type":"SearchAction","target":{"@type":"EntryPoint","urlTemplate":"https:\/\/hudo.com\/si\/?s={search_term_string}"},"query-input":"required name=search_term_string"}],"inLanguage":"sl-SI"},{"@type":"Organization","@id":"https:\/\/hudo.com\/si\/#organization","name":"VSN Media","url":"https:\/\/hudo.com\/si\/","logo":{"@type":"ImageObject","inLanguage":"sl-SI","@id":"https:\/\/hudo.com\/si\/#\/schema\/logo\/image\/","url":"https:\/\/hudo.com\/si\/wp-content\/uploads\/sites\/2\/2021\/03\/hudo-app-2.png","contentUrl":"https:\/\/hudo.com\/si\/wp-content\/uploads\/sites\/2\/2021\/03\/hudo-app-2.png","width":2185,"height":2167,"caption":"VSN Media"},"image":{"@id":"https:\/\/hudo.com\/si\/#\/schema\/logo\/image\/"},"sameAs":["https:\/\/www.facebook.com\/hudo.si","https:\/\/twitter.com\/hudo_si"]},{"@type":"Person","@id":"https:\/\/hudo.com\/si\/#\/schema\/person\/601cf3379633985b20f7e50f2bb47707","name":"hudo","image":{"@type":"ImageObject","inLanguage":"sl-SI","@id":"https:\/\/hudo.com\/si\/#\/schema\/person\/image\/","url":"https:\/\/secure.gravatar.com\/avatar\/c4ca25fa72cace7a696b52ff5db9e095?s=96&d=mm&r=g","contentUrl":"https:\/\/secure.gravatar.com\/avatar\/c4ca25fa72cace7a696b52ff5db9e095?s=96&d=mm&r=g","caption":"hudo"},"url":"https:\/\/hudo.com\/si\/author\/hudo\/"}]}},"amp_enabled":true,"_links":{"self":[{"href":"https:\/\/hudo.com\/si\/wp-json\/wp\/v2\/posts\/323864"}],"collection":[{"href":"https:\/\/hudo.com\/si\/wp-json\/wp\/v2\/posts"}],"about":[{"href":"https:\/\/hudo.com\/si\/wp-json\/wp\/v2\/types\/post"}],"author":[{"embeddable":true,"href":"https:\/\/hudo.com\/si\/wp-json\/wp\/v2\/users\/1"}],"replies":[{"embeddable":true,"href":"https:\/\/hudo.com\/si\/wp-json\/wp\/v2\/comments?post=323864"}],"version-history":[{"count":0,"href":"https:\/\/hudo.com\/si\/wp-json\/wp\/v2\/posts\/323864\/revisions"}],"wp:attachment":[{"href":"https:\/\/hudo.com\/si\/wp-json\/wp\/v2\/media?parent=323864"}],"wp:term":[{"taxonomy":"category","embeddable":true,"href":"https:\/\/hudo.com\/si\/wp-json\/wp\/v2\/categories?post=323864"},{"taxonomy":"post_tag","embeddable":true,"href":"https:\/\/hudo.com\/si\/wp-json\/wp\/v2\/tags?post=323864"},{"taxonomy":"source","embeddable":true,"href":"https:\/\/hudo.com\/si\/wp-json\/wp\/v2\/source?post=323864"},{"taxonomy":"supertag","embeddable":true,"href":"https:\/\/hudo.com\/si\/wp-json\/wp\/v2\/supertag?post=323864"}],"curies":[{"name":"wp","href":"https:\/\/api.w.org\/{rel}","templated":true}]}}