{"id":323924,"date":"2017-11-20T13:53:43","date_gmt":"2017-11-20T12:53:43","guid":{"rendered":"http:\/\/hudo.com\/si\/?p=323924"},"modified":"2017-11-20T13:53:43","modified_gmt":"2017-11-20T12:53:43","slug":"vlada-razkrila-konkretne-nacrte-za-3-razvojno-os","status":"publish","type":"post","link":"https:\/\/hudo.com\/si\/aktualno\/vlada-razkrila-konkretne-nacrte-za-3-razvojno-os\/","title":{"rendered":"Vlada razkrila konkretne na\u010drte za 3. razvojno os"},"content":{"rendered":"<p>Vlada pod vodstvom stranke SMC dela vse, da bi se \u0161e v tem mandatu za\u010deli postopki, je v pozdravnem nagovoru dejal Brglez, ki je posebej poudaril, da 3. razvojna os ni pomembna samo zaradi preto\u010dnosti, ampak tudi zaradi razvoja gospodarstva na Koro\u0161kem, pri \u010demer je posebej izpostavil lesno industrijo.<\/p>\n<p>Pomembno pa je, da bo hitra cesta koristila ljudem, je dejal Brglez, ki je prepri\u010dan da se bo Koro\u0161ka s 3. razvojno osjo odprla, od te hitre ceste pa bo po njegovih besedah imela koristi tudi Slovenija, &#8220;ker nima nobenega smisla, da so nekateri deli bolj razviti, drugi pa manj&#8221;.<\/p>\n<p>Podobno je na posvetu z naslovom Kako bomo pripeljali 3. razvojno os na Koro\u0161ko? opozoril tudi arhitekt in nekdanji profesor na ljubljanski fakulteti za arhitekturo Peter Gabrijel\u010di\u010d. Dejal je, da problem 3. razvojne osi ni problem Koro\u0161ke, ampak problem dr\u017eave. Gre za \u017eeljo dr\u017eave, ali \u017eeli konsistentnost teritorija in ali \u017eeli ohraniti prebivalstvo na vsem teritoriju, je dejal.<\/p>\n<p>Dr\u017eava si po besedah Gabrijel\u010di\u010da ne more dovoliti, da bi dolo\u010deni deli uhajali izven njene suverenosti. To ni stvar lokalne \u017eelje in lokalne politike, ampak je to stvar nacionalne varnosti, da si \u017eeli\u0161 in mora\u0161 obvladovati celotni teritorij, tako prostorsko, socialno kot kulturno. V tej lu\u010di je tako brezpredmetno pre\u0161tevanje prometa, tu ne gre za vpra\u0161anje denarja, tu gre za strate\u0161ke cilje, je opozoril Gabrijel\u010di\u010d.<\/p>\n<p>Tako kot on so tudi nekateri drugi sogovorniki, med drugim direktorica GZS Obmo\u010dne zbornice Koro\u0161ka Aleksandra Gradi\u0161nik na posvetu opozorili na vse ve\u010dje pomanjkanje delovne sile v regiji, kar povezujejo tudi z odsotnostjo hitre cestne povezave, ki bi lahko v regijo pripeljala delovno silo tudi od drugod.<\/p>\n<p>Sicer pa je dr\u017eavni sekretar na ministrstvu za infrastrukturo Jure Leben povedal, da projekt 3. razvojne osi prehaja v realizacijo in je ume\u0161\u010den v \u0161estletni finan\u010dni na\u010drt Darsa, ki se tako zaveda, da je to eden od prioritetnih projektov dr\u017eave.<\/p>\n<p>Leben je napovedal, da bo na severnem kraku 3. razvojne osi, to je od \u0160entruperta proti Koro\u0161ki, v prvem delu leta 2018 \u017ee pri\u0161lo do odkupov zemlji\u0161\u010d, na terenu bodo potekale geolo\u0161ke raziskave, gradnja pa se bo po zdaj\u0161njih na\u010drtih za\u010dela v prvi polovici leta 2019. Povedal je tudi, da bo prometna \u0161tudija za odsek od Slovenj Gradca do Dravograda kon\u010dana marca 2018, in poudaril, da je julija letos podpisan protokol med dr\u017eavo ter Koro\u0161ko in Savinjsko-\u0160ale\u0161ko regijo glede uresni\u010devanja postopkov izgradnje 3. razvojne osi mo\u010dna zaveza tudi za vse nadaljnje vlade.<\/p>\n<p>Koordinator mladinske iniciative za 3. razvojno os Alja\u017e Verhovnik pa je danes dejal, da je iniciativa zadovoljna, da je vlada prepoznala 3. razvojno os kot enega klju\u010dnih projektov dr\u017eave in da Koro\u0161ci nikakor ne bodo odstopali od vsebine omenjenega protokola. To je med drugim, da se leta 2019 za\u010dne graditi hitra cesta na relaciji \u0160entrupert-Slovenj Gradec ter da se nadaljujejo postopki ume\u0161\u010danja hitre ceste med Slovenj Gradcem, Dravogradom in Holmcem na meji z Avstrijo.<\/p>\n<p>Po kon\u010danem posvetu je Mladinska iniciativa za 3. razvojno os danes prvi\u010d podelila nazive ambasadorjem hitre ceste, Ambasador ho\u010d&#8217;mo cesto. Prejelo ga je 10 posameznikov in organizacij, ki so po podatkih iniciative s preteklo podporo hitri cesti in aktivnostmi presegli svoje sicer\u0161nje delovanje.<\/p>\n","protected":false},"excerpt":{"rendered":"<p>Slovenska politika daje velik pomen 3. razvojni osi, ki je pomembna tudi za razvoj lesne industrije v regiji, je predsednik DZ Milan Brglez danes dejal v nagovoru na prireditvi Mladinske iniciative za 3. razvojno os na Ravnah na Koro\u0161kem. Mladinska iniciativa je pripravila posvet o hitri cesti in podelila 10 nazivov ambasadorjem hitre ceste.<\/p>\n","protected":false},"author":7,"featured_media":323925,"comment_status":"closed","ping_status":"closed","sticky":false,"template":"","format":"standard","meta":{"footnotes":""},"categories":[1179],"tags":[2112,5622,5784,1595,6796],"source":[4511],"supertag":[],"acf":[],"yoast_head":"<!-- This site is optimized with the Yoast SEO plugin v21.3 - https:\/\/yoast.com\/wordpress\/plugins\/seo\/ -->\n<title>Vlada razkrila konkretne na\u010drte za 3. razvojno os - Hudo Slovenija<\/title>\n<meta name=\"robots\" content=\"index, follow, max-snippet:-1, max-image-preview:large, max-video-preview:-1\" \/>\n<link rel=\"canonical\" href=\"https:\/\/hudo.com\/si\/aktualno\/vlada-razkrila-konkretne-nacrte-za-3-razvojno-os\/\" \/>\n<meta property=\"og:locale\" content=\"sl_SI\" \/>\n<meta property=\"og:type\" content=\"article\" \/>\n<meta property=\"og:title\" content=\"Vlada razkrila konkretne na\u010drte za 3. razvojno os - Hudo Slovenija\" \/>\n<meta property=\"og:description\" content=\"Slovenska politika daje velik pomen 3. razvojni osi, ki je pomembna tudi za razvoj lesne industrije v regiji, je predsednik DZ Milan Brglez danes dejal v nagovoru na prireditvi Mladinske iniciative za 3. razvojno os na Ravnah na Koro\u0161kem. Mladinska iniciativa je pripravila posvet o hitri cesti in podelila 10 nazivov ambasadorjem hitre ceste.\" \/>\n<meta property=\"og:url\" content=\"https:\/\/hudo.com\/si\/aktualno\/vlada-razkrila-konkretne-nacrte-za-3-razvojno-os\/\" \/>\n<meta property=\"og:site_name\" content=\"Hudo Slovenija\" \/>\n<meta property=\"article:publisher\" content=\"https:\/\/www.facebook.com\/hudo.si\" \/>\n<meta property=\"article:published_time\" content=\"2017-11-20T12:53:43+00:00\" \/>\n<meta property=\"og:image\" content=\"https:\/\/hudo.com\/si\/wp-content\/uploads\/sites\/2\/2017\/11\/profimedia-0251752046.jpg\" \/>\n\t<meta property=\"og:image:width\" content=\"1250\" \/>\n\t<meta property=\"og:image:height\" content=\"833\" \/>\n\t<meta property=\"og:image:type\" content=\"image\/jpeg\" \/>\n<meta name=\"author\" content=\"A. P., STA\" \/>\n<meta name=\"twitter:card\" content=\"summary_large_image\" \/>\n<meta name=\"twitter:creator\" content=\"@hudo_si\" \/>\n<meta name=\"twitter:site\" content=\"@hudo_si\" \/>\n<meta name=\"twitter:label1\" content=\"Written by\" \/>\n\t<meta name=\"twitter:data1\" content=\"A. P., STA\" \/>\n\t<meta name=\"twitter:label2\" content=\"Est. reading time\" \/>\n\t<meta name=\"twitter:data2\" content=\"3 minute\" \/>\n<script type=\"application\/ld+json\" class=\"yoast-schema-graph\">{\"@context\":\"https:\/\/schema.org\",\"@graph\":[{\"@type\":\"Article\",\"@id\":\"https:\/\/hudo.com\/si\/aktualno\/vlada-razkrila-konkretne-nacrte-za-3-razvojno-os\/#article\",\"isPartOf\":{\"@id\":\"https:\/\/hudo.com\/si\/aktualno\/vlada-razkrila-konkretne-nacrte-za-3-razvojno-os\/\"},\"author\":{\"name\":\"A. P., STA\",\"@id\":\"https:\/\/hudo.com\/si\/#\/schema\/person\/18f09c02475ba9e606e941a565b80cff\"},\"headline\":\"Vlada razkrila konkretne na\u010drte za 3. razvojno os\",\"datePublished\":\"2017-11-20T12:53:43+00:00\",\"dateModified\":\"2017-11-20T12:53:43+00:00\",\"mainEntityOfPage\":{\"@id\":\"https:\/\/hudo.com\/si\/aktualno\/vlada-razkrila-konkretne-nacrte-za-3-razvojno-os\/\"},\"wordCount\":560,\"publisher\":{\"@id\":\"https:\/\/hudo.com\/si\/#organization\"},\"keywords\":[\"ceste\",\"infrastruktura\",\"koro\u0161ka\",\"Slovenija\",\"tretja razvojna os\"],\"articleSection\":[\"Aktualno\"],\"inLanguage\":\"sl-SI\"},{\"@type\":\"WebPage\",\"@id\":\"https:\/\/hudo.com\/si\/aktualno\/vlada-razkrila-konkretne-nacrte-za-3-razvojno-os\/\",\"url\":\"https:\/\/hudo.com\/si\/aktualno\/vlada-razkrila-konkretne-nacrte-za-3-razvojno-os\/\",\"name\":\"Vlada razkrila konkretne na\u010drte za 3. razvojno os - Hudo Slovenija\",\"isPartOf\":{\"@id\":\"https:\/\/hudo.com\/si\/#website\"},\"datePublished\":\"2017-11-20T12:53:43+00:00\",\"dateModified\":\"2017-11-20T12:53:43+00:00\",\"breadcrumb\":{\"@id\":\"https:\/\/hudo.com\/si\/aktualno\/vlada-razkrila-konkretne-nacrte-za-3-razvojno-os\/#breadcrumb\"},\"inLanguage\":\"sl-SI\",\"potentialAction\":[{\"@type\":\"ReadAction\",\"target\":[\"https:\/\/hudo.com\/si\/aktualno\/vlada-razkrila-konkretne-nacrte-za-3-razvojno-os\/\"]}]},{\"@type\":\"BreadcrumbList\",\"@id\":\"https:\/\/hudo.com\/si\/aktualno\/vlada-razkrila-konkretne-nacrte-za-3-razvojno-os\/#breadcrumb\",\"itemListElement\":[{\"@type\":\"ListItem\",\"position\":1,\"name\":\"Home\",\"item\":\"https:\/\/hudo.com\/si\/\"},{\"@type\":\"ListItem\",\"position\":2,\"name\":\"Vlada razkrila konkretne na\u010drte za 3. razvojno os\"}]},{\"@type\":\"WebSite\",\"@id\":\"https:\/\/hudo.com\/si\/#website\",\"url\":\"https:\/\/hudo.com\/si\/\",\"name\":\"Hudo Slovenija\",\"description\":\"Vse novice iz Slovenije in sveta\",\"publisher\":{\"@id\":\"https:\/\/hudo.com\/si\/#organization\"},\"potentialAction\":[{\"@type\":\"SearchAction\",\"target\":{\"@type\":\"EntryPoint\",\"urlTemplate\":\"https:\/\/hudo.com\/si\/?s={search_term_string}\"},\"query-input\":\"required name=search_term_string\"}],\"inLanguage\":\"sl-SI\"},{\"@type\":\"Organization\",\"@id\":\"https:\/\/hudo.com\/si\/#organization\",\"name\":\"VSN Media\",\"url\":\"https:\/\/hudo.com\/si\/\",\"logo\":{\"@type\":\"ImageObject\",\"inLanguage\":\"sl-SI\",\"@id\":\"https:\/\/hudo.com\/si\/#\/schema\/logo\/image\/\",\"url\":\"https:\/\/hudo.com\/si\/wp-content\/uploads\/sites\/2\/2021\/03\/hudo-app-2.png\",\"contentUrl\":\"https:\/\/hudo.com\/si\/wp-content\/uploads\/sites\/2\/2021\/03\/hudo-app-2.png\",\"width\":2185,\"height\":2167,\"caption\":\"VSN Media\"},\"image\":{\"@id\":\"https:\/\/hudo.com\/si\/#\/schema\/logo\/image\/\"},\"sameAs\":[\"https:\/\/www.facebook.com\/hudo.si\",\"https:\/\/twitter.com\/hudo_si\"]},{\"@type\":\"Person\",\"@id\":\"https:\/\/hudo.com\/si\/#\/schema\/person\/18f09c02475ba9e606e941a565b80cff\",\"name\":\"A. P., STA\",\"image\":{\"@type\":\"ImageObject\",\"inLanguage\":\"sl-SI\",\"@id\":\"https:\/\/hudo.com\/si\/#\/schema\/person\/image\/\",\"url\":\"https:\/\/secure.gravatar.com\/avatar\/03eac8e609f5f04383125d80eaeaaf3e?s=96&d=mm&r=g\",\"contentUrl\":\"https:\/\/secure.gravatar.com\/avatar\/03eac8e609f5f04383125d80eaeaaf3e?s=96&d=mm&r=g\",\"caption\":\"A. P., STA\"},\"url\":\"https:\/\/hudo.com\/si\/author\/lubu\/\"}]}<\/script>\n<!-- \/ Yoast SEO plugin. -->","yoast_head_json":{"title":"Vlada razkrila konkretne na\u010drte za 3. razvojno os - Hudo Slovenija","robots":{"index":"index","follow":"follow","max-snippet":"max-snippet:-1","max-image-preview":"max-image-preview:large","max-video-preview":"max-video-preview:-1"},"canonical":"https:\/\/hudo.com\/si\/aktualno\/vlada-razkrila-konkretne-nacrte-za-3-razvojno-os\/","og_locale":"sl_SI","og_type":"article","og_title":"Vlada razkrila konkretne na\u010drte za 3. razvojno os - Hudo Slovenija","og_description":"Slovenska politika daje velik pomen 3. razvojni osi, ki je pomembna tudi za razvoj lesne industrije v regiji, je predsednik DZ Milan Brglez danes dejal v nagovoru na prireditvi Mladinske iniciative za 3. razvojno os na Ravnah na Koro\u0161kem. Mladinska iniciativa je pripravila posvet o hitri cesti in podelila 10 nazivov ambasadorjem hitre ceste.","og_url":"https:\/\/hudo.com\/si\/aktualno\/vlada-razkrila-konkretne-nacrte-za-3-razvojno-os\/","og_site_name":"Hudo Slovenija","article_publisher":"https:\/\/www.facebook.com\/hudo.si","article_published_time":"2017-11-20T12:53:43+00:00","og_image":[{"width":1250,"height":833,"url":"https:\/\/hudo.com\/si\/wp-content\/uploads\/sites\/2\/2017\/11\/profimedia-0251752046.jpg","type":"image\/jpeg"}],"author":"A. P., STA","twitter_card":"summary_large_image","twitter_creator":"@hudo_si","twitter_site":"@hudo_si","twitter_misc":{"Written by":"A. P., STA","Est. reading time":"3 minute"},"schema":{"@context":"https:\/\/schema.org","@graph":[{"@type":"Article","@id":"https:\/\/hudo.com\/si\/aktualno\/vlada-razkrila-konkretne-nacrte-za-3-razvojno-os\/#article","isPartOf":{"@id":"https:\/\/hudo.com\/si\/aktualno\/vlada-razkrila-konkretne-nacrte-za-3-razvojno-os\/"},"author":{"name":"A. P., STA","@id":"https:\/\/hudo.com\/si\/#\/schema\/person\/18f09c02475ba9e606e941a565b80cff"},"headline":"Vlada razkrila konkretne na\u010drte za 3. razvojno os","datePublished":"2017-11-20T12:53:43+00:00","dateModified":"2017-11-20T12:53:43+00:00","mainEntityOfPage":{"@id":"https:\/\/hudo.com\/si\/aktualno\/vlada-razkrila-konkretne-nacrte-za-3-razvojno-os\/"},"wordCount":560,"publisher":{"@id":"https:\/\/hudo.com\/si\/#organization"},"keywords":["ceste","infrastruktura","koro\u0161ka","Slovenija","tretja razvojna os"],"articleSection":["Aktualno"],"inLanguage":"sl-SI"},{"@type":"WebPage","@id":"https:\/\/hudo.com\/si\/aktualno\/vlada-razkrila-konkretne-nacrte-za-3-razvojno-os\/","url":"https:\/\/hudo.com\/si\/aktualno\/vlada-razkrila-konkretne-nacrte-za-3-razvojno-os\/","name":"Vlada razkrila konkretne na\u010drte za 3. razvojno os - Hudo Slovenija","isPartOf":{"@id":"https:\/\/hudo.com\/si\/#website"},"datePublished":"2017-11-20T12:53:43+00:00","dateModified":"2017-11-20T12:53:43+00:00","breadcrumb":{"@id":"https:\/\/hudo.com\/si\/aktualno\/vlada-razkrila-konkretne-nacrte-za-3-razvojno-os\/#breadcrumb"},"inLanguage":"sl-SI","potentialAction":[{"@type":"ReadAction","target":["https:\/\/hudo.com\/si\/aktualno\/vlada-razkrila-konkretne-nacrte-za-3-razvojno-os\/"]}]},{"@type":"BreadcrumbList","@id":"https:\/\/hudo.com\/si\/aktualno\/vlada-razkrila-konkretne-nacrte-za-3-razvojno-os\/#breadcrumb","itemListElement":[{"@type":"ListItem","position":1,"name":"Home","item":"https:\/\/hudo.com\/si\/"},{"@type":"ListItem","position":2,"name":"Vlada razkrila konkretne na\u010drte za 3. razvojno os"}]},{"@type":"WebSite","@id":"https:\/\/hudo.com\/si\/#website","url":"https:\/\/hudo.com\/si\/","name":"Hudo Slovenija","description":"Vse novice iz Slovenije in sveta","publisher":{"@id":"https:\/\/hudo.com\/si\/#organization"},"potentialAction":[{"@type":"SearchAction","target":{"@type":"EntryPoint","urlTemplate":"https:\/\/hudo.com\/si\/?s={search_term_string}"},"query-input":"required name=search_term_string"}],"inLanguage":"sl-SI"},{"@type":"Organization","@id":"https:\/\/hudo.com\/si\/#organization","name":"VSN Media","url":"https:\/\/hudo.com\/si\/","logo":{"@type":"ImageObject","inLanguage":"sl-SI","@id":"https:\/\/hudo.com\/si\/#\/schema\/logo\/image\/","url":"https:\/\/hudo.com\/si\/wp-content\/uploads\/sites\/2\/2021\/03\/hudo-app-2.png","contentUrl":"https:\/\/hudo.com\/si\/wp-content\/uploads\/sites\/2\/2021\/03\/hudo-app-2.png","width":2185,"height":2167,"caption":"VSN Media"},"image":{"@id":"https:\/\/hudo.com\/si\/#\/schema\/logo\/image\/"},"sameAs":["https:\/\/www.facebook.com\/hudo.si","https:\/\/twitter.com\/hudo_si"]},{"@type":"Person","@id":"https:\/\/hudo.com\/si\/#\/schema\/person\/18f09c02475ba9e606e941a565b80cff","name":"A. P., STA","image":{"@type":"ImageObject","inLanguage":"sl-SI","@id":"https:\/\/hudo.com\/si\/#\/schema\/person\/image\/","url":"https:\/\/secure.gravatar.com\/avatar\/03eac8e609f5f04383125d80eaeaaf3e?s=96&d=mm&r=g","contentUrl":"https:\/\/secure.gravatar.com\/avatar\/03eac8e609f5f04383125d80eaeaaf3e?s=96&d=mm&r=g","caption":"A. P., STA"},"url":"https:\/\/hudo.com\/si\/author\/lubu\/"}]}},"amp_enabled":true,"_links":{"self":[{"href":"https:\/\/hudo.com\/si\/wp-json\/wp\/v2\/posts\/323924"}],"collection":[{"href":"https:\/\/hudo.com\/si\/wp-json\/wp\/v2\/posts"}],"about":[{"href":"https:\/\/hudo.com\/si\/wp-json\/wp\/v2\/types\/post"}],"author":[{"embeddable":true,"href":"https:\/\/hudo.com\/si\/wp-json\/wp\/v2\/users\/7"}],"replies":[{"embeddable":true,"href":"https:\/\/hudo.com\/si\/wp-json\/wp\/v2\/comments?post=323924"}],"version-history":[{"count":1,"href":"https:\/\/hudo.com\/si\/wp-json\/wp\/v2\/posts\/323924\/revisions"}],"predecessor-version":[{"id":323926,"href":"https:\/\/hudo.com\/si\/wp-json\/wp\/v2\/posts\/323924\/revisions\/323926"}],"wp:featuredmedia":[{"embeddable":true,"href":"https:\/\/hudo.com\/si\/wp-json\/wp\/v2\/media\/323925"}],"wp:attachment":[{"href":"https:\/\/hudo.com\/si\/wp-json\/wp\/v2\/media?parent=323924"}],"wp:term":[{"taxonomy":"category","embeddable":true,"href":"https:\/\/hudo.com\/si\/wp-json\/wp\/v2\/categories?post=323924"},{"taxonomy":"post_tag","embeddable":true,"href":"https:\/\/hudo.com\/si\/wp-json\/wp\/v2\/tags?post=323924"},{"taxonomy":"source","embeddable":true,"href":"https:\/\/hudo.com\/si\/wp-json\/wp\/v2\/source?post=323924"},{"taxonomy":"supertag","embeddable":true,"href":"https:\/\/hudo.com\/si\/wp-json\/wp\/v2\/supertag?post=323924"}],"curies":[{"name":"wp","href":"https:\/\/api.w.org\/{rel}","templated":true}]}}