{"id":323959,"date":"2017-11-20T13:44:00","date_gmt":"2017-11-20T12:44:00","guid":{"rendered":"http:\/\/hudo.com\/si\/2017\/11\/20\/zoran-dragic-k-edu-muricu-v-anadolu-efes\/"},"modified":"2017-11-20T13:44:00","modified_gmt":"2017-11-20T12:44:00","slug":"zoran-dragic-k-edu-muricu-v-anadolu-efes","status":"publish","type":"post","link":"https:\/\/hudo.com\/si\/aktualno\/zoran-dragic-k-edu-muricu-v-anadolu-efes\/","title":{"rendered":"Zoran Dragi\u0107 k Edu Muri\u0107u v Anadolu Efes"},"content":{"rendered":"<p>Kategorija: Ko\u0161arka Mon, 20 Nov 2017 14:44:00 +0100  Istanbul &#8211; Tur\u0161ki ko\u0161arkarski prvoliga\u0161 Anadolu Efes, tudi udele\u017eenec lige prvakov, bo imel odslej v igralskem kadru dva slovenska reprezentanta. Po Edu Muri\u0107u, zlatem z leto\u0161njega evropskega prvenstva, ki se je kolektivu pridru\u017eil takoj po koncu septembrskega eurobasketa, bo odslej majico istanbulske zasedbe nosil tudi Zoran Dragi\u0107, ki je moral prvenstvo izpustiti. Nazadnje si je 28-letni in 196 centimetrov visoki mlaj\u0161i brat Gorana Dragi\u0107a kruh slu\u017eil v Italiji, pri Emporiu Armaniju Milanu. Zoran ima sicer za seboj \u017ee pestro klubsko zgodovino, potem ko je na doma\u010dih parketih branil barve Ilirije, Jan\u010d, Slovana in Krke, ga je nato pot vodila na tuje &#8211; v \u0160panijo (Unicaja Malaga), Rusijo (Himki) in nazadnje Italijo, vmes pa tudi onkraj \u00bblu\u017ee\u00ab v ligo NBA, k Soncem iz Phoenixa in Vro\u010dici iz Miamija, pri kateri so ga\u00a0&#8230;<\/p>\n","protected":false},"excerpt":{"rendered":"<p>Kategorija: Ko\u0161arka Mon, 20 Nov 2017 14:44:00 +0100  Istanbul &#8211; Tur\u0161ki ko\u0161arkarski prvoliga\u0161 Anadolu Efes, tudi udele\u017eenec lige prvakov, bo imel odslej v igralskem kadru dva slovenska reprezentanta. Po Edu Muri\u0107u, zlatem z leto\u0161njega evropskega prvenstva, ki se je kolektivu pridru\u017eil takoj po koncu septembrskega eurobasketa, bo odslej majico istanbulske zasedbe nosil tudi Zoran Dragi\u0107, ki je moral prvenstvo izpustiti. Nazadnje si je 28-letni in 196 centimetrov visoki mlaj\u0161i brat Gorana Dragi\u0107a kruh slu\u017eil v Italiji, pri Emporiu Armaniju Milanu. Zoran ima sicer za seboj \u017ee pestro klubsko zgodovino, potem ko je na doma\u010dih parketih branil barve Ilirije, Jan\u010d, Slovana in Krke, ga je nato pot vodila na tuje &#8211; v \u0160panijo (Unicaja Malaga), Rusijo (Himki) in nazadnje Italijo, vmes pa tudi onkraj \u00bblu\u017ee\u00ab v ligo NBA, k Soncem iz Phoenixa in Vro\u010dici iz Miamija, pri kateri so ga\u00a0&#8230;<\/p>\n","protected":false},"author":1,"featured_media":0,"comment_status":"closed","ping_status":"closed","sticky":false,"template":"","format":"standard","meta":{"footnotes":""},"categories":[1179],"tags":[],"source":[1703],"supertag":[],"acf":[],"yoast_head":"<!-- This site is optimized with the Yoast SEO plugin v21.3 - https:\/\/yoast.com\/wordpress\/plugins\/seo\/ -->\n<title>Zoran Dragi\u0107 k Edu Muri\u0107u v Anadolu Efes - Hudo Slovenija<\/title>\n<meta name=\"robots\" content=\"index, follow, max-snippet:-1, max-image-preview:large, max-video-preview:-1\" \/>\n<link rel=\"canonical\" href=\"https:\/\/hudo.com\/si\/aktualno\/zoran-dragic-k-edu-muricu-v-anadolu-efes\/\" \/>\n<meta property=\"og:locale\" content=\"sl_SI\" \/>\n<meta property=\"og:type\" content=\"article\" \/>\n<meta property=\"og:title\" content=\"Zoran Dragi\u0107 k Edu Muri\u0107u v Anadolu Efes - Hudo Slovenija\" \/>\n<meta property=\"og:description\" content=\"Kategorija: Ko\u0161arka Mon, 20 Nov 2017 14:44:00 +0100 Istanbul - Tur\u0161ki ko\u0161arkarski prvoliga\u0161 Anadolu Efes, tudi udele\u017eenec lige prvakov, bo imel odslej v igralskem kadru dva slovenska reprezentanta. Po Edu Muri\u0107u, zlatem z leto\u0161njega evropskega prvenstva, ki se je kolektivu pridru\u017eil takoj po koncu septembrskega eurobasketa, bo odslej majico istanbulske zasedbe nosil tudi Zoran Dragi\u0107, ki je moral prvenstvo izpustiti. Nazadnje si je 28-letni in 196 centimetrov visoki mlaj\u0161i brat Gorana Dragi\u0107a kruh slu\u017eil v Italiji, pri Emporiu Armaniju Milanu. Zoran ima sicer za seboj \u017ee pestro klubsko zgodovino, potem ko je na doma\u010dih parketih branil barve Ilirije, Jan\u010d, Slovana in Krke, ga je nato pot vodila na tuje - v \u0160panijo (Unicaja Malaga), Rusijo (Himki) in nazadnje Italijo, vmes pa tudi onkraj \u00bblu\u017ee\u00ab v ligo NBA, k Soncem iz Phoenixa in Vro\u010dici iz Miamija, pri kateri so ga\u00a0...\" \/>\n<meta property=\"og:url\" content=\"https:\/\/hudo.com\/si\/aktualno\/zoran-dragic-k-edu-muricu-v-anadolu-efes\/\" \/>\n<meta property=\"og:site_name\" content=\"Hudo Slovenija\" \/>\n<meta property=\"article:publisher\" content=\"https:\/\/www.facebook.com\/hudo.si\" \/>\n<meta property=\"article:published_time\" content=\"2017-11-20T12:44:00+00:00\" \/>\n<meta property=\"og:image\" content=\"https:\/\/hudo.com\/si\/wp-content\/uploads\/sites\/2\/2017\/11\/480x290_djvu_2384559_zakeljm_-ipi-ko-arka.jpeg\" \/>\n\t<meta property=\"og:image:width\" content=\"480\" \/>\n\t<meta property=\"og:image:height\" content=\"290\" \/>\n\t<meta property=\"og:image:type\" content=\"image\/jpeg\" \/>\n<meta name=\"author\" content=\"hudo\" \/>\n<meta name=\"twitter:card\" content=\"summary_large_image\" \/>\n<meta name=\"twitter:creator\" content=\"@hudo_si\" \/>\n<meta name=\"twitter:site\" content=\"@hudo_si\" \/>\n<meta name=\"twitter:label1\" content=\"Written by\" \/>\n\t<meta name=\"twitter:data1\" content=\"hudo\" \/>\n\t<meta name=\"twitter:label2\" content=\"Est. reading time\" \/>\n\t<meta name=\"twitter:data2\" content=\"1 minuta\" \/>\n<script type=\"application\/ld+json\" class=\"yoast-schema-graph\">{\"@context\":\"https:\/\/schema.org\",\"@graph\":[{\"@type\":\"Article\",\"@id\":\"https:\/\/hudo.com\/si\/aktualno\/zoran-dragic-k-edu-muricu-v-anadolu-efes\/#article\",\"isPartOf\":{\"@id\":\"https:\/\/hudo.com\/si\/aktualno\/zoran-dragic-k-edu-muricu-v-anadolu-efes\/\"},\"author\":{\"name\":\"hudo\",\"@id\":\"https:\/\/hudo.com\/si\/#\/schema\/person\/601cf3379633985b20f7e50f2bb47707\"},\"headline\":\"Zoran Dragi\u0107 k Edu Muri\u0107u v Anadolu Efes\",\"datePublished\":\"2017-11-20T12:44:00+00:00\",\"dateModified\":\"2017-11-20T12:44:00+00:00\",\"mainEntityOfPage\":{\"@id\":\"https:\/\/hudo.com\/si\/aktualno\/zoran-dragic-k-edu-muricu-v-anadolu-efes\/\"},\"wordCount\":156,\"publisher\":{\"@id\":\"https:\/\/hudo.com\/si\/#organization\"},\"articleSection\":[\"Aktualno\"],\"inLanguage\":\"sl-SI\"},{\"@type\":\"WebPage\",\"@id\":\"https:\/\/hudo.com\/si\/aktualno\/zoran-dragic-k-edu-muricu-v-anadolu-efes\/\",\"url\":\"https:\/\/hudo.com\/si\/aktualno\/zoran-dragic-k-edu-muricu-v-anadolu-efes\/\",\"name\":\"Zoran Dragi\u0107 k Edu Muri\u0107u v Anadolu Efes - Hudo Slovenija\",\"isPartOf\":{\"@id\":\"https:\/\/hudo.com\/si\/#website\"},\"datePublished\":\"2017-11-20T12:44:00+00:00\",\"dateModified\":\"2017-11-20T12:44:00+00:00\",\"breadcrumb\":{\"@id\":\"https:\/\/hudo.com\/si\/aktualno\/zoran-dragic-k-edu-muricu-v-anadolu-efes\/#breadcrumb\"},\"inLanguage\":\"sl-SI\",\"potentialAction\":[{\"@type\":\"ReadAction\",\"target\":[\"https:\/\/hudo.com\/si\/aktualno\/zoran-dragic-k-edu-muricu-v-anadolu-efes\/\"]}]},{\"@type\":\"BreadcrumbList\",\"@id\":\"https:\/\/hudo.com\/si\/aktualno\/zoran-dragic-k-edu-muricu-v-anadolu-efes\/#breadcrumb\",\"itemListElement\":[{\"@type\":\"ListItem\",\"position\":1,\"name\":\"Home\",\"item\":\"https:\/\/hudo.com\/si\/\"},{\"@type\":\"ListItem\",\"position\":2,\"name\":\"Zoran Dragi\u0107 k Edu Muri\u0107u v Anadolu Efes\"}]},{\"@type\":\"WebSite\",\"@id\":\"https:\/\/hudo.com\/si\/#website\",\"url\":\"https:\/\/hudo.com\/si\/\",\"name\":\"Hudo Slovenija\",\"description\":\"Vse novice iz Slovenije in sveta\",\"publisher\":{\"@id\":\"https:\/\/hudo.com\/si\/#organization\"},\"potentialAction\":[{\"@type\":\"SearchAction\",\"target\":{\"@type\":\"EntryPoint\",\"urlTemplate\":\"https:\/\/hudo.com\/si\/?s={search_term_string}\"},\"query-input\":\"required name=search_term_string\"}],\"inLanguage\":\"sl-SI\"},{\"@type\":\"Organization\",\"@id\":\"https:\/\/hudo.com\/si\/#organization\",\"name\":\"VSN Media\",\"url\":\"https:\/\/hudo.com\/si\/\",\"logo\":{\"@type\":\"ImageObject\",\"inLanguage\":\"sl-SI\",\"@id\":\"https:\/\/hudo.com\/si\/#\/schema\/logo\/image\/\",\"url\":\"https:\/\/hudo.com\/si\/wp-content\/uploads\/sites\/2\/2021\/03\/hudo-app-2.png\",\"contentUrl\":\"https:\/\/hudo.com\/si\/wp-content\/uploads\/sites\/2\/2021\/03\/hudo-app-2.png\",\"width\":2185,\"height\":2167,\"caption\":\"VSN Media\"},\"image\":{\"@id\":\"https:\/\/hudo.com\/si\/#\/schema\/logo\/image\/\"},\"sameAs\":[\"https:\/\/www.facebook.com\/hudo.si\",\"https:\/\/twitter.com\/hudo_si\"]},{\"@type\":\"Person\",\"@id\":\"https:\/\/hudo.com\/si\/#\/schema\/person\/601cf3379633985b20f7e50f2bb47707\",\"name\":\"hudo\",\"image\":{\"@type\":\"ImageObject\",\"inLanguage\":\"sl-SI\",\"@id\":\"https:\/\/hudo.com\/si\/#\/schema\/person\/image\/\",\"url\":\"https:\/\/secure.gravatar.com\/avatar\/c4ca25fa72cace7a696b52ff5db9e095?s=96&d=mm&r=g\",\"contentUrl\":\"https:\/\/secure.gravatar.com\/avatar\/c4ca25fa72cace7a696b52ff5db9e095?s=96&d=mm&r=g\",\"caption\":\"hudo\"},\"url\":\"https:\/\/hudo.com\/si\/author\/hudo\/\"}]}<\/script>\n<!-- \/ Yoast SEO plugin. -->","yoast_head_json":{"title":"Zoran Dragi\u0107 k Edu Muri\u0107u v Anadolu Efes - Hudo Slovenija","robots":{"index":"index","follow":"follow","max-snippet":"max-snippet:-1","max-image-preview":"max-image-preview:large","max-video-preview":"max-video-preview:-1"},"canonical":"https:\/\/hudo.com\/si\/aktualno\/zoran-dragic-k-edu-muricu-v-anadolu-efes\/","og_locale":"sl_SI","og_type":"article","og_title":"Zoran Dragi\u0107 k Edu Muri\u0107u v Anadolu Efes - Hudo Slovenija","og_description":"Kategorija: Ko\u0161arka Mon, 20 Nov 2017 14:44:00 +0100 Istanbul - Tur\u0161ki ko\u0161arkarski prvoliga\u0161 Anadolu Efes, tudi udele\u017eenec lige prvakov, bo imel odslej v igralskem kadru dva slovenska reprezentanta. Po Edu Muri\u0107u, zlatem z leto\u0161njega evropskega prvenstva, ki se je kolektivu pridru\u017eil takoj po koncu septembrskega eurobasketa, bo odslej majico istanbulske zasedbe nosil tudi Zoran Dragi\u0107, ki je moral prvenstvo izpustiti. Nazadnje si je 28-letni in 196 centimetrov visoki mlaj\u0161i brat Gorana Dragi\u0107a kruh slu\u017eil v Italiji, pri Emporiu Armaniju Milanu. Zoran ima sicer za seboj \u017ee pestro klubsko zgodovino, potem ko je na doma\u010dih parketih branil barve Ilirije, Jan\u010d, Slovana in Krke, ga je nato pot vodila na tuje - v \u0160panijo (Unicaja Malaga), Rusijo (Himki) in nazadnje Italijo, vmes pa tudi onkraj \u00bblu\u017ee\u00ab v ligo NBA, k Soncem iz Phoenixa in Vro\u010dici iz Miamija, pri kateri so ga\u00a0...","og_url":"https:\/\/hudo.com\/si\/aktualno\/zoran-dragic-k-edu-muricu-v-anadolu-efes\/","og_site_name":"Hudo Slovenija","article_publisher":"https:\/\/www.facebook.com\/hudo.si","article_published_time":"2017-11-20T12:44:00+00:00","og_image":[{"width":480,"height":290,"url":"https:\/\/hudo.com\/si\/wp-content\/uploads\/sites\/2\/2017\/11\/480x290_djvu_2384559_zakeljm_-ipi-ko-arka.jpeg","type":"image\/jpeg"}],"author":"hudo","twitter_card":"summary_large_image","twitter_creator":"@hudo_si","twitter_site":"@hudo_si","twitter_misc":{"Written by":"hudo","Est. reading time":"1 minuta"},"schema":{"@context":"https:\/\/schema.org","@graph":[{"@type":"Article","@id":"https:\/\/hudo.com\/si\/aktualno\/zoran-dragic-k-edu-muricu-v-anadolu-efes\/#article","isPartOf":{"@id":"https:\/\/hudo.com\/si\/aktualno\/zoran-dragic-k-edu-muricu-v-anadolu-efes\/"},"author":{"name":"hudo","@id":"https:\/\/hudo.com\/si\/#\/schema\/person\/601cf3379633985b20f7e50f2bb47707"},"headline":"Zoran Dragi\u0107 k Edu Muri\u0107u v Anadolu Efes","datePublished":"2017-11-20T12:44:00+00:00","dateModified":"2017-11-20T12:44:00+00:00","mainEntityOfPage":{"@id":"https:\/\/hudo.com\/si\/aktualno\/zoran-dragic-k-edu-muricu-v-anadolu-efes\/"},"wordCount":156,"publisher":{"@id":"https:\/\/hudo.com\/si\/#organization"},"articleSection":["Aktualno"],"inLanguage":"sl-SI"},{"@type":"WebPage","@id":"https:\/\/hudo.com\/si\/aktualno\/zoran-dragic-k-edu-muricu-v-anadolu-efes\/","url":"https:\/\/hudo.com\/si\/aktualno\/zoran-dragic-k-edu-muricu-v-anadolu-efes\/","name":"Zoran Dragi\u0107 k Edu Muri\u0107u v Anadolu Efes - Hudo Slovenija","isPartOf":{"@id":"https:\/\/hudo.com\/si\/#website"},"datePublished":"2017-11-20T12:44:00+00:00","dateModified":"2017-11-20T12:44:00+00:00","breadcrumb":{"@id":"https:\/\/hudo.com\/si\/aktualno\/zoran-dragic-k-edu-muricu-v-anadolu-efes\/#breadcrumb"},"inLanguage":"sl-SI","potentialAction":[{"@type":"ReadAction","target":["https:\/\/hudo.com\/si\/aktualno\/zoran-dragic-k-edu-muricu-v-anadolu-efes\/"]}]},{"@type":"BreadcrumbList","@id":"https:\/\/hudo.com\/si\/aktualno\/zoran-dragic-k-edu-muricu-v-anadolu-efes\/#breadcrumb","itemListElement":[{"@type":"ListItem","position":1,"name":"Home","item":"https:\/\/hudo.com\/si\/"},{"@type":"ListItem","position":2,"name":"Zoran Dragi\u0107 k Edu Muri\u0107u v Anadolu Efes"}]},{"@type":"WebSite","@id":"https:\/\/hudo.com\/si\/#website","url":"https:\/\/hudo.com\/si\/","name":"Hudo Slovenija","description":"Vse novice iz Slovenije in sveta","publisher":{"@id":"https:\/\/hudo.com\/si\/#organization"},"potentialAction":[{"@type":"SearchAction","target":{"@type":"EntryPoint","urlTemplate":"https:\/\/hudo.com\/si\/?s={search_term_string}"},"query-input":"required name=search_term_string"}],"inLanguage":"sl-SI"},{"@type":"Organization","@id":"https:\/\/hudo.com\/si\/#organization","name":"VSN Media","url":"https:\/\/hudo.com\/si\/","logo":{"@type":"ImageObject","inLanguage":"sl-SI","@id":"https:\/\/hudo.com\/si\/#\/schema\/logo\/image\/","url":"https:\/\/hudo.com\/si\/wp-content\/uploads\/sites\/2\/2021\/03\/hudo-app-2.png","contentUrl":"https:\/\/hudo.com\/si\/wp-content\/uploads\/sites\/2\/2021\/03\/hudo-app-2.png","width":2185,"height":2167,"caption":"VSN Media"},"image":{"@id":"https:\/\/hudo.com\/si\/#\/schema\/logo\/image\/"},"sameAs":["https:\/\/www.facebook.com\/hudo.si","https:\/\/twitter.com\/hudo_si"]},{"@type":"Person","@id":"https:\/\/hudo.com\/si\/#\/schema\/person\/601cf3379633985b20f7e50f2bb47707","name":"hudo","image":{"@type":"ImageObject","inLanguage":"sl-SI","@id":"https:\/\/hudo.com\/si\/#\/schema\/person\/image\/","url":"https:\/\/secure.gravatar.com\/avatar\/c4ca25fa72cace7a696b52ff5db9e095?s=96&d=mm&r=g","contentUrl":"https:\/\/secure.gravatar.com\/avatar\/c4ca25fa72cace7a696b52ff5db9e095?s=96&d=mm&r=g","caption":"hudo"},"url":"https:\/\/hudo.com\/si\/author\/hudo\/"}]}},"amp_enabled":true,"_links":{"self":[{"href":"https:\/\/hudo.com\/si\/wp-json\/wp\/v2\/posts\/323959"}],"collection":[{"href":"https:\/\/hudo.com\/si\/wp-json\/wp\/v2\/posts"}],"about":[{"href":"https:\/\/hudo.com\/si\/wp-json\/wp\/v2\/types\/post"}],"author":[{"embeddable":true,"href":"https:\/\/hudo.com\/si\/wp-json\/wp\/v2\/users\/1"}],"replies":[{"embeddable":true,"href":"https:\/\/hudo.com\/si\/wp-json\/wp\/v2\/comments?post=323959"}],"version-history":[{"count":0,"href":"https:\/\/hudo.com\/si\/wp-json\/wp\/v2\/posts\/323959\/revisions"}],"wp:attachment":[{"href":"https:\/\/hudo.com\/si\/wp-json\/wp\/v2\/media?parent=323959"}],"wp:term":[{"taxonomy":"category","embeddable":true,"href":"https:\/\/hudo.com\/si\/wp-json\/wp\/v2\/categories?post=323959"},{"taxonomy":"post_tag","embeddable":true,"href":"https:\/\/hudo.com\/si\/wp-json\/wp\/v2\/tags?post=323959"},{"taxonomy":"source","embeddable":true,"href":"https:\/\/hudo.com\/si\/wp-json\/wp\/v2\/source?post=323959"},{"taxonomy":"supertag","embeddable":true,"href":"https:\/\/hudo.com\/si\/wp-json\/wp\/v2\/supertag?post=323959"}],"curies":[{"name":"wp","href":"https:\/\/api.w.org\/{rel}","templated":true}]}}