{"id":324637,"date":"2017-11-22T13:25:36","date_gmt":"2017-11-22T12:25:36","guid":{"rendered":"http:\/\/hudo.com\/si\/?p=324637"},"modified":"2017-11-22T13:25:36","modified_gmt":"2017-11-22T12:25:36","slug":"zicnicarji-pripravljeni-na-zimo","status":"publish","type":"post","link":"https:\/\/hudo.com\/si\/aktualno\/zicnicarji-pripravljeni-na-zimo\/","title":{"rendered":"\u017di\u010dni\u010darji pripravljeni na zimo"},"content":{"rendered":"<p>Potem ko sta dva visokogorska smu\u010darska centra, Kanin in Vogel, naprave zagnala \u017ee 10. in 11. novembra, bodo v petek prvi\u010d v novi sezoni smu\u010darske naprave zagnali tudi v Kranjski Gori in na Krvavcu. Ostali upravljavci \u017ei\u010dni\u0161kih naprav in smu\u010di\u0161\u010d so na za\u010detek sezone pripravljeni, ve\u010dina za\u010detek obratovanja na\u010drtuje v decembru.<\/p>\n<p>Kljub temu da letos ve\u010djih nalo\u017eb v \u017ei\u010dni\u010darstvu ni bilo, pa \u017ei\u010dni\u010darji ob zagotavljanju urejenosti smu\u010di\u0161\u010d in dodatni ponudbi veliko pozornost namenjajo zanesljivosti in varnosti obratovanja \u017ei\u010dni\u0161kih naprav, so poudarili na dana\u0161nji skupni novinarski konferenci dveh gospodarskih interesnih zdru\u017eenj, Zdru\u017eenja slovenskih \u017ei\u010dni\u010darjev in zdru\u017eenja Pohodni\u0161tvo&#038;kolesarjenje, ki je potekala v Cerkljah na Gorenjskem.<\/p>\n<p>V lanski sezoni so se vsa ve\u010dja slovenska smu\u010di\u0161\u010da vklju\u010dila v projekt skupnih smu\u010darskih vozovnic. Na doma\u010dem tr\u017ei\u0161\u010du so bile zelo dobro sprejete predvsem dru\u017einske vozovnice. Tudi prodaja za prihajajo\u010do sezono je zelo spodbudna in ka\u017ee na znaten porast, so po novinarski konferenci sporo\u010dili iz zdru\u017eenju \u017ei\u010dni\u010darjev, kjer se zavedajo, da jih veliko dela \u010daka \u0161e na podro\u010dju promocije in tr\u017eenja ve\u010ddnevnih vozovnic, ki so namenjene predvsem tujim gostom.<\/p>\n<p>Da bi izbolj\u0161ali prepoznavnost slovenskega gorskega turizma in predvsem smu\u010danja, se je Zdru\u017eenje slovenskih \u017ei\u010dni\u010darjev dogovorilo za medsebojno tridnevno izmenjavo za imetnike enotnih sezonskih smu\u010darskih vozovnic s katalonskim smu\u010di\u0161\u010dem Masella. Slovenska smu\u010di\u0161\u010da se sicer v sodelovanju s Slovensko turisti\u010dno organizacijo (STO) predstavljajo na sejmih doma in v tujini.<\/p>\n<p>Na dana\u0161nji novinarski konferenci sta zdru\u017eenji predstavili tudi nov vseslovenski projekt Slovenia Outdoor, ki sta ga pripravili v sodelovanju z STO. Gre za projekt, imenovan Poslovni model povezovanja aktivne ponudbe v Sloveniji, ki je pokazal pozitivne u\u010dinke postopnega povezovanja marketin\u0161kih aktivnosti obeh zdru\u017eenj. Kot poudarjajo v zdru\u017eenjih, je njihova ambicija postati mo\u010dnej\u0161i partner STO in postopoma vklju\u010devati pod skupno blagovno znamko \u0161e druge ponudnike.<\/p>\n<p>Dosedanje marketin\u0161ke aktivnosti pa \u017ee ka\u017eejo rezultate. Kot navajajo v zdru\u017eenju Pohodni\u0161tvo&#038;kolesarjenje, letos bele\u017eijo rast preno\u010ditev v specializiranih nastanitvah za pohodnike v povpre\u010dju za 21 odstotkov, pri \u010demer je v nekaterih objektih rast prek 200-odstotna. V specializiranih namestitvah za kolesarje letos bele\u017eijo rast no\u010ditev za 30 odstotkov, v nekaterih namestitvah tudi za prek 300 odstotkov. V planinskih ko\u010dah je bil obisk po podatkih Planinske zveze Slovenije ve\u010dji v povpre\u010dju za 25 odstotkov.<\/p>\n<p>Pohodniki prihajajo iz Nem\u010dije, Avstrije, \u010ce\u0161ke, Nizozemske in Hrva\u0161ke, najve\u010d gorskih kolesarjev je iz Nem\u010dije in Avstrije, cestnih iz Italije, z Nizozemske pa prihajajo treking kolesarji. Povpre\u010dna doba bivanja pohodnikov v Sloveniji je tri dni, kolesarji ostajajo nekoliko dlje, povpre\u010dno za 3,2 dneva.<\/p>\n<p>Podatki zdru\u017eenja Pohodni\u0161tvo&#038;kolesarjenje \u0161e ka\u017eejo, da je 42 odstotkov kolesarjev v Slovenijo pri\u0161lo na gorsko kolesarjenje, 18 odstotkov na treking potovalno kolesarjenje po Sloveniji, 20 odstotkov na cestno kolesarjenje ter 20 odstotkov na dru\u017einsko kolesarjenje ob jezerih, rekah in morju ter po prekmurskih in dolenjskih ravnicah in gri\u010devju.<\/p>\n","protected":false},"excerpt":{"rendered":"<p>Podobno kot minula leta tudi letos ve\u010djih nalo\u017eb v \u017ei\u010dni\u010darstvu ni bilo, a \u017ei\u010dni\u010darji poudarjajo, da je bilo storjenega veliko glede urejenosti smu\u010di\u0161\u010d in dodatne ponudbe, so povedali na novinarski konferenci. Ponudniki letnih in zimskih aktivnosti na prostem sicer zdru\u017eujejo marketin\u0161ke aktivnosti in bele\u017eijo rast no\u010ditev kolesarjev in pohodnikov.<\/p>\n","protected":false},"author":8,"featured_media":179322,"comment_status":"closed","ping_status":"closed","sticky":false,"template":"","format":"standard","meta":{"footnotes":""},"categories":[1179],"tags":[1595,6640,9030],"source":[4511],"supertag":[],"acf":[],"yoast_head":"<!-- This site is optimized with the Yoast SEO plugin v21.3 - https:\/\/yoast.com\/wordpress\/plugins\/seo\/ -->\n<title>\u017di\u010dni\u010darji pripravljeni na zimo - Hudo Slovenija<\/title>\n<meta name=\"robots\" content=\"index, follow, max-snippet:-1, max-image-preview:large, max-video-preview:-1\" \/>\n<link rel=\"canonical\" href=\"https:\/\/hudo.com\/si\/aktualno\/zicnicarji-pripravljeni-na-zimo\/\" \/>\n<meta property=\"og:locale\" content=\"sl_SI\" \/>\n<meta property=\"og:type\" content=\"article\" \/>\n<meta property=\"og:title\" content=\"\u017di\u010dni\u010darji pripravljeni na zimo - Hudo Slovenija\" \/>\n<meta property=\"og:description\" content=\"Podobno kot minula leta tudi letos ve\u010djih nalo\u017eb v \u017ei\u010dni\u010darstvu ni bilo, a \u017ei\u010dni\u010darji poudarjajo, da je bilo storjenega veliko glede urejenosti smu\u010di\u0161\u010d in dodatne ponudbe, so povedali na novinarski konferenci. Ponudniki letnih in zimskih aktivnosti na prostem sicer zdru\u017eujejo marketin\u0161ke aktivnosti in bele\u017eijo rast no\u010ditev kolesarjev in pohodnikov.\" \/>\n<meta property=\"og:url\" content=\"https:\/\/hudo.com\/si\/aktualno\/zicnicarji-pripravljeni-na-zimo\/\" \/>\n<meta property=\"og:site_name\" content=\"Hudo Slovenija\" \/>\n<meta property=\"article:publisher\" content=\"https:\/\/www.facebook.com\/hudo.si\" \/>\n<meta property=\"article:published_time\" content=\"2017-11-22T12:25:36+00:00\" \/>\n<meta property=\"og:image\" content=\"https:\/\/hudo.com\/si\/wp-content\/uploads\/sites\/2\/2016\/12\/profimedia-0263597663.jpg\" \/>\n\t<meta property=\"og:image:width\" content=\"1250\" \/>\n\t<meta property=\"og:image:height\" content=\"833\" \/>\n\t<meta property=\"og:image:type\" content=\"image\/jpeg\" \/>\n<meta name=\"author\" content=\"M. N., STA\" \/>\n<meta name=\"twitter:card\" content=\"summary_large_image\" \/>\n<meta name=\"twitter:creator\" content=\"@hudo_si\" \/>\n<meta name=\"twitter:site\" content=\"@hudo_si\" \/>\n<meta name=\"twitter:label1\" content=\"Written by\" \/>\n\t<meta name=\"twitter:data1\" content=\"M. N., STA\" \/>\n\t<meta name=\"twitter:label2\" content=\"Est. reading time\" \/>\n\t<meta name=\"twitter:data2\" content=\"3 minute\" \/>\n<script type=\"application\/ld+json\" class=\"yoast-schema-graph\">{\"@context\":\"https:\/\/schema.org\",\"@graph\":[{\"@type\":\"Article\",\"@id\":\"https:\/\/hudo.com\/si\/aktualno\/zicnicarji-pripravljeni-na-zimo\/#article\",\"isPartOf\":{\"@id\":\"https:\/\/hudo.com\/si\/aktualno\/zicnicarji-pripravljeni-na-zimo\/\"},\"author\":{\"name\":\"M. N., STA\",\"@id\":\"https:\/\/hudo.com\/si\/#\/schema\/person\/c2f10ce65d2e6ede2aeda5be2a0611fa\"},\"headline\":\"\u017di\u010dni\u010darji pripravljeni na zimo\",\"datePublished\":\"2017-11-22T12:25:36+00:00\",\"dateModified\":\"2017-11-22T12:25:36+00:00\",\"mainEntityOfPage\":{\"@id\":\"https:\/\/hudo.com\/si\/aktualno\/zicnicarji-pripravljeni-na-zimo\/\"},\"wordCount\":532,\"publisher\":{\"@id\":\"https:\/\/hudo.com\/si\/#organization\"},\"keywords\":[\"Slovenija\",\"slovenska smu\u010di\u0161\u010da\",\"\u017ei\u010dnica\"],\"articleSection\":[\"Aktualno\"],\"inLanguage\":\"sl-SI\"},{\"@type\":\"WebPage\",\"@id\":\"https:\/\/hudo.com\/si\/aktualno\/zicnicarji-pripravljeni-na-zimo\/\",\"url\":\"https:\/\/hudo.com\/si\/aktualno\/zicnicarji-pripravljeni-na-zimo\/\",\"name\":\"\u017di\u010dni\u010darji pripravljeni na zimo - Hudo Slovenija\",\"isPartOf\":{\"@id\":\"https:\/\/hudo.com\/si\/#website\"},\"datePublished\":\"2017-11-22T12:25:36+00:00\",\"dateModified\":\"2017-11-22T12:25:36+00:00\",\"breadcrumb\":{\"@id\":\"https:\/\/hudo.com\/si\/aktualno\/zicnicarji-pripravljeni-na-zimo\/#breadcrumb\"},\"inLanguage\":\"sl-SI\",\"potentialAction\":[{\"@type\":\"ReadAction\",\"target\":[\"https:\/\/hudo.com\/si\/aktualno\/zicnicarji-pripravljeni-na-zimo\/\"]}]},{\"@type\":\"BreadcrumbList\",\"@id\":\"https:\/\/hudo.com\/si\/aktualno\/zicnicarji-pripravljeni-na-zimo\/#breadcrumb\",\"itemListElement\":[{\"@type\":\"ListItem\",\"position\":1,\"name\":\"Home\",\"item\":\"https:\/\/hudo.com\/si\/\"},{\"@type\":\"ListItem\",\"position\":2,\"name\":\"\u017di\u010dni\u010darji pripravljeni na zimo\"}]},{\"@type\":\"WebSite\",\"@id\":\"https:\/\/hudo.com\/si\/#website\",\"url\":\"https:\/\/hudo.com\/si\/\",\"name\":\"Hudo Slovenija\",\"description\":\"Vse novice iz Slovenije in sveta\",\"publisher\":{\"@id\":\"https:\/\/hudo.com\/si\/#organization\"},\"potentialAction\":[{\"@type\":\"SearchAction\",\"target\":{\"@type\":\"EntryPoint\",\"urlTemplate\":\"https:\/\/hudo.com\/si\/?s={search_term_string}\"},\"query-input\":\"required name=search_term_string\"}],\"inLanguage\":\"sl-SI\"},{\"@type\":\"Organization\",\"@id\":\"https:\/\/hudo.com\/si\/#organization\",\"name\":\"VSN Media\",\"url\":\"https:\/\/hudo.com\/si\/\",\"logo\":{\"@type\":\"ImageObject\",\"inLanguage\":\"sl-SI\",\"@id\":\"https:\/\/hudo.com\/si\/#\/schema\/logo\/image\/\",\"url\":\"https:\/\/hudo.com\/si\/wp-content\/uploads\/sites\/2\/2021\/03\/hudo-app-2.png\",\"contentUrl\":\"https:\/\/hudo.com\/si\/wp-content\/uploads\/sites\/2\/2021\/03\/hudo-app-2.png\",\"width\":2185,\"height\":2167,\"caption\":\"VSN Media\"},\"image\":{\"@id\":\"https:\/\/hudo.com\/si\/#\/schema\/logo\/image\/\"},\"sameAs\":[\"https:\/\/www.facebook.com\/hudo.si\",\"https:\/\/twitter.com\/hudo_si\"]},{\"@type\":\"Person\",\"@id\":\"https:\/\/hudo.com\/si\/#\/schema\/person\/c2f10ce65d2e6ede2aeda5be2a0611fa\",\"name\":\"M. N., STA\",\"image\":{\"@type\":\"ImageObject\",\"inLanguage\":\"sl-SI\",\"@id\":\"https:\/\/hudo.com\/si\/#\/schema\/person\/image\/\",\"url\":\"https:\/\/secure.gravatar.com\/avatar\/f370d38daa10467f755c5c766a4cac20?s=96&d=mm&r=g\",\"contentUrl\":\"https:\/\/secure.gravatar.com\/avatar\/f370d38daa10467f755c5c766a4cac20?s=96&d=mm&r=g\",\"caption\":\"M. N., STA\"},\"url\":\"https:\/\/hudo.com\/si\/author\/mana\/\"}]}<\/script>\n<!-- \/ Yoast SEO plugin. -->","yoast_head_json":{"title":"\u017di\u010dni\u010darji pripravljeni na zimo - Hudo Slovenija","robots":{"index":"index","follow":"follow","max-snippet":"max-snippet:-1","max-image-preview":"max-image-preview:large","max-video-preview":"max-video-preview:-1"},"canonical":"https:\/\/hudo.com\/si\/aktualno\/zicnicarji-pripravljeni-na-zimo\/","og_locale":"sl_SI","og_type":"article","og_title":"\u017di\u010dni\u010darji pripravljeni na zimo - Hudo Slovenija","og_description":"Podobno kot minula leta tudi letos ve\u010djih nalo\u017eb v \u017ei\u010dni\u010darstvu ni bilo, a \u017ei\u010dni\u010darji poudarjajo, da je bilo storjenega veliko glede urejenosti smu\u010di\u0161\u010d in dodatne ponudbe, so povedali na novinarski konferenci. Ponudniki letnih in zimskih aktivnosti na prostem sicer zdru\u017eujejo marketin\u0161ke aktivnosti in bele\u017eijo rast no\u010ditev kolesarjev in pohodnikov.","og_url":"https:\/\/hudo.com\/si\/aktualno\/zicnicarji-pripravljeni-na-zimo\/","og_site_name":"Hudo Slovenija","article_publisher":"https:\/\/www.facebook.com\/hudo.si","article_published_time":"2017-11-22T12:25:36+00:00","og_image":[{"width":1250,"height":833,"url":"https:\/\/hudo.com\/si\/wp-content\/uploads\/sites\/2\/2016\/12\/profimedia-0263597663.jpg","type":"image\/jpeg"}],"author":"M. N., STA","twitter_card":"summary_large_image","twitter_creator":"@hudo_si","twitter_site":"@hudo_si","twitter_misc":{"Written by":"M. N., STA","Est. reading time":"3 minute"},"schema":{"@context":"https:\/\/schema.org","@graph":[{"@type":"Article","@id":"https:\/\/hudo.com\/si\/aktualno\/zicnicarji-pripravljeni-na-zimo\/#article","isPartOf":{"@id":"https:\/\/hudo.com\/si\/aktualno\/zicnicarji-pripravljeni-na-zimo\/"},"author":{"name":"M. N., STA","@id":"https:\/\/hudo.com\/si\/#\/schema\/person\/c2f10ce65d2e6ede2aeda5be2a0611fa"},"headline":"\u017di\u010dni\u010darji pripravljeni na zimo","datePublished":"2017-11-22T12:25:36+00:00","dateModified":"2017-11-22T12:25:36+00:00","mainEntityOfPage":{"@id":"https:\/\/hudo.com\/si\/aktualno\/zicnicarji-pripravljeni-na-zimo\/"},"wordCount":532,"publisher":{"@id":"https:\/\/hudo.com\/si\/#organization"},"keywords":["Slovenija","slovenska smu\u010di\u0161\u010da","\u017ei\u010dnica"],"articleSection":["Aktualno"],"inLanguage":"sl-SI"},{"@type":"WebPage","@id":"https:\/\/hudo.com\/si\/aktualno\/zicnicarji-pripravljeni-na-zimo\/","url":"https:\/\/hudo.com\/si\/aktualno\/zicnicarji-pripravljeni-na-zimo\/","name":"\u017di\u010dni\u010darji pripravljeni na zimo - Hudo Slovenija","isPartOf":{"@id":"https:\/\/hudo.com\/si\/#website"},"datePublished":"2017-11-22T12:25:36+00:00","dateModified":"2017-11-22T12:25:36+00:00","breadcrumb":{"@id":"https:\/\/hudo.com\/si\/aktualno\/zicnicarji-pripravljeni-na-zimo\/#breadcrumb"},"inLanguage":"sl-SI","potentialAction":[{"@type":"ReadAction","target":["https:\/\/hudo.com\/si\/aktualno\/zicnicarji-pripravljeni-na-zimo\/"]}]},{"@type":"BreadcrumbList","@id":"https:\/\/hudo.com\/si\/aktualno\/zicnicarji-pripravljeni-na-zimo\/#breadcrumb","itemListElement":[{"@type":"ListItem","position":1,"name":"Home","item":"https:\/\/hudo.com\/si\/"},{"@type":"ListItem","position":2,"name":"\u017di\u010dni\u010darji pripravljeni na zimo"}]},{"@type":"WebSite","@id":"https:\/\/hudo.com\/si\/#website","url":"https:\/\/hudo.com\/si\/","name":"Hudo Slovenija","description":"Vse novice iz Slovenije in sveta","publisher":{"@id":"https:\/\/hudo.com\/si\/#organization"},"potentialAction":[{"@type":"SearchAction","target":{"@type":"EntryPoint","urlTemplate":"https:\/\/hudo.com\/si\/?s={search_term_string}"},"query-input":"required name=search_term_string"}],"inLanguage":"sl-SI"},{"@type":"Organization","@id":"https:\/\/hudo.com\/si\/#organization","name":"VSN Media","url":"https:\/\/hudo.com\/si\/","logo":{"@type":"ImageObject","inLanguage":"sl-SI","@id":"https:\/\/hudo.com\/si\/#\/schema\/logo\/image\/","url":"https:\/\/hudo.com\/si\/wp-content\/uploads\/sites\/2\/2021\/03\/hudo-app-2.png","contentUrl":"https:\/\/hudo.com\/si\/wp-content\/uploads\/sites\/2\/2021\/03\/hudo-app-2.png","width":2185,"height":2167,"caption":"VSN Media"},"image":{"@id":"https:\/\/hudo.com\/si\/#\/schema\/logo\/image\/"},"sameAs":["https:\/\/www.facebook.com\/hudo.si","https:\/\/twitter.com\/hudo_si"]},{"@type":"Person","@id":"https:\/\/hudo.com\/si\/#\/schema\/person\/c2f10ce65d2e6ede2aeda5be2a0611fa","name":"M. N., STA","image":{"@type":"ImageObject","inLanguage":"sl-SI","@id":"https:\/\/hudo.com\/si\/#\/schema\/person\/image\/","url":"https:\/\/secure.gravatar.com\/avatar\/f370d38daa10467f755c5c766a4cac20?s=96&d=mm&r=g","contentUrl":"https:\/\/secure.gravatar.com\/avatar\/f370d38daa10467f755c5c766a4cac20?s=96&d=mm&r=g","caption":"M. N., STA"},"url":"https:\/\/hudo.com\/si\/author\/mana\/"}]}},"amp_enabled":true,"_links":{"self":[{"href":"https:\/\/hudo.com\/si\/wp-json\/wp\/v2\/posts\/324637"}],"collection":[{"href":"https:\/\/hudo.com\/si\/wp-json\/wp\/v2\/posts"}],"about":[{"href":"https:\/\/hudo.com\/si\/wp-json\/wp\/v2\/types\/post"}],"author":[{"embeddable":true,"href":"https:\/\/hudo.com\/si\/wp-json\/wp\/v2\/users\/8"}],"replies":[{"embeddable":true,"href":"https:\/\/hudo.com\/si\/wp-json\/wp\/v2\/comments?post=324637"}],"version-history":[{"count":1,"href":"https:\/\/hudo.com\/si\/wp-json\/wp\/v2\/posts\/324637\/revisions"}],"predecessor-version":[{"id":324638,"href":"https:\/\/hudo.com\/si\/wp-json\/wp\/v2\/posts\/324637\/revisions\/324638"}],"wp:featuredmedia":[{"embeddable":true,"href":"https:\/\/hudo.com\/si\/wp-json\/wp\/v2\/media\/179322"}],"wp:attachment":[{"href":"https:\/\/hudo.com\/si\/wp-json\/wp\/v2\/media?parent=324637"}],"wp:term":[{"taxonomy":"category","embeddable":true,"href":"https:\/\/hudo.com\/si\/wp-json\/wp\/v2\/categories?post=324637"},{"taxonomy":"post_tag","embeddable":true,"href":"https:\/\/hudo.com\/si\/wp-json\/wp\/v2\/tags?post=324637"},{"taxonomy":"source","embeddable":true,"href":"https:\/\/hudo.com\/si\/wp-json\/wp\/v2\/source?post=324637"},{"taxonomy":"supertag","embeddable":true,"href":"https:\/\/hudo.com\/si\/wp-json\/wp\/v2\/supertag?post=324637"}],"curies":[{"name":"wp","href":"https:\/\/api.w.org\/{rel}","templated":true}]}}