{"id":324795,"date":"2017-11-22T20:00:00","date_gmt":"2017-11-22T19:00:00","guid":{"rendered":"http:\/\/hudo.com\/si\/2017\/11\/22\/vucic-raje-glejmo-v-prihodnost\/"},"modified":"2017-11-22T20:00:00","modified_gmt":"2017-11-22T19:00:00","slug":"vucic-raje-glejmo-v-prihodnost","status":"publish","type":"post","link":"https:\/\/hudo.com\/si\/aktualno\/vucic-raje-glejmo-v-prihodnost\/","title":{"rendered":"Vu\u010di\u0107: Raje glejmo v prihodnost!"},"content":{"rendered":"<p>Kategorija: Evropa Wed, 22 Nov 2017 21:00:00 +0100  Glede na dokazane zlo\u010dine bi bilo vse drugo, razen dosmrtne kazni za Mladi\u0107a, ki jo lahko izre\u010de haa\u0161ko sodi\u0161\u010de, za Hrva\u0161ko presene\u010denje. Premier Andrej Plenkovi\u0107 je izrazil zadovoljstvo ob izreku najstro\u017eje kazni, hkrati pa tudi ob\u017ealovanje, ker v razsodbi ni omenjena odgovornost takratnega srbskega vodstva. Kar zadeva Mladi\u0107evo odgovornost za nekaznovane zlo\u010dine na Hrva\u0161kem, je premier s tem seznanil ustrezna telesa pregona. Z razsodbo so zadovoljni tudi v nevladnem zdru\u017eenju Dokumenta \u2013 centru za spopadanje s preteklostjo, a so prepri\u010dani, da bi Mladi\u0107a lahko obto\u017eili po vseh to\u010dkah obto\u017enice, torej tudi po tisti prvi za genocid v vseh \u0161estih ob\u010dinah, v katerih je deloval. Ratko Mladi\u0107 je svoj krvavi pohod za\u010del prav na Hrva\u0161kem. Bil je polkovnik JLA v Zadru, kmalu nato je postal poveljnik Kninskega korpusa. JLA je\u00a0&#8230;<\/p>\n","protected":false},"excerpt":{"rendered":"<p>Kategorija: Evropa Wed, 22 Nov 2017 21:00:00 +0100  Glede na dokazane zlo\u010dine bi bilo vse drugo, razen dosmrtne kazni za Mladi\u0107a, ki jo lahko izre\u010de haa\u0161ko sodi\u0161\u010de, za Hrva\u0161ko presene\u010denje. Premier Andrej Plenkovi\u0107 je izrazil zadovoljstvo ob izreku najstro\u017eje kazni, hkrati pa tudi ob\u017ealovanje, ker v razsodbi ni omenjena odgovornost takratnega srbskega vodstva. Kar zadeva Mladi\u0107evo odgovornost za nekaznovane zlo\u010dine na Hrva\u0161kem, je premier s tem seznanil ustrezna telesa pregona. Z razsodbo so zadovoljni tudi v nevladnem zdru\u017eenju Dokumenta \u2013 centru za spopadanje s preteklostjo, a so prepri\u010dani, da bi Mladi\u0107a lahko obto\u017eili po vseh to\u010dkah obto\u017enice, torej tudi po tisti prvi za genocid v vseh \u0161estih ob\u010dinah, v katerih je deloval. Ratko Mladi\u0107 je svoj krvavi pohod za\u010del prav na Hrva\u0161kem. Bil je polkovnik JLA v Zadru, kmalu nato je postal poveljnik Kninskega korpusa. JLA je\u00a0&#8230;<\/p>\n","protected":false},"author":1,"featured_media":0,"comment_status":"closed","ping_status":"closed","sticky":false,"template":"","format":"standard","meta":{"footnotes":""},"categories":[1179],"tags":[],"source":[1703],"supertag":[],"acf":[],"yoast_head":"<!-- This site is optimized with the Yoast SEO plugin v21.3 - https:\/\/yoast.com\/wordpress\/plugins\/seo\/ -->\n<title>Vu\u010di\u0107: Raje glejmo v prihodnost! - Hudo Slovenija<\/title>\n<meta name=\"robots\" content=\"index, follow, max-snippet:-1, max-image-preview:large, max-video-preview:-1\" \/>\n<link rel=\"canonical\" href=\"https:\/\/hudo.com\/si\/aktualno\/vucic-raje-glejmo-v-prihodnost\/\" \/>\n<meta property=\"og:locale\" content=\"sl_SI\" \/>\n<meta property=\"og:type\" content=\"article\" \/>\n<meta property=\"og:title\" content=\"Vu\u010di\u0107: Raje glejmo v prihodnost! - Hudo Slovenija\" \/>\n<meta property=\"og:description\" content=\"Kategorija: Evropa Wed, 22 Nov 2017 21:00:00 +0100 Glede na dokazane zlo\u010dine bi bilo vse drugo, razen dosmrtne kazni za Mladi\u0107a, ki jo lahko izre\u010de haa\u0161ko sodi\u0161\u010de, za Hrva\u0161ko presene\u010denje. Premier Andrej Plenkovi\u0107 je izrazil zadovoljstvo ob izreku najstro\u017eje kazni, hkrati pa tudi ob\u017ealovanje, ker v razsodbi ni omenjena odgovornost takratnega srbskega vodstva. Kar zadeva Mladi\u0107evo odgovornost za nekaznovane zlo\u010dine na Hrva\u0161kem, je premier s tem seznanil ustrezna telesa pregona. Z razsodbo so zadovoljni tudi v nevladnem zdru\u017eenju Dokumenta \u2013 centru za spopadanje s preteklostjo, a so prepri\u010dani, da bi Mladi\u0107a lahko obto\u017eili po vseh to\u010dkah obto\u017enice, torej tudi po tisti prvi za genocid v vseh \u0161estih ob\u010dinah, v katerih je deloval. Ratko Mladi\u0107 je svoj krvavi pohod za\u010del prav na Hrva\u0161kem. Bil je polkovnik JLA v Zadru, kmalu nato je postal poveljnik Kninskega korpusa. JLA je\u00a0...\" \/>\n<meta property=\"og:url\" content=\"https:\/\/hudo.com\/si\/aktualno\/vucic-raje-glejmo-v-prihodnost\/\" \/>\n<meta property=\"og:site_name\" content=\"Hudo Slovenija\" \/>\n<meta property=\"article:publisher\" content=\"https:\/\/www.facebook.com\/hudo.si\" \/>\n<meta property=\"article:published_time\" content=\"2017-11-22T19:00:00+00:00\" \/>\n<meta property=\"og:image\" content=\"https:\/\/hudo.com\/si\/wp-content\/uploads\/sites\/2\/2017\/11\/480x290_3_stran__Delo_Foto_20171122_hires0.jpeg\" \/>\n\t<meta property=\"og:image:width\" content=\"480\" \/>\n\t<meta property=\"og:image:height\" content=\"290\" \/>\n\t<meta property=\"og:image:type\" content=\"image\/jpeg\" \/>\n<meta name=\"author\" content=\"hudo\" \/>\n<meta name=\"twitter:card\" content=\"summary_large_image\" \/>\n<meta name=\"twitter:creator\" content=\"@hudo_si\" \/>\n<meta name=\"twitter:site\" content=\"@hudo_si\" \/>\n<meta name=\"twitter:label1\" content=\"Written by\" \/>\n\t<meta name=\"twitter:data1\" content=\"hudo\" \/>\n\t<meta name=\"twitter:label2\" content=\"Est. reading time\" \/>\n\t<meta name=\"twitter:data2\" content=\"1 minuta\" \/>\n<script type=\"application\/ld+json\" class=\"yoast-schema-graph\">{\"@context\":\"https:\/\/schema.org\",\"@graph\":[{\"@type\":\"Article\",\"@id\":\"https:\/\/hudo.com\/si\/aktualno\/vucic-raje-glejmo-v-prihodnost\/#article\",\"isPartOf\":{\"@id\":\"https:\/\/hudo.com\/si\/aktualno\/vucic-raje-glejmo-v-prihodnost\/\"},\"author\":{\"name\":\"hudo\",\"@id\":\"https:\/\/hudo.com\/si\/#\/schema\/person\/601cf3379633985b20f7e50f2bb47707\"},\"headline\":\"Vu\u010di\u0107: Raje glejmo v prihodnost!\",\"datePublished\":\"2017-11-22T19:00:00+00:00\",\"dateModified\":\"2017-11-22T19:00:00+00:00\",\"mainEntityOfPage\":{\"@id\":\"https:\/\/hudo.com\/si\/aktualno\/vucic-raje-glejmo-v-prihodnost\/\"},\"wordCount\":159,\"publisher\":{\"@id\":\"https:\/\/hudo.com\/si\/#organization\"},\"articleSection\":[\"Aktualno\"],\"inLanguage\":\"sl-SI\"},{\"@type\":\"WebPage\",\"@id\":\"https:\/\/hudo.com\/si\/aktualno\/vucic-raje-glejmo-v-prihodnost\/\",\"url\":\"https:\/\/hudo.com\/si\/aktualno\/vucic-raje-glejmo-v-prihodnost\/\",\"name\":\"Vu\u010di\u0107: Raje glejmo v prihodnost! - Hudo Slovenija\",\"isPartOf\":{\"@id\":\"https:\/\/hudo.com\/si\/#website\"},\"datePublished\":\"2017-11-22T19:00:00+00:00\",\"dateModified\":\"2017-11-22T19:00:00+00:00\",\"breadcrumb\":{\"@id\":\"https:\/\/hudo.com\/si\/aktualno\/vucic-raje-glejmo-v-prihodnost\/#breadcrumb\"},\"inLanguage\":\"sl-SI\",\"potentialAction\":[{\"@type\":\"ReadAction\",\"target\":[\"https:\/\/hudo.com\/si\/aktualno\/vucic-raje-glejmo-v-prihodnost\/\"]}]},{\"@type\":\"BreadcrumbList\",\"@id\":\"https:\/\/hudo.com\/si\/aktualno\/vucic-raje-glejmo-v-prihodnost\/#breadcrumb\",\"itemListElement\":[{\"@type\":\"ListItem\",\"position\":1,\"name\":\"Home\",\"item\":\"https:\/\/hudo.com\/si\/\"},{\"@type\":\"ListItem\",\"position\":2,\"name\":\"Vu\u010di\u0107: Raje glejmo v prihodnost!\"}]},{\"@type\":\"WebSite\",\"@id\":\"https:\/\/hudo.com\/si\/#website\",\"url\":\"https:\/\/hudo.com\/si\/\",\"name\":\"Hudo Slovenija\",\"description\":\"Vse novice iz Slovenije in sveta\",\"publisher\":{\"@id\":\"https:\/\/hudo.com\/si\/#organization\"},\"potentialAction\":[{\"@type\":\"SearchAction\",\"target\":{\"@type\":\"EntryPoint\",\"urlTemplate\":\"https:\/\/hudo.com\/si\/?s={search_term_string}\"},\"query-input\":\"required name=search_term_string\"}],\"inLanguage\":\"sl-SI\"},{\"@type\":\"Organization\",\"@id\":\"https:\/\/hudo.com\/si\/#organization\",\"name\":\"VSN Media\",\"url\":\"https:\/\/hudo.com\/si\/\",\"logo\":{\"@type\":\"ImageObject\",\"inLanguage\":\"sl-SI\",\"@id\":\"https:\/\/hudo.com\/si\/#\/schema\/logo\/image\/\",\"url\":\"https:\/\/hudo.com\/si\/wp-content\/uploads\/sites\/2\/2021\/03\/hudo-app-2.png\",\"contentUrl\":\"https:\/\/hudo.com\/si\/wp-content\/uploads\/sites\/2\/2021\/03\/hudo-app-2.png\",\"width\":2185,\"height\":2167,\"caption\":\"VSN Media\"},\"image\":{\"@id\":\"https:\/\/hudo.com\/si\/#\/schema\/logo\/image\/\"},\"sameAs\":[\"https:\/\/www.facebook.com\/hudo.si\",\"https:\/\/twitter.com\/hudo_si\"]},{\"@type\":\"Person\",\"@id\":\"https:\/\/hudo.com\/si\/#\/schema\/person\/601cf3379633985b20f7e50f2bb47707\",\"name\":\"hudo\",\"image\":{\"@type\":\"ImageObject\",\"inLanguage\":\"sl-SI\",\"@id\":\"https:\/\/hudo.com\/si\/#\/schema\/person\/image\/\",\"url\":\"https:\/\/secure.gravatar.com\/avatar\/c4ca25fa72cace7a696b52ff5db9e095?s=96&d=mm&r=g\",\"contentUrl\":\"https:\/\/secure.gravatar.com\/avatar\/c4ca25fa72cace7a696b52ff5db9e095?s=96&d=mm&r=g\",\"caption\":\"hudo\"},\"url\":\"https:\/\/hudo.com\/si\/author\/hudo\/\"}]}<\/script>\n<!-- \/ Yoast SEO plugin. -->","yoast_head_json":{"title":"Vu\u010di\u0107: Raje glejmo v prihodnost! - Hudo Slovenija","robots":{"index":"index","follow":"follow","max-snippet":"max-snippet:-1","max-image-preview":"max-image-preview:large","max-video-preview":"max-video-preview:-1"},"canonical":"https:\/\/hudo.com\/si\/aktualno\/vucic-raje-glejmo-v-prihodnost\/","og_locale":"sl_SI","og_type":"article","og_title":"Vu\u010di\u0107: Raje glejmo v prihodnost! - Hudo Slovenija","og_description":"Kategorija: Evropa Wed, 22 Nov 2017 21:00:00 +0100 Glede na dokazane zlo\u010dine bi bilo vse drugo, razen dosmrtne kazni za Mladi\u0107a, ki jo lahko izre\u010de haa\u0161ko sodi\u0161\u010de, za Hrva\u0161ko presene\u010denje. Premier Andrej Plenkovi\u0107 je izrazil zadovoljstvo ob izreku najstro\u017eje kazni, hkrati pa tudi ob\u017ealovanje, ker v razsodbi ni omenjena odgovornost takratnega srbskega vodstva. Kar zadeva Mladi\u0107evo odgovornost za nekaznovane zlo\u010dine na Hrva\u0161kem, je premier s tem seznanil ustrezna telesa pregona. Z razsodbo so zadovoljni tudi v nevladnem zdru\u017eenju Dokumenta \u2013 centru za spopadanje s preteklostjo, a so prepri\u010dani, da bi Mladi\u0107a lahko obto\u017eili po vseh to\u010dkah obto\u017enice, torej tudi po tisti prvi za genocid v vseh \u0161estih ob\u010dinah, v katerih je deloval. Ratko Mladi\u0107 je svoj krvavi pohod za\u010del prav na Hrva\u0161kem. Bil je polkovnik JLA v Zadru, kmalu nato je postal poveljnik Kninskega korpusa. JLA je\u00a0...","og_url":"https:\/\/hudo.com\/si\/aktualno\/vucic-raje-glejmo-v-prihodnost\/","og_site_name":"Hudo Slovenija","article_publisher":"https:\/\/www.facebook.com\/hudo.si","article_published_time":"2017-11-22T19:00:00+00:00","og_image":[{"width":480,"height":290,"url":"https:\/\/hudo.com\/si\/wp-content\/uploads\/sites\/2\/2017\/11\/480x290_3_stran__Delo_Foto_20171122_hires0.jpeg","type":"image\/jpeg"}],"author":"hudo","twitter_card":"summary_large_image","twitter_creator":"@hudo_si","twitter_site":"@hudo_si","twitter_misc":{"Written by":"hudo","Est. reading time":"1 minuta"},"schema":{"@context":"https:\/\/schema.org","@graph":[{"@type":"Article","@id":"https:\/\/hudo.com\/si\/aktualno\/vucic-raje-glejmo-v-prihodnost\/#article","isPartOf":{"@id":"https:\/\/hudo.com\/si\/aktualno\/vucic-raje-glejmo-v-prihodnost\/"},"author":{"name":"hudo","@id":"https:\/\/hudo.com\/si\/#\/schema\/person\/601cf3379633985b20f7e50f2bb47707"},"headline":"Vu\u010di\u0107: Raje glejmo v prihodnost!","datePublished":"2017-11-22T19:00:00+00:00","dateModified":"2017-11-22T19:00:00+00:00","mainEntityOfPage":{"@id":"https:\/\/hudo.com\/si\/aktualno\/vucic-raje-glejmo-v-prihodnost\/"},"wordCount":159,"publisher":{"@id":"https:\/\/hudo.com\/si\/#organization"},"articleSection":["Aktualno"],"inLanguage":"sl-SI"},{"@type":"WebPage","@id":"https:\/\/hudo.com\/si\/aktualno\/vucic-raje-glejmo-v-prihodnost\/","url":"https:\/\/hudo.com\/si\/aktualno\/vucic-raje-glejmo-v-prihodnost\/","name":"Vu\u010di\u0107: Raje glejmo v prihodnost! - Hudo Slovenija","isPartOf":{"@id":"https:\/\/hudo.com\/si\/#website"},"datePublished":"2017-11-22T19:00:00+00:00","dateModified":"2017-11-22T19:00:00+00:00","breadcrumb":{"@id":"https:\/\/hudo.com\/si\/aktualno\/vucic-raje-glejmo-v-prihodnost\/#breadcrumb"},"inLanguage":"sl-SI","potentialAction":[{"@type":"ReadAction","target":["https:\/\/hudo.com\/si\/aktualno\/vucic-raje-glejmo-v-prihodnost\/"]}]},{"@type":"BreadcrumbList","@id":"https:\/\/hudo.com\/si\/aktualno\/vucic-raje-glejmo-v-prihodnost\/#breadcrumb","itemListElement":[{"@type":"ListItem","position":1,"name":"Home","item":"https:\/\/hudo.com\/si\/"},{"@type":"ListItem","position":2,"name":"Vu\u010di\u0107: Raje glejmo v prihodnost!"}]},{"@type":"WebSite","@id":"https:\/\/hudo.com\/si\/#website","url":"https:\/\/hudo.com\/si\/","name":"Hudo Slovenija","description":"Vse novice iz Slovenije in sveta","publisher":{"@id":"https:\/\/hudo.com\/si\/#organization"},"potentialAction":[{"@type":"SearchAction","target":{"@type":"EntryPoint","urlTemplate":"https:\/\/hudo.com\/si\/?s={search_term_string}"},"query-input":"required name=search_term_string"}],"inLanguage":"sl-SI"},{"@type":"Organization","@id":"https:\/\/hudo.com\/si\/#organization","name":"VSN Media","url":"https:\/\/hudo.com\/si\/","logo":{"@type":"ImageObject","inLanguage":"sl-SI","@id":"https:\/\/hudo.com\/si\/#\/schema\/logo\/image\/","url":"https:\/\/hudo.com\/si\/wp-content\/uploads\/sites\/2\/2021\/03\/hudo-app-2.png","contentUrl":"https:\/\/hudo.com\/si\/wp-content\/uploads\/sites\/2\/2021\/03\/hudo-app-2.png","width":2185,"height":2167,"caption":"VSN Media"},"image":{"@id":"https:\/\/hudo.com\/si\/#\/schema\/logo\/image\/"},"sameAs":["https:\/\/www.facebook.com\/hudo.si","https:\/\/twitter.com\/hudo_si"]},{"@type":"Person","@id":"https:\/\/hudo.com\/si\/#\/schema\/person\/601cf3379633985b20f7e50f2bb47707","name":"hudo","image":{"@type":"ImageObject","inLanguage":"sl-SI","@id":"https:\/\/hudo.com\/si\/#\/schema\/person\/image\/","url":"https:\/\/secure.gravatar.com\/avatar\/c4ca25fa72cace7a696b52ff5db9e095?s=96&d=mm&r=g","contentUrl":"https:\/\/secure.gravatar.com\/avatar\/c4ca25fa72cace7a696b52ff5db9e095?s=96&d=mm&r=g","caption":"hudo"},"url":"https:\/\/hudo.com\/si\/author\/hudo\/"}]}},"amp_enabled":true,"_links":{"self":[{"href":"https:\/\/hudo.com\/si\/wp-json\/wp\/v2\/posts\/324795"}],"collection":[{"href":"https:\/\/hudo.com\/si\/wp-json\/wp\/v2\/posts"}],"about":[{"href":"https:\/\/hudo.com\/si\/wp-json\/wp\/v2\/types\/post"}],"author":[{"embeddable":true,"href":"https:\/\/hudo.com\/si\/wp-json\/wp\/v2\/users\/1"}],"replies":[{"embeddable":true,"href":"https:\/\/hudo.com\/si\/wp-json\/wp\/v2\/comments?post=324795"}],"version-history":[{"count":0,"href":"https:\/\/hudo.com\/si\/wp-json\/wp\/v2\/posts\/324795\/revisions"}],"wp:attachment":[{"href":"https:\/\/hudo.com\/si\/wp-json\/wp\/v2\/media?parent=324795"}],"wp:term":[{"taxonomy":"category","embeddable":true,"href":"https:\/\/hudo.com\/si\/wp-json\/wp\/v2\/categories?post=324795"},{"taxonomy":"post_tag","embeddable":true,"href":"https:\/\/hudo.com\/si\/wp-json\/wp\/v2\/tags?post=324795"},{"taxonomy":"source","embeddable":true,"href":"https:\/\/hudo.com\/si\/wp-json\/wp\/v2\/source?post=324795"},{"taxonomy":"supertag","embeddable":true,"href":"https:\/\/hudo.com\/si\/wp-json\/wp\/v2\/supertag?post=324795"}],"curies":[{"name":"wp","href":"https:\/\/api.w.org\/{rel}","templated":true}]}}