{"id":324807,"date":"2017-11-22T19:14:00","date_gmt":"2017-11-22T18:14:00","guid":{"rendered":"http:\/\/hudo.com\/si\/2017\/11\/22\/cimos-bo-odslovil-vec-kot-sto-delavcev\/"},"modified":"2017-11-22T19:14:00","modified_gmt":"2017-11-22T18:14:00","slug":"cimos-bo-odslovil-vec-kot-sto-delavcev","status":"publish","type":"post","link":"https:\/\/hudo.com\/si\/aktualno\/cimos-bo-odslovil-vec-kot-sto-delavcev\/","title":{"rendered":"Cimos bo odslovil ve\u010d kot sto delavcev"},"content":{"rendered":"<p>Kategorija: Podjetja Wed, 22 Nov 2017 20:14:00 +0100  Koper \u2013 Koprski Cimos bo \u017ee januarja najverjetneje odpustil ve\u010d kot sto delavcev, predvsem iz Seno\u017ee\u010d in Kopra. To je neuraden podatek, saj se vodstvo podjetja uradno sploh ne odziva na na\u0161a vpra\u0161anja in no\u010de povedati natan\u010dnej\u0161ih \u0161tevilk o zaposlenosti v podjetju. Mediji so pred kratkim navajali, da naj bi bilo prese\u017enih delavcev 147, vendar je predstavnik sindikata kovinarjev SKEI Sa\u0161o Risti\u010d danes spet zatrdil, da bo \u0161tevilo manj\u0161e. Predstavniki sindikatov so danes \u017ee na drugem sestanku z upravo usklajevali kriterije, na podlagi katerih bodo izdelali program re\u0161evanja prese\u017enih delavcev, ki so ga v Cimosu dol\u017eni po zakonu uskladiti s sindikati in predlo\u017eiti zavodu za zaposlovanje. Sa\u0161o Risti\u010d je potrdil, da kriteriji \u0161e niso dokon\u010dno dogovorjeni, zato se bodo z upravo sestali \u0161e enkrat prihodnji teden. Na koprski enoti Zavoda RS\u00a0&#8230;<\/p>\n","protected":false},"excerpt":{"rendered":"<p>Kategorija: Podjetja Wed, 22 Nov 2017 20:14:00 +0100  Koper \u2013 Koprski Cimos bo \u017ee januarja najverjetneje odpustil ve\u010d kot sto delavcev, predvsem iz Seno\u017ee\u010d in Kopra. To je neuraden podatek, saj se vodstvo podjetja uradno sploh ne odziva na na\u0161a vpra\u0161anja in no\u010de povedati natan\u010dnej\u0161ih \u0161tevilk o zaposlenosti v podjetju. Mediji so pred kratkim navajali, da naj bi bilo prese\u017enih delavcev 147, vendar je predstavnik sindikata kovinarjev SKEI Sa\u0161o Risti\u010d danes spet zatrdil, da bo \u0161tevilo manj\u0161e. Predstavniki sindikatov so danes \u017ee na drugem sestanku z upravo usklajevali kriterije, na podlagi katerih bodo izdelali program re\u0161evanja prese\u017enih delavcev, ki so ga v Cimosu dol\u017eni po zakonu uskladiti s sindikati in predlo\u017eiti zavodu za zaposlovanje. Sa\u0161o Risti\u010d je potrdil, da kriteriji \u0161e niso dokon\u010dno dogovorjeni, zato se bodo z upravo sestali \u0161e enkrat prihodnji teden. Na koprski enoti Zavoda RS\u00a0&#8230;<\/p>\n","protected":false},"author":1,"featured_media":0,"comment_status":"closed","ping_status":"closed","sticky":false,"template":"","format":"standard","meta":{"footnotes":""},"categories":[1179],"tags":[],"source":[1703],"supertag":[],"acf":[],"yoast_head":"<!-- This site is optimized with the Yoast SEO plugin v21.3 - https:\/\/yoast.com\/wordpress\/plugins\/seo\/ -->\n<title>Cimos bo odslovil ve\u010d kot sto delavcev - Hudo Slovenija<\/title>\n<meta name=\"robots\" content=\"index, follow, max-snippet:-1, max-image-preview:large, max-video-preview:-1\" \/>\n<link rel=\"canonical\" href=\"https:\/\/hudo.com\/si\/aktualno\/cimos-bo-odslovil-vec-kot-sto-delavcev\/\" \/>\n<meta property=\"og:locale\" content=\"sl_SI\" \/>\n<meta property=\"og:type\" content=\"article\" \/>\n<meta property=\"og:title\" content=\"Cimos bo odslovil ve\u010d kot sto delavcev - Hudo Slovenija\" \/>\n<meta property=\"og:description\" content=\"Kategorija: Podjetja Wed, 22 Nov 2017 20:14:00 +0100 Koper \u2013 Koprski Cimos bo \u017ee januarja najverjetneje odpustil ve\u010d kot sto delavcev, predvsem iz Seno\u017ee\u010d in Kopra. To je neuraden podatek, saj se vodstvo podjetja uradno sploh ne odziva na na\u0161a vpra\u0161anja in no\u010de povedati natan\u010dnej\u0161ih \u0161tevilk o zaposlenosti v podjetju. Mediji so pred kratkim navajali, da naj bi bilo prese\u017enih delavcev 147, vendar je predstavnik sindikata kovinarjev SKEI Sa\u0161o Risti\u010d danes spet zatrdil, da bo \u0161tevilo manj\u0161e. Predstavniki sindikatov so danes \u017ee na drugem sestanku z upravo usklajevali kriterije, na podlagi katerih bodo izdelali program re\u0161evanja prese\u017enih delavcev, ki so ga v Cimosu dol\u017eni po zakonu uskladiti s sindikati in predlo\u017eiti zavodu za zaposlovanje. Sa\u0161o Risti\u010d je potrdil, da kriteriji \u0161e niso dokon\u010dno dogovorjeni, zato se bodo z upravo sestali \u0161e enkrat prihodnji teden. Na koprski enoti Zavoda RS\u00a0...\" \/>\n<meta property=\"og:url\" content=\"https:\/\/hudo.com\/si\/aktualno\/cimos-bo-odslovil-vec-kot-sto-delavcev\/\" \/>\n<meta property=\"og:site_name\" content=\"Hudo Slovenija\" \/>\n<meta property=\"article:publisher\" content=\"https:\/\/www.facebook.com\/hudo.si\" \/>\n<meta property=\"article:published_time\" content=\"2017-11-22T18:14:00+00:00\" \/>\n<meta property=\"og:image\" content=\"https:\/\/hudo.com\/si\/wp-content\/uploads\/sites\/2\/2017\/11\/480x290_djvu_2490690_pavlinb_tlo-Cimos-1.jpeg\" \/>\n\t<meta property=\"og:image:width\" content=\"480\" \/>\n\t<meta property=\"og:image:height\" content=\"290\" \/>\n\t<meta property=\"og:image:type\" content=\"image\/jpeg\" \/>\n<meta name=\"author\" content=\"hudo\" \/>\n<meta name=\"twitter:card\" content=\"summary_large_image\" \/>\n<meta name=\"twitter:creator\" content=\"@hudo_si\" \/>\n<meta name=\"twitter:site\" content=\"@hudo_si\" \/>\n<meta name=\"twitter:label1\" content=\"Written by\" \/>\n\t<meta name=\"twitter:data1\" content=\"hudo\" \/>\n\t<meta name=\"twitter:label2\" content=\"Est. reading time\" \/>\n\t<meta name=\"twitter:data2\" content=\"1 minuta\" \/>\n<script type=\"application\/ld+json\" class=\"yoast-schema-graph\">{\"@context\":\"https:\/\/schema.org\",\"@graph\":[{\"@type\":\"Article\",\"@id\":\"https:\/\/hudo.com\/si\/aktualno\/cimos-bo-odslovil-vec-kot-sto-delavcev\/#article\",\"isPartOf\":{\"@id\":\"https:\/\/hudo.com\/si\/aktualno\/cimos-bo-odslovil-vec-kot-sto-delavcev\/\"},\"author\":{\"name\":\"hudo\",\"@id\":\"https:\/\/hudo.com\/si\/#\/schema\/person\/601cf3379633985b20f7e50f2bb47707\"},\"headline\":\"Cimos bo odslovil ve\u010d kot sto delavcev\",\"datePublished\":\"2017-11-22T18:14:00+00:00\",\"dateModified\":\"2017-11-22T18:14:00+00:00\",\"mainEntityOfPage\":{\"@id\":\"https:\/\/hudo.com\/si\/aktualno\/cimos-bo-odslovil-vec-kot-sto-delavcev\/\"},\"wordCount\":155,\"publisher\":{\"@id\":\"https:\/\/hudo.com\/si\/#organization\"},\"articleSection\":[\"Aktualno\"],\"inLanguage\":\"sl-SI\"},{\"@type\":\"WebPage\",\"@id\":\"https:\/\/hudo.com\/si\/aktualno\/cimos-bo-odslovil-vec-kot-sto-delavcev\/\",\"url\":\"https:\/\/hudo.com\/si\/aktualno\/cimos-bo-odslovil-vec-kot-sto-delavcev\/\",\"name\":\"Cimos bo odslovil ve\u010d kot sto delavcev - Hudo Slovenija\",\"isPartOf\":{\"@id\":\"https:\/\/hudo.com\/si\/#website\"},\"datePublished\":\"2017-11-22T18:14:00+00:00\",\"dateModified\":\"2017-11-22T18:14:00+00:00\",\"breadcrumb\":{\"@id\":\"https:\/\/hudo.com\/si\/aktualno\/cimos-bo-odslovil-vec-kot-sto-delavcev\/#breadcrumb\"},\"inLanguage\":\"sl-SI\",\"potentialAction\":[{\"@type\":\"ReadAction\",\"target\":[\"https:\/\/hudo.com\/si\/aktualno\/cimos-bo-odslovil-vec-kot-sto-delavcev\/\"]}]},{\"@type\":\"BreadcrumbList\",\"@id\":\"https:\/\/hudo.com\/si\/aktualno\/cimos-bo-odslovil-vec-kot-sto-delavcev\/#breadcrumb\",\"itemListElement\":[{\"@type\":\"ListItem\",\"position\":1,\"name\":\"Home\",\"item\":\"https:\/\/hudo.com\/si\/\"},{\"@type\":\"ListItem\",\"position\":2,\"name\":\"Cimos bo odslovil ve\u010d kot sto delavcev\"}]},{\"@type\":\"WebSite\",\"@id\":\"https:\/\/hudo.com\/si\/#website\",\"url\":\"https:\/\/hudo.com\/si\/\",\"name\":\"Hudo Slovenija\",\"description\":\"Vse novice iz Slovenije in sveta\",\"publisher\":{\"@id\":\"https:\/\/hudo.com\/si\/#organization\"},\"potentialAction\":[{\"@type\":\"SearchAction\",\"target\":{\"@type\":\"EntryPoint\",\"urlTemplate\":\"https:\/\/hudo.com\/si\/?s={search_term_string}\"},\"query-input\":\"required name=search_term_string\"}],\"inLanguage\":\"sl-SI\"},{\"@type\":\"Organization\",\"@id\":\"https:\/\/hudo.com\/si\/#organization\",\"name\":\"VSN Media\",\"url\":\"https:\/\/hudo.com\/si\/\",\"logo\":{\"@type\":\"ImageObject\",\"inLanguage\":\"sl-SI\",\"@id\":\"https:\/\/hudo.com\/si\/#\/schema\/logo\/image\/\",\"url\":\"https:\/\/hudo.com\/si\/wp-content\/uploads\/sites\/2\/2021\/03\/hudo-app-2.png\",\"contentUrl\":\"https:\/\/hudo.com\/si\/wp-content\/uploads\/sites\/2\/2021\/03\/hudo-app-2.png\",\"width\":2185,\"height\":2167,\"caption\":\"VSN Media\"},\"image\":{\"@id\":\"https:\/\/hudo.com\/si\/#\/schema\/logo\/image\/\"},\"sameAs\":[\"https:\/\/www.facebook.com\/hudo.si\",\"https:\/\/twitter.com\/hudo_si\"]},{\"@type\":\"Person\",\"@id\":\"https:\/\/hudo.com\/si\/#\/schema\/person\/601cf3379633985b20f7e50f2bb47707\",\"name\":\"hudo\",\"image\":{\"@type\":\"ImageObject\",\"inLanguage\":\"sl-SI\",\"@id\":\"https:\/\/hudo.com\/si\/#\/schema\/person\/image\/\",\"url\":\"https:\/\/secure.gravatar.com\/avatar\/c4ca25fa72cace7a696b52ff5db9e095?s=96&d=mm&r=g\",\"contentUrl\":\"https:\/\/secure.gravatar.com\/avatar\/c4ca25fa72cace7a696b52ff5db9e095?s=96&d=mm&r=g\",\"caption\":\"hudo\"},\"url\":\"https:\/\/hudo.com\/si\/author\/hudo\/\"}]}<\/script>\n<!-- \/ Yoast SEO plugin. -->","yoast_head_json":{"title":"Cimos bo odslovil ve\u010d kot sto delavcev - Hudo Slovenija","robots":{"index":"index","follow":"follow","max-snippet":"max-snippet:-1","max-image-preview":"max-image-preview:large","max-video-preview":"max-video-preview:-1"},"canonical":"https:\/\/hudo.com\/si\/aktualno\/cimos-bo-odslovil-vec-kot-sto-delavcev\/","og_locale":"sl_SI","og_type":"article","og_title":"Cimos bo odslovil ve\u010d kot sto delavcev - Hudo Slovenija","og_description":"Kategorija: Podjetja Wed, 22 Nov 2017 20:14:00 +0100 Koper \u2013 Koprski Cimos bo \u017ee januarja najverjetneje odpustil ve\u010d kot sto delavcev, predvsem iz Seno\u017ee\u010d in Kopra. To je neuraden podatek, saj se vodstvo podjetja uradno sploh ne odziva na na\u0161a vpra\u0161anja in no\u010de povedati natan\u010dnej\u0161ih \u0161tevilk o zaposlenosti v podjetju. Mediji so pred kratkim navajali, da naj bi bilo prese\u017enih delavcev 147, vendar je predstavnik sindikata kovinarjev SKEI Sa\u0161o Risti\u010d danes spet zatrdil, da bo \u0161tevilo manj\u0161e. Predstavniki sindikatov so danes \u017ee na drugem sestanku z upravo usklajevali kriterije, na podlagi katerih bodo izdelali program re\u0161evanja prese\u017enih delavcev, ki so ga v Cimosu dol\u017eni po zakonu uskladiti s sindikati in predlo\u017eiti zavodu za zaposlovanje. Sa\u0161o Risti\u010d je potrdil, da kriteriji \u0161e niso dokon\u010dno dogovorjeni, zato se bodo z upravo sestali \u0161e enkrat prihodnji teden. Na koprski enoti Zavoda RS\u00a0...","og_url":"https:\/\/hudo.com\/si\/aktualno\/cimos-bo-odslovil-vec-kot-sto-delavcev\/","og_site_name":"Hudo Slovenija","article_publisher":"https:\/\/www.facebook.com\/hudo.si","article_published_time":"2017-11-22T18:14:00+00:00","og_image":[{"width":480,"height":290,"url":"https:\/\/hudo.com\/si\/wp-content\/uploads\/sites\/2\/2017\/11\/480x290_djvu_2490690_pavlinb_tlo-Cimos-1.jpeg","type":"image\/jpeg"}],"author":"hudo","twitter_card":"summary_large_image","twitter_creator":"@hudo_si","twitter_site":"@hudo_si","twitter_misc":{"Written by":"hudo","Est. reading time":"1 minuta"},"schema":{"@context":"https:\/\/schema.org","@graph":[{"@type":"Article","@id":"https:\/\/hudo.com\/si\/aktualno\/cimos-bo-odslovil-vec-kot-sto-delavcev\/#article","isPartOf":{"@id":"https:\/\/hudo.com\/si\/aktualno\/cimos-bo-odslovil-vec-kot-sto-delavcev\/"},"author":{"name":"hudo","@id":"https:\/\/hudo.com\/si\/#\/schema\/person\/601cf3379633985b20f7e50f2bb47707"},"headline":"Cimos bo odslovil ve\u010d kot sto delavcev","datePublished":"2017-11-22T18:14:00+00:00","dateModified":"2017-11-22T18:14:00+00:00","mainEntityOfPage":{"@id":"https:\/\/hudo.com\/si\/aktualno\/cimos-bo-odslovil-vec-kot-sto-delavcev\/"},"wordCount":155,"publisher":{"@id":"https:\/\/hudo.com\/si\/#organization"},"articleSection":["Aktualno"],"inLanguage":"sl-SI"},{"@type":"WebPage","@id":"https:\/\/hudo.com\/si\/aktualno\/cimos-bo-odslovil-vec-kot-sto-delavcev\/","url":"https:\/\/hudo.com\/si\/aktualno\/cimos-bo-odslovil-vec-kot-sto-delavcev\/","name":"Cimos bo odslovil ve\u010d kot sto delavcev - Hudo Slovenija","isPartOf":{"@id":"https:\/\/hudo.com\/si\/#website"},"datePublished":"2017-11-22T18:14:00+00:00","dateModified":"2017-11-22T18:14:00+00:00","breadcrumb":{"@id":"https:\/\/hudo.com\/si\/aktualno\/cimos-bo-odslovil-vec-kot-sto-delavcev\/#breadcrumb"},"inLanguage":"sl-SI","potentialAction":[{"@type":"ReadAction","target":["https:\/\/hudo.com\/si\/aktualno\/cimos-bo-odslovil-vec-kot-sto-delavcev\/"]}]},{"@type":"BreadcrumbList","@id":"https:\/\/hudo.com\/si\/aktualno\/cimos-bo-odslovil-vec-kot-sto-delavcev\/#breadcrumb","itemListElement":[{"@type":"ListItem","position":1,"name":"Home","item":"https:\/\/hudo.com\/si\/"},{"@type":"ListItem","position":2,"name":"Cimos bo odslovil ve\u010d kot sto delavcev"}]},{"@type":"WebSite","@id":"https:\/\/hudo.com\/si\/#website","url":"https:\/\/hudo.com\/si\/","name":"Hudo Slovenija","description":"Vse novice iz Slovenije in sveta","publisher":{"@id":"https:\/\/hudo.com\/si\/#organization"},"potentialAction":[{"@type":"SearchAction","target":{"@type":"EntryPoint","urlTemplate":"https:\/\/hudo.com\/si\/?s={search_term_string}"},"query-input":"required name=search_term_string"}],"inLanguage":"sl-SI"},{"@type":"Organization","@id":"https:\/\/hudo.com\/si\/#organization","name":"VSN Media","url":"https:\/\/hudo.com\/si\/","logo":{"@type":"ImageObject","inLanguage":"sl-SI","@id":"https:\/\/hudo.com\/si\/#\/schema\/logo\/image\/","url":"https:\/\/hudo.com\/si\/wp-content\/uploads\/sites\/2\/2021\/03\/hudo-app-2.png","contentUrl":"https:\/\/hudo.com\/si\/wp-content\/uploads\/sites\/2\/2021\/03\/hudo-app-2.png","width":2185,"height":2167,"caption":"VSN Media"},"image":{"@id":"https:\/\/hudo.com\/si\/#\/schema\/logo\/image\/"},"sameAs":["https:\/\/www.facebook.com\/hudo.si","https:\/\/twitter.com\/hudo_si"]},{"@type":"Person","@id":"https:\/\/hudo.com\/si\/#\/schema\/person\/601cf3379633985b20f7e50f2bb47707","name":"hudo","image":{"@type":"ImageObject","inLanguage":"sl-SI","@id":"https:\/\/hudo.com\/si\/#\/schema\/person\/image\/","url":"https:\/\/secure.gravatar.com\/avatar\/c4ca25fa72cace7a696b52ff5db9e095?s=96&d=mm&r=g","contentUrl":"https:\/\/secure.gravatar.com\/avatar\/c4ca25fa72cace7a696b52ff5db9e095?s=96&d=mm&r=g","caption":"hudo"},"url":"https:\/\/hudo.com\/si\/author\/hudo\/"}]}},"amp_enabled":true,"_links":{"self":[{"href":"https:\/\/hudo.com\/si\/wp-json\/wp\/v2\/posts\/324807"}],"collection":[{"href":"https:\/\/hudo.com\/si\/wp-json\/wp\/v2\/posts"}],"about":[{"href":"https:\/\/hudo.com\/si\/wp-json\/wp\/v2\/types\/post"}],"author":[{"embeddable":true,"href":"https:\/\/hudo.com\/si\/wp-json\/wp\/v2\/users\/1"}],"replies":[{"embeddable":true,"href":"https:\/\/hudo.com\/si\/wp-json\/wp\/v2\/comments?post=324807"}],"version-history":[{"count":0,"href":"https:\/\/hudo.com\/si\/wp-json\/wp\/v2\/posts\/324807\/revisions"}],"wp:attachment":[{"href":"https:\/\/hudo.com\/si\/wp-json\/wp\/v2\/media?parent=324807"}],"wp:term":[{"taxonomy":"category","embeddable":true,"href":"https:\/\/hudo.com\/si\/wp-json\/wp\/v2\/categories?post=324807"},{"taxonomy":"post_tag","embeddable":true,"href":"https:\/\/hudo.com\/si\/wp-json\/wp\/v2\/tags?post=324807"},{"taxonomy":"source","embeddable":true,"href":"https:\/\/hudo.com\/si\/wp-json\/wp\/v2\/source?post=324807"},{"taxonomy":"supertag","embeddable":true,"href":"https:\/\/hudo.com\/si\/wp-json\/wp\/v2\/supertag?post=324807"}],"curies":[{"name":"wp","href":"https:\/\/api.w.org\/{rel}","templated":true}]}}