{"id":324815,"date":"2017-11-22T18:49:00","date_gmt":"2017-11-22T17:49:00","guid":{"rendered":"http:\/\/hudo.com\/si\/2017\/11\/22\/fikret-alic-25-let-pozneje-pravici-je-zadosceno\/"},"modified":"2017-11-22T18:49:00","modified_gmt":"2017-11-22T17:49:00","slug":"fikret-alic-25-let-pozneje-pravici-je-zadosceno","status":"publish","type":"post","link":"https:\/\/hudo.com\/si\/aktualno\/fikret-alic-25-let-pozneje-pravici-je-zadosceno\/","title":{"rendered":"Fikret Ali\u0107, 25 let pozneje: Pravici je zado\u0161\u010deno"},"content":{"rendered":"<p>Kategorija: Evropa Wed, 22 Nov 2017 19:49:00 +0100  Pred stavbo haa\u0161kega tribunala je stal ob transparentu Zveza tabori\u0161\u010dnikov Bosne in Hercegovine. V rokah je dr\u017eal izvod revije Time iz leta 1992, na naslovnici revije pa je njegova slika. Fikret Ali\u0107, \u017eivi okostnjak iz koncentracijskega tabori\u0161\u010da Trnopolje. Koncentracijska tabori\u0161\u010da v okolici bosanskega Prijedora je leta 1992 odkril novinar \u010dasnika Newsday Roy Gutman, nekaj dni za Gutmanom je do tabori\u0161\u010da Trnopolje pri\u0161la \u0161e ekipa televizijske dru\u017ebe ITN. Fikret Ali\u0107, tako shuj\u0161an, da bi se lahko skril za steber, na katerega je bila vpeta bode\u010da \u017eica, je postal simbol vojne v Bosni in Hercegovini ter simbol nasilja enot Ratka Mladi\u0107a nad bo\u0161nja\u0161kimi civilisti. Ali\u0107 je \u017ealostni simbol devetdesetih let prej\u0161njega stoletja. Danes je stal pred stavbo haa\u0161kega tribunala, stal je ponosno, z dostojanstvom v o\u010deh. Oktobra leta 1992, nekaj tednov po tem, ko\u00a0&#8230;<\/p>\n","protected":false},"excerpt":{"rendered":"<p>Kategorija: Evropa Wed, 22 Nov 2017 19:49:00 +0100  Pred stavbo haa\u0161kega tribunala je stal ob transparentu Zveza tabori\u0161\u010dnikov Bosne in Hercegovine. V rokah je dr\u017eal izvod revije Time iz leta 1992, na naslovnici revije pa je njegova slika. Fikret Ali\u0107, \u017eivi okostnjak iz koncentracijskega tabori\u0161\u010da Trnopolje. Koncentracijska tabori\u0161\u010da v okolici bosanskega Prijedora je leta 1992 odkril novinar \u010dasnika Newsday Roy Gutman, nekaj dni za Gutmanom je do tabori\u0161\u010da Trnopolje pri\u0161la \u0161e ekipa televizijske dru\u017ebe ITN. Fikret Ali\u0107, tako shuj\u0161an, da bi se lahko skril za steber, na katerega je bila vpeta bode\u010da \u017eica, je postal simbol vojne v Bosni in Hercegovini ter simbol nasilja enot Ratka Mladi\u0107a nad bo\u0161nja\u0161kimi civilisti. Ali\u0107 je \u017ealostni simbol devetdesetih let prej\u0161njega stoletja. Danes je stal pred stavbo haa\u0161kega tribunala, stal je ponosno, z dostojanstvom v o\u010deh. Oktobra leta 1992, nekaj tednov po tem, ko\u00a0&#8230;<\/p>\n","protected":false},"author":1,"featured_media":0,"comment_status":"closed","ping_status":"closed","sticky":false,"template":"","format":"standard","meta":{"footnotes":""},"categories":[1179],"tags":[],"source":[1703],"supertag":[],"acf":[],"yoast_head":"<!-- This site is optimized with the Yoast SEO plugin v21.3 - https:\/\/yoast.com\/wordpress\/plugins\/seo\/ -->\n<title>Fikret Ali\u0107, 25 let pozneje: Pravici je zado\u0161\u010deno - Hudo Slovenija<\/title>\n<meta name=\"robots\" content=\"index, follow, max-snippet:-1, max-image-preview:large, max-video-preview:-1\" \/>\n<link rel=\"canonical\" href=\"https:\/\/hudo.com\/si\/aktualno\/fikret-alic-25-let-pozneje-pravici-je-zadosceno\/\" \/>\n<meta property=\"og:locale\" content=\"sl_SI\" \/>\n<meta property=\"og:type\" content=\"article\" \/>\n<meta property=\"og:title\" content=\"Fikret Ali\u0107, 25 let pozneje: Pravici je zado\u0161\u010deno - Hudo Slovenija\" \/>\n<meta property=\"og:description\" content=\"Kategorija: Evropa Wed, 22 Nov 2017 19:49:00 +0100 Pred stavbo haa\u0161kega tribunala je stal ob transparentu Zveza tabori\u0161\u010dnikov Bosne in Hercegovine. V rokah je dr\u017eal izvod revije Time iz leta 1992, na naslovnici revije pa je njegova slika. Fikret Ali\u0107, \u017eivi okostnjak iz koncentracijskega tabori\u0161\u010da Trnopolje. Koncentracijska tabori\u0161\u010da v okolici bosanskega Prijedora je leta 1992 odkril novinar \u010dasnika Newsday Roy Gutman, nekaj dni za Gutmanom je do tabori\u0161\u010da Trnopolje pri\u0161la \u0161e ekipa televizijske dru\u017ebe ITN. Fikret Ali\u0107, tako shuj\u0161an, da bi se lahko skril za steber, na katerega je bila vpeta bode\u010da \u017eica, je postal simbol vojne v Bosni in Hercegovini ter simbol nasilja enot Ratka Mladi\u0107a nad bo\u0161nja\u0161kimi civilisti. Ali\u0107 je \u017ealostni simbol devetdesetih let prej\u0161njega stoletja. Danes je stal pred stavbo haa\u0161kega tribunala, stal je ponosno, z dostojanstvom v o\u010deh. Oktobra leta 1992, nekaj tednov po tem, ko\u00a0...\" \/>\n<meta property=\"og:url\" content=\"https:\/\/hudo.com\/si\/aktualno\/fikret-alic-25-let-pozneje-pravici-je-zadosceno\/\" \/>\n<meta property=\"og:site_name\" content=\"Hudo Slovenija\" \/>\n<meta property=\"article:publisher\" content=\"https:\/\/www.facebook.com\/hudo.si\" \/>\n<meta property=\"article:published_time\" content=\"2017-11-22T17:49:00+00:00\" \/>\n<meta property=\"og:image\" content=\"https:\/\/hudo.com\/si\/wp-content\/uploads\/sites\/2\/2017\/11\/480x290_3_stran__AP_Pictures_201711.1_hires0.jpeg\" \/>\n\t<meta property=\"og:image:width\" content=\"480\" \/>\n\t<meta property=\"og:image:height\" content=\"290\" \/>\n\t<meta property=\"og:image:type\" content=\"image\/jpeg\" \/>\n<meta name=\"author\" content=\"hudo\" \/>\n<meta name=\"twitter:card\" content=\"summary_large_image\" \/>\n<meta name=\"twitter:creator\" content=\"@hudo_si\" \/>\n<meta name=\"twitter:site\" content=\"@hudo_si\" \/>\n<meta name=\"twitter:label1\" content=\"Written by\" \/>\n\t<meta name=\"twitter:data1\" content=\"hudo\" \/>\n\t<meta name=\"twitter:label2\" content=\"Est. reading time\" \/>\n\t<meta name=\"twitter:data2\" content=\"1 minuta\" \/>\n<script type=\"application\/ld+json\" class=\"yoast-schema-graph\">{\"@context\":\"https:\/\/schema.org\",\"@graph\":[{\"@type\":\"Article\",\"@id\":\"https:\/\/hudo.com\/si\/aktualno\/fikret-alic-25-let-pozneje-pravici-je-zadosceno\/#article\",\"isPartOf\":{\"@id\":\"https:\/\/hudo.com\/si\/aktualno\/fikret-alic-25-let-pozneje-pravici-je-zadosceno\/\"},\"author\":{\"name\":\"hudo\",\"@id\":\"https:\/\/hudo.com\/si\/#\/schema\/person\/601cf3379633985b20f7e50f2bb47707\"},\"headline\":\"Fikret Ali\u0107, 25 let pozneje: Pravici je zado\u0161\u010deno\",\"datePublished\":\"2017-11-22T17:49:00+00:00\",\"dateModified\":\"2017-11-22T17:49:00+00:00\",\"mainEntityOfPage\":{\"@id\":\"https:\/\/hudo.com\/si\/aktualno\/fikret-alic-25-let-pozneje-pravici-je-zadosceno\/\"},\"wordCount\":157,\"publisher\":{\"@id\":\"https:\/\/hudo.com\/si\/#organization\"},\"articleSection\":[\"Aktualno\"],\"inLanguage\":\"sl-SI\"},{\"@type\":\"WebPage\",\"@id\":\"https:\/\/hudo.com\/si\/aktualno\/fikret-alic-25-let-pozneje-pravici-je-zadosceno\/\",\"url\":\"https:\/\/hudo.com\/si\/aktualno\/fikret-alic-25-let-pozneje-pravici-je-zadosceno\/\",\"name\":\"Fikret Ali\u0107, 25 let pozneje: Pravici je zado\u0161\u010deno - Hudo Slovenija\",\"isPartOf\":{\"@id\":\"https:\/\/hudo.com\/si\/#website\"},\"datePublished\":\"2017-11-22T17:49:00+00:00\",\"dateModified\":\"2017-11-22T17:49:00+00:00\",\"breadcrumb\":{\"@id\":\"https:\/\/hudo.com\/si\/aktualno\/fikret-alic-25-let-pozneje-pravici-je-zadosceno\/#breadcrumb\"},\"inLanguage\":\"sl-SI\",\"potentialAction\":[{\"@type\":\"ReadAction\",\"target\":[\"https:\/\/hudo.com\/si\/aktualno\/fikret-alic-25-let-pozneje-pravici-je-zadosceno\/\"]}]},{\"@type\":\"BreadcrumbList\",\"@id\":\"https:\/\/hudo.com\/si\/aktualno\/fikret-alic-25-let-pozneje-pravici-je-zadosceno\/#breadcrumb\",\"itemListElement\":[{\"@type\":\"ListItem\",\"position\":1,\"name\":\"Home\",\"item\":\"https:\/\/hudo.com\/si\/\"},{\"@type\":\"ListItem\",\"position\":2,\"name\":\"Fikret Ali\u0107, 25 let pozneje: Pravici je zado\u0161\u010deno\"}]},{\"@type\":\"WebSite\",\"@id\":\"https:\/\/hudo.com\/si\/#website\",\"url\":\"https:\/\/hudo.com\/si\/\",\"name\":\"Hudo Slovenija\",\"description\":\"Vse novice iz Slovenije in sveta\",\"publisher\":{\"@id\":\"https:\/\/hudo.com\/si\/#organization\"},\"potentialAction\":[{\"@type\":\"SearchAction\",\"target\":{\"@type\":\"EntryPoint\",\"urlTemplate\":\"https:\/\/hudo.com\/si\/?s={search_term_string}\"},\"query-input\":\"required name=search_term_string\"}],\"inLanguage\":\"sl-SI\"},{\"@type\":\"Organization\",\"@id\":\"https:\/\/hudo.com\/si\/#organization\",\"name\":\"VSN Media\",\"url\":\"https:\/\/hudo.com\/si\/\",\"logo\":{\"@type\":\"ImageObject\",\"inLanguage\":\"sl-SI\",\"@id\":\"https:\/\/hudo.com\/si\/#\/schema\/logo\/image\/\",\"url\":\"https:\/\/hudo.com\/si\/wp-content\/uploads\/sites\/2\/2021\/03\/hudo-app-2.png\",\"contentUrl\":\"https:\/\/hudo.com\/si\/wp-content\/uploads\/sites\/2\/2021\/03\/hudo-app-2.png\",\"width\":2185,\"height\":2167,\"caption\":\"VSN Media\"},\"image\":{\"@id\":\"https:\/\/hudo.com\/si\/#\/schema\/logo\/image\/\"},\"sameAs\":[\"https:\/\/www.facebook.com\/hudo.si\",\"https:\/\/twitter.com\/hudo_si\"]},{\"@type\":\"Person\",\"@id\":\"https:\/\/hudo.com\/si\/#\/schema\/person\/601cf3379633985b20f7e50f2bb47707\",\"name\":\"hudo\",\"image\":{\"@type\":\"ImageObject\",\"inLanguage\":\"sl-SI\",\"@id\":\"https:\/\/hudo.com\/si\/#\/schema\/person\/image\/\",\"url\":\"https:\/\/secure.gravatar.com\/avatar\/c4ca25fa72cace7a696b52ff5db9e095?s=96&d=mm&r=g\",\"contentUrl\":\"https:\/\/secure.gravatar.com\/avatar\/c4ca25fa72cace7a696b52ff5db9e095?s=96&d=mm&r=g\",\"caption\":\"hudo\"},\"url\":\"https:\/\/hudo.com\/si\/author\/hudo\/\"}]}<\/script>\n<!-- \/ Yoast SEO plugin. -->","yoast_head_json":{"title":"Fikret Ali\u0107, 25 let pozneje: Pravici je zado\u0161\u010deno - Hudo Slovenija","robots":{"index":"index","follow":"follow","max-snippet":"max-snippet:-1","max-image-preview":"max-image-preview:large","max-video-preview":"max-video-preview:-1"},"canonical":"https:\/\/hudo.com\/si\/aktualno\/fikret-alic-25-let-pozneje-pravici-je-zadosceno\/","og_locale":"sl_SI","og_type":"article","og_title":"Fikret Ali\u0107, 25 let pozneje: Pravici je zado\u0161\u010deno - Hudo Slovenija","og_description":"Kategorija: Evropa Wed, 22 Nov 2017 19:49:00 +0100 Pred stavbo haa\u0161kega tribunala je stal ob transparentu Zveza tabori\u0161\u010dnikov Bosne in Hercegovine. V rokah je dr\u017eal izvod revije Time iz leta 1992, na naslovnici revije pa je njegova slika. Fikret Ali\u0107, \u017eivi okostnjak iz koncentracijskega tabori\u0161\u010da Trnopolje. Koncentracijska tabori\u0161\u010da v okolici bosanskega Prijedora je leta 1992 odkril novinar \u010dasnika Newsday Roy Gutman, nekaj dni za Gutmanom je do tabori\u0161\u010da Trnopolje pri\u0161la \u0161e ekipa televizijske dru\u017ebe ITN. Fikret Ali\u0107, tako shuj\u0161an, da bi se lahko skril za steber, na katerega je bila vpeta bode\u010da \u017eica, je postal simbol vojne v Bosni in Hercegovini ter simbol nasilja enot Ratka Mladi\u0107a nad bo\u0161nja\u0161kimi civilisti. Ali\u0107 je \u017ealostni simbol devetdesetih let prej\u0161njega stoletja. Danes je stal pred stavbo haa\u0161kega tribunala, stal je ponosno, z dostojanstvom v o\u010deh. Oktobra leta 1992, nekaj tednov po tem, ko\u00a0...","og_url":"https:\/\/hudo.com\/si\/aktualno\/fikret-alic-25-let-pozneje-pravici-je-zadosceno\/","og_site_name":"Hudo Slovenija","article_publisher":"https:\/\/www.facebook.com\/hudo.si","article_published_time":"2017-11-22T17:49:00+00:00","og_image":[{"width":480,"height":290,"url":"https:\/\/hudo.com\/si\/wp-content\/uploads\/sites\/2\/2017\/11\/480x290_3_stran__AP_Pictures_201711.1_hires0.jpeg","type":"image\/jpeg"}],"author":"hudo","twitter_card":"summary_large_image","twitter_creator":"@hudo_si","twitter_site":"@hudo_si","twitter_misc":{"Written by":"hudo","Est. reading time":"1 minuta"},"schema":{"@context":"https:\/\/schema.org","@graph":[{"@type":"Article","@id":"https:\/\/hudo.com\/si\/aktualno\/fikret-alic-25-let-pozneje-pravici-je-zadosceno\/#article","isPartOf":{"@id":"https:\/\/hudo.com\/si\/aktualno\/fikret-alic-25-let-pozneje-pravici-je-zadosceno\/"},"author":{"name":"hudo","@id":"https:\/\/hudo.com\/si\/#\/schema\/person\/601cf3379633985b20f7e50f2bb47707"},"headline":"Fikret Ali\u0107, 25 let pozneje: Pravici je zado\u0161\u010deno","datePublished":"2017-11-22T17:49:00+00:00","dateModified":"2017-11-22T17:49:00+00:00","mainEntityOfPage":{"@id":"https:\/\/hudo.com\/si\/aktualno\/fikret-alic-25-let-pozneje-pravici-je-zadosceno\/"},"wordCount":157,"publisher":{"@id":"https:\/\/hudo.com\/si\/#organization"},"articleSection":["Aktualno"],"inLanguage":"sl-SI"},{"@type":"WebPage","@id":"https:\/\/hudo.com\/si\/aktualno\/fikret-alic-25-let-pozneje-pravici-je-zadosceno\/","url":"https:\/\/hudo.com\/si\/aktualno\/fikret-alic-25-let-pozneje-pravici-je-zadosceno\/","name":"Fikret Ali\u0107, 25 let pozneje: Pravici je zado\u0161\u010deno - Hudo Slovenija","isPartOf":{"@id":"https:\/\/hudo.com\/si\/#website"},"datePublished":"2017-11-22T17:49:00+00:00","dateModified":"2017-11-22T17:49:00+00:00","breadcrumb":{"@id":"https:\/\/hudo.com\/si\/aktualno\/fikret-alic-25-let-pozneje-pravici-je-zadosceno\/#breadcrumb"},"inLanguage":"sl-SI","potentialAction":[{"@type":"ReadAction","target":["https:\/\/hudo.com\/si\/aktualno\/fikret-alic-25-let-pozneje-pravici-je-zadosceno\/"]}]},{"@type":"BreadcrumbList","@id":"https:\/\/hudo.com\/si\/aktualno\/fikret-alic-25-let-pozneje-pravici-je-zadosceno\/#breadcrumb","itemListElement":[{"@type":"ListItem","position":1,"name":"Home","item":"https:\/\/hudo.com\/si\/"},{"@type":"ListItem","position":2,"name":"Fikret Ali\u0107, 25 let pozneje: Pravici je zado\u0161\u010deno"}]},{"@type":"WebSite","@id":"https:\/\/hudo.com\/si\/#website","url":"https:\/\/hudo.com\/si\/","name":"Hudo Slovenija","description":"Vse novice iz Slovenije in sveta","publisher":{"@id":"https:\/\/hudo.com\/si\/#organization"},"potentialAction":[{"@type":"SearchAction","target":{"@type":"EntryPoint","urlTemplate":"https:\/\/hudo.com\/si\/?s={search_term_string}"},"query-input":"required name=search_term_string"}],"inLanguage":"sl-SI"},{"@type":"Organization","@id":"https:\/\/hudo.com\/si\/#organization","name":"VSN Media","url":"https:\/\/hudo.com\/si\/","logo":{"@type":"ImageObject","inLanguage":"sl-SI","@id":"https:\/\/hudo.com\/si\/#\/schema\/logo\/image\/","url":"https:\/\/hudo.com\/si\/wp-content\/uploads\/sites\/2\/2021\/03\/hudo-app-2.png","contentUrl":"https:\/\/hudo.com\/si\/wp-content\/uploads\/sites\/2\/2021\/03\/hudo-app-2.png","width":2185,"height":2167,"caption":"VSN Media"},"image":{"@id":"https:\/\/hudo.com\/si\/#\/schema\/logo\/image\/"},"sameAs":["https:\/\/www.facebook.com\/hudo.si","https:\/\/twitter.com\/hudo_si"]},{"@type":"Person","@id":"https:\/\/hudo.com\/si\/#\/schema\/person\/601cf3379633985b20f7e50f2bb47707","name":"hudo","image":{"@type":"ImageObject","inLanguage":"sl-SI","@id":"https:\/\/hudo.com\/si\/#\/schema\/person\/image\/","url":"https:\/\/secure.gravatar.com\/avatar\/c4ca25fa72cace7a696b52ff5db9e095?s=96&d=mm&r=g","contentUrl":"https:\/\/secure.gravatar.com\/avatar\/c4ca25fa72cace7a696b52ff5db9e095?s=96&d=mm&r=g","caption":"hudo"},"url":"https:\/\/hudo.com\/si\/author\/hudo\/"}]}},"amp_enabled":true,"_links":{"self":[{"href":"https:\/\/hudo.com\/si\/wp-json\/wp\/v2\/posts\/324815"}],"collection":[{"href":"https:\/\/hudo.com\/si\/wp-json\/wp\/v2\/posts"}],"about":[{"href":"https:\/\/hudo.com\/si\/wp-json\/wp\/v2\/types\/post"}],"author":[{"embeddable":true,"href":"https:\/\/hudo.com\/si\/wp-json\/wp\/v2\/users\/1"}],"replies":[{"embeddable":true,"href":"https:\/\/hudo.com\/si\/wp-json\/wp\/v2\/comments?post=324815"}],"version-history":[{"count":0,"href":"https:\/\/hudo.com\/si\/wp-json\/wp\/v2\/posts\/324815\/revisions"}],"wp:attachment":[{"href":"https:\/\/hudo.com\/si\/wp-json\/wp\/v2\/media?parent=324815"}],"wp:term":[{"taxonomy":"category","embeddable":true,"href":"https:\/\/hudo.com\/si\/wp-json\/wp\/v2\/categories?post=324815"},{"taxonomy":"post_tag","embeddable":true,"href":"https:\/\/hudo.com\/si\/wp-json\/wp\/v2\/tags?post=324815"},{"taxonomy":"source","embeddable":true,"href":"https:\/\/hudo.com\/si\/wp-json\/wp\/v2\/source?post=324815"},{"taxonomy":"supertag","embeddable":true,"href":"https:\/\/hudo.com\/si\/wp-json\/wp\/v2\/supertag?post=324815"}],"curies":[{"name":"wp","href":"https:\/\/api.w.org\/{rel}","templated":true}]}}