{"id":324819,"date":"2017-11-22T18:25:00","date_gmt":"2017-11-22T17:25:00","guid":{"rendered":"http:\/\/hudo.com\/si\/2017\/11\/22\/podaljsan-rok-za-zahtevo-za-odskodnino-zaradi-ograje-na-meji\/"},"modified":"2017-11-22T18:25:00","modified_gmt":"2017-11-22T17:25:00","slug":"podaljsan-rok-za-zahtevo-za-odskodnino-zaradi-ograje-na-meji","status":"publish","type":"post","link":"https:\/\/hudo.com\/si\/aktualno\/podaljsan-rok-za-zahtevo-za-odskodnino-zaradi-ograje-na-meji\/","title":{"rendered":"Podalj\u0161an rok za zahtevo za od\u0161kodnino zaradi ograje na meji"},"content":{"rendered":"<p>Kategorija: Politika Wed, 22 Nov 2017 19:25:00 +0100  Ljubljana \u2013 Dr\u017eavni zbor je z 59 glasovi za in nobenim proti sprejeli novelo zakona o nadzoru dr\u017eavne meje. S tem so podalj\u0161ali rok, do katerega bodo lastniki zemlji\u0161\u010d, na katerih je postavljena ograja na meji s Hrva\u0161ko, lahko vlo\u017eili zahtevek za od\u0161kodnino. To bodo lahko storili do 31. marca prihodnje leto. Novelo zakona o nadzoru dr\u017eavne meje so vlo\u017eili v NSi, z njo pa \u017eelijo podalj\u0161ati rok za zahtevek nadomestila zaradi ote\u017eene rabe zemlji\u0161\u010da lastnikom zemlji\u0161\u010d, na katerih je postavljena ograja na meji. Kot je pojasnila Iva Dimic, se je namre\u010d rok za vlo\u017eitev zahtevka za leti 2015 in 2016 iztekel \u017ee 30. junija letos, a so ga \u0161tevilni upravi\u010denci zamudili. Pri tem pa ne gre za njihovo subjektivno odgovornost, saj po mnenju poslanke niso bili primerno in pravo\u010dasno obve\u0161\u010deni,\u00a0&#8230;<\/p>\n","protected":false},"excerpt":{"rendered":"<p>Kategorija: Politika Wed, 22 Nov 2017 19:25:00 +0100  Ljubljana \u2013 Dr\u017eavni zbor je z 59 glasovi za in nobenim proti sprejeli novelo zakona o nadzoru dr\u017eavne meje. S tem so podalj\u0161ali rok, do katerega bodo lastniki zemlji\u0161\u010d, na katerih je postavljena ograja na meji s Hrva\u0161ko, lahko vlo\u017eili zahtevek za od\u0161kodnino. To bodo lahko storili do 31. marca prihodnje leto. Novelo zakona o nadzoru dr\u017eavne meje so vlo\u017eili v NSi, z njo pa \u017eelijo podalj\u0161ati rok za zahtevek nadomestila zaradi ote\u017eene rabe zemlji\u0161\u010da lastnikom zemlji\u0161\u010d, na katerih je postavljena ograja na meji. Kot je pojasnila Iva Dimic, se je namre\u010d rok za vlo\u017eitev zahtevka za leti 2015 in 2016 iztekel \u017ee 30. junija letos, a so ga \u0161tevilni upravi\u010denci zamudili. Pri tem pa ne gre za njihovo subjektivno odgovornost, saj po mnenju poslanke niso bili primerno in pravo\u010dasno obve\u0161\u010deni,\u00a0&#8230;<\/p>\n","protected":false},"author":1,"featured_media":0,"comment_status":"closed","ping_status":"closed","sticky":false,"template":"","format":"standard","meta":{"footnotes":""},"categories":[1179],"tags":[],"source":[1703],"supertag":[],"acf":[],"yoast_head":"<!-- This site is optimized with the Yoast SEO plugin v21.3 - https:\/\/yoast.com\/wordpress\/plugins\/seo\/ -->\n<title>Podalj\u0161an rok za zahtevo za od\u0161kodnino zaradi ograje na meji - Hudo Slovenija<\/title>\n<meta name=\"robots\" content=\"index, follow, max-snippet:-1, max-image-preview:large, max-video-preview:-1\" \/>\n<link rel=\"canonical\" href=\"https:\/\/hudo.com\/si\/aktualno\/podaljsan-rok-za-zahtevo-za-odskodnino-zaradi-ograje-na-meji\/\" \/>\n<meta property=\"og:locale\" content=\"sl_SI\" \/>\n<meta property=\"og:type\" content=\"article\" \/>\n<meta property=\"og:title\" content=\"Podalj\u0161an rok za zahtevo za od\u0161kodnino zaradi ograje na meji - Hudo Slovenija\" \/>\n<meta property=\"og:description\" content=\"Kategorija: Politika Wed, 22 Nov 2017 19:25:00 +0100 Ljubljana \u2013 Dr\u017eavni zbor je z 59 glasovi za in nobenim proti sprejeli novelo zakona o nadzoru dr\u017eavne meje. S tem so podalj\u0161ali rok, do katerega bodo lastniki zemlji\u0161\u010d, na katerih je postavljena ograja na meji s Hrva\u0161ko, lahko vlo\u017eili zahtevek za od\u0161kodnino. To bodo lahko storili do 31. marca prihodnje leto. Novelo zakona o nadzoru dr\u017eavne meje so vlo\u017eili v NSi, z njo pa \u017eelijo podalj\u0161ati rok za zahtevek nadomestila zaradi ote\u017eene rabe zemlji\u0161\u010da lastnikom zemlji\u0161\u010d, na katerih je postavljena ograja na meji. Kot je pojasnila Iva Dimic, se je namre\u010d rok za vlo\u017eitev zahtevka za leti 2015 in 2016 iztekel \u017ee 30. junija letos, a so ga \u0161tevilni upravi\u010denci zamudili. Pri tem pa ne gre za njihovo subjektivno odgovornost, saj po mnenju poslanke niso bili primerno in pravo\u010dasno obve\u0161\u010deni,\u00a0...\" \/>\n<meta property=\"og:url\" content=\"https:\/\/hudo.com\/si\/aktualno\/podaljsan-rok-za-zahtevo-za-odskodnino-zaradi-ograje-na-meji\/\" \/>\n<meta property=\"og:site_name\" content=\"Hudo Slovenija\" \/>\n<meta property=\"article:publisher\" content=\"https:\/\/www.facebook.com\/hudo.si\" \/>\n<meta property=\"article:published_time\" content=\"2017-11-22T17:25:00+00:00\" \/>\n<meta property=\"og:image\" content=\"https:\/\/hudo.com\/si\/wp-content\/uploads\/sites\/2\/2017\/11\/480x290_djvu_2230649_hanis_suhadolnik-slavnostna-akademij.jpeg\" \/>\n\t<meta property=\"og:image:width\" content=\"480\" \/>\n\t<meta property=\"og:image:height\" content=\"290\" \/>\n\t<meta property=\"og:image:type\" content=\"image\/jpeg\" \/>\n<meta name=\"author\" content=\"hudo\" \/>\n<meta name=\"twitter:card\" content=\"summary_large_image\" \/>\n<meta name=\"twitter:creator\" content=\"@hudo_si\" \/>\n<meta name=\"twitter:site\" content=\"@hudo_si\" \/>\n<meta name=\"twitter:label1\" content=\"Written by\" \/>\n\t<meta name=\"twitter:data1\" content=\"hudo\" \/>\n\t<meta name=\"twitter:label2\" content=\"Est. reading time\" \/>\n\t<meta name=\"twitter:data2\" content=\"1 minuta\" \/>\n<script type=\"application\/ld+json\" class=\"yoast-schema-graph\">{\"@context\":\"https:\/\/schema.org\",\"@graph\":[{\"@type\":\"Article\",\"@id\":\"https:\/\/hudo.com\/si\/aktualno\/podaljsan-rok-za-zahtevo-za-odskodnino-zaradi-ograje-na-meji\/#article\",\"isPartOf\":{\"@id\":\"https:\/\/hudo.com\/si\/aktualno\/podaljsan-rok-za-zahtevo-za-odskodnino-zaradi-ograje-na-meji\/\"},\"author\":{\"name\":\"hudo\",\"@id\":\"https:\/\/hudo.com\/si\/#\/schema\/person\/601cf3379633985b20f7e50f2bb47707\"},\"headline\":\"Podalj\u0161an rok za zahtevo za od\u0161kodnino zaradi ograje na meji\",\"datePublished\":\"2017-11-22T17:25:00+00:00\",\"dateModified\":\"2017-11-22T17:25:00+00:00\",\"mainEntityOfPage\":{\"@id\":\"https:\/\/hudo.com\/si\/aktualno\/podaljsan-rok-za-zahtevo-za-odskodnino-zaradi-ograje-na-meji\/\"},\"wordCount\":156,\"publisher\":{\"@id\":\"https:\/\/hudo.com\/si\/#organization\"},\"articleSection\":[\"Aktualno\"],\"inLanguage\":\"sl-SI\"},{\"@type\":\"WebPage\",\"@id\":\"https:\/\/hudo.com\/si\/aktualno\/podaljsan-rok-za-zahtevo-za-odskodnino-zaradi-ograje-na-meji\/\",\"url\":\"https:\/\/hudo.com\/si\/aktualno\/podaljsan-rok-za-zahtevo-za-odskodnino-zaradi-ograje-na-meji\/\",\"name\":\"Podalj\u0161an rok za zahtevo za od\u0161kodnino zaradi ograje na meji - Hudo Slovenija\",\"isPartOf\":{\"@id\":\"https:\/\/hudo.com\/si\/#website\"},\"datePublished\":\"2017-11-22T17:25:00+00:00\",\"dateModified\":\"2017-11-22T17:25:00+00:00\",\"breadcrumb\":{\"@id\":\"https:\/\/hudo.com\/si\/aktualno\/podaljsan-rok-za-zahtevo-za-odskodnino-zaradi-ograje-na-meji\/#breadcrumb\"},\"inLanguage\":\"sl-SI\",\"potentialAction\":[{\"@type\":\"ReadAction\",\"target\":[\"https:\/\/hudo.com\/si\/aktualno\/podaljsan-rok-za-zahtevo-za-odskodnino-zaradi-ograje-na-meji\/\"]}]},{\"@type\":\"BreadcrumbList\",\"@id\":\"https:\/\/hudo.com\/si\/aktualno\/podaljsan-rok-za-zahtevo-za-odskodnino-zaradi-ograje-na-meji\/#breadcrumb\",\"itemListElement\":[{\"@type\":\"ListItem\",\"position\":1,\"name\":\"Home\",\"item\":\"https:\/\/hudo.com\/si\/\"},{\"@type\":\"ListItem\",\"position\":2,\"name\":\"Podalj\u0161an rok za zahtevo za od\u0161kodnino zaradi ograje na meji\"}]},{\"@type\":\"WebSite\",\"@id\":\"https:\/\/hudo.com\/si\/#website\",\"url\":\"https:\/\/hudo.com\/si\/\",\"name\":\"Hudo Slovenija\",\"description\":\"Vse novice iz Slovenije in sveta\",\"publisher\":{\"@id\":\"https:\/\/hudo.com\/si\/#organization\"},\"potentialAction\":[{\"@type\":\"SearchAction\",\"target\":{\"@type\":\"EntryPoint\",\"urlTemplate\":\"https:\/\/hudo.com\/si\/?s={search_term_string}\"},\"query-input\":\"required name=search_term_string\"}],\"inLanguage\":\"sl-SI\"},{\"@type\":\"Organization\",\"@id\":\"https:\/\/hudo.com\/si\/#organization\",\"name\":\"VSN Media\",\"url\":\"https:\/\/hudo.com\/si\/\",\"logo\":{\"@type\":\"ImageObject\",\"inLanguage\":\"sl-SI\",\"@id\":\"https:\/\/hudo.com\/si\/#\/schema\/logo\/image\/\",\"url\":\"https:\/\/hudo.com\/si\/wp-content\/uploads\/sites\/2\/2021\/03\/hudo-app-2.png\",\"contentUrl\":\"https:\/\/hudo.com\/si\/wp-content\/uploads\/sites\/2\/2021\/03\/hudo-app-2.png\",\"width\":2185,\"height\":2167,\"caption\":\"VSN Media\"},\"image\":{\"@id\":\"https:\/\/hudo.com\/si\/#\/schema\/logo\/image\/\"},\"sameAs\":[\"https:\/\/www.facebook.com\/hudo.si\",\"https:\/\/twitter.com\/hudo_si\"]},{\"@type\":\"Person\",\"@id\":\"https:\/\/hudo.com\/si\/#\/schema\/person\/601cf3379633985b20f7e50f2bb47707\",\"name\":\"hudo\",\"image\":{\"@type\":\"ImageObject\",\"inLanguage\":\"sl-SI\",\"@id\":\"https:\/\/hudo.com\/si\/#\/schema\/person\/image\/\",\"url\":\"https:\/\/secure.gravatar.com\/avatar\/c4ca25fa72cace7a696b52ff5db9e095?s=96&d=mm&r=g\",\"contentUrl\":\"https:\/\/secure.gravatar.com\/avatar\/c4ca25fa72cace7a696b52ff5db9e095?s=96&d=mm&r=g\",\"caption\":\"hudo\"},\"url\":\"https:\/\/hudo.com\/si\/author\/hudo\/\"}]}<\/script>\n<!-- \/ Yoast SEO plugin. -->","yoast_head_json":{"title":"Podalj\u0161an rok za zahtevo za od\u0161kodnino zaradi ograje na meji - Hudo Slovenija","robots":{"index":"index","follow":"follow","max-snippet":"max-snippet:-1","max-image-preview":"max-image-preview:large","max-video-preview":"max-video-preview:-1"},"canonical":"https:\/\/hudo.com\/si\/aktualno\/podaljsan-rok-za-zahtevo-za-odskodnino-zaradi-ograje-na-meji\/","og_locale":"sl_SI","og_type":"article","og_title":"Podalj\u0161an rok za zahtevo za od\u0161kodnino zaradi ograje na meji - Hudo Slovenija","og_description":"Kategorija: Politika Wed, 22 Nov 2017 19:25:00 +0100 Ljubljana \u2013 Dr\u017eavni zbor je z 59 glasovi za in nobenim proti sprejeli novelo zakona o nadzoru dr\u017eavne meje. S tem so podalj\u0161ali rok, do katerega bodo lastniki zemlji\u0161\u010d, na katerih je postavljena ograja na meji s Hrva\u0161ko, lahko vlo\u017eili zahtevek za od\u0161kodnino. To bodo lahko storili do 31. marca prihodnje leto. Novelo zakona o nadzoru dr\u017eavne meje so vlo\u017eili v NSi, z njo pa \u017eelijo podalj\u0161ati rok za zahtevek nadomestila zaradi ote\u017eene rabe zemlji\u0161\u010da lastnikom zemlji\u0161\u010d, na katerih je postavljena ograja na meji. Kot je pojasnila Iva Dimic, se je namre\u010d rok za vlo\u017eitev zahtevka za leti 2015 in 2016 iztekel \u017ee 30. junija letos, a so ga \u0161tevilni upravi\u010denci zamudili. Pri tem pa ne gre za njihovo subjektivno odgovornost, saj po mnenju poslanke niso bili primerno in pravo\u010dasno obve\u0161\u010deni,\u00a0...","og_url":"https:\/\/hudo.com\/si\/aktualno\/podaljsan-rok-za-zahtevo-za-odskodnino-zaradi-ograje-na-meji\/","og_site_name":"Hudo Slovenija","article_publisher":"https:\/\/www.facebook.com\/hudo.si","article_published_time":"2017-11-22T17:25:00+00:00","og_image":[{"width":480,"height":290,"url":"https:\/\/hudo.com\/si\/wp-content\/uploads\/sites\/2\/2017\/11\/480x290_djvu_2230649_hanis_suhadolnik-slavnostna-akademij.jpeg","type":"image\/jpeg"}],"author":"hudo","twitter_card":"summary_large_image","twitter_creator":"@hudo_si","twitter_site":"@hudo_si","twitter_misc":{"Written by":"hudo","Est. reading time":"1 minuta"},"schema":{"@context":"https:\/\/schema.org","@graph":[{"@type":"Article","@id":"https:\/\/hudo.com\/si\/aktualno\/podaljsan-rok-za-zahtevo-za-odskodnino-zaradi-ograje-na-meji\/#article","isPartOf":{"@id":"https:\/\/hudo.com\/si\/aktualno\/podaljsan-rok-za-zahtevo-za-odskodnino-zaradi-ograje-na-meji\/"},"author":{"name":"hudo","@id":"https:\/\/hudo.com\/si\/#\/schema\/person\/601cf3379633985b20f7e50f2bb47707"},"headline":"Podalj\u0161an rok za zahtevo za od\u0161kodnino zaradi ograje na meji","datePublished":"2017-11-22T17:25:00+00:00","dateModified":"2017-11-22T17:25:00+00:00","mainEntityOfPage":{"@id":"https:\/\/hudo.com\/si\/aktualno\/podaljsan-rok-za-zahtevo-za-odskodnino-zaradi-ograje-na-meji\/"},"wordCount":156,"publisher":{"@id":"https:\/\/hudo.com\/si\/#organization"},"articleSection":["Aktualno"],"inLanguage":"sl-SI"},{"@type":"WebPage","@id":"https:\/\/hudo.com\/si\/aktualno\/podaljsan-rok-za-zahtevo-za-odskodnino-zaradi-ograje-na-meji\/","url":"https:\/\/hudo.com\/si\/aktualno\/podaljsan-rok-za-zahtevo-za-odskodnino-zaradi-ograje-na-meji\/","name":"Podalj\u0161an rok za zahtevo za od\u0161kodnino zaradi ograje na meji - Hudo Slovenija","isPartOf":{"@id":"https:\/\/hudo.com\/si\/#website"},"datePublished":"2017-11-22T17:25:00+00:00","dateModified":"2017-11-22T17:25:00+00:00","breadcrumb":{"@id":"https:\/\/hudo.com\/si\/aktualno\/podaljsan-rok-za-zahtevo-za-odskodnino-zaradi-ograje-na-meji\/#breadcrumb"},"inLanguage":"sl-SI","potentialAction":[{"@type":"ReadAction","target":["https:\/\/hudo.com\/si\/aktualno\/podaljsan-rok-za-zahtevo-za-odskodnino-zaradi-ograje-na-meji\/"]}]},{"@type":"BreadcrumbList","@id":"https:\/\/hudo.com\/si\/aktualno\/podaljsan-rok-za-zahtevo-za-odskodnino-zaradi-ograje-na-meji\/#breadcrumb","itemListElement":[{"@type":"ListItem","position":1,"name":"Home","item":"https:\/\/hudo.com\/si\/"},{"@type":"ListItem","position":2,"name":"Podalj\u0161an rok za zahtevo za od\u0161kodnino zaradi ograje na meji"}]},{"@type":"WebSite","@id":"https:\/\/hudo.com\/si\/#website","url":"https:\/\/hudo.com\/si\/","name":"Hudo Slovenija","description":"Vse novice iz Slovenije in sveta","publisher":{"@id":"https:\/\/hudo.com\/si\/#organization"},"potentialAction":[{"@type":"SearchAction","target":{"@type":"EntryPoint","urlTemplate":"https:\/\/hudo.com\/si\/?s={search_term_string}"},"query-input":"required name=search_term_string"}],"inLanguage":"sl-SI"},{"@type":"Organization","@id":"https:\/\/hudo.com\/si\/#organization","name":"VSN Media","url":"https:\/\/hudo.com\/si\/","logo":{"@type":"ImageObject","inLanguage":"sl-SI","@id":"https:\/\/hudo.com\/si\/#\/schema\/logo\/image\/","url":"https:\/\/hudo.com\/si\/wp-content\/uploads\/sites\/2\/2021\/03\/hudo-app-2.png","contentUrl":"https:\/\/hudo.com\/si\/wp-content\/uploads\/sites\/2\/2021\/03\/hudo-app-2.png","width":2185,"height":2167,"caption":"VSN Media"},"image":{"@id":"https:\/\/hudo.com\/si\/#\/schema\/logo\/image\/"},"sameAs":["https:\/\/www.facebook.com\/hudo.si","https:\/\/twitter.com\/hudo_si"]},{"@type":"Person","@id":"https:\/\/hudo.com\/si\/#\/schema\/person\/601cf3379633985b20f7e50f2bb47707","name":"hudo","image":{"@type":"ImageObject","inLanguage":"sl-SI","@id":"https:\/\/hudo.com\/si\/#\/schema\/person\/image\/","url":"https:\/\/secure.gravatar.com\/avatar\/c4ca25fa72cace7a696b52ff5db9e095?s=96&d=mm&r=g","contentUrl":"https:\/\/secure.gravatar.com\/avatar\/c4ca25fa72cace7a696b52ff5db9e095?s=96&d=mm&r=g","caption":"hudo"},"url":"https:\/\/hudo.com\/si\/author\/hudo\/"}]}},"amp_enabled":true,"_links":{"self":[{"href":"https:\/\/hudo.com\/si\/wp-json\/wp\/v2\/posts\/324819"}],"collection":[{"href":"https:\/\/hudo.com\/si\/wp-json\/wp\/v2\/posts"}],"about":[{"href":"https:\/\/hudo.com\/si\/wp-json\/wp\/v2\/types\/post"}],"author":[{"embeddable":true,"href":"https:\/\/hudo.com\/si\/wp-json\/wp\/v2\/users\/1"}],"replies":[{"embeddable":true,"href":"https:\/\/hudo.com\/si\/wp-json\/wp\/v2\/comments?post=324819"}],"version-history":[{"count":0,"href":"https:\/\/hudo.com\/si\/wp-json\/wp\/v2\/posts\/324819\/revisions"}],"wp:attachment":[{"href":"https:\/\/hudo.com\/si\/wp-json\/wp\/v2\/media?parent=324819"}],"wp:term":[{"taxonomy":"category","embeddable":true,"href":"https:\/\/hudo.com\/si\/wp-json\/wp\/v2\/categories?post=324819"},{"taxonomy":"post_tag","embeddable":true,"href":"https:\/\/hudo.com\/si\/wp-json\/wp\/v2\/tags?post=324819"},{"taxonomy":"source","embeddable":true,"href":"https:\/\/hudo.com\/si\/wp-json\/wp\/v2\/source?post=324819"},{"taxonomy":"supertag","embeddable":true,"href":"https:\/\/hudo.com\/si\/wp-json\/wp\/v2\/supertag?post=324819"}],"curies":[{"name":"wp","href":"https:\/\/api.w.org\/{rel}","templated":true}]}}