{"id":324884,"date":"2017-11-23T05:00:00","date_gmt":"2017-11-23T04:00:00","guid":{"rendered":"http:\/\/hudo.com\/si\/2017\/11\/23\/crni-petek-pri-slovencih\/"},"modified":"2017-11-23T05:00:00","modified_gmt":"2017-11-23T04:00:00","slug":"crni-petek-pri-slovencih","status":"publish","type":"post","link":"https:\/\/hudo.com\/si\/aktualno\/crni-petek-pri-slovencih\/","title":{"rendered":"\u010crni petek pri Slovencih"},"content":{"rendered":"<p>Kategorija: Finance Thu, 23 Nov 2017 06:00:00 +0100  Ljubljana \u2013 \u00bbBlack Friday (\u010drni petek) sem prvi\u010d izkoristila lani in pred\u010dasno opravila bo\u017ei\u010dne nakupe,\u00ab pravi Sonja \u0160muc, izvr\u0161na direktorica Gospodarske zbornice Slovenije. Sandi \u010ce\u0161ko, prvi mo\u017e Studia Moderna, sam sicer ni ljubitelj akcijskega nakupovanja, pojasnjuje, da \u010drni petek letos izvajajo na vseh njihovih 21 trgih, medtem ko je bila aktivnost \u0161e pred dvema letoma omejena predvsem na Romunijo, Bolgarijo in Srbijo. \u00bbV tem \u010dasu bele\u017eimo tudi do 10-kratno pove\u010danje obiskovalcev na na\u0161ih spletnih straneh, sama aktivnost pa generira ve\u010dinski dele\u017e na\u0161e prodaje v \u010detrtem kvartalu,\u00ab je povedal \u010ce\u0161ko.\u010ceprav je morda fenomen \u010drnega petka za marsikoga nerazumljiv, podatki ka\u017eejo, da je nakupovanje za \u0161tevilne pomembna zadeva. Ameri\u0161ka NRF (National Retail Federation) je ugotovila, da 17 odstotkov Ameri\u010danov o bo\u017ei\u010dnih nakupih za\u010dne razmi\u0161ljati \u017ee septembra, novembra za\u010dne vsak tretji pregledovati ponudbo, 36\u00a0&#8230;<\/p>\n","protected":false},"excerpt":{"rendered":"<p>Kategorija: Finance Thu, 23 Nov 2017 06:00:00 +0100  Ljubljana \u2013 \u00bbBlack Friday (\u010drni petek) sem prvi\u010d izkoristila lani in pred\u010dasno opravila bo\u017ei\u010dne nakupe,\u00ab pravi Sonja \u0160muc, izvr\u0161na direktorica Gospodarske zbornice Slovenije. Sandi \u010ce\u0161ko, prvi mo\u017e Studia Moderna, sam sicer ni ljubitelj akcijskega nakupovanja, pojasnjuje, da \u010drni petek letos izvajajo na vseh njihovih 21 trgih, medtem ko je bila aktivnost \u0161e pred dvema letoma omejena predvsem na Romunijo, Bolgarijo in Srbijo. \u00bbV tem \u010dasu bele\u017eimo tudi do 10-kratno pove\u010danje obiskovalcev na na\u0161ih spletnih straneh, sama aktivnost pa generira ve\u010dinski dele\u017e na\u0161e prodaje v \u010detrtem kvartalu,\u00ab je povedal \u010ce\u0161ko.\u010ceprav je morda fenomen \u010drnega petka za marsikoga nerazumljiv, podatki ka\u017eejo, da je nakupovanje za \u0161tevilne pomembna zadeva. Ameri\u0161ka NRF (National Retail Federation) je ugotovila, da 17 odstotkov Ameri\u010danov o bo\u017ei\u010dnih nakupih za\u010dne razmi\u0161ljati \u017ee septembra, novembra za\u010dne vsak tretji pregledovati ponudbo, 36\u00a0&#8230;<\/p>\n","protected":false},"author":1,"featured_media":0,"comment_status":"closed","ping_status":"closed","sticky":false,"template":"","format":"standard","meta":{"footnotes":""},"categories":[1179],"tags":[],"source":[1703],"supertag":[],"acf":[],"yoast_head":"<!-- This site is optimized with the Yoast SEO plugin v21.3 - https:\/\/yoast.com\/wordpress\/plugins\/seo\/ -->\n<title>\u010crni petek pri Slovencih - Hudo Slovenija<\/title>\n<meta name=\"robots\" content=\"index, follow, max-snippet:-1, max-image-preview:large, max-video-preview:-1\" \/>\n<link rel=\"canonical\" href=\"https:\/\/hudo.com\/si\/aktualno\/crni-petek-pri-slovencih\/\" \/>\n<meta property=\"og:locale\" content=\"sl_SI\" \/>\n<meta property=\"og:type\" content=\"article\" \/>\n<meta property=\"og:title\" content=\"\u010crni petek pri Slovencih - Hudo Slovenija\" \/>\n<meta property=\"og:description\" content=\"Kategorija: Finance Thu, 23 Nov 2017 06:00:00 +0100 Ljubljana \u2013 \u00bbBlack Friday (\u010drni petek) sem prvi\u010d izkoristila lani in pred\u010dasno opravila bo\u017ei\u010dne nakupe,\u00ab pravi Sonja \u0160muc, izvr\u0161na direktorica Gospodarske zbornice Slovenije. Sandi \u010ce\u0161ko, prvi mo\u017e Studia Moderna, sam sicer ni ljubitelj akcijskega nakupovanja, pojasnjuje, da \u010drni petek letos izvajajo na vseh njihovih 21 trgih, medtem ko je bila aktivnost \u0161e pred dvema letoma omejena predvsem na Romunijo, Bolgarijo in Srbijo. \u00bbV tem \u010dasu bele\u017eimo tudi do 10-kratno pove\u010danje obiskovalcev na na\u0161ih spletnih straneh, sama aktivnost pa generira ve\u010dinski dele\u017e na\u0161e prodaje v \u010detrtem kvartalu,\u00ab je povedal \u010ce\u0161ko.\u010ceprav je morda fenomen \u010drnega petka za marsikoga nerazumljiv, podatki ka\u017eejo, da je nakupovanje za \u0161tevilne pomembna zadeva. Ameri\u0161ka NRF (National Retail Federation) je ugotovila, da 17 odstotkov Ameri\u010danov o bo\u017ei\u010dnih nakupih za\u010dne razmi\u0161ljati \u017ee septembra, novembra za\u010dne vsak tretji pregledovati ponudbo, 36\u00a0...\" \/>\n<meta property=\"og:url\" content=\"https:\/\/hudo.com\/si\/aktualno\/crni-petek-pri-slovencih\/\" \/>\n<meta property=\"og:site_name\" content=\"Hudo Slovenija\" \/>\n<meta property=\"article:publisher\" content=\"https:\/\/www.facebook.com\/hudo.si\" \/>\n<meta property=\"article:published_time\" content=\"2017-11-23T04:00:00+00:00\" \/>\n<meta property=\"og:image\" content=\"https:\/\/hudo.com\/si\/wp-content\/uploads\/sites\/2\/2017\/11\/480x290_djvu_2453403_katra_jer-Trgovinske-razprodaje-pop.jpeg\" \/>\n\t<meta property=\"og:image:width\" content=\"480\" \/>\n\t<meta property=\"og:image:height\" content=\"290\" \/>\n\t<meta property=\"og:image:type\" content=\"image\/jpeg\" \/>\n<meta name=\"author\" content=\"hudo\" \/>\n<meta name=\"twitter:card\" content=\"summary_large_image\" \/>\n<meta name=\"twitter:creator\" content=\"@hudo_si\" \/>\n<meta name=\"twitter:site\" content=\"@hudo_si\" \/>\n<meta name=\"twitter:label1\" content=\"Written by\" \/>\n\t<meta name=\"twitter:data1\" content=\"hudo\" \/>\n\t<meta name=\"twitter:label2\" content=\"Est. reading time\" \/>\n\t<meta name=\"twitter:data2\" content=\"1 minuta\" \/>\n<script type=\"application\/ld+json\" class=\"yoast-schema-graph\">{\"@context\":\"https:\/\/schema.org\",\"@graph\":[{\"@type\":\"Article\",\"@id\":\"https:\/\/hudo.com\/si\/aktualno\/crni-petek-pri-slovencih\/#article\",\"isPartOf\":{\"@id\":\"https:\/\/hudo.com\/si\/aktualno\/crni-petek-pri-slovencih\/\"},\"author\":{\"name\":\"hudo\",\"@id\":\"https:\/\/hudo.com\/si\/#\/schema\/person\/601cf3379633985b20f7e50f2bb47707\"},\"headline\":\"\u010crni petek pri Slovencih\",\"datePublished\":\"2017-11-23T04:00:00+00:00\",\"dateModified\":\"2017-11-23T04:00:00+00:00\",\"mainEntityOfPage\":{\"@id\":\"https:\/\/hudo.com\/si\/aktualno\/crni-petek-pri-slovencih\/\"},\"wordCount\":155,\"publisher\":{\"@id\":\"https:\/\/hudo.com\/si\/#organization\"},\"articleSection\":[\"Aktualno\"],\"inLanguage\":\"sl-SI\"},{\"@type\":\"WebPage\",\"@id\":\"https:\/\/hudo.com\/si\/aktualno\/crni-petek-pri-slovencih\/\",\"url\":\"https:\/\/hudo.com\/si\/aktualno\/crni-petek-pri-slovencih\/\",\"name\":\"\u010crni petek pri Slovencih - Hudo Slovenija\",\"isPartOf\":{\"@id\":\"https:\/\/hudo.com\/si\/#website\"},\"datePublished\":\"2017-11-23T04:00:00+00:00\",\"dateModified\":\"2017-11-23T04:00:00+00:00\",\"breadcrumb\":{\"@id\":\"https:\/\/hudo.com\/si\/aktualno\/crni-petek-pri-slovencih\/#breadcrumb\"},\"inLanguage\":\"sl-SI\",\"potentialAction\":[{\"@type\":\"ReadAction\",\"target\":[\"https:\/\/hudo.com\/si\/aktualno\/crni-petek-pri-slovencih\/\"]}]},{\"@type\":\"BreadcrumbList\",\"@id\":\"https:\/\/hudo.com\/si\/aktualno\/crni-petek-pri-slovencih\/#breadcrumb\",\"itemListElement\":[{\"@type\":\"ListItem\",\"position\":1,\"name\":\"Home\",\"item\":\"https:\/\/hudo.com\/si\/\"},{\"@type\":\"ListItem\",\"position\":2,\"name\":\"\u010crni petek pri Slovencih\"}]},{\"@type\":\"WebSite\",\"@id\":\"https:\/\/hudo.com\/si\/#website\",\"url\":\"https:\/\/hudo.com\/si\/\",\"name\":\"Hudo Slovenija\",\"description\":\"Vse novice iz Slovenije in sveta\",\"publisher\":{\"@id\":\"https:\/\/hudo.com\/si\/#organization\"},\"potentialAction\":[{\"@type\":\"SearchAction\",\"target\":{\"@type\":\"EntryPoint\",\"urlTemplate\":\"https:\/\/hudo.com\/si\/?s={search_term_string}\"},\"query-input\":\"required name=search_term_string\"}],\"inLanguage\":\"sl-SI\"},{\"@type\":\"Organization\",\"@id\":\"https:\/\/hudo.com\/si\/#organization\",\"name\":\"VSN Media\",\"url\":\"https:\/\/hudo.com\/si\/\",\"logo\":{\"@type\":\"ImageObject\",\"inLanguage\":\"sl-SI\",\"@id\":\"https:\/\/hudo.com\/si\/#\/schema\/logo\/image\/\",\"url\":\"https:\/\/hudo.com\/si\/wp-content\/uploads\/sites\/2\/2021\/03\/hudo-app-2.png\",\"contentUrl\":\"https:\/\/hudo.com\/si\/wp-content\/uploads\/sites\/2\/2021\/03\/hudo-app-2.png\",\"width\":2185,\"height\":2167,\"caption\":\"VSN Media\"},\"image\":{\"@id\":\"https:\/\/hudo.com\/si\/#\/schema\/logo\/image\/\"},\"sameAs\":[\"https:\/\/www.facebook.com\/hudo.si\",\"https:\/\/twitter.com\/hudo_si\"]},{\"@type\":\"Person\",\"@id\":\"https:\/\/hudo.com\/si\/#\/schema\/person\/601cf3379633985b20f7e50f2bb47707\",\"name\":\"hudo\",\"image\":{\"@type\":\"ImageObject\",\"inLanguage\":\"sl-SI\",\"@id\":\"https:\/\/hudo.com\/si\/#\/schema\/person\/image\/\",\"url\":\"https:\/\/secure.gravatar.com\/avatar\/c4ca25fa72cace7a696b52ff5db9e095?s=96&d=mm&r=g\",\"contentUrl\":\"https:\/\/secure.gravatar.com\/avatar\/c4ca25fa72cace7a696b52ff5db9e095?s=96&d=mm&r=g\",\"caption\":\"hudo\"},\"url\":\"https:\/\/hudo.com\/si\/author\/hudo\/\"}]}<\/script>\n<!-- \/ Yoast SEO plugin. -->","yoast_head_json":{"title":"\u010crni petek pri Slovencih - Hudo Slovenija","robots":{"index":"index","follow":"follow","max-snippet":"max-snippet:-1","max-image-preview":"max-image-preview:large","max-video-preview":"max-video-preview:-1"},"canonical":"https:\/\/hudo.com\/si\/aktualno\/crni-petek-pri-slovencih\/","og_locale":"sl_SI","og_type":"article","og_title":"\u010crni petek pri Slovencih - Hudo Slovenija","og_description":"Kategorija: Finance Thu, 23 Nov 2017 06:00:00 +0100 Ljubljana \u2013 \u00bbBlack Friday (\u010drni petek) sem prvi\u010d izkoristila lani in pred\u010dasno opravila bo\u017ei\u010dne nakupe,\u00ab pravi Sonja \u0160muc, izvr\u0161na direktorica Gospodarske zbornice Slovenije. Sandi \u010ce\u0161ko, prvi mo\u017e Studia Moderna, sam sicer ni ljubitelj akcijskega nakupovanja, pojasnjuje, da \u010drni petek letos izvajajo na vseh njihovih 21 trgih, medtem ko je bila aktivnost \u0161e pred dvema letoma omejena predvsem na Romunijo, Bolgarijo in Srbijo. \u00bbV tem \u010dasu bele\u017eimo tudi do 10-kratno pove\u010danje obiskovalcev na na\u0161ih spletnih straneh, sama aktivnost pa generira ve\u010dinski dele\u017e na\u0161e prodaje v \u010detrtem kvartalu,\u00ab je povedal \u010ce\u0161ko.\u010ceprav je morda fenomen \u010drnega petka za marsikoga nerazumljiv, podatki ka\u017eejo, da je nakupovanje za \u0161tevilne pomembna zadeva. Ameri\u0161ka NRF (National Retail Federation) je ugotovila, da 17 odstotkov Ameri\u010danov o bo\u017ei\u010dnih nakupih za\u010dne razmi\u0161ljati \u017ee septembra, novembra za\u010dne vsak tretji pregledovati ponudbo, 36\u00a0...","og_url":"https:\/\/hudo.com\/si\/aktualno\/crni-petek-pri-slovencih\/","og_site_name":"Hudo Slovenija","article_publisher":"https:\/\/www.facebook.com\/hudo.si","article_published_time":"2017-11-23T04:00:00+00:00","og_image":[{"width":480,"height":290,"url":"https:\/\/hudo.com\/si\/wp-content\/uploads\/sites\/2\/2017\/11\/480x290_djvu_2453403_katra_jer-Trgovinske-razprodaje-pop.jpeg","type":"image\/jpeg"}],"author":"hudo","twitter_card":"summary_large_image","twitter_creator":"@hudo_si","twitter_site":"@hudo_si","twitter_misc":{"Written by":"hudo","Est. reading time":"1 minuta"},"schema":{"@context":"https:\/\/schema.org","@graph":[{"@type":"Article","@id":"https:\/\/hudo.com\/si\/aktualno\/crni-petek-pri-slovencih\/#article","isPartOf":{"@id":"https:\/\/hudo.com\/si\/aktualno\/crni-petek-pri-slovencih\/"},"author":{"name":"hudo","@id":"https:\/\/hudo.com\/si\/#\/schema\/person\/601cf3379633985b20f7e50f2bb47707"},"headline":"\u010crni petek pri Slovencih","datePublished":"2017-11-23T04:00:00+00:00","dateModified":"2017-11-23T04:00:00+00:00","mainEntityOfPage":{"@id":"https:\/\/hudo.com\/si\/aktualno\/crni-petek-pri-slovencih\/"},"wordCount":155,"publisher":{"@id":"https:\/\/hudo.com\/si\/#organization"},"articleSection":["Aktualno"],"inLanguage":"sl-SI"},{"@type":"WebPage","@id":"https:\/\/hudo.com\/si\/aktualno\/crni-petek-pri-slovencih\/","url":"https:\/\/hudo.com\/si\/aktualno\/crni-petek-pri-slovencih\/","name":"\u010crni petek pri Slovencih - Hudo Slovenija","isPartOf":{"@id":"https:\/\/hudo.com\/si\/#website"},"datePublished":"2017-11-23T04:00:00+00:00","dateModified":"2017-11-23T04:00:00+00:00","breadcrumb":{"@id":"https:\/\/hudo.com\/si\/aktualno\/crni-petek-pri-slovencih\/#breadcrumb"},"inLanguage":"sl-SI","potentialAction":[{"@type":"ReadAction","target":["https:\/\/hudo.com\/si\/aktualno\/crni-petek-pri-slovencih\/"]}]},{"@type":"BreadcrumbList","@id":"https:\/\/hudo.com\/si\/aktualno\/crni-petek-pri-slovencih\/#breadcrumb","itemListElement":[{"@type":"ListItem","position":1,"name":"Home","item":"https:\/\/hudo.com\/si\/"},{"@type":"ListItem","position":2,"name":"\u010crni petek pri Slovencih"}]},{"@type":"WebSite","@id":"https:\/\/hudo.com\/si\/#website","url":"https:\/\/hudo.com\/si\/","name":"Hudo Slovenija","description":"Vse novice iz Slovenije in sveta","publisher":{"@id":"https:\/\/hudo.com\/si\/#organization"},"potentialAction":[{"@type":"SearchAction","target":{"@type":"EntryPoint","urlTemplate":"https:\/\/hudo.com\/si\/?s={search_term_string}"},"query-input":"required name=search_term_string"}],"inLanguage":"sl-SI"},{"@type":"Organization","@id":"https:\/\/hudo.com\/si\/#organization","name":"VSN Media","url":"https:\/\/hudo.com\/si\/","logo":{"@type":"ImageObject","inLanguage":"sl-SI","@id":"https:\/\/hudo.com\/si\/#\/schema\/logo\/image\/","url":"https:\/\/hudo.com\/si\/wp-content\/uploads\/sites\/2\/2021\/03\/hudo-app-2.png","contentUrl":"https:\/\/hudo.com\/si\/wp-content\/uploads\/sites\/2\/2021\/03\/hudo-app-2.png","width":2185,"height":2167,"caption":"VSN Media"},"image":{"@id":"https:\/\/hudo.com\/si\/#\/schema\/logo\/image\/"},"sameAs":["https:\/\/www.facebook.com\/hudo.si","https:\/\/twitter.com\/hudo_si"]},{"@type":"Person","@id":"https:\/\/hudo.com\/si\/#\/schema\/person\/601cf3379633985b20f7e50f2bb47707","name":"hudo","image":{"@type":"ImageObject","inLanguage":"sl-SI","@id":"https:\/\/hudo.com\/si\/#\/schema\/person\/image\/","url":"https:\/\/secure.gravatar.com\/avatar\/c4ca25fa72cace7a696b52ff5db9e095?s=96&d=mm&r=g","contentUrl":"https:\/\/secure.gravatar.com\/avatar\/c4ca25fa72cace7a696b52ff5db9e095?s=96&d=mm&r=g","caption":"hudo"},"url":"https:\/\/hudo.com\/si\/author\/hudo\/"}]}},"amp_enabled":true,"_links":{"self":[{"href":"https:\/\/hudo.com\/si\/wp-json\/wp\/v2\/posts\/324884"}],"collection":[{"href":"https:\/\/hudo.com\/si\/wp-json\/wp\/v2\/posts"}],"about":[{"href":"https:\/\/hudo.com\/si\/wp-json\/wp\/v2\/types\/post"}],"author":[{"embeddable":true,"href":"https:\/\/hudo.com\/si\/wp-json\/wp\/v2\/users\/1"}],"replies":[{"embeddable":true,"href":"https:\/\/hudo.com\/si\/wp-json\/wp\/v2\/comments?post=324884"}],"version-history":[{"count":0,"href":"https:\/\/hudo.com\/si\/wp-json\/wp\/v2\/posts\/324884\/revisions"}],"wp:attachment":[{"href":"https:\/\/hudo.com\/si\/wp-json\/wp\/v2\/media?parent=324884"}],"wp:term":[{"taxonomy":"category","embeddable":true,"href":"https:\/\/hudo.com\/si\/wp-json\/wp\/v2\/categories?post=324884"},{"taxonomy":"post_tag","embeddable":true,"href":"https:\/\/hudo.com\/si\/wp-json\/wp\/v2\/tags?post=324884"},{"taxonomy":"source","embeddable":true,"href":"https:\/\/hudo.com\/si\/wp-json\/wp\/v2\/source?post=324884"},{"taxonomy":"supertag","embeddable":true,"href":"https:\/\/hudo.com\/si\/wp-json\/wp\/v2\/supertag?post=324884"}],"curies":[{"name":"wp","href":"https:\/\/api.w.org\/{rel}","templated":true}]}}