{"id":324997,"date":"2017-11-23T04:00:01","date_gmt":"2017-11-23T03:00:01","guid":{"rendered":"http:\/\/hudo.com\/si\/2017\/11\/23\/v-munchnu-prvi-letni-forum-strategije-eu-za-alpsko-regijo\/"},"modified":"2017-11-23T04:00:01","modified_gmt":"2017-11-23T03:00:01","slug":"v-munchnu-prvi-letni-forum-strategije-eu-za-alpsko-regijo","status":"publish","type":"post","link":"https:\/\/hudo.com\/si\/aktualno\/v-munchnu-prvi-letni-forum-strategije-eu-za-alpsko-regijo\/","title":{"rendered":"V M\u00fcnchnu prvi letni forum strategije EU za alpsko regijo"},"content":{"rendered":"<p>V M\u00fcnchnu vrata danes odpira prvi letni forum strategije EU za alpsko regijo (EUSALP), ob za\u010detku foruma pa se bodo na generalni skup\u0161\u010dini zbrali tudi predstavniki sedmih alpskih dr\u017eav, ki sestavljajo regijo. Sre\u010danje je namenjeno predstavitvi dosedanjega dela in opredelitev nadaljnje poti in klju\u010dnih izzivov, ki jih \u010dakajo na tej.<\/p>\n","protected":false},"excerpt":{"rendered":"<p>V M\u00fcnchnu vrata danes odpira prvi letni forum strategije EU za alpsko regijo (EUSALP), ob za\u010detku foruma pa se bodo na generalni skup\u0161\u010dini zbrali tudi predstavniki sedmih alpskih dr\u017eav, ki sestavljajo regijo. Sre\u010danje je namenjeno predstavitvi dosedanjega dela in opredelitev nadaljnje poti in klju\u010dnih izzivov, ki jih \u010dakajo na tej.<\/p>\n","protected":false},"author":1,"featured_media":0,"comment_status":"closed","ping_status":"closed","sticky":false,"template":"","format":"standard","meta":{"footnotes":""},"categories":[1179],"tags":[],"source":[9739],"supertag":[],"acf":[],"yoast_head":"<!-- This site is optimized with the Yoast SEO plugin v21.3 - https:\/\/yoast.com\/wordpress\/plugins\/seo\/ -->\n<title>V M\u00fcnchnu prvi letni forum strategije EU za alpsko regijo - Hudo Slovenija<\/title>\n<meta name=\"robots\" content=\"index, follow, max-snippet:-1, max-image-preview:large, max-video-preview:-1\" \/>\n<link rel=\"canonical\" href=\"https:\/\/hudo.com\/si\/aktualno\/v-munchnu-prvi-letni-forum-strategije-eu-za-alpsko-regijo\/\" \/>\n<meta property=\"og:locale\" content=\"sl_SI\" \/>\n<meta property=\"og:type\" content=\"article\" \/>\n<meta property=\"og:title\" content=\"V M\u00fcnchnu prvi letni forum strategije EU za alpsko regijo - Hudo Slovenija\" \/>\n<meta property=\"og:description\" content=\"V M\u00fcnchnu vrata danes odpira prvi letni forum strategije EU za alpsko regijo (EUSALP), ob za\u010detku foruma pa se bodo na generalni skup\u0161\u010dini zbrali tudi predstavniki sedmih alpskih dr\u017eav, ki sestavljajo regijo. Sre\u010danje je namenjeno predstavitvi dosedanjega dela in opredelitev nadaljnje poti in klju\u010dnih izzivov, ki jih \u010dakajo na tej.\" \/>\n<meta property=\"og:url\" content=\"https:\/\/hudo.com\/si\/aktualno\/v-munchnu-prvi-letni-forum-strategije-eu-za-alpsko-regijo\/\" \/>\n<meta property=\"og:site_name\" content=\"Hudo Slovenija\" \/>\n<meta property=\"article:publisher\" content=\"https:\/\/www.facebook.com\/hudo.si\" \/>\n<meta property=\"article:published_time\" content=\"2017-11-23T03:00:01+00:00\" \/>\n<meta property=\"og:image\" content=\"https:\/\/hudo.com\/si\/wp-content\/uploads\/sites\/2\/2017\/11\/iztok_mirosic_1.jpg\" \/>\n\t<meta property=\"og:image:width\" content=\"610\" \/>\n\t<meta property=\"og:image:height\" content=\"406\" \/>\n\t<meta property=\"og:image:type\" content=\"image\/jpeg\" \/>\n<meta name=\"author\" content=\"hudo\" \/>\n<meta name=\"twitter:card\" content=\"summary_large_image\" \/>\n<meta name=\"twitter:creator\" content=\"@hudo_si\" \/>\n<meta name=\"twitter:site\" content=\"@hudo_si\" \/>\n<meta name=\"twitter:label1\" content=\"Written by\" \/>\n\t<meta name=\"twitter:data1\" content=\"hudo\" \/>\n<script type=\"application\/ld+json\" class=\"yoast-schema-graph\">{\"@context\":\"https:\/\/schema.org\",\"@graph\":[{\"@type\":\"Article\",\"@id\":\"https:\/\/hudo.com\/si\/aktualno\/v-munchnu-prvi-letni-forum-strategije-eu-za-alpsko-regijo\/#article\",\"isPartOf\":{\"@id\":\"https:\/\/hudo.com\/si\/aktualno\/v-munchnu-prvi-letni-forum-strategije-eu-za-alpsko-regijo\/\"},\"author\":{\"name\":\"hudo\",\"@id\":\"https:\/\/hudo.com\/si\/#\/schema\/person\/601cf3379633985b20f7e50f2bb47707\"},\"headline\":\"V M\u00fcnchnu prvi letni forum strategije EU za alpsko regijo\",\"datePublished\":\"2017-11-23T03:00:01+00:00\",\"dateModified\":\"2017-11-23T03:00:01+00:00\",\"mainEntityOfPage\":{\"@id\":\"https:\/\/hudo.com\/si\/aktualno\/v-munchnu-prvi-letni-forum-strategije-eu-za-alpsko-regijo\/\"},\"wordCount\":67,\"publisher\":{\"@id\":\"https:\/\/hudo.com\/si\/#organization\"},\"articleSection\":[\"Aktualno\"],\"inLanguage\":\"sl-SI\"},{\"@type\":\"WebPage\",\"@id\":\"https:\/\/hudo.com\/si\/aktualno\/v-munchnu-prvi-letni-forum-strategije-eu-za-alpsko-regijo\/\",\"url\":\"https:\/\/hudo.com\/si\/aktualno\/v-munchnu-prvi-letni-forum-strategije-eu-za-alpsko-regijo\/\",\"name\":\"V M\u00fcnchnu prvi letni forum strategije EU za alpsko regijo - Hudo Slovenija\",\"isPartOf\":{\"@id\":\"https:\/\/hudo.com\/si\/#website\"},\"datePublished\":\"2017-11-23T03:00:01+00:00\",\"dateModified\":\"2017-11-23T03:00:01+00:00\",\"breadcrumb\":{\"@id\":\"https:\/\/hudo.com\/si\/aktualno\/v-munchnu-prvi-letni-forum-strategije-eu-za-alpsko-regijo\/#breadcrumb\"},\"inLanguage\":\"sl-SI\",\"potentialAction\":[{\"@type\":\"ReadAction\",\"target\":[\"https:\/\/hudo.com\/si\/aktualno\/v-munchnu-prvi-letni-forum-strategije-eu-za-alpsko-regijo\/\"]}]},{\"@type\":\"BreadcrumbList\",\"@id\":\"https:\/\/hudo.com\/si\/aktualno\/v-munchnu-prvi-letni-forum-strategije-eu-za-alpsko-regijo\/#breadcrumb\",\"itemListElement\":[{\"@type\":\"ListItem\",\"position\":1,\"name\":\"Home\",\"item\":\"https:\/\/hudo.com\/si\/\"},{\"@type\":\"ListItem\",\"position\":2,\"name\":\"V M\u00fcnchnu prvi letni forum strategije EU za alpsko regijo\"}]},{\"@type\":\"WebSite\",\"@id\":\"https:\/\/hudo.com\/si\/#website\",\"url\":\"https:\/\/hudo.com\/si\/\",\"name\":\"Hudo Slovenija\",\"description\":\"Vse novice iz Slovenije in sveta\",\"publisher\":{\"@id\":\"https:\/\/hudo.com\/si\/#organization\"},\"potentialAction\":[{\"@type\":\"SearchAction\",\"target\":{\"@type\":\"EntryPoint\",\"urlTemplate\":\"https:\/\/hudo.com\/si\/?s={search_term_string}\"},\"query-input\":\"required name=search_term_string\"}],\"inLanguage\":\"sl-SI\"},{\"@type\":\"Organization\",\"@id\":\"https:\/\/hudo.com\/si\/#organization\",\"name\":\"VSN Media\",\"url\":\"https:\/\/hudo.com\/si\/\",\"logo\":{\"@type\":\"ImageObject\",\"inLanguage\":\"sl-SI\",\"@id\":\"https:\/\/hudo.com\/si\/#\/schema\/logo\/image\/\",\"url\":\"https:\/\/hudo.com\/si\/wp-content\/uploads\/sites\/2\/2021\/03\/hudo-app-2.png\",\"contentUrl\":\"https:\/\/hudo.com\/si\/wp-content\/uploads\/sites\/2\/2021\/03\/hudo-app-2.png\",\"width\":2185,\"height\":2167,\"caption\":\"VSN Media\"},\"image\":{\"@id\":\"https:\/\/hudo.com\/si\/#\/schema\/logo\/image\/\"},\"sameAs\":[\"https:\/\/www.facebook.com\/hudo.si\",\"https:\/\/twitter.com\/hudo_si\"]},{\"@type\":\"Person\",\"@id\":\"https:\/\/hudo.com\/si\/#\/schema\/person\/601cf3379633985b20f7e50f2bb47707\",\"name\":\"hudo\",\"image\":{\"@type\":\"ImageObject\",\"inLanguage\":\"sl-SI\",\"@id\":\"https:\/\/hudo.com\/si\/#\/schema\/person\/image\/\",\"url\":\"https:\/\/secure.gravatar.com\/avatar\/c4ca25fa72cace7a696b52ff5db9e095?s=96&d=mm&r=g\",\"contentUrl\":\"https:\/\/secure.gravatar.com\/avatar\/c4ca25fa72cace7a696b52ff5db9e095?s=96&d=mm&r=g\",\"caption\":\"hudo\"},\"url\":\"https:\/\/hudo.com\/si\/author\/hudo\/\"}]}<\/script>\n<!-- \/ Yoast SEO plugin. -->","yoast_head_json":{"title":"V M\u00fcnchnu prvi letni forum strategije EU za alpsko regijo - Hudo Slovenija","robots":{"index":"index","follow":"follow","max-snippet":"max-snippet:-1","max-image-preview":"max-image-preview:large","max-video-preview":"max-video-preview:-1"},"canonical":"https:\/\/hudo.com\/si\/aktualno\/v-munchnu-prvi-letni-forum-strategije-eu-za-alpsko-regijo\/","og_locale":"sl_SI","og_type":"article","og_title":"V M\u00fcnchnu prvi letni forum strategije EU za alpsko regijo - Hudo Slovenija","og_description":"V M\u00fcnchnu vrata danes odpira prvi letni forum strategije EU za alpsko regijo (EUSALP), ob za\u010detku foruma pa se bodo na generalni skup\u0161\u010dini zbrali tudi predstavniki sedmih alpskih dr\u017eav, ki sestavljajo regijo. Sre\u010danje je namenjeno predstavitvi dosedanjega dela in opredelitev nadaljnje poti in klju\u010dnih izzivov, ki jih \u010dakajo na tej.","og_url":"https:\/\/hudo.com\/si\/aktualno\/v-munchnu-prvi-letni-forum-strategije-eu-za-alpsko-regijo\/","og_site_name":"Hudo Slovenija","article_publisher":"https:\/\/www.facebook.com\/hudo.si","article_published_time":"2017-11-23T03:00:01+00:00","og_image":[{"width":610,"height":406,"url":"https:\/\/hudo.com\/si\/wp-content\/uploads\/sites\/2\/2017\/11\/iztok_mirosic_1.jpg","type":"image\/jpeg"}],"author":"hudo","twitter_card":"summary_large_image","twitter_creator":"@hudo_si","twitter_site":"@hudo_si","twitter_misc":{"Written by":"hudo"},"schema":{"@context":"https:\/\/schema.org","@graph":[{"@type":"Article","@id":"https:\/\/hudo.com\/si\/aktualno\/v-munchnu-prvi-letni-forum-strategije-eu-za-alpsko-regijo\/#article","isPartOf":{"@id":"https:\/\/hudo.com\/si\/aktualno\/v-munchnu-prvi-letni-forum-strategije-eu-za-alpsko-regijo\/"},"author":{"name":"hudo","@id":"https:\/\/hudo.com\/si\/#\/schema\/person\/601cf3379633985b20f7e50f2bb47707"},"headline":"V M\u00fcnchnu prvi letni forum strategije EU za alpsko regijo","datePublished":"2017-11-23T03:00:01+00:00","dateModified":"2017-11-23T03:00:01+00:00","mainEntityOfPage":{"@id":"https:\/\/hudo.com\/si\/aktualno\/v-munchnu-prvi-letni-forum-strategije-eu-za-alpsko-regijo\/"},"wordCount":67,"publisher":{"@id":"https:\/\/hudo.com\/si\/#organization"},"articleSection":["Aktualno"],"inLanguage":"sl-SI"},{"@type":"WebPage","@id":"https:\/\/hudo.com\/si\/aktualno\/v-munchnu-prvi-letni-forum-strategije-eu-za-alpsko-regijo\/","url":"https:\/\/hudo.com\/si\/aktualno\/v-munchnu-prvi-letni-forum-strategije-eu-za-alpsko-regijo\/","name":"V M\u00fcnchnu prvi letni forum strategije EU za alpsko regijo - Hudo Slovenija","isPartOf":{"@id":"https:\/\/hudo.com\/si\/#website"},"datePublished":"2017-11-23T03:00:01+00:00","dateModified":"2017-11-23T03:00:01+00:00","breadcrumb":{"@id":"https:\/\/hudo.com\/si\/aktualno\/v-munchnu-prvi-letni-forum-strategije-eu-za-alpsko-regijo\/#breadcrumb"},"inLanguage":"sl-SI","potentialAction":[{"@type":"ReadAction","target":["https:\/\/hudo.com\/si\/aktualno\/v-munchnu-prvi-letni-forum-strategije-eu-za-alpsko-regijo\/"]}]},{"@type":"BreadcrumbList","@id":"https:\/\/hudo.com\/si\/aktualno\/v-munchnu-prvi-letni-forum-strategije-eu-za-alpsko-regijo\/#breadcrumb","itemListElement":[{"@type":"ListItem","position":1,"name":"Home","item":"https:\/\/hudo.com\/si\/"},{"@type":"ListItem","position":2,"name":"V M\u00fcnchnu prvi letni forum strategije EU za alpsko regijo"}]},{"@type":"WebSite","@id":"https:\/\/hudo.com\/si\/#website","url":"https:\/\/hudo.com\/si\/","name":"Hudo Slovenija","description":"Vse novice iz Slovenije in sveta","publisher":{"@id":"https:\/\/hudo.com\/si\/#organization"},"potentialAction":[{"@type":"SearchAction","target":{"@type":"EntryPoint","urlTemplate":"https:\/\/hudo.com\/si\/?s={search_term_string}"},"query-input":"required name=search_term_string"}],"inLanguage":"sl-SI"},{"@type":"Organization","@id":"https:\/\/hudo.com\/si\/#organization","name":"VSN Media","url":"https:\/\/hudo.com\/si\/","logo":{"@type":"ImageObject","inLanguage":"sl-SI","@id":"https:\/\/hudo.com\/si\/#\/schema\/logo\/image\/","url":"https:\/\/hudo.com\/si\/wp-content\/uploads\/sites\/2\/2021\/03\/hudo-app-2.png","contentUrl":"https:\/\/hudo.com\/si\/wp-content\/uploads\/sites\/2\/2021\/03\/hudo-app-2.png","width":2185,"height":2167,"caption":"VSN Media"},"image":{"@id":"https:\/\/hudo.com\/si\/#\/schema\/logo\/image\/"},"sameAs":["https:\/\/www.facebook.com\/hudo.si","https:\/\/twitter.com\/hudo_si"]},{"@type":"Person","@id":"https:\/\/hudo.com\/si\/#\/schema\/person\/601cf3379633985b20f7e50f2bb47707","name":"hudo","image":{"@type":"ImageObject","inLanguage":"sl-SI","@id":"https:\/\/hudo.com\/si\/#\/schema\/person\/image\/","url":"https:\/\/secure.gravatar.com\/avatar\/c4ca25fa72cace7a696b52ff5db9e095?s=96&d=mm&r=g","contentUrl":"https:\/\/secure.gravatar.com\/avatar\/c4ca25fa72cace7a696b52ff5db9e095?s=96&d=mm&r=g","caption":"hudo"},"url":"https:\/\/hudo.com\/si\/author\/hudo\/"}]}},"amp_enabled":true,"_links":{"self":[{"href":"https:\/\/hudo.com\/si\/wp-json\/wp\/v2\/posts\/324997"}],"collection":[{"href":"https:\/\/hudo.com\/si\/wp-json\/wp\/v2\/posts"}],"about":[{"href":"https:\/\/hudo.com\/si\/wp-json\/wp\/v2\/types\/post"}],"author":[{"embeddable":true,"href":"https:\/\/hudo.com\/si\/wp-json\/wp\/v2\/users\/1"}],"replies":[{"embeddable":true,"href":"https:\/\/hudo.com\/si\/wp-json\/wp\/v2\/comments?post=324997"}],"version-history":[{"count":0,"href":"https:\/\/hudo.com\/si\/wp-json\/wp\/v2\/posts\/324997\/revisions"}],"wp:attachment":[{"href":"https:\/\/hudo.com\/si\/wp-json\/wp\/v2\/media?parent=324997"}],"wp:term":[{"taxonomy":"category","embeddable":true,"href":"https:\/\/hudo.com\/si\/wp-json\/wp\/v2\/categories?post=324997"},{"taxonomy":"post_tag","embeddable":true,"href":"https:\/\/hudo.com\/si\/wp-json\/wp\/v2\/tags?post=324997"},{"taxonomy":"source","embeddable":true,"href":"https:\/\/hudo.com\/si\/wp-json\/wp\/v2\/source?post=324997"},{"taxonomy":"supertag","embeddable":true,"href":"https:\/\/hudo.com\/si\/wp-json\/wp\/v2\/supertag?post=324997"}],"curies":[{"name":"wp","href":"https:\/\/api.w.org\/{rel}","templated":true}]}}