{"id":325145,"date":"2017-11-23T09:55:00","date_gmt":"2017-11-23T08:55:00","guid":{"rendered":"http:\/\/hudo.com\/si\/2017\/11\/23\/matjaz-kek-bi-se-lahko-poslovil-ze-danes\/"},"modified":"2017-11-23T09:55:00","modified_gmt":"2017-11-23T08:55:00","slug":"matjaz-kek-bi-se-lahko-poslovil-ze-danes","status":"publish","type":"post","link":"https:\/\/hudo.com\/si\/aktualno\/matjaz-kek-bi-se-lahko-poslovil-ze-danes\/","title":{"rendered":"Matja\u017e Kek bi se lahko poslovil \u017ee danes"},"content":{"rendered":"<p>Nogometni \u010detrtek bo spet rezerviran za udele\u017eence evropske lige, med katerimi ne manjka Slovencev. Zenit Mihe Mevlje si je \u017ee zagotovil napredovanje, na zelo dobri poti so tudi Josip Ili\u010di\u0107, Jasmin Kurti\u0107 (oba Atalanta) in Benjamin Verbi\u010d (K\u00f6benhavn). Kekova Rijeka ima danes zadnjo prilo\u017enost, da ostane v igri za preboj med 32 najbolj\u0161ih.<\/p>\n","protected":false},"excerpt":{"rendered":"<p>Nogometni \u010detrtek bo spet rezerviran za udele\u017eence evropske lige, med katerimi ne manjka Slovencev. Zenit Mihe Mevlje si je \u017ee zagotovil napredovanje, na zelo dobri poti so tudi Josip Ili\u010di\u0107, Jasmin Kurti\u0107 (oba Atalanta) in Benjamin Verbi\u010d (K\u00f6benhavn). Kekova Rijeka ima danes zadnjo prilo\u017enost, da ostane v igri za preboj med 32 najbolj\u0161ih.<\/p>\n","protected":false},"author":1,"featured_media":0,"comment_status":"closed","ping_status":"closed","sticky":false,"template":"","format":"standard","meta":{"footnotes":""},"categories":[1179],"tags":[],"source":[1717],"supertag":[],"acf":[],"yoast_head":"<!-- This site is optimized with the Yoast SEO plugin v21.3 - https:\/\/yoast.com\/wordpress\/plugins\/seo\/ -->\n<title>Matja\u017e Kek bi se lahko poslovil \u017ee danes - Hudo Slovenija<\/title>\n<meta name=\"robots\" content=\"index, follow, max-snippet:-1, max-image-preview:large, max-video-preview:-1\" \/>\n<link rel=\"canonical\" href=\"https:\/\/hudo.com\/si\/aktualno\/matjaz-kek-bi-se-lahko-poslovil-ze-danes\/\" \/>\n<meta property=\"og:locale\" content=\"sl_SI\" \/>\n<meta property=\"og:type\" content=\"article\" \/>\n<meta property=\"og:title\" content=\"Matja\u017e Kek bi se lahko poslovil \u017ee danes - Hudo Slovenija\" \/>\n<meta property=\"og:description\" content=\"Nogometni \u010detrtek bo spet rezerviran za udele\u017eence evropske lige, med katerimi ne manjka Slovencev. Zenit Mihe Mevlje si je \u017ee zagotovil napredovanje, na zelo dobri poti so tudi Josip Ili\u010di\u0107, Jasmin Kurti\u0107 (oba Atalanta) in Benjamin Verbi\u010d (K\u00f6benhavn). Kekova Rijeka ima danes zadnjo prilo\u017enost, da ostane v igri za preboj med 32 najbolj\u0161ih.\" \/>\n<meta property=\"og:url\" content=\"https:\/\/hudo.com\/si\/aktualno\/matjaz-kek-bi-se-lahko-poslovil-ze-danes\/\" \/>\n<meta property=\"og:site_name\" content=\"Hudo Slovenija\" \/>\n<meta property=\"article:publisher\" content=\"https:\/\/www.facebook.com\/hudo.si\" \/>\n<meta property=\"article:published_time\" content=\"2017-11-23T08:55:00+00:00\" \/>\n<meta property=\"og:image\" content=\"https:\/\/hudo.com\/si\/wp-content\/uploads\/sites\/2\/2017\/11\/35003426ccea8edbd2f4-rijeka-austria-dunaj-matjaz-kek.jpeg\" \/>\n\t<meta property=\"og:image:width\" content=\"1200\" \/>\n\t<meta property=\"og:image:height\" content=\"628\" \/>\n\t<meta property=\"og:image:type\" content=\"image\/jpeg\" \/>\n<meta name=\"author\" content=\"hudo\" \/>\n<meta name=\"twitter:card\" content=\"summary_large_image\" \/>\n<meta name=\"twitter:creator\" content=\"@hudo_si\" \/>\n<meta name=\"twitter:site\" content=\"@hudo_si\" \/>\n<meta name=\"twitter:label1\" content=\"Written by\" \/>\n\t<meta name=\"twitter:data1\" content=\"hudo\" \/>\n<script type=\"application\/ld+json\" class=\"yoast-schema-graph\">{\"@context\":\"https:\/\/schema.org\",\"@graph\":[{\"@type\":\"Article\",\"@id\":\"https:\/\/hudo.com\/si\/aktualno\/matjaz-kek-bi-se-lahko-poslovil-ze-danes\/#article\",\"isPartOf\":{\"@id\":\"https:\/\/hudo.com\/si\/aktualno\/matjaz-kek-bi-se-lahko-poslovil-ze-danes\/\"},\"author\":{\"name\":\"hudo\",\"@id\":\"https:\/\/hudo.com\/si\/#\/schema\/person\/601cf3379633985b20f7e50f2bb47707\"},\"headline\":\"Matja\u017e Kek bi se lahko poslovil \u017ee danes\",\"datePublished\":\"2017-11-23T08:55:00+00:00\",\"dateModified\":\"2017-11-23T08:55:00+00:00\",\"mainEntityOfPage\":{\"@id\":\"https:\/\/hudo.com\/si\/aktualno\/matjaz-kek-bi-se-lahko-poslovil-ze-danes\/\"},\"wordCount\":65,\"publisher\":{\"@id\":\"https:\/\/hudo.com\/si\/#organization\"},\"articleSection\":[\"Aktualno\"],\"inLanguage\":\"sl-SI\"},{\"@type\":\"WebPage\",\"@id\":\"https:\/\/hudo.com\/si\/aktualno\/matjaz-kek-bi-se-lahko-poslovil-ze-danes\/\",\"url\":\"https:\/\/hudo.com\/si\/aktualno\/matjaz-kek-bi-se-lahko-poslovil-ze-danes\/\",\"name\":\"Matja\u017e Kek bi se lahko poslovil \u017ee danes - Hudo Slovenija\",\"isPartOf\":{\"@id\":\"https:\/\/hudo.com\/si\/#website\"},\"datePublished\":\"2017-11-23T08:55:00+00:00\",\"dateModified\":\"2017-11-23T08:55:00+00:00\",\"breadcrumb\":{\"@id\":\"https:\/\/hudo.com\/si\/aktualno\/matjaz-kek-bi-se-lahko-poslovil-ze-danes\/#breadcrumb\"},\"inLanguage\":\"sl-SI\",\"potentialAction\":[{\"@type\":\"ReadAction\",\"target\":[\"https:\/\/hudo.com\/si\/aktualno\/matjaz-kek-bi-se-lahko-poslovil-ze-danes\/\"]}]},{\"@type\":\"BreadcrumbList\",\"@id\":\"https:\/\/hudo.com\/si\/aktualno\/matjaz-kek-bi-se-lahko-poslovil-ze-danes\/#breadcrumb\",\"itemListElement\":[{\"@type\":\"ListItem\",\"position\":1,\"name\":\"Home\",\"item\":\"https:\/\/hudo.com\/si\/\"},{\"@type\":\"ListItem\",\"position\":2,\"name\":\"Matja\u017e Kek bi se lahko poslovil \u017ee danes\"}]},{\"@type\":\"WebSite\",\"@id\":\"https:\/\/hudo.com\/si\/#website\",\"url\":\"https:\/\/hudo.com\/si\/\",\"name\":\"Hudo Slovenija\",\"description\":\"Vse novice iz Slovenije in sveta\",\"publisher\":{\"@id\":\"https:\/\/hudo.com\/si\/#organization\"},\"potentialAction\":[{\"@type\":\"SearchAction\",\"target\":{\"@type\":\"EntryPoint\",\"urlTemplate\":\"https:\/\/hudo.com\/si\/?s={search_term_string}\"},\"query-input\":\"required name=search_term_string\"}],\"inLanguage\":\"sl-SI\"},{\"@type\":\"Organization\",\"@id\":\"https:\/\/hudo.com\/si\/#organization\",\"name\":\"VSN Media\",\"url\":\"https:\/\/hudo.com\/si\/\",\"logo\":{\"@type\":\"ImageObject\",\"inLanguage\":\"sl-SI\",\"@id\":\"https:\/\/hudo.com\/si\/#\/schema\/logo\/image\/\",\"url\":\"https:\/\/hudo.com\/si\/wp-content\/uploads\/sites\/2\/2021\/03\/hudo-app-2.png\",\"contentUrl\":\"https:\/\/hudo.com\/si\/wp-content\/uploads\/sites\/2\/2021\/03\/hudo-app-2.png\",\"width\":2185,\"height\":2167,\"caption\":\"VSN Media\"},\"image\":{\"@id\":\"https:\/\/hudo.com\/si\/#\/schema\/logo\/image\/\"},\"sameAs\":[\"https:\/\/www.facebook.com\/hudo.si\",\"https:\/\/twitter.com\/hudo_si\"]},{\"@type\":\"Person\",\"@id\":\"https:\/\/hudo.com\/si\/#\/schema\/person\/601cf3379633985b20f7e50f2bb47707\",\"name\":\"hudo\",\"image\":{\"@type\":\"ImageObject\",\"inLanguage\":\"sl-SI\",\"@id\":\"https:\/\/hudo.com\/si\/#\/schema\/person\/image\/\",\"url\":\"https:\/\/secure.gravatar.com\/avatar\/c4ca25fa72cace7a696b52ff5db9e095?s=96&d=mm&r=g\",\"contentUrl\":\"https:\/\/secure.gravatar.com\/avatar\/c4ca25fa72cace7a696b52ff5db9e095?s=96&d=mm&r=g\",\"caption\":\"hudo\"},\"url\":\"https:\/\/hudo.com\/si\/author\/hudo\/\"}]}<\/script>\n<!-- \/ Yoast SEO plugin. -->","yoast_head_json":{"title":"Matja\u017e Kek bi se lahko poslovil \u017ee danes - Hudo Slovenija","robots":{"index":"index","follow":"follow","max-snippet":"max-snippet:-1","max-image-preview":"max-image-preview:large","max-video-preview":"max-video-preview:-1"},"canonical":"https:\/\/hudo.com\/si\/aktualno\/matjaz-kek-bi-se-lahko-poslovil-ze-danes\/","og_locale":"sl_SI","og_type":"article","og_title":"Matja\u017e Kek bi se lahko poslovil \u017ee danes - Hudo Slovenija","og_description":"Nogometni \u010detrtek bo spet rezerviran za udele\u017eence evropske lige, med katerimi ne manjka Slovencev. Zenit Mihe Mevlje si je \u017ee zagotovil napredovanje, na zelo dobri poti so tudi Josip Ili\u010di\u0107, Jasmin Kurti\u0107 (oba Atalanta) in Benjamin Verbi\u010d (K\u00f6benhavn). Kekova Rijeka ima danes zadnjo prilo\u017enost, da ostane v igri za preboj med 32 najbolj\u0161ih.","og_url":"https:\/\/hudo.com\/si\/aktualno\/matjaz-kek-bi-se-lahko-poslovil-ze-danes\/","og_site_name":"Hudo Slovenija","article_publisher":"https:\/\/www.facebook.com\/hudo.si","article_published_time":"2017-11-23T08:55:00+00:00","og_image":[{"width":1200,"height":628,"url":"https:\/\/hudo.com\/si\/wp-content\/uploads\/sites\/2\/2017\/11\/35003426ccea8edbd2f4-rijeka-austria-dunaj-matjaz-kek.jpeg","type":"image\/jpeg"}],"author":"hudo","twitter_card":"summary_large_image","twitter_creator":"@hudo_si","twitter_site":"@hudo_si","twitter_misc":{"Written by":"hudo"},"schema":{"@context":"https:\/\/schema.org","@graph":[{"@type":"Article","@id":"https:\/\/hudo.com\/si\/aktualno\/matjaz-kek-bi-se-lahko-poslovil-ze-danes\/#article","isPartOf":{"@id":"https:\/\/hudo.com\/si\/aktualno\/matjaz-kek-bi-se-lahko-poslovil-ze-danes\/"},"author":{"name":"hudo","@id":"https:\/\/hudo.com\/si\/#\/schema\/person\/601cf3379633985b20f7e50f2bb47707"},"headline":"Matja\u017e Kek bi se lahko poslovil \u017ee danes","datePublished":"2017-11-23T08:55:00+00:00","dateModified":"2017-11-23T08:55:00+00:00","mainEntityOfPage":{"@id":"https:\/\/hudo.com\/si\/aktualno\/matjaz-kek-bi-se-lahko-poslovil-ze-danes\/"},"wordCount":65,"publisher":{"@id":"https:\/\/hudo.com\/si\/#organization"},"articleSection":["Aktualno"],"inLanguage":"sl-SI"},{"@type":"WebPage","@id":"https:\/\/hudo.com\/si\/aktualno\/matjaz-kek-bi-se-lahko-poslovil-ze-danes\/","url":"https:\/\/hudo.com\/si\/aktualno\/matjaz-kek-bi-se-lahko-poslovil-ze-danes\/","name":"Matja\u017e Kek bi se lahko poslovil \u017ee danes - Hudo Slovenija","isPartOf":{"@id":"https:\/\/hudo.com\/si\/#website"},"datePublished":"2017-11-23T08:55:00+00:00","dateModified":"2017-11-23T08:55:00+00:00","breadcrumb":{"@id":"https:\/\/hudo.com\/si\/aktualno\/matjaz-kek-bi-se-lahko-poslovil-ze-danes\/#breadcrumb"},"inLanguage":"sl-SI","potentialAction":[{"@type":"ReadAction","target":["https:\/\/hudo.com\/si\/aktualno\/matjaz-kek-bi-se-lahko-poslovil-ze-danes\/"]}]},{"@type":"BreadcrumbList","@id":"https:\/\/hudo.com\/si\/aktualno\/matjaz-kek-bi-se-lahko-poslovil-ze-danes\/#breadcrumb","itemListElement":[{"@type":"ListItem","position":1,"name":"Home","item":"https:\/\/hudo.com\/si\/"},{"@type":"ListItem","position":2,"name":"Matja\u017e Kek bi se lahko poslovil \u017ee danes"}]},{"@type":"WebSite","@id":"https:\/\/hudo.com\/si\/#website","url":"https:\/\/hudo.com\/si\/","name":"Hudo Slovenija","description":"Vse novice iz Slovenije in sveta","publisher":{"@id":"https:\/\/hudo.com\/si\/#organization"},"potentialAction":[{"@type":"SearchAction","target":{"@type":"EntryPoint","urlTemplate":"https:\/\/hudo.com\/si\/?s={search_term_string}"},"query-input":"required name=search_term_string"}],"inLanguage":"sl-SI"},{"@type":"Organization","@id":"https:\/\/hudo.com\/si\/#organization","name":"VSN Media","url":"https:\/\/hudo.com\/si\/","logo":{"@type":"ImageObject","inLanguage":"sl-SI","@id":"https:\/\/hudo.com\/si\/#\/schema\/logo\/image\/","url":"https:\/\/hudo.com\/si\/wp-content\/uploads\/sites\/2\/2021\/03\/hudo-app-2.png","contentUrl":"https:\/\/hudo.com\/si\/wp-content\/uploads\/sites\/2\/2021\/03\/hudo-app-2.png","width":2185,"height":2167,"caption":"VSN Media"},"image":{"@id":"https:\/\/hudo.com\/si\/#\/schema\/logo\/image\/"},"sameAs":["https:\/\/www.facebook.com\/hudo.si","https:\/\/twitter.com\/hudo_si"]},{"@type":"Person","@id":"https:\/\/hudo.com\/si\/#\/schema\/person\/601cf3379633985b20f7e50f2bb47707","name":"hudo","image":{"@type":"ImageObject","inLanguage":"sl-SI","@id":"https:\/\/hudo.com\/si\/#\/schema\/person\/image\/","url":"https:\/\/secure.gravatar.com\/avatar\/c4ca25fa72cace7a696b52ff5db9e095?s=96&d=mm&r=g","contentUrl":"https:\/\/secure.gravatar.com\/avatar\/c4ca25fa72cace7a696b52ff5db9e095?s=96&d=mm&r=g","caption":"hudo"},"url":"https:\/\/hudo.com\/si\/author\/hudo\/"}]}},"amp_enabled":true,"_links":{"self":[{"href":"https:\/\/hudo.com\/si\/wp-json\/wp\/v2\/posts\/325145"}],"collection":[{"href":"https:\/\/hudo.com\/si\/wp-json\/wp\/v2\/posts"}],"about":[{"href":"https:\/\/hudo.com\/si\/wp-json\/wp\/v2\/types\/post"}],"author":[{"embeddable":true,"href":"https:\/\/hudo.com\/si\/wp-json\/wp\/v2\/users\/1"}],"replies":[{"embeddable":true,"href":"https:\/\/hudo.com\/si\/wp-json\/wp\/v2\/comments?post=325145"}],"version-history":[{"count":0,"href":"https:\/\/hudo.com\/si\/wp-json\/wp\/v2\/posts\/325145\/revisions"}],"wp:attachment":[{"href":"https:\/\/hudo.com\/si\/wp-json\/wp\/v2\/media?parent=325145"}],"wp:term":[{"taxonomy":"category","embeddable":true,"href":"https:\/\/hudo.com\/si\/wp-json\/wp\/v2\/categories?post=325145"},{"taxonomy":"post_tag","embeddable":true,"href":"https:\/\/hudo.com\/si\/wp-json\/wp\/v2\/tags?post=325145"},{"taxonomy":"source","embeddable":true,"href":"https:\/\/hudo.com\/si\/wp-json\/wp\/v2\/source?post=325145"},{"taxonomy":"supertag","embeddable":true,"href":"https:\/\/hudo.com\/si\/wp-json\/wp\/v2\/supertag?post=325145"}],"curies":[{"name":"wp","href":"https:\/\/api.w.org\/{rel}","templated":true}]}}