{"id":32567,"date":"2016-04-18T14:06:44","date_gmt":"2016-04-18T12:06:44","guid":{"rendered":"http:\/\/hudo.com\/si\/?p=32567"},"modified":"2016-04-19T14:40:20","modified_gmt":"2016-04-19T12:40:20","slug":"stanje-registrirane-brezposelnosti-se-izboljsuje","status":"publish","type":"post","link":"https:\/\/hudo.com\/si\/aktualno\/stanje-registrirane-brezposelnosti-se-izboljsuje\/","title":{"rendered":"Stanje registrirane brezposelnosti se izbolj\u0161uje!"},"content":{"rendered":"<div class=\"text\">\n<p>Stopnja registrirane brezposelnosti je pri mo\u0161kih dosegla 11,9 odstotka in bila za 0,3 odstotne to\u010dke ni\u017eja kot januarja. Pri \u017eenskah je bila 13,5-odstotna in za 0,2 odstotni to\u010dki ni\u017eja kot mesec prej.<\/p>\n<figure id=\"attachment_32568\" aria-describedby=\"caption-attachment-32568\" style=\"width: 300px\" class=\"wp-caption alignnone\"><a href=\"http:\/\/hudo.com\/si\/wp-content\/uploads\/sites\/2\/2016\/04\/ThinkstockPhotos-200398529-001.jpg\" rel=\"attachment wp-att-32568\"><img loading=\"lazy\" decoding=\"async\" class=\"wp-image-32568 size-medium\" src=\"http:\/\/hudo.com\/si\/wp-content\/uploads\/sites\/2\/2016\/04\/ThinkstockPhotos-200398529-001-300x225.jpg\" alt=\"Business people looking down at man lying on pavement, elevated view\" width=\"300\" height=\"225\" srcset=\"https:\/\/hudo.com\/si\/wp-content\/uploads\/sites\/2\/2016\/04\/ThinkstockPhotos-200398529-001-300x225.jpg 300w, https:\/\/hudo.com\/si\/wp-content\/uploads\/sites\/2\/2016\/04\/ThinkstockPhotos-200398529-001-600x451.jpg 600w, https:\/\/hudo.com\/si\/wp-content\/uploads\/sites\/2\/2016\/04\/ThinkstockPhotos-200398529-001.jpg 683w, https:\/\/hudo.com\/si\/wp-content\/uploads\/sites\/2\/2016\/04\/ThinkstockPhotos-200398529-001-1024x769.jpg 1024w\" sizes=\"(max-width: 300px) 100vw, 300px\" \/><\/a><figcaption id=\"caption-attachment-32568\" class=\"wp-caption-text\">Foto: Thinkstock<\/figcaption><\/figure>\n<p>Stopnja registrirane brezposelnosti se je februarja zni\u017eala v vseh statisti\u010dnih regijah. Najbolj je upadla v pomurski regiji, in sicer za 0,8 odstotne to\u010dke na 20,2 odstotka.<\/p>\n<p>Konec februarja je bilo v mese\u010dni primerjavi v dr\u017eavi za 0,5 odstotka ve\u010d delovno aktivnih oseb, v primerjavi z lanskim februarjem pa za 0,6 odstotka.<\/p>\n<p>\u0160tevilo zaposlenih oseb se je na mese\u010dni ravni pove\u010dalo za 3700 oseb. \u0160tevilo zaposlenih mo\u0161kih se je pove\u010dalo za pribli\u017eno 2200, \u0161tevilo zaposlenih \u017eensk pa za pribli\u017eno 1600.<\/p>\n<p>Ve\u010dina ali 95 odstotkov teh oseb se je zaposlilo pri pravnih osebah, druge pri fizi\u010dnih osebah. \u0160tevilo samozaposlenih oseb se je pove\u010dalo za nekaj ve\u010d kot 200 na 86.900. Tudi tu so bili \u0161tevilnej\u0161i mo\u0161ki.<\/p>\n<p>\u0160tevilo delovno aktivnih oseb se je z vidika dejavnosti na mese\u010dni ravni zmanj\u0161alo v petih dejavnostih, pove\u010dalo pa v 15. Najbolj se je zmanj\u0161alo v strokovnih, znanstvenih in tehni\u010dnih dejavnostih, in sicer za pribli\u017eno 200 na 50.630, pove\u010dalo pa v predelovalnih dejavnostih, in sicer za nekaj ve\u010d kot 900 na pribli\u017eno 184.150.<\/p>\n<\/div>\n","protected":false},"excerpt":{"rendered":"<p>Stopnja registrirane brezposelnosti je v Sloveniji februarja zna\u0161ala 12,6 odstotka. V primerjavi z januarjem se je zni\u017eala za 0,3 odstotne to\u010dke, z lanskim februarjem za 0,7 odstotne to\u010dke. \u0160tevilo registrirano brezposelnih oseb se je zmanj\u0161alo na 116.039, \u0161tevilo delovno aktivnih pa pove\u010dalo na 801.919, je objavil statisti\u010dni urad.<\/p>\n","protected":false},"author":5,"featured_media":32568,"comment_status":"closed","ping_status":"closed","sticky":false,"template":"","format":"standard","meta":{"footnotes":""},"categories":[1179],"tags":[2438,4505],"source":[4511],"supertag":[7541],"acf":[],"yoast_head":"<!-- This site is optimized with the Yoast SEO plugin v21.3 - https:\/\/yoast.com\/wordpress\/plugins\/seo\/ -->\n<title>Stanje registrirane brezposelnosti se izbolj\u0161uje! - Hudo Slovenija<\/title>\n<meta name=\"robots\" content=\"index, follow, max-snippet:-1, max-image-preview:large, max-video-preview:-1\" \/>\n<link rel=\"canonical\" href=\"https:\/\/hudo.com\/si\/aktualno\/stanje-registrirane-brezposelnosti-se-izboljsuje\/\" \/>\n<meta property=\"og:locale\" content=\"sl_SI\" \/>\n<meta property=\"og:type\" content=\"article\" \/>\n<meta property=\"og:title\" content=\"Stanje registrirane brezposelnosti se izbolj\u0161uje! - Hudo Slovenija\" \/>\n<meta property=\"og:description\" content=\"Stopnja registrirane brezposelnosti je v Sloveniji februarja zna\u0161ala 12,6 odstotka. V primerjavi z januarjem se je zni\u017eala za 0,3 odstotne to\u010dke, z lanskim februarjem za 0,7 odstotne to\u010dke. \u0160tevilo registrirano brezposelnih oseb se je zmanj\u0161alo na 116.039, \u0161tevilo delovno aktivnih pa pove\u010dalo na 801.919, je objavil statisti\u010dni urad.\" \/>\n<meta property=\"og:url\" content=\"https:\/\/hudo.com\/si\/aktualno\/stanje-registrirane-brezposelnosti-se-izboljsuje\/\" \/>\n<meta property=\"og:site_name\" content=\"Hudo Slovenija\" \/>\n<meta property=\"article:publisher\" content=\"https:\/\/www.facebook.com\/hudo.si\" \/>\n<meta property=\"article:published_time\" content=\"2016-04-18T12:06:44+00:00\" \/>\n<meta property=\"article:modified_time\" content=\"2016-04-19T12:40:20+00:00\" \/>\n<meta property=\"og:image\" content=\"https:\/\/hudo.com\/si\/wp-content\/uploads\/sites\/2\/2016\/04\/ThinkstockPhotos-200398529-001.jpg\" \/>\n\t<meta property=\"og:image:width\" content=\"683\" \/>\n\t<meta property=\"og:image:height\" content=\"513\" \/>\n\t<meta property=\"og:image:type\" content=\"image\/jpeg\" \/>\n<meta name=\"author\" content=\"A. G., STA\" \/>\n<meta name=\"twitter:card\" content=\"summary_large_image\" \/>\n<meta name=\"twitter:creator\" content=\"@hudo_si\" \/>\n<meta name=\"twitter:site\" content=\"@hudo_si\" \/>\n<meta name=\"twitter:label1\" content=\"Written by\" \/>\n\t<meta name=\"twitter:data1\" content=\"A. G., STA\" \/>\n\t<meta name=\"twitter:label2\" content=\"Est. reading time\" \/>\n\t<meta name=\"twitter:data2\" content=\"1 minuta\" \/>\n<script type=\"application\/ld+json\" class=\"yoast-schema-graph\">{\"@context\":\"https:\/\/schema.org\",\"@graph\":[{\"@type\":\"Article\",\"@id\":\"https:\/\/hudo.com\/si\/aktualno\/stanje-registrirane-brezposelnosti-se-izboljsuje\/#article\",\"isPartOf\":{\"@id\":\"https:\/\/hudo.com\/si\/aktualno\/stanje-registrirane-brezposelnosti-se-izboljsuje\/\"},\"author\":{\"name\":\"A. G., STA\",\"@id\":\"https:\/\/hudo.com\/si\/#\/schema\/person\/2391667a63ea075ba94f2f2dc6b77537\"},\"headline\":\"Stanje registrirane brezposelnosti se izbolj\u0161uje!\",\"datePublished\":\"2016-04-18T12:06:44+00:00\",\"dateModified\":\"2016-04-19T12:40:20+00:00\",\"mainEntityOfPage\":{\"@id\":\"https:\/\/hudo.com\/si\/aktualno\/stanje-registrirane-brezposelnosti-se-izboljsuje\/\"},\"wordCount\":224,\"publisher\":{\"@id\":\"https:\/\/hudo.com\/si\/#organization\"},\"keywords\":[\"brezposelnost\",\"statistika\"],\"articleSection\":[\"Aktualno\"],\"inLanguage\":\"sl-SI\"},{\"@type\":\"WebPage\",\"@id\":\"https:\/\/hudo.com\/si\/aktualno\/stanje-registrirane-brezposelnosti-se-izboljsuje\/\",\"url\":\"https:\/\/hudo.com\/si\/aktualno\/stanje-registrirane-brezposelnosti-se-izboljsuje\/\",\"name\":\"Stanje registrirane brezposelnosti se izbolj\u0161uje! - Hudo Slovenija\",\"isPartOf\":{\"@id\":\"https:\/\/hudo.com\/si\/#website\"},\"datePublished\":\"2016-04-18T12:06:44+00:00\",\"dateModified\":\"2016-04-19T12:40:20+00:00\",\"breadcrumb\":{\"@id\":\"https:\/\/hudo.com\/si\/aktualno\/stanje-registrirane-brezposelnosti-se-izboljsuje\/#breadcrumb\"},\"inLanguage\":\"sl-SI\",\"potentialAction\":[{\"@type\":\"ReadAction\",\"target\":[\"https:\/\/hudo.com\/si\/aktualno\/stanje-registrirane-brezposelnosti-se-izboljsuje\/\"]}]},{\"@type\":\"BreadcrumbList\",\"@id\":\"https:\/\/hudo.com\/si\/aktualno\/stanje-registrirane-brezposelnosti-se-izboljsuje\/#breadcrumb\",\"itemListElement\":[{\"@type\":\"ListItem\",\"position\":1,\"name\":\"Home\",\"item\":\"https:\/\/hudo.com\/si\/\"},{\"@type\":\"ListItem\",\"position\":2,\"name\":\"Stanje registrirane brezposelnosti se izbolj\u0161uje!\"}]},{\"@type\":\"WebSite\",\"@id\":\"https:\/\/hudo.com\/si\/#website\",\"url\":\"https:\/\/hudo.com\/si\/\",\"name\":\"Hudo Slovenija\",\"description\":\"Vse novice iz Slovenije in sveta\",\"publisher\":{\"@id\":\"https:\/\/hudo.com\/si\/#organization\"},\"potentialAction\":[{\"@type\":\"SearchAction\",\"target\":{\"@type\":\"EntryPoint\",\"urlTemplate\":\"https:\/\/hudo.com\/si\/?s={search_term_string}\"},\"query-input\":\"required name=search_term_string\"}],\"inLanguage\":\"sl-SI\"},{\"@type\":\"Organization\",\"@id\":\"https:\/\/hudo.com\/si\/#organization\",\"name\":\"VSN Media\",\"url\":\"https:\/\/hudo.com\/si\/\",\"logo\":{\"@type\":\"ImageObject\",\"inLanguage\":\"sl-SI\",\"@id\":\"https:\/\/hudo.com\/si\/#\/schema\/logo\/image\/\",\"url\":\"https:\/\/hudo.com\/si\/wp-content\/uploads\/sites\/2\/2021\/03\/hudo-app-2.png\",\"contentUrl\":\"https:\/\/hudo.com\/si\/wp-content\/uploads\/sites\/2\/2021\/03\/hudo-app-2.png\",\"width\":2185,\"height\":2167,\"caption\":\"VSN Media\"},\"image\":{\"@id\":\"https:\/\/hudo.com\/si\/#\/schema\/logo\/image\/\"},\"sameAs\":[\"https:\/\/www.facebook.com\/hudo.si\",\"https:\/\/twitter.com\/hudo_si\"]},{\"@type\":\"Person\",\"@id\":\"https:\/\/hudo.com\/si\/#\/schema\/person\/2391667a63ea075ba94f2f2dc6b77537\",\"name\":\"A. G., STA\",\"image\":{\"@type\":\"ImageObject\",\"inLanguage\":\"sl-SI\",\"@id\":\"https:\/\/hudo.com\/si\/#\/schema\/person\/image\/\",\"url\":\"https:\/\/secure.gravatar.com\/avatar\/e13d22ac3e442658d5025fbbe6238a79?s=96&d=mm&r=g\",\"contentUrl\":\"https:\/\/secure.gravatar.com\/avatar\/e13d22ac3e442658d5025fbbe6238a79?s=96&d=mm&r=g\",\"caption\":\"A. G., STA\"},\"url\":\"https:\/\/hudo.com\/si\/author\/alenka\/\"}]}<\/script>\n<!-- \/ Yoast SEO plugin. -->","yoast_head_json":{"title":"Stanje registrirane brezposelnosti se izbolj\u0161uje! - Hudo Slovenija","robots":{"index":"index","follow":"follow","max-snippet":"max-snippet:-1","max-image-preview":"max-image-preview:large","max-video-preview":"max-video-preview:-1"},"canonical":"https:\/\/hudo.com\/si\/aktualno\/stanje-registrirane-brezposelnosti-se-izboljsuje\/","og_locale":"sl_SI","og_type":"article","og_title":"Stanje registrirane brezposelnosti se izbolj\u0161uje! - Hudo Slovenija","og_description":"Stopnja registrirane brezposelnosti je v Sloveniji februarja zna\u0161ala 12,6 odstotka. V primerjavi z januarjem se je zni\u017eala za 0,3 odstotne to\u010dke, z lanskim februarjem za 0,7 odstotne to\u010dke. \u0160tevilo registrirano brezposelnih oseb se je zmanj\u0161alo na 116.039, \u0161tevilo delovno aktivnih pa pove\u010dalo na 801.919, je objavil statisti\u010dni urad.","og_url":"https:\/\/hudo.com\/si\/aktualno\/stanje-registrirane-brezposelnosti-se-izboljsuje\/","og_site_name":"Hudo Slovenija","article_publisher":"https:\/\/www.facebook.com\/hudo.si","article_published_time":"2016-04-18T12:06:44+00:00","article_modified_time":"2016-04-19T12:40:20+00:00","og_image":[{"width":683,"height":513,"url":"https:\/\/hudo.com\/si\/wp-content\/uploads\/sites\/2\/2016\/04\/ThinkstockPhotos-200398529-001.jpg","type":"image\/jpeg"}],"author":"A. G., STA","twitter_card":"summary_large_image","twitter_creator":"@hudo_si","twitter_site":"@hudo_si","twitter_misc":{"Written by":"A. G., STA","Est. reading time":"1 minuta"},"schema":{"@context":"https:\/\/schema.org","@graph":[{"@type":"Article","@id":"https:\/\/hudo.com\/si\/aktualno\/stanje-registrirane-brezposelnosti-se-izboljsuje\/#article","isPartOf":{"@id":"https:\/\/hudo.com\/si\/aktualno\/stanje-registrirane-brezposelnosti-se-izboljsuje\/"},"author":{"name":"A. G., STA","@id":"https:\/\/hudo.com\/si\/#\/schema\/person\/2391667a63ea075ba94f2f2dc6b77537"},"headline":"Stanje registrirane brezposelnosti se izbolj\u0161uje!","datePublished":"2016-04-18T12:06:44+00:00","dateModified":"2016-04-19T12:40:20+00:00","mainEntityOfPage":{"@id":"https:\/\/hudo.com\/si\/aktualno\/stanje-registrirane-brezposelnosti-se-izboljsuje\/"},"wordCount":224,"publisher":{"@id":"https:\/\/hudo.com\/si\/#organization"},"keywords":["brezposelnost","statistika"],"articleSection":["Aktualno"],"inLanguage":"sl-SI"},{"@type":"WebPage","@id":"https:\/\/hudo.com\/si\/aktualno\/stanje-registrirane-brezposelnosti-se-izboljsuje\/","url":"https:\/\/hudo.com\/si\/aktualno\/stanje-registrirane-brezposelnosti-se-izboljsuje\/","name":"Stanje registrirane brezposelnosti se izbolj\u0161uje! - Hudo Slovenija","isPartOf":{"@id":"https:\/\/hudo.com\/si\/#website"},"datePublished":"2016-04-18T12:06:44+00:00","dateModified":"2016-04-19T12:40:20+00:00","breadcrumb":{"@id":"https:\/\/hudo.com\/si\/aktualno\/stanje-registrirane-brezposelnosti-se-izboljsuje\/#breadcrumb"},"inLanguage":"sl-SI","potentialAction":[{"@type":"ReadAction","target":["https:\/\/hudo.com\/si\/aktualno\/stanje-registrirane-brezposelnosti-se-izboljsuje\/"]}]},{"@type":"BreadcrumbList","@id":"https:\/\/hudo.com\/si\/aktualno\/stanje-registrirane-brezposelnosti-se-izboljsuje\/#breadcrumb","itemListElement":[{"@type":"ListItem","position":1,"name":"Home","item":"https:\/\/hudo.com\/si\/"},{"@type":"ListItem","position":2,"name":"Stanje registrirane brezposelnosti se izbolj\u0161uje!"}]},{"@type":"WebSite","@id":"https:\/\/hudo.com\/si\/#website","url":"https:\/\/hudo.com\/si\/","name":"Hudo Slovenija","description":"Vse novice iz Slovenije in sveta","publisher":{"@id":"https:\/\/hudo.com\/si\/#organization"},"potentialAction":[{"@type":"SearchAction","target":{"@type":"EntryPoint","urlTemplate":"https:\/\/hudo.com\/si\/?s={search_term_string}"},"query-input":"required name=search_term_string"}],"inLanguage":"sl-SI"},{"@type":"Organization","@id":"https:\/\/hudo.com\/si\/#organization","name":"VSN Media","url":"https:\/\/hudo.com\/si\/","logo":{"@type":"ImageObject","inLanguage":"sl-SI","@id":"https:\/\/hudo.com\/si\/#\/schema\/logo\/image\/","url":"https:\/\/hudo.com\/si\/wp-content\/uploads\/sites\/2\/2021\/03\/hudo-app-2.png","contentUrl":"https:\/\/hudo.com\/si\/wp-content\/uploads\/sites\/2\/2021\/03\/hudo-app-2.png","width":2185,"height":2167,"caption":"VSN Media"},"image":{"@id":"https:\/\/hudo.com\/si\/#\/schema\/logo\/image\/"},"sameAs":["https:\/\/www.facebook.com\/hudo.si","https:\/\/twitter.com\/hudo_si"]},{"@type":"Person","@id":"https:\/\/hudo.com\/si\/#\/schema\/person\/2391667a63ea075ba94f2f2dc6b77537","name":"A. G., STA","image":{"@type":"ImageObject","inLanguage":"sl-SI","@id":"https:\/\/hudo.com\/si\/#\/schema\/person\/image\/","url":"https:\/\/secure.gravatar.com\/avatar\/e13d22ac3e442658d5025fbbe6238a79?s=96&d=mm&r=g","contentUrl":"https:\/\/secure.gravatar.com\/avatar\/e13d22ac3e442658d5025fbbe6238a79?s=96&d=mm&r=g","caption":"A. G., STA"},"url":"https:\/\/hudo.com\/si\/author\/alenka\/"}]}},"amp_enabled":true,"_links":{"self":[{"href":"https:\/\/hudo.com\/si\/wp-json\/wp\/v2\/posts\/32567"}],"collection":[{"href":"https:\/\/hudo.com\/si\/wp-json\/wp\/v2\/posts"}],"about":[{"href":"https:\/\/hudo.com\/si\/wp-json\/wp\/v2\/types\/post"}],"author":[{"embeddable":true,"href":"https:\/\/hudo.com\/si\/wp-json\/wp\/v2\/users\/5"}],"replies":[{"embeddable":true,"href":"https:\/\/hudo.com\/si\/wp-json\/wp\/v2\/comments?post=32567"}],"version-history":[{"count":1,"href":"https:\/\/hudo.com\/si\/wp-json\/wp\/v2\/posts\/32567\/revisions"}],"predecessor-version":[{"id":32569,"href":"https:\/\/hudo.com\/si\/wp-json\/wp\/v2\/posts\/32567\/revisions\/32569"}],"wp:featuredmedia":[{"embeddable":true,"href":"https:\/\/hudo.com\/si\/wp-json\/wp\/v2\/media\/32568"}],"wp:attachment":[{"href":"https:\/\/hudo.com\/si\/wp-json\/wp\/v2\/media?parent=32567"}],"wp:term":[{"taxonomy":"category","embeddable":true,"href":"https:\/\/hudo.com\/si\/wp-json\/wp\/v2\/categories?post=32567"},{"taxonomy":"post_tag","embeddable":true,"href":"https:\/\/hudo.com\/si\/wp-json\/wp\/v2\/tags?post=32567"},{"taxonomy":"source","embeddable":true,"href":"https:\/\/hudo.com\/si\/wp-json\/wp\/v2\/source?post=32567"},{"taxonomy":"supertag","embeddable":true,"href":"https:\/\/hudo.com\/si\/wp-json\/wp\/v2\/supertag?post=32567"}],"curies":[{"name":"wp","href":"https:\/\/api.w.org\/{rel}","templated":true}]}}