{"id":325731,"date":"2017-11-24T17:00:00","date_gmt":"2017-11-24T16:00:00","guid":{"rendered":"http:\/\/hudo.com\/si\/2017\/11\/24\/bodo-fiserju-in-zalarju-sodili-izven-ljubljane\/"},"modified":"2017-11-24T17:00:00","modified_gmt":"2017-11-24T16:00:00","slug":"bodo-fiserju-in-zalarju-sodili-izven-ljubljane","status":"publish","type":"post","link":"https:\/\/hudo.com\/si\/aktualno\/bodo-fiserju-in-zalarju-sodili-izven-ljubljane\/","title":{"rendered":"Bodo Fi\u0161erju in Zalarju sodili izven Ljubljane?"},"content":{"rendered":"<p>Kategorija: Politika Fri, 24 Nov 2017 18:00:00 +0100  Ljubljana \u2013 Vi\u0161je sodi\u0161\u010de bo odlo\u010dilo, kje se bo nadaljevalo sojenje Zvonku Fi\u0161erju, nekdanjemu generalnemu dr\u017eavnemu to\u017eilcu, in Ale\u0161u Zalarju, nekdanjemu ministru za pravosodje, ki sta zaradi imenovanja Bo\u0161tjana \u0160krleca za generalnega direktorja vrhovnega dr\u017eavnega to\u017eilstva obto\u017eena zlorabe uradnega polo\u017eaja ali uradnih pravic.Na tokratni narok na ljubljanskem okrajnem sodi\u0161\u010du sta pri\u0161la oba obto\u017eena, Zvonko Fi\u0161er, ki se je na prej\u0161njem naroku izjasnil, da ni kriv, in Ale\u0161 Zalar, ki se je na prej\u0161njem naroku opravi\u010dil zaradi obveznosti v tujini. Tokrat, je bilo pri\u010dakovati, naj bi se izjasnil o krivdi in bil zasli\u0161an, vendar je za zaplet poskrbel Zalarjev zagovornik Emil Zakonj\u0161ek, ki je sodnici Tadeja Borinc Zebi\u010d dal, kot je dejal, \u00bbneobi\u010dajni predlog\u00ab: \u00bbKer sta tako sodnica kot obdol\u017eeni predlagala izlo\u010ditev sodnice, a predsednica sodi\u0161\u010da temu ni ugodila, predlagam prenos\u00a0&#8230;<\/p>\n","protected":false},"excerpt":{"rendered":"<p>Kategorija: Politika Fri, 24 Nov 2017 18:00:00 +0100  Ljubljana \u2013 Vi\u0161je sodi\u0161\u010de bo odlo\u010dilo, kje se bo nadaljevalo sojenje Zvonku Fi\u0161erju, nekdanjemu generalnemu dr\u017eavnemu to\u017eilcu, in Ale\u0161u Zalarju, nekdanjemu ministru za pravosodje, ki sta zaradi imenovanja Bo\u0161tjana \u0160krleca za generalnega direktorja vrhovnega dr\u017eavnega to\u017eilstva obto\u017eena zlorabe uradnega polo\u017eaja ali uradnih pravic.Na tokratni narok na ljubljanskem okrajnem sodi\u0161\u010du sta pri\u0161la oba obto\u017eena, Zvonko Fi\u0161er, ki se je na prej\u0161njem naroku izjasnil, da ni kriv, in Ale\u0161 Zalar, ki se je na prej\u0161njem naroku opravi\u010dil zaradi obveznosti v tujini. Tokrat, je bilo pri\u010dakovati, naj bi se izjasnil o krivdi in bil zasli\u0161an, vendar je za zaplet poskrbel Zalarjev zagovornik Emil Zakonj\u0161ek, ki je sodnici Tadeja Borinc Zebi\u010d dal, kot je dejal, \u00bbneobi\u010dajni predlog\u00ab: \u00bbKer sta tako sodnica kot obdol\u017eeni predlagala izlo\u010ditev sodnice, a predsednica sodi\u0161\u010da temu ni ugodila, predlagam prenos\u00a0&#8230;<\/p>\n","protected":false},"author":1,"featured_media":0,"comment_status":"closed","ping_status":"closed","sticky":false,"template":"","format":"standard","meta":{"footnotes":""},"categories":[1179],"tags":[],"source":[1703],"supertag":[],"acf":[],"yoast_head":"<!-- This site is optimized with the Yoast SEO plugin v21.3 - https:\/\/yoast.com\/wordpress\/plugins\/seo\/ -->\n<title>Bodo Fi\u0161erju in Zalarju sodili izven Ljubljane? - Hudo Slovenija<\/title>\n<meta name=\"robots\" content=\"index, follow, max-snippet:-1, max-image-preview:large, max-video-preview:-1\" \/>\n<link rel=\"canonical\" href=\"https:\/\/hudo.com\/si\/aktualno\/bodo-fiserju-in-zalarju-sodili-izven-ljubljane\/\" \/>\n<meta property=\"og:locale\" content=\"sl_SI\" \/>\n<meta property=\"og:type\" content=\"article\" \/>\n<meta property=\"og:title\" content=\"Bodo Fi\u0161erju in Zalarju sodili izven Ljubljane? - Hudo Slovenija\" \/>\n<meta property=\"og:description\" content=\"Kategorija: Politika Fri, 24 Nov 2017 18:00:00 +0100 Ljubljana \u2013 Vi\u0161je sodi\u0161\u010de bo odlo\u010dilo, kje se bo nadaljevalo sojenje Zvonku Fi\u0161erju, nekdanjemu generalnemu dr\u017eavnemu to\u017eilcu, in Ale\u0161u Zalarju, nekdanjemu ministru za pravosodje, ki sta zaradi imenovanja Bo\u0161tjana \u0160krleca za generalnega direktorja vrhovnega dr\u017eavnega to\u017eilstva obto\u017eena zlorabe uradnega polo\u017eaja ali uradnih pravic.Na tokratni narok na ljubljanskem okrajnem sodi\u0161\u010du sta pri\u0161la oba obto\u017eena, Zvonko Fi\u0161er, ki se je na prej\u0161njem naroku izjasnil, da ni kriv, in Ale\u0161 Zalar, ki se je na prej\u0161njem naroku opravi\u010dil zaradi obveznosti v tujini. Tokrat, je bilo pri\u010dakovati, naj bi se izjasnil o krivdi in bil zasli\u0161an, vendar je za zaplet poskrbel Zalarjev zagovornik Emil Zakonj\u0161ek, ki je sodnici Tadeja Borinc Zebi\u010d dal, kot je dejal, \u00bbneobi\u010dajni predlog\u00ab: \u00bbKer sta tako sodnica kot obdol\u017eeni predlagala izlo\u010ditev sodnice, a predsednica sodi\u0161\u010da temu ni ugodila, predlagam prenos\u00a0...\" \/>\n<meta property=\"og:url\" content=\"https:\/\/hudo.com\/si\/aktualno\/bodo-fiserju-in-zalarju-sodili-izven-ljubljane\/\" \/>\n<meta property=\"og:site_name\" content=\"Hudo Slovenija\" \/>\n<meta property=\"article:publisher\" content=\"https:\/\/www.facebook.com\/hudo.si\" \/>\n<meta property=\"article:published_time\" content=\"2017-11-24T16:00:00+00:00\" \/>\n<meta property=\"og:image\" content=\"https:\/\/hudo.com\/si\/wp-content\/uploads\/sites\/2\/2017\/11\/480x290_djvu_1411684_fajfar_jsu-Zalar.jpeg\" \/>\n\t<meta property=\"og:image:width\" content=\"480\" \/>\n\t<meta property=\"og:image:height\" content=\"290\" \/>\n\t<meta property=\"og:image:type\" content=\"image\/jpeg\" \/>\n<meta name=\"author\" content=\"hudo\" \/>\n<meta name=\"twitter:card\" content=\"summary_large_image\" \/>\n<meta name=\"twitter:creator\" content=\"@hudo_si\" \/>\n<meta name=\"twitter:site\" content=\"@hudo_si\" \/>\n<meta name=\"twitter:label1\" content=\"Written by\" \/>\n\t<meta name=\"twitter:data1\" content=\"hudo\" \/>\n\t<meta name=\"twitter:label2\" content=\"Est. reading time\" \/>\n\t<meta name=\"twitter:data2\" content=\"1 minuta\" \/>\n<script type=\"application\/ld+json\" class=\"yoast-schema-graph\">{\"@context\":\"https:\/\/schema.org\",\"@graph\":[{\"@type\":\"Article\",\"@id\":\"https:\/\/hudo.com\/si\/aktualno\/bodo-fiserju-in-zalarju-sodili-izven-ljubljane\/#article\",\"isPartOf\":{\"@id\":\"https:\/\/hudo.com\/si\/aktualno\/bodo-fiserju-in-zalarju-sodili-izven-ljubljane\/\"},\"author\":{\"name\":\"hudo\",\"@id\":\"https:\/\/hudo.com\/si\/#\/schema\/person\/601cf3379633985b20f7e50f2bb47707\"},\"headline\":\"Bodo Fi\u0161erju in Zalarju sodili izven Ljubljane?\",\"datePublished\":\"2017-11-24T16:00:00+00:00\",\"dateModified\":\"2017-11-24T16:00:00+00:00\",\"mainEntityOfPage\":{\"@id\":\"https:\/\/hudo.com\/si\/aktualno\/bodo-fiserju-in-zalarju-sodili-izven-ljubljane\/\"},\"wordCount\":168,\"publisher\":{\"@id\":\"https:\/\/hudo.com\/si\/#organization\"},\"articleSection\":[\"Aktualno\"],\"inLanguage\":\"sl-SI\"},{\"@type\":\"WebPage\",\"@id\":\"https:\/\/hudo.com\/si\/aktualno\/bodo-fiserju-in-zalarju-sodili-izven-ljubljane\/\",\"url\":\"https:\/\/hudo.com\/si\/aktualno\/bodo-fiserju-in-zalarju-sodili-izven-ljubljane\/\",\"name\":\"Bodo Fi\u0161erju in Zalarju sodili izven Ljubljane? - Hudo Slovenija\",\"isPartOf\":{\"@id\":\"https:\/\/hudo.com\/si\/#website\"},\"datePublished\":\"2017-11-24T16:00:00+00:00\",\"dateModified\":\"2017-11-24T16:00:00+00:00\",\"breadcrumb\":{\"@id\":\"https:\/\/hudo.com\/si\/aktualno\/bodo-fiserju-in-zalarju-sodili-izven-ljubljane\/#breadcrumb\"},\"inLanguage\":\"sl-SI\",\"potentialAction\":[{\"@type\":\"ReadAction\",\"target\":[\"https:\/\/hudo.com\/si\/aktualno\/bodo-fiserju-in-zalarju-sodili-izven-ljubljane\/\"]}]},{\"@type\":\"BreadcrumbList\",\"@id\":\"https:\/\/hudo.com\/si\/aktualno\/bodo-fiserju-in-zalarju-sodili-izven-ljubljane\/#breadcrumb\",\"itemListElement\":[{\"@type\":\"ListItem\",\"position\":1,\"name\":\"Home\",\"item\":\"https:\/\/hudo.com\/si\/\"},{\"@type\":\"ListItem\",\"position\":2,\"name\":\"Bodo Fi\u0161erju in Zalarju sodili izven Ljubljane?\"}]},{\"@type\":\"WebSite\",\"@id\":\"https:\/\/hudo.com\/si\/#website\",\"url\":\"https:\/\/hudo.com\/si\/\",\"name\":\"Hudo Slovenija\",\"description\":\"Vse novice iz Slovenije in sveta\",\"publisher\":{\"@id\":\"https:\/\/hudo.com\/si\/#organization\"},\"potentialAction\":[{\"@type\":\"SearchAction\",\"target\":{\"@type\":\"EntryPoint\",\"urlTemplate\":\"https:\/\/hudo.com\/si\/?s={search_term_string}\"},\"query-input\":\"required name=search_term_string\"}],\"inLanguage\":\"sl-SI\"},{\"@type\":\"Organization\",\"@id\":\"https:\/\/hudo.com\/si\/#organization\",\"name\":\"VSN Media\",\"url\":\"https:\/\/hudo.com\/si\/\",\"logo\":{\"@type\":\"ImageObject\",\"inLanguage\":\"sl-SI\",\"@id\":\"https:\/\/hudo.com\/si\/#\/schema\/logo\/image\/\",\"url\":\"https:\/\/hudo.com\/si\/wp-content\/uploads\/sites\/2\/2021\/03\/hudo-app-2.png\",\"contentUrl\":\"https:\/\/hudo.com\/si\/wp-content\/uploads\/sites\/2\/2021\/03\/hudo-app-2.png\",\"width\":2185,\"height\":2167,\"caption\":\"VSN Media\"},\"image\":{\"@id\":\"https:\/\/hudo.com\/si\/#\/schema\/logo\/image\/\"},\"sameAs\":[\"https:\/\/www.facebook.com\/hudo.si\",\"https:\/\/twitter.com\/hudo_si\"]},{\"@type\":\"Person\",\"@id\":\"https:\/\/hudo.com\/si\/#\/schema\/person\/601cf3379633985b20f7e50f2bb47707\",\"name\":\"hudo\",\"image\":{\"@type\":\"ImageObject\",\"inLanguage\":\"sl-SI\",\"@id\":\"https:\/\/hudo.com\/si\/#\/schema\/person\/image\/\",\"url\":\"https:\/\/secure.gravatar.com\/avatar\/c4ca25fa72cace7a696b52ff5db9e095?s=96&d=mm&r=g\",\"contentUrl\":\"https:\/\/secure.gravatar.com\/avatar\/c4ca25fa72cace7a696b52ff5db9e095?s=96&d=mm&r=g\",\"caption\":\"hudo\"},\"url\":\"https:\/\/hudo.com\/si\/author\/hudo\/\"}]}<\/script>\n<!-- \/ Yoast SEO plugin. -->","yoast_head_json":{"title":"Bodo Fi\u0161erju in Zalarju sodili izven Ljubljane? - Hudo Slovenija","robots":{"index":"index","follow":"follow","max-snippet":"max-snippet:-1","max-image-preview":"max-image-preview:large","max-video-preview":"max-video-preview:-1"},"canonical":"https:\/\/hudo.com\/si\/aktualno\/bodo-fiserju-in-zalarju-sodili-izven-ljubljane\/","og_locale":"sl_SI","og_type":"article","og_title":"Bodo Fi\u0161erju in Zalarju sodili izven Ljubljane? - Hudo Slovenija","og_description":"Kategorija: Politika Fri, 24 Nov 2017 18:00:00 +0100 Ljubljana \u2013 Vi\u0161je sodi\u0161\u010de bo odlo\u010dilo, kje se bo nadaljevalo sojenje Zvonku Fi\u0161erju, nekdanjemu generalnemu dr\u017eavnemu to\u017eilcu, in Ale\u0161u Zalarju, nekdanjemu ministru za pravosodje, ki sta zaradi imenovanja Bo\u0161tjana \u0160krleca za generalnega direktorja vrhovnega dr\u017eavnega to\u017eilstva obto\u017eena zlorabe uradnega polo\u017eaja ali uradnih pravic.Na tokratni narok na ljubljanskem okrajnem sodi\u0161\u010du sta pri\u0161la oba obto\u017eena, Zvonko Fi\u0161er, ki se je na prej\u0161njem naroku izjasnil, da ni kriv, in Ale\u0161 Zalar, ki se je na prej\u0161njem naroku opravi\u010dil zaradi obveznosti v tujini. Tokrat, je bilo pri\u010dakovati, naj bi se izjasnil o krivdi in bil zasli\u0161an, vendar je za zaplet poskrbel Zalarjev zagovornik Emil Zakonj\u0161ek, ki je sodnici Tadeja Borinc Zebi\u010d dal, kot je dejal, \u00bbneobi\u010dajni predlog\u00ab: \u00bbKer sta tako sodnica kot obdol\u017eeni predlagala izlo\u010ditev sodnice, a predsednica sodi\u0161\u010da temu ni ugodila, predlagam prenos\u00a0...","og_url":"https:\/\/hudo.com\/si\/aktualno\/bodo-fiserju-in-zalarju-sodili-izven-ljubljane\/","og_site_name":"Hudo Slovenija","article_publisher":"https:\/\/www.facebook.com\/hudo.si","article_published_time":"2017-11-24T16:00:00+00:00","og_image":[{"width":480,"height":290,"url":"https:\/\/hudo.com\/si\/wp-content\/uploads\/sites\/2\/2017\/11\/480x290_djvu_1411684_fajfar_jsu-Zalar.jpeg","type":"image\/jpeg"}],"author":"hudo","twitter_card":"summary_large_image","twitter_creator":"@hudo_si","twitter_site":"@hudo_si","twitter_misc":{"Written by":"hudo","Est. reading time":"1 minuta"},"schema":{"@context":"https:\/\/schema.org","@graph":[{"@type":"Article","@id":"https:\/\/hudo.com\/si\/aktualno\/bodo-fiserju-in-zalarju-sodili-izven-ljubljane\/#article","isPartOf":{"@id":"https:\/\/hudo.com\/si\/aktualno\/bodo-fiserju-in-zalarju-sodili-izven-ljubljane\/"},"author":{"name":"hudo","@id":"https:\/\/hudo.com\/si\/#\/schema\/person\/601cf3379633985b20f7e50f2bb47707"},"headline":"Bodo Fi\u0161erju in Zalarju sodili izven Ljubljane?","datePublished":"2017-11-24T16:00:00+00:00","dateModified":"2017-11-24T16:00:00+00:00","mainEntityOfPage":{"@id":"https:\/\/hudo.com\/si\/aktualno\/bodo-fiserju-in-zalarju-sodili-izven-ljubljane\/"},"wordCount":168,"publisher":{"@id":"https:\/\/hudo.com\/si\/#organization"},"articleSection":["Aktualno"],"inLanguage":"sl-SI"},{"@type":"WebPage","@id":"https:\/\/hudo.com\/si\/aktualno\/bodo-fiserju-in-zalarju-sodili-izven-ljubljane\/","url":"https:\/\/hudo.com\/si\/aktualno\/bodo-fiserju-in-zalarju-sodili-izven-ljubljane\/","name":"Bodo Fi\u0161erju in Zalarju sodili izven Ljubljane? - Hudo Slovenija","isPartOf":{"@id":"https:\/\/hudo.com\/si\/#website"},"datePublished":"2017-11-24T16:00:00+00:00","dateModified":"2017-11-24T16:00:00+00:00","breadcrumb":{"@id":"https:\/\/hudo.com\/si\/aktualno\/bodo-fiserju-in-zalarju-sodili-izven-ljubljane\/#breadcrumb"},"inLanguage":"sl-SI","potentialAction":[{"@type":"ReadAction","target":["https:\/\/hudo.com\/si\/aktualno\/bodo-fiserju-in-zalarju-sodili-izven-ljubljane\/"]}]},{"@type":"BreadcrumbList","@id":"https:\/\/hudo.com\/si\/aktualno\/bodo-fiserju-in-zalarju-sodili-izven-ljubljane\/#breadcrumb","itemListElement":[{"@type":"ListItem","position":1,"name":"Home","item":"https:\/\/hudo.com\/si\/"},{"@type":"ListItem","position":2,"name":"Bodo Fi\u0161erju in Zalarju sodili izven Ljubljane?"}]},{"@type":"WebSite","@id":"https:\/\/hudo.com\/si\/#website","url":"https:\/\/hudo.com\/si\/","name":"Hudo Slovenija","description":"Vse novice iz Slovenije in sveta","publisher":{"@id":"https:\/\/hudo.com\/si\/#organization"},"potentialAction":[{"@type":"SearchAction","target":{"@type":"EntryPoint","urlTemplate":"https:\/\/hudo.com\/si\/?s={search_term_string}"},"query-input":"required name=search_term_string"}],"inLanguage":"sl-SI"},{"@type":"Organization","@id":"https:\/\/hudo.com\/si\/#organization","name":"VSN Media","url":"https:\/\/hudo.com\/si\/","logo":{"@type":"ImageObject","inLanguage":"sl-SI","@id":"https:\/\/hudo.com\/si\/#\/schema\/logo\/image\/","url":"https:\/\/hudo.com\/si\/wp-content\/uploads\/sites\/2\/2021\/03\/hudo-app-2.png","contentUrl":"https:\/\/hudo.com\/si\/wp-content\/uploads\/sites\/2\/2021\/03\/hudo-app-2.png","width":2185,"height":2167,"caption":"VSN Media"},"image":{"@id":"https:\/\/hudo.com\/si\/#\/schema\/logo\/image\/"},"sameAs":["https:\/\/www.facebook.com\/hudo.si","https:\/\/twitter.com\/hudo_si"]},{"@type":"Person","@id":"https:\/\/hudo.com\/si\/#\/schema\/person\/601cf3379633985b20f7e50f2bb47707","name":"hudo","image":{"@type":"ImageObject","inLanguage":"sl-SI","@id":"https:\/\/hudo.com\/si\/#\/schema\/person\/image\/","url":"https:\/\/secure.gravatar.com\/avatar\/c4ca25fa72cace7a696b52ff5db9e095?s=96&d=mm&r=g","contentUrl":"https:\/\/secure.gravatar.com\/avatar\/c4ca25fa72cace7a696b52ff5db9e095?s=96&d=mm&r=g","caption":"hudo"},"url":"https:\/\/hudo.com\/si\/author\/hudo\/"}]}},"amp_enabled":true,"_links":{"self":[{"href":"https:\/\/hudo.com\/si\/wp-json\/wp\/v2\/posts\/325731"}],"collection":[{"href":"https:\/\/hudo.com\/si\/wp-json\/wp\/v2\/posts"}],"about":[{"href":"https:\/\/hudo.com\/si\/wp-json\/wp\/v2\/types\/post"}],"author":[{"embeddable":true,"href":"https:\/\/hudo.com\/si\/wp-json\/wp\/v2\/users\/1"}],"replies":[{"embeddable":true,"href":"https:\/\/hudo.com\/si\/wp-json\/wp\/v2\/comments?post=325731"}],"version-history":[{"count":0,"href":"https:\/\/hudo.com\/si\/wp-json\/wp\/v2\/posts\/325731\/revisions"}],"wp:attachment":[{"href":"https:\/\/hudo.com\/si\/wp-json\/wp\/v2\/media?parent=325731"}],"wp:term":[{"taxonomy":"category","embeddable":true,"href":"https:\/\/hudo.com\/si\/wp-json\/wp\/v2\/categories?post=325731"},{"taxonomy":"post_tag","embeddable":true,"href":"https:\/\/hudo.com\/si\/wp-json\/wp\/v2\/tags?post=325731"},{"taxonomy":"source","embeddable":true,"href":"https:\/\/hudo.com\/si\/wp-json\/wp\/v2\/source?post=325731"},{"taxonomy":"supertag","embeddable":true,"href":"https:\/\/hudo.com\/si\/wp-json\/wp\/v2\/supertag?post=325731"}],"curies":[{"name":"wp","href":"https:\/\/api.w.org\/{rel}","templated":true}]}}