{"id":326035,"date":"2017-11-25T17:17:00","date_gmt":"2017-11-25T16:17:00","guid":{"rendered":"http:\/\/hudo.com\/si\/2017\/11\/25\/slovenci-na-krilih-prevca-in-damjana-peti-v-ruki\/"},"modified":"2017-11-25T17:17:00","modified_gmt":"2017-11-25T16:17:00","slug":"slovenci-na-krilih-prevca-in-damjana-peti-v-ruki","status":"publish","type":"post","link":"https:\/\/hudo.com\/si\/aktualno\/slovenci-na-krilih-prevca-in-damjana-peti-v-ruki\/","title":{"rendered":"Slovenci na krilih Prevca in Damjana peti v Ruki"},"content":{"rendered":"<p>Kategorija: Zimski Sat, 25 Nov 2017 18:17:00 +0100  Ruka &#8211; V vremensko nepredvidljivi finski Ruki so slovenski smu\u010darski skakalci na drugi ekipni preizku\u0161nji olimpijske sezone svetovnega pokala popravili rezultat z uvodne tekme v Visli, ko so bili \u0161esti. Tokrat so kon\u010dali na petem mestu oziroma pred Poljaki, najzaslu\u017enej\u0161a za to pa sta Peter Prevc in Jernej Damjan, ki sta v obeh serijah poletela po ve\u010d kot 130 metrov. Damjan, ki na Poljskem ni nastopil, tokrat pa je dobil prednost pred najstnikom Timijem Zajcem, je v finalu vlekel kar 139 metrov dale\u010d, Prevc je bil \u0161est metrov kraj\u0161i, je pa \u017ee v prvi seriji pristal pri 135,5 metra. Slovenske barve sta, precej manj prepri\u010dljivo, zastopala \u0161e An\u017ee Semeni\u010d in An\u017ee Lani\u0161ek, ki bosta imela novo prilo\u017enost za dokazovanje \u017ee na jutri\u0161nji posami\u010dni tekmi, ki se bo za\u010dela ob 15. uri\u00a0&#8230;<\/p>\n","protected":false},"excerpt":{"rendered":"<p>Kategorija: Zimski Sat, 25 Nov 2017 18:17:00 +0100  Ruka &#8211; V vremensko nepredvidljivi finski Ruki so slovenski smu\u010darski skakalci na drugi ekipni preizku\u0161nji olimpijske sezone svetovnega pokala popravili rezultat z uvodne tekme v Visli, ko so bili \u0161esti. Tokrat so kon\u010dali na petem mestu oziroma pred Poljaki, najzaslu\u017enej\u0161a za to pa sta Peter Prevc in Jernej Damjan, ki sta v obeh serijah poletela po ve\u010d kot 130 metrov. Damjan, ki na Poljskem ni nastopil, tokrat pa je dobil prednost pred najstnikom Timijem Zajcem, je v finalu vlekel kar 139 metrov dale\u010d, Prevc je bil \u0161est metrov kraj\u0161i, je pa \u017ee v prvi seriji pristal pri 135,5 metra. Slovenske barve sta, precej manj prepri\u010dljivo, zastopala \u0161e An\u017ee Semeni\u010d in An\u017ee Lani\u0161ek, ki bosta imela novo prilo\u017enost za dokazovanje \u017ee na jutri\u0161nji posami\u010dni tekmi, ki se bo za\u010dela ob 15. uri\u00a0&#8230;<\/p>\n","protected":false},"author":1,"featured_media":0,"comment_status":"closed","ping_status":"closed","sticky":false,"template":"","format":"standard","meta":{"footnotes":""},"categories":[1179],"tags":[],"source":[1703],"supertag":[],"acf":[],"yoast_head":"<!-- This site is optimized with the Yoast SEO plugin v21.3 - https:\/\/yoast.com\/wordpress\/plugins\/seo\/ -->\n<title>Slovenci na krilih Prevca in Damjana peti v Ruki - Hudo Slovenija<\/title>\n<meta name=\"robots\" content=\"index, follow, max-snippet:-1, max-image-preview:large, max-video-preview:-1\" \/>\n<link rel=\"canonical\" href=\"https:\/\/hudo.com\/si\/aktualno\/slovenci-na-krilih-prevca-in-damjana-peti-v-ruki\/\" \/>\n<meta property=\"og:locale\" content=\"sl_SI\" \/>\n<meta property=\"og:type\" content=\"article\" \/>\n<meta property=\"og:title\" content=\"Slovenci na krilih Prevca in Damjana peti v Ruki - Hudo Slovenija\" \/>\n<meta property=\"og:description\" content=\"Kategorija: Zimski Sat, 25 Nov 2017 18:17:00 +0100 Ruka - V vremensko nepredvidljivi finski Ruki so slovenski smu\u010darski skakalci na drugi ekipni preizku\u0161nji olimpijske sezone svetovnega pokala popravili rezultat z uvodne tekme v Visli, ko so bili \u0161esti. Tokrat so kon\u010dali na petem mestu oziroma pred Poljaki, najzaslu\u017enej\u0161a za to pa sta Peter Prevc in Jernej Damjan, ki sta v obeh serijah poletela po ve\u010d kot 130 metrov. Damjan, ki na Poljskem ni nastopil, tokrat pa je dobil prednost pred najstnikom Timijem Zajcem, je v finalu vlekel kar 139 metrov dale\u010d, Prevc je bil \u0161est metrov kraj\u0161i, je pa \u017ee v prvi seriji pristal pri 135,5 metra. Slovenske barve sta, precej manj prepri\u010dljivo, zastopala \u0161e An\u017ee Semeni\u010d in An\u017ee Lani\u0161ek, ki bosta imela novo prilo\u017enost za dokazovanje \u017ee na jutri\u0161nji posami\u010dni tekmi, ki se bo za\u010dela ob 15. uri\u00a0...\" \/>\n<meta property=\"og:url\" content=\"https:\/\/hudo.com\/si\/aktualno\/slovenci-na-krilih-prevca-in-damjana-peti-v-ruki\/\" \/>\n<meta property=\"og:site_name\" content=\"Hudo Slovenija\" \/>\n<meta property=\"article:publisher\" content=\"https:\/\/www.facebook.com\/hudo.si\" \/>\n<meta property=\"article:published_time\" content=\"2017-11-25T16:17:00+00:00\" \/>\n<meta property=\"og:image\" content=\"https:\/\/hudo.com\/si\/wp-content\/uploads\/sites\/2\/2017\/11\/480x290_djvu_2589400_janezp_uho-Damjan-Smu-arski-skoki-DP.jpeg\" \/>\n\t<meta property=\"og:image:width\" content=\"480\" \/>\n\t<meta property=\"og:image:height\" content=\"290\" \/>\n\t<meta property=\"og:image:type\" content=\"image\/jpeg\" \/>\n<meta name=\"author\" content=\"hudo\" \/>\n<meta name=\"twitter:card\" content=\"summary_large_image\" \/>\n<meta name=\"twitter:creator\" content=\"@hudo_si\" \/>\n<meta name=\"twitter:site\" content=\"@hudo_si\" \/>\n<meta name=\"twitter:label1\" content=\"Written by\" \/>\n\t<meta name=\"twitter:data1\" content=\"hudo\" \/>\n\t<meta name=\"twitter:label2\" content=\"Est. reading time\" \/>\n\t<meta name=\"twitter:data2\" content=\"1 minuta\" \/>\n<script type=\"application\/ld+json\" class=\"yoast-schema-graph\">{\"@context\":\"https:\/\/schema.org\",\"@graph\":[{\"@type\":\"Article\",\"@id\":\"https:\/\/hudo.com\/si\/aktualno\/slovenci-na-krilih-prevca-in-damjana-peti-v-ruki\/#article\",\"isPartOf\":{\"@id\":\"https:\/\/hudo.com\/si\/aktualno\/slovenci-na-krilih-prevca-in-damjana-peti-v-ruki\/\"},\"author\":{\"name\":\"hudo\",\"@id\":\"https:\/\/hudo.com\/si\/#\/schema\/person\/601cf3379633985b20f7e50f2bb47707\"},\"headline\":\"Slovenci na krilih Prevca in Damjana peti v Ruki\",\"datePublished\":\"2017-11-25T16:17:00+00:00\",\"dateModified\":\"2017-11-25T16:17:00+00:00\",\"mainEntityOfPage\":{\"@id\":\"https:\/\/hudo.com\/si\/aktualno\/slovenci-na-krilih-prevca-in-damjana-peti-v-ruki\/\"},\"wordCount\":154,\"publisher\":{\"@id\":\"https:\/\/hudo.com\/si\/#organization\"},\"articleSection\":[\"Aktualno\"],\"inLanguage\":\"sl-SI\"},{\"@type\":\"WebPage\",\"@id\":\"https:\/\/hudo.com\/si\/aktualno\/slovenci-na-krilih-prevca-in-damjana-peti-v-ruki\/\",\"url\":\"https:\/\/hudo.com\/si\/aktualno\/slovenci-na-krilih-prevca-in-damjana-peti-v-ruki\/\",\"name\":\"Slovenci na krilih Prevca in Damjana peti v Ruki - Hudo Slovenija\",\"isPartOf\":{\"@id\":\"https:\/\/hudo.com\/si\/#website\"},\"datePublished\":\"2017-11-25T16:17:00+00:00\",\"dateModified\":\"2017-11-25T16:17:00+00:00\",\"breadcrumb\":{\"@id\":\"https:\/\/hudo.com\/si\/aktualno\/slovenci-na-krilih-prevca-in-damjana-peti-v-ruki\/#breadcrumb\"},\"inLanguage\":\"sl-SI\",\"potentialAction\":[{\"@type\":\"ReadAction\",\"target\":[\"https:\/\/hudo.com\/si\/aktualno\/slovenci-na-krilih-prevca-in-damjana-peti-v-ruki\/\"]}]},{\"@type\":\"BreadcrumbList\",\"@id\":\"https:\/\/hudo.com\/si\/aktualno\/slovenci-na-krilih-prevca-in-damjana-peti-v-ruki\/#breadcrumb\",\"itemListElement\":[{\"@type\":\"ListItem\",\"position\":1,\"name\":\"Home\",\"item\":\"https:\/\/hudo.com\/si\/\"},{\"@type\":\"ListItem\",\"position\":2,\"name\":\"Slovenci na krilih Prevca in Damjana peti v Ruki\"}]},{\"@type\":\"WebSite\",\"@id\":\"https:\/\/hudo.com\/si\/#website\",\"url\":\"https:\/\/hudo.com\/si\/\",\"name\":\"Hudo Slovenija\",\"description\":\"Vse novice iz Slovenije in sveta\",\"publisher\":{\"@id\":\"https:\/\/hudo.com\/si\/#organization\"},\"potentialAction\":[{\"@type\":\"SearchAction\",\"target\":{\"@type\":\"EntryPoint\",\"urlTemplate\":\"https:\/\/hudo.com\/si\/?s={search_term_string}\"},\"query-input\":\"required name=search_term_string\"}],\"inLanguage\":\"sl-SI\"},{\"@type\":\"Organization\",\"@id\":\"https:\/\/hudo.com\/si\/#organization\",\"name\":\"VSN Media\",\"url\":\"https:\/\/hudo.com\/si\/\",\"logo\":{\"@type\":\"ImageObject\",\"inLanguage\":\"sl-SI\",\"@id\":\"https:\/\/hudo.com\/si\/#\/schema\/logo\/image\/\",\"url\":\"https:\/\/hudo.com\/si\/wp-content\/uploads\/sites\/2\/2021\/03\/hudo-app-2.png\",\"contentUrl\":\"https:\/\/hudo.com\/si\/wp-content\/uploads\/sites\/2\/2021\/03\/hudo-app-2.png\",\"width\":2185,\"height\":2167,\"caption\":\"VSN Media\"},\"image\":{\"@id\":\"https:\/\/hudo.com\/si\/#\/schema\/logo\/image\/\"},\"sameAs\":[\"https:\/\/www.facebook.com\/hudo.si\",\"https:\/\/twitter.com\/hudo_si\"]},{\"@type\":\"Person\",\"@id\":\"https:\/\/hudo.com\/si\/#\/schema\/person\/601cf3379633985b20f7e50f2bb47707\",\"name\":\"hudo\",\"image\":{\"@type\":\"ImageObject\",\"inLanguage\":\"sl-SI\",\"@id\":\"https:\/\/hudo.com\/si\/#\/schema\/person\/image\/\",\"url\":\"https:\/\/secure.gravatar.com\/avatar\/c4ca25fa72cace7a696b52ff5db9e095?s=96&d=mm&r=g\",\"contentUrl\":\"https:\/\/secure.gravatar.com\/avatar\/c4ca25fa72cace7a696b52ff5db9e095?s=96&d=mm&r=g\",\"caption\":\"hudo\"},\"url\":\"https:\/\/hudo.com\/si\/author\/hudo\/\"}]}<\/script>\n<!-- \/ Yoast SEO plugin. -->","yoast_head_json":{"title":"Slovenci na krilih Prevca in Damjana peti v Ruki - Hudo Slovenija","robots":{"index":"index","follow":"follow","max-snippet":"max-snippet:-1","max-image-preview":"max-image-preview:large","max-video-preview":"max-video-preview:-1"},"canonical":"https:\/\/hudo.com\/si\/aktualno\/slovenci-na-krilih-prevca-in-damjana-peti-v-ruki\/","og_locale":"sl_SI","og_type":"article","og_title":"Slovenci na krilih Prevca in Damjana peti v Ruki - Hudo Slovenija","og_description":"Kategorija: Zimski Sat, 25 Nov 2017 18:17:00 +0100 Ruka - V vremensko nepredvidljivi finski Ruki so slovenski smu\u010darski skakalci na drugi ekipni preizku\u0161nji olimpijske sezone svetovnega pokala popravili rezultat z uvodne tekme v Visli, ko so bili \u0161esti. Tokrat so kon\u010dali na petem mestu oziroma pred Poljaki, najzaslu\u017enej\u0161a za to pa sta Peter Prevc in Jernej Damjan, ki sta v obeh serijah poletela po ve\u010d kot 130 metrov. Damjan, ki na Poljskem ni nastopil, tokrat pa je dobil prednost pred najstnikom Timijem Zajcem, je v finalu vlekel kar 139 metrov dale\u010d, Prevc je bil \u0161est metrov kraj\u0161i, je pa \u017ee v prvi seriji pristal pri 135,5 metra. Slovenske barve sta, precej manj prepri\u010dljivo, zastopala \u0161e An\u017ee Semeni\u010d in An\u017ee Lani\u0161ek, ki bosta imela novo prilo\u017enost za dokazovanje \u017ee na jutri\u0161nji posami\u010dni tekmi, ki se bo za\u010dela ob 15. uri\u00a0...","og_url":"https:\/\/hudo.com\/si\/aktualno\/slovenci-na-krilih-prevca-in-damjana-peti-v-ruki\/","og_site_name":"Hudo Slovenija","article_publisher":"https:\/\/www.facebook.com\/hudo.si","article_published_time":"2017-11-25T16:17:00+00:00","og_image":[{"width":480,"height":290,"url":"https:\/\/hudo.com\/si\/wp-content\/uploads\/sites\/2\/2017\/11\/480x290_djvu_2589400_janezp_uho-Damjan-Smu-arski-skoki-DP.jpeg","type":"image\/jpeg"}],"author":"hudo","twitter_card":"summary_large_image","twitter_creator":"@hudo_si","twitter_site":"@hudo_si","twitter_misc":{"Written by":"hudo","Est. reading time":"1 minuta"},"schema":{"@context":"https:\/\/schema.org","@graph":[{"@type":"Article","@id":"https:\/\/hudo.com\/si\/aktualno\/slovenci-na-krilih-prevca-in-damjana-peti-v-ruki\/#article","isPartOf":{"@id":"https:\/\/hudo.com\/si\/aktualno\/slovenci-na-krilih-prevca-in-damjana-peti-v-ruki\/"},"author":{"name":"hudo","@id":"https:\/\/hudo.com\/si\/#\/schema\/person\/601cf3379633985b20f7e50f2bb47707"},"headline":"Slovenci na krilih Prevca in Damjana peti v Ruki","datePublished":"2017-11-25T16:17:00+00:00","dateModified":"2017-11-25T16:17:00+00:00","mainEntityOfPage":{"@id":"https:\/\/hudo.com\/si\/aktualno\/slovenci-na-krilih-prevca-in-damjana-peti-v-ruki\/"},"wordCount":154,"publisher":{"@id":"https:\/\/hudo.com\/si\/#organization"},"articleSection":["Aktualno"],"inLanguage":"sl-SI"},{"@type":"WebPage","@id":"https:\/\/hudo.com\/si\/aktualno\/slovenci-na-krilih-prevca-in-damjana-peti-v-ruki\/","url":"https:\/\/hudo.com\/si\/aktualno\/slovenci-na-krilih-prevca-in-damjana-peti-v-ruki\/","name":"Slovenci na krilih Prevca in Damjana peti v Ruki - Hudo Slovenija","isPartOf":{"@id":"https:\/\/hudo.com\/si\/#website"},"datePublished":"2017-11-25T16:17:00+00:00","dateModified":"2017-11-25T16:17:00+00:00","breadcrumb":{"@id":"https:\/\/hudo.com\/si\/aktualno\/slovenci-na-krilih-prevca-in-damjana-peti-v-ruki\/#breadcrumb"},"inLanguage":"sl-SI","potentialAction":[{"@type":"ReadAction","target":["https:\/\/hudo.com\/si\/aktualno\/slovenci-na-krilih-prevca-in-damjana-peti-v-ruki\/"]}]},{"@type":"BreadcrumbList","@id":"https:\/\/hudo.com\/si\/aktualno\/slovenci-na-krilih-prevca-in-damjana-peti-v-ruki\/#breadcrumb","itemListElement":[{"@type":"ListItem","position":1,"name":"Home","item":"https:\/\/hudo.com\/si\/"},{"@type":"ListItem","position":2,"name":"Slovenci na krilih Prevca in Damjana peti v Ruki"}]},{"@type":"WebSite","@id":"https:\/\/hudo.com\/si\/#website","url":"https:\/\/hudo.com\/si\/","name":"Hudo Slovenija","description":"Vse novice iz Slovenije in sveta","publisher":{"@id":"https:\/\/hudo.com\/si\/#organization"},"potentialAction":[{"@type":"SearchAction","target":{"@type":"EntryPoint","urlTemplate":"https:\/\/hudo.com\/si\/?s={search_term_string}"},"query-input":"required name=search_term_string"}],"inLanguage":"sl-SI"},{"@type":"Organization","@id":"https:\/\/hudo.com\/si\/#organization","name":"VSN Media","url":"https:\/\/hudo.com\/si\/","logo":{"@type":"ImageObject","inLanguage":"sl-SI","@id":"https:\/\/hudo.com\/si\/#\/schema\/logo\/image\/","url":"https:\/\/hudo.com\/si\/wp-content\/uploads\/sites\/2\/2021\/03\/hudo-app-2.png","contentUrl":"https:\/\/hudo.com\/si\/wp-content\/uploads\/sites\/2\/2021\/03\/hudo-app-2.png","width":2185,"height":2167,"caption":"VSN Media"},"image":{"@id":"https:\/\/hudo.com\/si\/#\/schema\/logo\/image\/"},"sameAs":["https:\/\/www.facebook.com\/hudo.si","https:\/\/twitter.com\/hudo_si"]},{"@type":"Person","@id":"https:\/\/hudo.com\/si\/#\/schema\/person\/601cf3379633985b20f7e50f2bb47707","name":"hudo","image":{"@type":"ImageObject","inLanguage":"sl-SI","@id":"https:\/\/hudo.com\/si\/#\/schema\/person\/image\/","url":"https:\/\/secure.gravatar.com\/avatar\/c4ca25fa72cace7a696b52ff5db9e095?s=96&d=mm&r=g","contentUrl":"https:\/\/secure.gravatar.com\/avatar\/c4ca25fa72cace7a696b52ff5db9e095?s=96&d=mm&r=g","caption":"hudo"},"url":"https:\/\/hudo.com\/si\/author\/hudo\/"}]}},"amp_enabled":true,"_links":{"self":[{"href":"https:\/\/hudo.com\/si\/wp-json\/wp\/v2\/posts\/326035"}],"collection":[{"href":"https:\/\/hudo.com\/si\/wp-json\/wp\/v2\/posts"}],"about":[{"href":"https:\/\/hudo.com\/si\/wp-json\/wp\/v2\/types\/post"}],"author":[{"embeddable":true,"href":"https:\/\/hudo.com\/si\/wp-json\/wp\/v2\/users\/1"}],"replies":[{"embeddable":true,"href":"https:\/\/hudo.com\/si\/wp-json\/wp\/v2\/comments?post=326035"}],"version-history":[{"count":0,"href":"https:\/\/hudo.com\/si\/wp-json\/wp\/v2\/posts\/326035\/revisions"}],"wp:attachment":[{"href":"https:\/\/hudo.com\/si\/wp-json\/wp\/v2\/media?parent=326035"}],"wp:term":[{"taxonomy":"category","embeddable":true,"href":"https:\/\/hudo.com\/si\/wp-json\/wp\/v2\/categories?post=326035"},{"taxonomy":"post_tag","embeddable":true,"href":"https:\/\/hudo.com\/si\/wp-json\/wp\/v2\/tags?post=326035"},{"taxonomy":"source","embeddable":true,"href":"https:\/\/hudo.com\/si\/wp-json\/wp\/v2\/source?post=326035"},{"taxonomy":"supertag","embeddable":true,"href":"https:\/\/hudo.com\/si\/wp-json\/wp\/v2\/supertag?post=326035"}],"curies":[{"name":"wp","href":"https:\/\/api.w.org\/{rel}","templated":true}]}}