{"id":326224,"date":"2017-11-27T09:22:33","date_gmt":"2017-11-27T08:22:33","guid":{"rendered":"http:\/\/hudo.com\/si\/?p=326224"},"modified":"2017-11-27T09:22:33","modified_gmt":"2017-11-27T08:22:33","slug":"kako-je-haasko-sodisce-potihoma-oprostilo-slobodana-milosevica-krivde-za-vojne-zlocine","status":"publish","type":"post","link":"https:\/\/hudo.com\/si\/aktualno\/mnenja\/kako-je-haasko-sodisce-potihoma-oprostilo-slobodana-milosevica-krivde-za-vojne-zlocine\/","title":{"rendered":"Kako je Haa\u0161ko sodi\u0161\u010de potihoma oprostilo Slobodana Milo\u0161evi\u0107a krivde za vojne zlo\u010dine"},"content":{"rendered":"<p><span class=\"date\">26. november 2017 &#8211; <\/span><a href=\"https:\/\/tatrenutek.si\/\" target=\"_blank\">TaTrenutek<\/a> \/ <a href=\"https:\/\/tatrenutek.si\/clanki-avtorja\/1407\" target=\"_blank\"><span class=\"author\">Igor Mekina<\/span><\/a><\/p>\n<p>Celo v Srbiji, kjer javnost sicer ve\u010dinoma negoduje zaradi neproporcionalno velikega \u0161tevila s strani ICTY obsojenih visokih \u010dastnikov in politikov, so obsodbo vodilni politiki sprejeli kot \u00bbpri\u010dakovano\u00ab.<\/p>\n<h2 style=\"text-align: center\"><a href=\"https:\/\/tatrenutek.si\/svet\/kako-je-haasko-sodisce-icty-potihoma-amnestiralo-slobodana-milosevica\" target=\"_blank\">&gt;Kako je Haa\u0161ko sodi\u0161\u010de &#8216;med vrsticami&#8217;\u00a0oprostilo Milo\u0161evi\u0107a<\/a><\/h2>\n<figure id=\"attachment_326393\" aria-describedby=\"caption-attachment-326393\" style=\"width: 1250px\" class=\"wp-caption alignnone\"><a href=\"http:\/\/hudo.com\/si\/wp-content\/uploads\/sites\/2\/2017\/11\/profimedia-0209966157.jpg\"><img loading=\"lazy\" decoding=\"async\" class=\"size-full wp-image-326393\" src=\"http:\/\/hudo.com\/si\/wp-content\/uploads\/sites\/2\/2017\/11\/profimedia-0209966157.jpg\" alt=\"\" width=\"1250\" height=\"867\" srcset=\"https:\/\/hudo.com\/si\/wp-content\/uploads\/sites\/2\/2017\/11\/profimedia-0209966157.jpg 1250w, https:\/\/hudo.com\/si\/wp-content\/uploads\/sites\/2\/2017\/11\/profimedia-0209966157-300x208.jpg 300w, https:\/\/hudo.com\/si\/wp-content\/uploads\/sites\/2\/2017\/11\/profimedia-0209966157-768x533.jpg 768w, https:\/\/hudo.com\/si\/wp-content\/uploads\/sites\/2\/2017\/11\/profimedia-0209966157-1024x710.jpg 1024w, https:\/\/hudo.com\/si\/wp-content\/uploads\/sites\/2\/2017\/11\/profimedia-0209966157-600x416.jpg 600w\" sizes=\"(max-width: 1250px) 100vw, 1250px\" \/><\/a><figcaption id=\"caption-attachment-326393\" class=\"wp-caption-text\">Haa\u0161ko sodi\u0161\u010de je &#8216;tiho, ne da bi to obesilo na velik zvon, amnestiralo\u00a0Slobodana Milo\u0161evi\u0107a\u00a0in Beograd odgovornosti za vojno v BiH&#8217;<\/figcaption><\/figure>\n<p>Kljub temu pa so se znova razvnele razprave o tem, kak\u0161ne naj bi bile posledice te sodbe. Nekateri komentatorji so zatrdili, da naj bi sodba predstavljala podlago za odpravo Republike srbske kot \u00bbgenocidne tvorbe\u00ab ali pa celo kot dokaz, da je tudi dr\u017eava Srbija, \u0161e posebej zaradi politike Slobodana Milo\u0161evi\u0107a, odgovorna za vojno v BiH in zlo\u010dine, zaradi katerih je bil obsojen Ratko Mladi\u0107.<\/p>\n<p>Vendar vse ka\u017ee, da te ocene niso utemeljene. Kot namre\u010d opozarja hrva\u0161ki <a href=\"https:\/\/www.jutarnji.hr\/vijesti\/hrvatska\/skriveni-detalj-haske-presude-mladicu-revidira-povijest-sukoba-na-podrucju-bivse-jugoslavije-kako-je-fusnota-15357-abolirala-milosevica-za-rat-u-bih\/6780363\/\" target=\"_blank\"><strong>Jutarnji list,<\/strong><\/a>\u00a0je bila obsodba generala Ratka Mladi\u0107a \u00bbindividualna\u00ab, to pa pomeni, da odgovornosti za vojno in konkretne zlo\u010dinske odlo\u010ditve nikakor ni mogo\u010de naprtiti narodom v celoti. In ne samo to \u2013 kot je opozoril Jutarnji list je \u00a0haa\u0161ko sodi\u0161\u010de s svojo obsodbo Ratka Mladi\u0107a zelo \u00bbtiho, ne da bi to obesilo na velik zvon, amnestiralo\u00a0<strong>Slobodana Milo\u0161evi\u0107a<\/strong> in Beograd odgovornosti za vojno v BiH. To je, po vsej verjetnosti, najve\u010dja \u00bbskrita novost\u00ab omenjene sodbe.<\/p>\n<p>Po oceni sodi\u0161\u010da je sicer \u00bbMilo\u0161evi\u0107 imel neke zveze z <strong>Radovanom Karad\u017ei\u0107em<\/strong> in Ratkom Mladi\u0107em\u00ab, toda po oceni sodi\u0161\u010da te zveze niso bile dovolj mo\u010dne, da bi lahko sprejeli slep, da je bil \u00bb\u010dlan zdru\u017eene zlo\u010dinske organizacije\u00ab, v okviru katere so bili storjeni zlo\u010dini v BiH.<\/p>\n<p>To je \u0161e toliko bolj nenavadno zato, ker so bili voditelji Srbije v za\u010detku zaobjeti tudi v obto\u017enici proti Mladi\u0107u. Ratko Mladi\u0107 je bil obto\u017een, da je svoje zlo\u010dinsko dejanje izvr\u0161il skupaj z Milo\u0161evi\u0107em in njegovimi sodelavci. Vendar pa so sodniki iz sodbe \u00bbvrgli ven omenjanje Slobodana Milo\u0161evi\u0107a, voditelja Srbije in Jugoslavije,\u00ab kot ugotavlja tudi Jutarnji list.<\/p>\n<p>V sami sodbi se navaja, da sodniki niso na\u0161li dokazov, da naj bi bil Slobodan Milo\u0161evi\u0107 ali kdorkoli od njegovih kolegov iz voja\u0161kega ali politi\u010dnega vodstva sodelavec v zdru\u017eeni zlo\u010dinski organizaciji od leta 1991 do konca leta 1995, ki je nastala\u00a0s\u00a0ciljem\u00a0pregona Hrvatov in Bo\u0161njakov (tedanjih Muslimanov) iz velikih delov BiH, zaradi ustvarjanja nacionalno homogene srbske dr\u017eave.<\/p>\n<p>Ta pomemben del 2525 strani dolge sodbe se nahaja v opombi na dnu strani 2090 haa\u0161ke sodbe v primeru Ratka Mladi\u0107a. V to\u010dki 4238 najprej pi\u0161e, da senat sodi\u0161\u010da ocenjuje, da je ve\u010d ljudi sodelovalo v zdru\u017eeni zlo\u010dinski organizaciji, vklju\u010dno z <strong>Radovanom Karad<\/strong><strong>\u017ei<\/strong><strong>\u0107em, Mom\u010dilom Kraji\u0161nikom, Biljano Plav\u0161i\u0107, Nikolom Koljevi\u0107em, Bogdanom Suboti\u0107em, Mom\u010dilom Mandi\u0107em<\/strong> in <strong>Mi\u0107om Stani\u0161i\u0107em&#8221;<\/strong>. Nato pa sodi\u0161\u010de v pripombi 15357 na dnu strani dodaja naslednje: \u00bbDokazi, ki jih je dobil sodni senat, niso pokazali, da so <strong>Slobodan Milo\u0161evi\u0107, Jovica Stani\u0161i\u0107, Franko Simatovi\u0107, <\/strong><strong>\u017deljko Ra<\/strong><strong>\u017enatovi<\/strong><strong>\u0107<\/strong> ali <strong>Vojislav <\/strong><strong>\u0160e<\/strong><strong>\u0161elj<\/strong> sodelovali pri realizaciji skupnega kriminalnega cilja.\u00ab <a href=\"https:\/\/tatrenutek.si\/svet\/kako-je-haasko-sodisce-icty-potihoma-amnestiralo-slobodana-milosevica\" target=\"_blank\">Beri dalje&#8230;<\/a><\/p>\n","protected":false},"excerpt":{"rendered":"<p>Obsodbo Ratka Mladi\u0107a na dosmrtni zapor s strani ICTY  so v strokovni javnosti in celo v dr\u017eavah, za katere je Mednarodno kazensko sodi\u0161\u010de za biv\u0161o Jugoslavijo (ICTY) pristojno, prebivalci ve\u010dinoma sprejeli kot pravi\u010dno in edino sprejemljivo kazen<\/p>\n","protected":false},"author":14,"featured_media":326389,"comment_status":"closed","ping_status":"closed","sticky":false,"template":"","format":"standard","meta":{"footnotes":""},"categories":[1605],"tags":[3755,7228,2296,7229,6047,2442,5825],"source":[4511],"supertag":[],"acf":[],"yoast_head":"<!-- This site is optimized with the Yoast SEO plugin v21.3 - https:\/\/yoast.com\/wordpress\/plugins\/seo\/ -->\n<title>Kako je Haa\u0161ko sodi\u0161\u010de potihoma oprostilo Slobodana Milo\u0161evi\u0107a krivde za vojne zlo\u010dine - Hudo Slovenija<\/title>\n<meta name=\"robots\" content=\"index, follow, max-snippet:-1, max-image-preview:large, max-video-preview:-1\" \/>\n<link rel=\"canonical\" href=\"https:\/\/hudo.com\/si\/aktualno\/mnenja\/kako-je-haasko-sodisce-potihoma-oprostilo-slobodana-milosevica-krivde-za-vojne-zlocine\/\" \/>\n<meta property=\"og:locale\" content=\"sl_SI\" \/>\n<meta property=\"og:type\" content=\"article\" \/>\n<meta property=\"og:title\" content=\"Kako je Haa\u0161ko sodi\u0161\u010de potihoma oprostilo Slobodana Milo\u0161evi\u0107a krivde za vojne zlo\u010dine - Hudo Slovenija\" \/>\n<meta property=\"og:description\" content=\"Obsodbo Ratka Mladi\u0107a na dosmrtni zapor s strani ICTY so v strokovni javnosti in celo v dr\u017eavah, za katere je Mednarodno kazensko sodi\u0161\u010de za biv\u0161o Jugoslavijo (ICTY) pristojno, prebivalci ve\u010dinoma sprejeli kot pravi\u010dno in edino sprejemljivo kazen\" \/>\n<meta property=\"og:url\" content=\"https:\/\/hudo.com\/si\/aktualno\/mnenja\/kako-je-haasko-sodisce-potihoma-oprostilo-slobodana-milosevica-krivde-za-vojne-zlocine\/\" \/>\n<meta property=\"og:site_name\" content=\"Hudo Slovenija\" \/>\n<meta property=\"article:publisher\" content=\"https:\/\/www.facebook.com\/hudo.si\" \/>\n<meta property=\"article:published_time\" content=\"2017-11-27T08:22:33+00:00\" \/>\n<meta property=\"og:image\" content=\"https:\/\/hudo.com\/si\/wp-content\/uploads\/sites\/2\/2017\/11\/profimedia-0174207970.jpg\" \/>\n\t<meta property=\"og:image:width\" content=\"1250\" \/>\n\t<meta property=\"og:image:height\" content=\"823\" \/>\n\t<meta property=\"og:image:type\" content=\"image\/jpeg\" \/>\n<meta name=\"author\" content=\"Insajder.com\" \/>\n<meta name=\"twitter:card\" content=\"summary_large_image\" \/>\n<meta name=\"twitter:creator\" content=\"@hudo_si\" \/>\n<meta name=\"twitter:site\" content=\"@hudo_si\" \/>\n<meta name=\"twitter:label1\" content=\"Written by\" \/>\n\t<meta name=\"twitter:data1\" content=\"Insajder.com\" \/>\n\t<meta name=\"twitter:label2\" content=\"Est. reading time\" \/>\n\t<meta name=\"twitter:data2\" content=\"3 minute\" \/>\n<script type=\"application\/ld+json\" class=\"yoast-schema-graph\">{\"@context\":\"https:\/\/schema.org\",\"@graph\":[{\"@type\":\"Article\",\"@id\":\"https:\/\/hudo.com\/si\/aktualno\/mnenja\/kako-je-haasko-sodisce-potihoma-oprostilo-slobodana-milosevica-krivde-za-vojne-zlocine\/#article\",\"isPartOf\":{\"@id\":\"https:\/\/hudo.com\/si\/aktualno\/mnenja\/kako-je-haasko-sodisce-potihoma-oprostilo-slobodana-milosevica-krivde-za-vojne-zlocine\/\"},\"author\":{\"name\":\"Insajder.com\",\"@id\":\"https:\/\/hudo.com\/si\/#\/schema\/person\/d67e60ae52459678623587acd5218ca6\"},\"headline\":\"Kako je Haa\u0161ko sodi\u0161\u010de potihoma oprostilo Slobodana Milo\u0161evi\u0107a krivde za vojne zlo\u010dine\",\"datePublished\":\"2017-11-27T08:22:33+00:00\",\"dateModified\":\"2017-11-27T08:22:33+00:00\",\"mainEntityOfPage\":{\"@id\":\"https:\/\/hudo.com\/si\/aktualno\/mnenja\/kako-je-haasko-sodisce-potihoma-oprostilo-slobodana-milosevica-krivde-za-vojne-zlocine\/\"},\"wordCount\":570,\"publisher\":{\"@id\":\"https:\/\/hudo.com\/si\/#organization\"},\"keywords\":[\"bosna in hercegovina\",\"Haa\u0161ko sodi\u0161\u010de\",\"jugoslavija\",\"Ratko Mladi\u0107\",\"slobodan milo\u0161evi\u0107\",\"Srbija\",\"vojni zlo\u010dini\"],\"articleSection\":[\"Mnenja\"],\"inLanguage\":\"sl-SI\"},{\"@type\":\"WebPage\",\"@id\":\"https:\/\/hudo.com\/si\/aktualno\/mnenja\/kako-je-haasko-sodisce-potihoma-oprostilo-slobodana-milosevica-krivde-za-vojne-zlocine\/\",\"url\":\"https:\/\/hudo.com\/si\/aktualno\/mnenja\/kako-je-haasko-sodisce-potihoma-oprostilo-slobodana-milosevica-krivde-za-vojne-zlocine\/\",\"name\":\"Kako je Haa\u0161ko sodi\u0161\u010de potihoma oprostilo Slobodana Milo\u0161evi\u0107a krivde za vojne zlo\u010dine - Hudo Slovenija\",\"isPartOf\":{\"@id\":\"https:\/\/hudo.com\/si\/#website\"},\"datePublished\":\"2017-11-27T08:22:33+00:00\",\"dateModified\":\"2017-11-27T08:22:33+00:00\",\"breadcrumb\":{\"@id\":\"https:\/\/hudo.com\/si\/aktualno\/mnenja\/kako-je-haasko-sodisce-potihoma-oprostilo-slobodana-milosevica-krivde-za-vojne-zlocine\/#breadcrumb\"},\"inLanguage\":\"sl-SI\",\"potentialAction\":[{\"@type\":\"ReadAction\",\"target\":[\"https:\/\/hudo.com\/si\/aktualno\/mnenja\/kako-je-haasko-sodisce-potihoma-oprostilo-slobodana-milosevica-krivde-za-vojne-zlocine\/\"]}]},{\"@type\":\"BreadcrumbList\",\"@id\":\"https:\/\/hudo.com\/si\/aktualno\/mnenja\/kako-je-haasko-sodisce-potihoma-oprostilo-slobodana-milosevica-krivde-za-vojne-zlocine\/#breadcrumb\",\"itemListElement\":[{\"@type\":\"ListItem\",\"position\":1,\"name\":\"Home\",\"item\":\"https:\/\/hudo.com\/si\/\"},{\"@type\":\"ListItem\",\"position\":2,\"name\":\"Kako je Haa\u0161ko sodi\u0161\u010de potihoma oprostilo Slobodana Milo\u0161evi\u0107a krivde za vojne zlo\u010dine\"}]},{\"@type\":\"WebSite\",\"@id\":\"https:\/\/hudo.com\/si\/#website\",\"url\":\"https:\/\/hudo.com\/si\/\",\"name\":\"Hudo Slovenija\",\"description\":\"Vse novice iz Slovenije in sveta\",\"publisher\":{\"@id\":\"https:\/\/hudo.com\/si\/#organization\"},\"potentialAction\":[{\"@type\":\"SearchAction\",\"target\":{\"@type\":\"EntryPoint\",\"urlTemplate\":\"https:\/\/hudo.com\/si\/?s={search_term_string}\"},\"query-input\":\"required name=search_term_string\"}],\"inLanguage\":\"sl-SI\"},{\"@type\":\"Organization\",\"@id\":\"https:\/\/hudo.com\/si\/#organization\",\"name\":\"VSN Media\",\"url\":\"https:\/\/hudo.com\/si\/\",\"logo\":{\"@type\":\"ImageObject\",\"inLanguage\":\"sl-SI\",\"@id\":\"https:\/\/hudo.com\/si\/#\/schema\/logo\/image\/\",\"url\":\"https:\/\/hudo.com\/si\/wp-content\/uploads\/sites\/2\/2021\/03\/hudo-app-2.png\",\"contentUrl\":\"https:\/\/hudo.com\/si\/wp-content\/uploads\/sites\/2\/2021\/03\/hudo-app-2.png\",\"width\":2185,\"height\":2167,\"caption\":\"VSN Media\"},\"image\":{\"@id\":\"https:\/\/hudo.com\/si\/#\/schema\/logo\/image\/\"},\"sameAs\":[\"https:\/\/www.facebook.com\/hudo.si\",\"https:\/\/twitter.com\/hudo_si\"]},{\"@type\":\"Person\",\"@id\":\"https:\/\/hudo.com\/si\/#\/schema\/person\/d67e60ae52459678623587acd5218ca6\",\"name\":\"Insajder.com\",\"image\":{\"@type\":\"ImageObject\",\"inLanguage\":\"sl-SI\",\"@id\":\"https:\/\/hudo.com\/si\/#\/schema\/person\/image\/\",\"url\":\"https:\/\/secure.gravatar.com\/avatar\/1bf0a6305b18a5fd153808968f1483c6?s=96&d=mm&r=g\",\"contentUrl\":\"https:\/\/secure.gravatar.com\/avatar\/1bf0a6305b18a5fd153808968f1483c6?s=96&d=mm&r=g\",\"caption\":\"Insajder.com\"},\"url\":\"https:\/\/hudo.com\/si\/author\/tatrenuteksi\/\"}]}<\/script>\n<!-- \/ Yoast SEO plugin. -->","yoast_head_json":{"title":"Kako je Haa\u0161ko sodi\u0161\u010de potihoma oprostilo Slobodana Milo\u0161evi\u0107a krivde za vojne zlo\u010dine - Hudo Slovenija","robots":{"index":"index","follow":"follow","max-snippet":"max-snippet:-1","max-image-preview":"max-image-preview:large","max-video-preview":"max-video-preview:-1"},"canonical":"https:\/\/hudo.com\/si\/aktualno\/mnenja\/kako-je-haasko-sodisce-potihoma-oprostilo-slobodana-milosevica-krivde-za-vojne-zlocine\/","og_locale":"sl_SI","og_type":"article","og_title":"Kako je Haa\u0161ko sodi\u0161\u010de potihoma oprostilo Slobodana Milo\u0161evi\u0107a krivde za vojne zlo\u010dine - Hudo Slovenija","og_description":"Obsodbo Ratka Mladi\u0107a na dosmrtni zapor s strani ICTY so v strokovni javnosti in celo v dr\u017eavah, za katere je Mednarodno kazensko sodi\u0161\u010de za biv\u0161o Jugoslavijo (ICTY) pristojno, prebivalci ve\u010dinoma sprejeli kot pravi\u010dno in edino sprejemljivo kazen","og_url":"https:\/\/hudo.com\/si\/aktualno\/mnenja\/kako-je-haasko-sodisce-potihoma-oprostilo-slobodana-milosevica-krivde-za-vojne-zlocine\/","og_site_name":"Hudo Slovenija","article_publisher":"https:\/\/www.facebook.com\/hudo.si","article_published_time":"2017-11-27T08:22:33+00:00","og_image":[{"width":1250,"height":823,"url":"https:\/\/hudo.com\/si\/wp-content\/uploads\/sites\/2\/2017\/11\/profimedia-0174207970.jpg","type":"image\/jpeg"}],"author":"Insajder.com","twitter_card":"summary_large_image","twitter_creator":"@hudo_si","twitter_site":"@hudo_si","twitter_misc":{"Written by":"Insajder.com","Est. reading time":"3 minute"},"schema":{"@context":"https:\/\/schema.org","@graph":[{"@type":"Article","@id":"https:\/\/hudo.com\/si\/aktualno\/mnenja\/kako-je-haasko-sodisce-potihoma-oprostilo-slobodana-milosevica-krivde-za-vojne-zlocine\/#article","isPartOf":{"@id":"https:\/\/hudo.com\/si\/aktualno\/mnenja\/kako-je-haasko-sodisce-potihoma-oprostilo-slobodana-milosevica-krivde-za-vojne-zlocine\/"},"author":{"name":"Insajder.com","@id":"https:\/\/hudo.com\/si\/#\/schema\/person\/d67e60ae52459678623587acd5218ca6"},"headline":"Kako je Haa\u0161ko sodi\u0161\u010de potihoma oprostilo Slobodana Milo\u0161evi\u0107a krivde za vojne zlo\u010dine","datePublished":"2017-11-27T08:22:33+00:00","dateModified":"2017-11-27T08:22:33+00:00","mainEntityOfPage":{"@id":"https:\/\/hudo.com\/si\/aktualno\/mnenja\/kako-je-haasko-sodisce-potihoma-oprostilo-slobodana-milosevica-krivde-za-vojne-zlocine\/"},"wordCount":570,"publisher":{"@id":"https:\/\/hudo.com\/si\/#organization"},"keywords":["bosna in hercegovina","Haa\u0161ko sodi\u0161\u010de","jugoslavija","Ratko Mladi\u0107","slobodan milo\u0161evi\u0107","Srbija","vojni zlo\u010dini"],"articleSection":["Mnenja"],"inLanguage":"sl-SI"},{"@type":"WebPage","@id":"https:\/\/hudo.com\/si\/aktualno\/mnenja\/kako-je-haasko-sodisce-potihoma-oprostilo-slobodana-milosevica-krivde-za-vojne-zlocine\/","url":"https:\/\/hudo.com\/si\/aktualno\/mnenja\/kako-je-haasko-sodisce-potihoma-oprostilo-slobodana-milosevica-krivde-za-vojne-zlocine\/","name":"Kako je Haa\u0161ko sodi\u0161\u010de potihoma oprostilo Slobodana Milo\u0161evi\u0107a krivde za vojne zlo\u010dine - Hudo Slovenija","isPartOf":{"@id":"https:\/\/hudo.com\/si\/#website"},"datePublished":"2017-11-27T08:22:33+00:00","dateModified":"2017-11-27T08:22:33+00:00","breadcrumb":{"@id":"https:\/\/hudo.com\/si\/aktualno\/mnenja\/kako-je-haasko-sodisce-potihoma-oprostilo-slobodana-milosevica-krivde-za-vojne-zlocine\/#breadcrumb"},"inLanguage":"sl-SI","potentialAction":[{"@type":"ReadAction","target":["https:\/\/hudo.com\/si\/aktualno\/mnenja\/kako-je-haasko-sodisce-potihoma-oprostilo-slobodana-milosevica-krivde-za-vojne-zlocine\/"]}]},{"@type":"BreadcrumbList","@id":"https:\/\/hudo.com\/si\/aktualno\/mnenja\/kako-je-haasko-sodisce-potihoma-oprostilo-slobodana-milosevica-krivde-za-vojne-zlocine\/#breadcrumb","itemListElement":[{"@type":"ListItem","position":1,"name":"Home","item":"https:\/\/hudo.com\/si\/"},{"@type":"ListItem","position":2,"name":"Kako je Haa\u0161ko sodi\u0161\u010de potihoma oprostilo Slobodana Milo\u0161evi\u0107a krivde za vojne zlo\u010dine"}]},{"@type":"WebSite","@id":"https:\/\/hudo.com\/si\/#website","url":"https:\/\/hudo.com\/si\/","name":"Hudo Slovenija","description":"Vse novice iz Slovenije in sveta","publisher":{"@id":"https:\/\/hudo.com\/si\/#organization"},"potentialAction":[{"@type":"SearchAction","target":{"@type":"EntryPoint","urlTemplate":"https:\/\/hudo.com\/si\/?s={search_term_string}"},"query-input":"required name=search_term_string"}],"inLanguage":"sl-SI"},{"@type":"Organization","@id":"https:\/\/hudo.com\/si\/#organization","name":"VSN Media","url":"https:\/\/hudo.com\/si\/","logo":{"@type":"ImageObject","inLanguage":"sl-SI","@id":"https:\/\/hudo.com\/si\/#\/schema\/logo\/image\/","url":"https:\/\/hudo.com\/si\/wp-content\/uploads\/sites\/2\/2021\/03\/hudo-app-2.png","contentUrl":"https:\/\/hudo.com\/si\/wp-content\/uploads\/sites\/2\/2021\/03\/hudo-app-2.png","width":2185,"height":2167,"caption":"VSN Media"},"image":{"@id":"https:\/\/hudo.com\/si\/#\/schema\/logo\/image\/"},"sameAs":["https:\/\/www.facebook.com\/hudo.si","https:\/\/twitter.com\/hudo_si"]},{"@type":"Person","@id":"https:\/\/hudo.com\/si\/#\/schema\/person\/d67e60ae52459678623587acd5218ca6","name":"Insajder.com","image":{"@type":"ImageObject","inLanguage":"sl-SI","@id":"https:\/\/hudo.com\/si\/#\/schema\/person\/image\/","url":"https:\/\/secure.gravatar.com\/avatar\/1bf0a6305b18a5fd153808968f1483c6?s=96&d=mm&r=g","contentUrl":"https:\/\/secure.gravatar.com\/avatar\/1bf0a6305b18a5fd153808968f1483c6?s=96&d=mm&r=g","caption":"Insajder.com"},"url":"https:\/\/hudo.com\/si\/author\/tatrenuteksi\/"}]}},"amp_enabled":true,"_links":{"self":[{"href":"https:\/\/hudo.com\/si\/wp-json\/wp\/v2\/posts\/326224"}],"collection":[{"href":"https:\/\/hudo.com\/si\/wp-json\/wp\/v2\/posts"}],"about":[{"href":"https:\/\/hudo.com\/si\/wp-json\/wp\/v2\/types\/post"}],"author":[{"embeddable":true,"href":"https:\/\/hudo.com\/si\/wp-json\/wp\/v2\/users\/14"}],"replies":[{"embeddable":true,"href":"https:\/\/hudo.com\/si\/wp-json\/wp\/v2\/comments?post=326224"}],"version-history":[{"count":1,"href":"https:\/\/hudo.com\/si\/wp-json\/wp\/v2\/posts\/326224\/revisions"}],"predecessor-version":[{"id":326394,"href":"https:\/\/hudo.com\/si\/wp-json\/wp\/v2\/posts\/326224\/revisions\/326394"}],"wp:featuredmedia":[{"embeddable":true,"href":"https:\/\/hudo.com\/si\/wp-json\/wp\/v2\/media\/326389"}],"wp:attachment":[{"href":"https:\/\/hudo.com\/si\/wp-json\/wp\/v2\/media?parent=326224"}],"wp:term":[{"taxonomy":"category","embeddable":true,"href":"https:\/\/hudo.com\/si\/wp-json\/wp\/v2\/categories?post=326224"},{"taxonomy":"post_tag","embeddable":true,"href":"https:\/\/hudo.com\/si\/wp-json\/wp\/v2\/tags?post=326224"},{"taxonomy":"source","embeddable":true,"href":"https:\/\/hudo.com\/si\/wp-json\/wp\/v2\/source?post=326224"},{"taxonomy":"supertag","embeddable":true,"href":"https:\/\/hudo.com\/si\/wp-json\/wp\/v2\/supertag?post=326224"}],"curies":[{"name":"wp","href":"https:\/\/api.w.org\/{rel}","templated":true}]}}