{"id":326264,"date":"2017-11-26T19:00:00","date_gmt":"2017-11-26T18:00:00","guid":{"rendered":"http:\/\/hudo.com\/si\/2017\/11\/26\/imenovali-prve-ambasadorje-hitre-ceste\/"},"modified":"2017-11-26T19:00:00","modified_gmt":"2017-11-26T18:00:00","slug":"imenovali-prve-ambasadorje-hitre-ceste","status":"publish","type":"post","link":"https:\/\/hudo.com\/si\/aktualno\/imenovali-prve-ambasadorje-hitre-ceste\/","title":{"rendered":"Imenovali prve ambasadorje hitre ceste"},"content":{"rendered":"<p>Kategorija: Slovenija Sun, 26 Nov 2017 20:00:00 +0100  Ravne na Koro\u0161kem\u00a0\u2013 Mladinska iniciativa za tretjo razvojno os je desetim posameznikom, dru\u0161tvom in organizacijam, ki so presegli okvire rednega delovanja v prizadevanjih za gradnjo tretje razvojne osi na Koro\u0161ko, podelila naziv Ambasador Ho\u010d&#8217;mo cesto.\u00a0 Obmo\u010dna gospodarska zbornica Koro\u0161ka si je ta naziv prislu\u017eila zaradi truda pri pripravi in podpisu skupne izjave o nujnosti gradnje tretje razvojne osi med gospodarstveniki Koro\u0161ke in Savinjsko-\u0161ale\u0161ke regije. Ambasador gradnje tretje razvojen osi je postalo tudi Koro\u0161ko filatelisti\u010dno dru\u0161tvo za pripravo in izdajo prilo\u017enostne dopisnice in kuverte ob tretji obletnici delovanja Mladinske iniciative za tretjo razvojno os. Ravenski mladinci so v prizadevanjih za gradnjo sodobne prometnice nagradili tudi koro\u0161kega rojaka Cirila Horjaka, ki jim je pomagal pri nastajanju \u0161tudije z naslovom Ho\u010d&#8217;mo cesto, zanjo prispeval grafi\u010dno obliko, slikovno opremljenost ter naslov, ki je po Ho rjakovi\u00a0&#8230;<\/p>\n","protected":false},"excerpt":{"rendered":"<p>Kategorija: Slovenija Sun, 26 Nov 2017 20:00:00 +0100  Ravne na Koro\u0161kem\u00a0\u2013 Mladinska iniciativa za tretjo razvojno os je desetim posameznikom, dru\u0161tvom in organizacijam, ki so presegli okvire rednega delovanja v prizadevanjih za gradnjo tretje razvojne osi na Koro\u0161ko, podelila naziv Ambasador Ho\u010d&#8217;mo cesto.\u00a0 Obmo\u010dna gospodarska zbornica Koro\u0161ka si je ta naziv prislu\u017eila zaradi truda pri pripravi in podpisu skupne izjave o nujnosti gradnje tretje razvojne osi med gospodarstveniki Koro\u0161ke in Savinjsko-\u0161ale\u0161ke regije. Ambasador gradnje tretje razvojen osi je postalo tudi Koro\u0161ko filatelisti\u010dno dru\u0161tvo za pripravo in izdajo prilo\u017enostne dopisnice in kuverte ob tretji obletnici delovanja Mladinske iniciative za tretjo razvojno os. Ravenski mladinci so v prizadevanjih za gradnjo sodobne prometnice nagradili tudi koro\u0161kega rojaka Cirila Horjaka, ki jim je pomagal pri nastajanju \u0161tudije z naslovom Ho\u010d&#8217;mo cesto, zanjo prispeval grafi\u010dno obliko, slikovno opremljenost ter naslov, ki je po Ho rjakovi\u00a0&#8230;<\/p>\n","protected":false},"author":1,"featured_media":0,"comment_status":"closed","ping_status":"closed","sticky":false,"template":"","format":"standard","meta":{"footnotes":""},"categories":[1179],"tags":[],"source":[1703],"supertag":[],"acf":[],"yoast_head":"<!-- This site is optimized with the Yoast SEO plugin v21.3 - https:\/\/yoast.com\/wordpress\/plugins\/seo\/ -->\n<title>Imenovali prve ambasadorje hitre ceste - Hudo Slovenija<\/title>\n<meta name=\"robots\" content=\"index, follow, max-snippet:-1, max-image-preview:large, max-video-preview:-1\" \/>\n<link rel=\"canonical\" href=\"https:\/\/hudo.com\/si\/aktualno\/imenovali-prve-ambasadorje-hitre-ceste\/\" \/>\n<meta property=\"og:locale\" content=\"sl_SI\" \/>\n<meta property=\"og:type\" content=\"article\" \/>\n<meta property=\"og:title\" content=\"Imenovali prve ambasadorje hitre ceste - Hudo Slovenija\" \/>\n<meta property=\"og:description\" content=\"Kategorija: Slovenija Sun, 26 Nov 2017 20:00:00 +0100 Ravne na Koro\u0161kem\u00a0\u2013 Mladinska iniciativa za tretjo razvojno os je desetim posameznikom, dru\u0161tvom in organizacijam, ki so presegli okvire rednega delovanja v prizadevanjih za gradnjo tretje razvojne osi na Koro\u0161ko, podelila naziv Ambasador Ho\u010d&#039;mo cesto.\u00a0 Obmo\u010dna gospodarska zbornica Koro\u0161ka si je ta naziv prislu\u017eila zaradi truda pri pripravi in podpisu skupne izjave o nujnosti gradnje tretje razvojne osi med gospodarstveniki Koro\u0161ke in Savinjsko-\u0161ale\u0161ke regije. Ambasador gradnje tretje razvojen osi je postalo tudi Koro\u0161ko filatelisti\u010dno dru\u0161tvo za pripravo in izdajo prilo\u017enostne dopisnice in kuverte ob tretji obletnici delovanja Mladinske iniciative za tretjo razvojno os. Ravenski mladinci so v prizadevanjih za gradnjo sodobne prometnice nagradili tudi koro\u0161kega rojaka Cirila Horjaka, ki jim je pomagal pri nastajanju \u0161tudije z naslovom Ho\u010d&#039;mo cesto, zanjo prispeval grafi\u010dno obliko, slikovno opremljenost ter naslov, ki je po Ho rjakovi\u00a0...\" \/>\n<meta property=\"og:url\" content=\"https:\/\/hudo.com\/si\/aktualno\/imenovali-prve-ambasadorje-hitre-ceste\/\" \/>\n<meta property=\"og:site_name\" content=\"Hudo Slovenija\" \/>\n<meta property=\"article:publisher\" content=\"https:\/\/www.facebook.com\/hudo.si\" \/>\n<meta property=\"article:published_time\" content=\"2017-11-26T18:00:00+00:00\" \/>\n<meta property=\"og:image\" content=\"https:\/\/hudo.com\/si\/wp-content\/uploads\/sites\/2\/2017\/11\/480x290_djvu_2417418_hudolist_tre-ALJA-VERHOVNIK.jpeg\" \/>\n\t<meta property=\"og:image:width\" content=\"480\" \/>\n\t<meta property=\"og:image:height\" content=\"290\" \/>\n\t<meta property=\"og:image:type\" content=\"image\/jpeg\" \/>\n<meta name=\"author\" content=\"hudo\" \/>\n<meta name=\"twitter:card\" content=\"summary_large_image\" \/>\n<meta name=\"twitter:creator\" content=\"@hudo_si\" \/>\n<meta name=\"twitter:site\" content=\"@hudo_si\" \/>\n<meta name=\"twitter:label1\" content=\"Written by\" \/>\n\t<meta name=\"twitter:data1\" content=\"hudo\" \/>\n\t<meta name=\"twitter:label2\" content=\"Est. reading time\" \/>\n\t<meta name=\"twitter:data2\" content=\"1 minuta\" \/>\n<script type=\"application\/ld+json\" class=\"yoast-schema-graph\">{\"@context\":\"https:\/\/schema.org\",\"@graph\":[{\"@type\":\"Article\",\"@id\":\"https:\/\/hudo.com\/si\/aktualno\/imenovali-prve-ambasadorje-hitre-ceste\/#article\",\"isPartOf\":{\"@id\":\"https:\/\/hudo.com\/si\/aktualno\/imenovali-prve-ambasadorje-hitre-ceste\/\"},\"author\":{\"name\":\"hudo\",\"@id\":\"https:\/\/hudo.com\/si\/#\/schema\/person\/601cf3379633985b20f7e50f2bb47707\"},\"headline\":\"Imenovali prve ambasadorje hitre ceste\",\"datePublished\":\"2017-11-26T18:00:00+00:00\",\"dateModified\":\"2017-11-26T18:00:00+00:00\",\"mainEntityOfPage\":{\"@id\":\"https:\/\/hudo.com\/si\/aktualno\/imenovali-prve-ambasadorje-hitre-ceste\/\"},\"wordCount\":158,\"publisher\":{\"@id\":\"https:\/\/hudo.com\/si\/#organization\"},\"articleSection\":[\"Aktualno\"],\"inLanguage\":\"sl-SI\"},{\"@type\":\"WebPage\",\"@id\":\"https:\/\/hudo.com\/si\/aktualno\/imenovali-prve-ambasadorje-hitre-ceste\/\",\"url\":\"https:\/\/hudo.com\/si\/aktualno\/imenovali-prve-ambasadorje-hitre-ceste\/\",\"name\":\"Imenovali prve ambasadorje hitre ceste - Hudo Slovenija\",\"isPartOf\":{\"@id\":\"https:\/\/hudo.com\/si\/#website\"},\"datePublished\":\"2017-11-26T18:00:00+00:00\",\"dateModified\":\"2017-11-26T18:00:00+00:00\",\"breadcrumb\":{\"@id\":\"https:\/\/hudo.com\/si\/aktualno\/imenovali-prve-ambasadorje-hitre-ceste\/#breadcrumb\"},\"inLanguage\":\"sl-SI\",\"potentialAction\":[{\"@type\":\"ReadAction\",\"target\":[\"https:\/\/hudo.com\/si\/aktualno\/imenovali-prve-ambasadorje-hitre-ceste\/\"]}]},{\"@type\":\"BreadcrumbList\",\"@id\":\"https:\/\/hudo.com\/si\/aktualno\/imenovali-prve-ambasadorje-hitre-ceste\/#breadcrumb\",\"itemListElement\":[{\"@type\":\"ListItem\",\"position\":1,\"name\":\"Home\",\"item\":\"https:\/\/hudo.com\/si\/\"},{\"@type\":\"ListItem\",\"position\":2,\"name\":\"Imenovali prve ambasadorje hitre ceste\"}]},{\"@type\":\"WebSite\",\"@id\":\"https:\/\/hudo.com\/si\/#website\",\"url\":\"https:\/\/hudo.com\/si\/\",\"name\":\"Hudo Slovenija\",\"description\":\"Vse novice iz Slovenije in sveta\",\"publisher\":{\"@id\":\"https:\/\/hudo.com\/si\/#organization\"},\"potentialAction\":[{\"@type\":\"SearchAction\",\"target\":{\"@type\":\"EntryPoint\",\"urlTemplate\":\"https:\/\/hudo.com\/si\/?s={search_term_string}\"},\"query-input\":\"required name=search_term_string\"}],\"inLanguage\":\"sl-SI\"},{\"@type\":\"Organization\",\"@id\":\"https:\/\/hudo.com\/si\/#organization\",\"name\":\"VSN Media\",\"url\":\"https:\/\/hudo.com\/si\/\",\"logo\":{\"@type\":\"ImageObject\",\"inLanguage\":\"sl-SI\",\"@id\":\"https:\/\/hudo.com\/si\/#\/schema\/logo\/image\/\",\"url\":\"https:\/\/hudo.com\/si\/wp-content\/uploads\/sites\/2\/2021\/03\/hudo-app-2.png\",\"contentUrl\":\"https:\/\/hudo.com\/si\/wp-content\/uploads\/sites\/2\/2021\/03\/hudo-app-2.png\",\"width\":2185,\"height\":2167,\"caption\":\"VSN Media\"},\"image\":{\"@id\":\"https:\/\/hudo.com\/si\/#\/schema\/logo\/image\/\"},\"sameAs\":[\"https:\/\/www.facebook.com\/hudo.si\",\"https:\/\/twitter.com\/hudo_si\"]},{\"@type\":\"Person\",\"@id\":\"https:\/\/hudo.com\/si\/#\/schema\/person\/601cf3379633985b20f7e50f2bb47707\",\"name\":\"hudo\",\"image\":{\"@type\":\"ImageObject\",\"inLanguage\":\"sl-SI\",\"@id\":\"https:\/\/hudo.com\/si\/#\/schema\/person\/image\/\",\"url\":\"https:\/\/secure.gravatar.com\/avatar\/c4ca25fa72cace7a696b52ff5db9e095?s=96&d=mm&r=g\",\"contentUrl\":\"https:\/\/secure.gravatar.com\/avatar\/c4ca25fa72cace7a696b52ff5db9e095?s=96&d=mm&r=g\",\"caption\":\"hudo\"},\"url\":\"https:\/\/hudo.com\/si\/author\/hudo\/\"}]}<\/script>\n<!-- \/ Yoast SEO plugin. -->","yoast_head_json":{"title":"Imenovali prve ambasadorje hitre ceste - Hudo Slovenija","robots":{"index":"index","follow":"follow","max-snippet":"max-snippet:-1","max-image-preview":"max-image-preview:large","max-video-preview":"max-video-preview:-1"},"canonical":"https:\/\/hudo.com\/si\/aktualno\/imenovali-prve-ambasadorje-hitre-ceste\/","og_locale":"sl_SI","og_type":"article","og_title":"Imenovali prve ambasadorje hitre ceste - Hudo Slovenija","og_description":"Kategorija: Slovenija Sun, 26 Nov 2017 20:00:00 +0100 Ravne na Koro\u0161kem\u00a0\u2013 Mladinska iniciativa za tretjo razvojno os je desetim posameznikom, dru\u0161tvom in organizacijam, ki so presegli okvire rednega delovanja v prizadevanjih za gradnjo tretje razvojne osi na Koro\u0161ko, podelila naziv Ambasador Ho\u010d'mo cesto.\u00a0 Obmo\u010dna gospodarska zbornica Koro\u0161ka si je ta naziv prislu\u017eila zaradi truda pri pripravi in podpisu skupne izjave o nujnosti gradnje tretje razvojne osi med gospodarstveniki Koro\u0161ke in Savinjsko-\u0161ale\u0161ke regije. Ambasador gradnje tretje razvojen osi je postalo tudi Koro\u0161ko filatelisti\u010dno dru\u0161tvo za pripravo in izdajo prilo\u017enostne dopisnice in kuverte ob tretji obletnici delovanja Mladinske iniciative za tretjo razvojno os. Ravenski mladinci so v prizadevanjih za gradnjo sodobne prometnice nagradili tudi koro\u0161kega rojaka Cirila Horjaka, ki jim je pomagal pri nastajanju \u0161tudije z naslovom Ho\u010d'mo cesto, zanjo prispeval grafi\u010dno obliko, slikovno opremljenost ter naslov, ki je po Ho rjakovi\u00a0...","og_url":"https:\/\/hudo.com\/si\/aktualno\/imenovali-prve-ambasadorje-hitre-ceste\/","og_site_name":"Hudo Slovenija","article_publisher":"https:\/\/www.facebook.com\/hudo.si","article_published_time":"2017-11-26T18:00:00+00:00","og_image":[{"width":480,"height":290,"url":"https:\/\/hudo.com\/si\/wp-content\/uploads\/sites\/2\/2017\/11\/480x290_djvu_2417418_hudolist_tre-ALJA-VERHOVNIK.jpeg","type":"image\/jpeg"}],"author":"hudo","twitter_card":"summary_large_image","twitter_creator":"@hudo_si","twitter_site":"@hudo_si","twitter_misc":{"Written by":"hudo","Est. reading time":"1 minuta"},"schema":{"@context":"https:\/\/schema.org","@graph":[{"@type":"Article","@id":"https:\/\/hudo.com\/si\/aktualno\/imenovali-prve-ambasadorje-hitre-ceste\/#article","isPartOf":{"@id":"https:\/\/hudo.com\/si\/aktualno\/imenovali-prve-ambasadorje-hitre-ceste\/"},"author":{"name":"hudo","@id":"https:\/\/hudo.com\/si\/#\/schema\/person\/601cf3379633985b20f7e50f2bb47707"},"headline":"Imenovali prve ambasadorje hitre ceste","datePublished":"2017-11-26T18:00:00+00:00","dateModified":"2017-11-26T18:00:00+00:00","mainEntityOfPage":{"@id":"https:\/\/hudo.com\/si\/aktualno\/imenovali-prve-ambasadorje-hitre-ceste\/"},"wordCount":158,"publisher":{"@id":"https:\/\/hudo.com\/si\/#organization"},"articleSection":["Aktualno"],"inLanguage":"sl-SI"},{"@type":"WebPage","@id":"https:\/\/hudo.com\/si\/aktualno\/imenovali-prve-ambasadorje-hitre-ceste\/","url":"https:\/\/hudo.com\/si\/aktualno\/imenovali-prve-ambasadorje-hitre-ceste\/","name":"Imenovali prve ambasadorje hitre ceste - Hudo Slovenija","isPartOf":{"@id":"https:\/\/hudo.com\/si\/#website"},"datePublished":"2017-11-26T18:00:00+00:00","dateModified":"2017-11-26T18:00:00+00:00","breadcrumb":{"@id":"https:\/\/hudo.com\/si\/aktualno\/imenovali-prve-ambasadorje-hitre-ceste\/#breadcrumb"},"inLanguage":"sl-SI","potentialAction":[{"@type":"ReadAction","target":["https:\/\/hudo.com\/si\/aktualno\/imenovali-prve-ambasadorje-hitre-ceste\/"]}]},{"@type":"BreadcrumbList","@id":"https:\/\/hudo.com\/si\/aktualno\/imenovali-prve-ambasadorje-hitre-ceste\/#breadcrumb","itemListElement":[{"@type":"ListItem","position":1,"name":"Home","item":"https:\/\/hudo.com\/si\/"},{"@type":"ListItem","position":2,"name":"Imenovali prve ambasadorje hitre ceste"}]},{"@type":"WebSite","@id":"https:\/\/hudo.com\/si\/#website","url":"https:\/\/hudo.com\/si\/","name":"Hudo Slovenija","description":"Vse novice iz Slovenije in sveta","publisher":{"@id":"https:\/\/hudo.com\/si\/#organization"},"potentialAction":[{"@type":"SearchAction","target":{"@type":"EntryPoint","urlTemplate":"https:\/\/hudo.com\/si\/?s={search_term_string}"},"query-input":"required name=search_term_string"}],"inLanguage":"sl-SI"},{"@type":"Organization","@id":"https:\/\/hudo.com\/si\/#organization","name":"VSN Media","url":"https:\/\/hudo.com\/si\/","logo":{"@type":"ImageObject","inLanguage":"sl-SI","@id":"https:\/\/hudo.com\/si\/#\/schema\/logo\/image\/","url":"https:\/\/hudo.com\/si\/wp-content\/uploads\/sites\/2\/2021\/03\/hudo-app-2.png","contentUrl":"https:\/\/hudo.com\/si\/wp-content\/uploads\/sites\/2\/2021\/03\/hudo-app-2.png","width":2185,"height":2167,"caption":"VSN Media"},"image":{"@id":"https:\/\/hudo.com\/si\/#\/schema\/logo\/image\/"},"sameAs":["https:\/\/www.facebook.com\/hudo.si","https:\/\/twitter.com\/hudo_si"]},{"@type":"Person","@id":"https:\/\/hudo.com\/si\/#\/schema\/person\/601cf3379633985b20f7e50f2bb47707","name":"hudo","image":{"@type":"ImageObject","inLanguage":"sl-SI","@id":"https:\/\/hudo.com\/si\/#\/schema\/person\/image\/","url":"https:\/\/secure.gravatar.com\/avatar\/c4ca25fa72cace7a696b52ff5db9e095?s=96&d=mm&r=g","contentUrl":"https:\/\/secure.gravatar.com\/avatar\/c4ca25fa72cace7a696b52ff5db9e095?s=96&d=mm&r=g","caption":"hudo"},"url":"https:\/\/hudo.com\/si\/author\/hudo\/"}]}},"amp_enabled":true,"_links":{"self":[{"href":"https:\/\/hudo.com\/si\/wp-json\/wp\/v2\/posts\/326264"}],"collection":[{"href":"https:\/\/hudo.com\/si\/wp-json\/wp\/v2\/posts"}],"about":[{"href":"https:\/\/hudo.com\/si\/wp-json\/wp\/v2\/types\/post"}],"author":[{"embeddable":true,"href":"https:\/\/hudo.com\/si\/wp-json\/wp\/v2\/users\/1"}],"replies":[{"embeddable":true,"href":"https:\/\/hudo.com\/si\/wp-json\/wp\/v2\/comments?post=326264"}],"version-history":[{"count":0,"href":"https:\/\/hudo.com\/si\/wp-json\/wp\/v2\/posts\/326264\/revisions"}],"wp:attachment":[{"href":"https:\/\/hudo.com\/si\/wp-json\/wp\/v2\/media?parent=326264"}],"wp:term":[{"taxonomy":"category","embeddable":true,"href":"https:\/\/hudo.com\/si\/wp-json\/wp\/v2\/categories?post=326264"},{"taxonomy":"post_tag","embeddable":true,"href":"https:\/\/hudo.com\/si\/wp-json\/wp\/v2\/tags?post=326264"},{"taxonomy":"source","embeddable":true,"href":"https:\/\/hudo.com\/si\/wp-json\/wp\/v2\/source?post=326264"},{"taxonomy":"supertag","embeddable":true,"href":"https:\/\/hudo.com\/si\/wp-json\/wp\/v2\/supertag?post=326264"}],"curies":[{"name":"wp","href":"https:\/\/api.w.org\/{rel}","templated":true}]}}