{"id":327034,"date":"2017-11-28T11:00:00","date_gmt":"2017-11-28T10:00:00","guid":{"rendered":"http:\/\/hudo.com\/si\/2017\/11\/28\/rad-bi-smucal-cim-dlje-vsaj-vso-sezono\/"},"modified":"2017-11-28T11:00:00","modified_gmt":"2017-11-28T10:00:00","slug":"rad-bi-smucal-cim-dlje-vsaj-vso-sezono","status":"publish","type":"post","link":"https:\/\/hudo.com\/si\/aktualno\/rad-bi-smucal-cim-dlje-vsaj-vso-sezono\/","title":{"rendered":"Rad bi smu\u010dal \u010dim dlje, vsaj vso sezono"},"content":{"rendered":"<p>Kategorija: Zimski Tue, 28 Nov 2017 12:00:00 +0100  Ljubljana \u2013 Najlep\u0161o zgodbo je na uvodu v sezono hitrih disciplin v alpskem smu\u010danju v Kanadi spisal norve\u0161ki as Aksel Lund Svindal. Po operaciji kolena \u2013 drugi v letu dni \u2013 se je med tekmece vrnil s 3. mestom v smuku. \u00bbZaradi zdravstvenih te\u017eav ne bom smu\u010dal ve\u010dno. Vendar pa se \u0161e ne bi rad ustavil. Rad bi tekmoval, kolikor \u010dasa bo mogo\u010de, upam, da vso sezono,\u00ab je na negotovo prihodnost nakazal 34-letnik. Svindal je sezono odprl s svojimi 70 stopni\u010dkami v svetovnem pokalu. Lastnik dveh velikih kristalnih globusov in devetih malih se je med tekmece belih strmin vrnil po 10 mesecih odsotnosti. Njegove te\u017eave izvirajo iz po\u0161kodbe v Kitzb\u00fchlu januarja 2016. Pri padcu si je strgal kri\u017eno vez v kolenu ter hudo po\u0161kodoval meniskus in hrustanec. Po operaciji\u00a0&#8230;<\/p>\n","protected":false},"excerpt":{"rendered":"<p>Kategorija: Zimski Tue, 28 Nov 2017 12:00:00 +0100  Ljubljana \u2013 Najlep\u0161o zgodbo je na uvodu v sezono hitrih disciplin v alpskem smu\u010danju v Kanadi spisal norve\u0161ki as Aksel Lund Svindal. Po operaciji kolena \u2013 drugi v letu dni \u2013 se je med tekmece vrnil s 3. mestom v smuku. \u00bbZaradi zdravstvenih te\u017eav ne bom smu\u010dal ve\u010dno. Vendar pa se \u0161e ne bi rad ustavil. Rad bi tekmoval, kolikor \u010dasa bo mogo\u010de, upam, da vso sezono,\u00ab je na negotovo prihodnost nakazal 34-letnik. Svindal je sezono odprl s svojimi 70 stopni\u010dkami v svetovnem pokalu. Lastnik dveh velikih kristalnih globusov in devetih malih se je med tekmece belih strmin vrnil po 10 mesecih odsotnosti. Njegove te\u017eave izvirajo iz po\u0161kodbe v Kitzb\u00fchlu januarja 2016. Pri padcu si je strgal kri\u017eno vez v kolenu ter hudo po\u0161kodoval meniskus in hrustanec. Po operaciji\u00a0&#8230;<\/p>\n","protected":false},"author":1,"featured_media":0,"comment_status":"closed","ping_status":"closed","sticky":false,"template":"","format":"standard","meta":{"footnotes":""},"categories":[1179],"tags":[],"source":[1703],"supertag":[],"acf":[],"yoast_head":"<!-- This site is optimized with the Yoast SEO plugin v21.3 - https:\/\/yoast.com\/wordpress\/plugins\/seo\/ -->\n<title>Rad bi smu\u010dal \u010dim dlje, vsaj vso sezono - Hudo Slovenija<\/title>\n<meta name=\"robots\" content=\"index, follow, max-snippet:-1, max-image-preview:large, max-video-preview:-1\" \/>\n<link rel=\"canonical\" href=\"https:\/\/hudo.com\/si\/aktualno\/rad-bi-smucal-cim-dlje-vsaj-vso-sezono\/\" \/>\n<meta property=\"og:locale\" content=\"sl_SI\" \/>\n<meta property=\"og:type\" content=\"article\" \/>\n<meta property=\"og:title\" content=\"Rad bi smu\u010dal \u010dim dlje, vsaj vso sezono - Hudo Slovenija\" \/>\n<meta property=\"og:description\" content=\"Kategorija: Zimski Tue, 28 Nov 2017 12:00:00 +0100 Ljubljana \u2013 Najlep\u0161o zgodbo je na uvodu v sezono hitrih disciplin v alpskem smu\u010danju v Kanadi spisal norve\u0161ki as Aksel Lund Svindal. Po operaciji kolena \u2013 drugi v letu dni \u2013 se je med tekmece vrnil s 3. mestom v smuku. \u00bbZaradi zdravstvenih te\u017eav ne bom smu\u010dal ve\u010dno. Vendar pa se \u0161e ne bi rad ustavil. Rad bi tekmoval, kolikor \u010dasa bo mogo\u010de, upam, da vso sezono,\u00ab je na negotovo prihodnost nakazal 34-letnik. Svindal je sezono odprl s svojimi 70 stopni\u010dkami v svetovnem pokalu. Lastnik dveh velikih kristalnih globusov in devetih malih se je med tekmece belih strmin vrnil po 10 mesecih odsotnosti. Njegove te\u017eave izvirajo iz po\u0161kodbe v Kitzb\u00fchlu januarja 2016. Pri padcu si je strgal kri\u017eno vez v kolenu ter hudo po\u0161kodoval meniskus in hrustanec. Po operaciji\u00a0...\" \/>\n<meta property=\"og:url\" content=\"https:\/\/hudo.com\/si\/aktualno\/rad-bi-smucal-cim-dlje-vsaj-vso-sezono\/\" \/>\n<meta property=\"og:site_name\" content=\"Hudo Slovenija\" \/>\n<meta property=\"article:publisher\" content=\"https:\/\/www.facebook.com\/hudo.si\" \/>\n<meta property=\"article:published_time\" content=\"2017-11-28T10:00:00+00:00\" \/>\n<meta property=\"og:image\" content=\"https:\/\/hudo.com\/si\/wp-content\/uploads\/sites\/2\/2017\/11\/480x290_Sport__Reuters_Pictures_201.10_hires0-1.jpeg\" \/>\n\t<meta property=\"og:image:width\" content=\"480\" \/>\n\t<meta property=\"og:image:height\" content=\"290\" \/>\n\t<meta property=\"og:image:type\" content=\"image\/jpeg\" \/>\n<meta name=\"author\" content=\"hudo\" \/>\n<meta name=\"twitter:card\" content=\"summary_large_image\" \/>\n<meta name=\"twitter:creator\" content=\"@hudo_si\" \/>\n<meta name=\"twitter:site\" content=\"@hudo_si\" \/>\n<meta name=\"twitter:label1\" content=\"Written by\" \/>\n\t<meta name=\"twitter:data1\" content=\"hudo\" \/>\n\t<meta name=\"twitter:label2\" content=\"Est. reading time\" \/>\n\t<meta name=\"twitter:data2\" content=\"1 minuta\" \/>\n<script type=\"application\/ld+json\" class=\"yoast-schema-graph\">{\"@context\":\"https:\/\/schema.org\",\"@graph\":[{\"@type\":\"Article\",\"@id\":\"https:\/\/hudo.com\/si\/aktualno\/rad-bi-smucal-cim-dlje-vsaj-vso-sezono\/#article\",\"isPartOf\":{\"@id\":\"https:\/\/hudo.com\/si\/aktualno\/rad-bi-smucal-cim-dlje-vsaj-vso-sezono\/\"},\"author\":{\"name\":\"hudo\",\"@id\":\"https:\/\/hudo.com\/si\/#\/schema\/person\/601cf3379633985b20f7e50f2bb47707\"},\"headline\":\"Rad bi smu\u010dal \u010dim dlje, vsaj vso sezono\",\"datePublished\":\"2017-11-28T10:00:00+00:00\",\"dateModified\":\"2017-11-28T10:00:00+00:00\",\"mainEntityOfPage\":{\"@id\":\"https:\/\/hudo.com\/si\/aktualno\/rad-bi-smucal-cim-dlje-vsaj-vso-sezono\/\"},\"wordCount\":148,\"publisher\":{\"@id\":\"https:\/\/hudo.com\/si\/#organization\"},\"articleSection\":[\"Aktualno\"],\"inLanguage\":\"sl-SI\"},{\"@type\":\"WebPage\",\"@id\":\"https:\/\/hudo.com\/si\/aktualno\/rad-bi-smucal-cim-dlje-vsaj-vso-sezono\/\",\"url\":\"https:\/\/hudo.com\/si\/aktualno\/rad-bi-smucal-cim-dlje-vsaj-vso-sezono\/\",\"name\":\"Rad bi smu\u010dal \u010dim dlje, vsaj vso sezono - Hudo Slovenija\",\"isPartOf\":{\"@id\":\"https:\/\/hudo.com\/si\/#website\"},\"datePublished\":\"2017-11-28T10:00:00+00:00\",\"dateModified\":\"2017-11-28T10:00:00+00:00\",\"breadcrumb\":{\"@id\":\"https:\/\/hudo.com\/si\/aktualno\/rad-bi-smucal-cim-dlje-vsaj-vso-sezono\/#breadcrumb\"},\"inLanguage\":\"sl-SI\",\"potentialAction\":[{\"@type\":\"ReadAction\",\"target\":[\"https:\/\/hudo.com\/si\/aktualno\/rad-bi-smucal-cim-dlje-vsaj-vso-sezono\/\"]}]},{\"@type\":\"BreadcrumbList\",\"@id\":\"https:\/\/hudo.com\/si\/aktualno\/rad-bi-smucal-cim-dlje-vsaj-vso-sezono\/#breadcrumb\",\"itemListElement\":[{\"@type\":\"ListItem\",\"position\":1,\"name\":\"Home\",\"item\":\"https:\/\/hudo.com\/si\/\"},{\"@type\":\"ListItem\",\"position\":2,\"name\":\"Rad bi smu\u010dal \u010dim dlje, vsaj vso sezono\"}]},{\"@type\":\"WebSite\",\"@id\":\"https:\/\/hudo.com\/si\/#website\",\"url\":\"https:\/\/hudo.com\/si\/\",\"name\":\"Hudo Slovenija\",\"description\":\"Vse novice iz Slovenije in sveta\",\"publisher\":{\"@id\":\"https:\/\/hudo.com\/si\/#organization\"},\"potentialAction\":[{\"@type\":\"SearchAction\",\"target\":{\"@type\":\"EntryPoint\",\"urlTemplate\":\"https:\/\/hudo.com\/si\/?s={search_term_string}\"},\"query-input\":\"required name=search_term_string\"}],\"inLanguage\":\"sl-SI\"},{\"@type\":\"Organization\",\"@id\":\"https:\/\/hudo.com\/si\/#organization\",\"name\":\"VSN Media\",\"url\":\"https:\/\/hudo.com\/si\/\",\"logo\":{\"@type\":\"ImageObject\",\"inLanguage\":\"sl-SI\",\"@id\":\"https:\/\/hudo.com\/si\/#\/schema\/logo\/image\/\",\"url\":\"https:\/\/hudo.com\/si\/wp-content\/uploads\/sites\/2\/2021\/03\/hudo-app-2.png\",\"contentUrl\":\"https:\/\/hudo.com\/si\/wp-content\/uploads\/sites\/2\/2021\/03\/hudo-app-2.png\",\"width\":2185,\"height\":2167,\"caption\":\"VSN Media\"},\"image\":{\"@id\":\"https:\/\/hudo.com\/si\/#\/schema\/logo\/image\/\"},\"sameAs\":[\"https:\/\/www.facebook.com\/hudo.si\",\"https:\/\/twitter.com\/hudo_si\"]},{\"@type\":\"Person\",\"@id\":\"https:\/\/hudo.com\/si\/#\/schema\/person\/601cf3379633985b20f7e50f2bb47707\",\"name\":\"hudo\",\"image\":{\"@type\":\"ImageObject\",\"inLanguage\":\"sl-SI\",\"@id\":\"https:\/\/hudo.com\/si\/#\/schema\/person\/image\/\",\"url\":\"https:\/\/secure.gravatar.com\/avatar\/c4ca25fa72cace7a696b52ff5db9e095?s=96&d=mm&r=g\",\"contentUrl\":\"https:\/\/secure.gravatar.com\/avatar\/c4ca25fa72cace7a696b52ff5db9e095?s=96&d=mm&r=g\",\"caption\":\"hudo\"},\"url\":\"https:\/\/hudo.com\/si\/author\/hudo\/\"}]}<\/script>\n<!-- \/ Yoast SEO plugin. -->","yoast_head_json":{"title":"Rad bi smu\u010dal \u010dim dlje, vsaj vso sezono - Hudo Slovenija","robots":{"index":"index","follow":"follow","max-snippet":"max-snippet:-1","max-image-preview":"max-image-preview:large","max-video-preview":"max-video-preview:-1"},"canonical":"https:\/\/hudo.com\/si\/aktualno\/rad-bi-smucal-cim-dlje-vsaj-vso-sezono\/","og_locale":"sl_SI","og_type":"article","og_title":"Rad bi smu\u010dal \u010dim dlje, vsaj vso sezono - Hudo Slovenija","og_description":"Kategorija: Zimski Tue, 28 Nov 2017 12:00:00 +0100 Ljubljana \u2013 Najlep\u0161o zgodbo je na uvodu v sezono hitrih disciplin v alpskem smu\u010danju v Kanadi spisal norve\u0161ki as Aksel Lund Svindal. Po operaciji kolena \u2013 drugi v letu dni \u2013 se je med tekmece vrnil s 3. mestom v smuku. \u00bbZaradi zdravstvenih te\u017eav ne bom smu\u010dal ve\u010dno. Vendar pa se \u0161e ne bi rad ustavil. Rad bi tekmoval, kolikor \u010dasa bo mogo\u010de, upam, da vso sezono,\u00ab je na negotovo prihodnost nakazal 34-letnik. Svindal je sezono odprl s svojimi 70 stopni\u010dkami v svetovnem pokalu. Lastnik dveh velikih kristalnih globusov in devetih malih se je med tekmece belih strmin vrnil po 10 mesecih odsotnosti. Njegove te\u017eave izvirajo iz po\u0161kodbe v Kitzb\u00fchlu januarja 2016. Pri padcu si je strgal kri\u017eno vez v kolenu ter hudo po\u0161kodoval meniskus in hrustanec. Po operaciji\u00a0...","og_url":"https:\/\/hudo.com\/si\/aktualno\/rad-bi-smucal-cim-dlje-vsaj-vso-sezono\/","og_site_name":"Hudo Slovenija","article_publisher":"https:\/\/www.facebook.com\/hudo.si","article_published_time":"2017-11-28T10:00:00+00:00","og_image":[{"width":480,"height":290,"url":"https:\/\/hudo.com\/si\/wp-content\/uploads\/sites\/2\/2017\/11\/480x290_Sport__Reuters_Pictures_201.10_hires0-1.jpeg","type":"image\/jpeg"}],"author":"hudo","twitter_card":"summary_large_image","twitter_creator":"@hudo_si","twitter_site":"@hudo_si","twitter_misc":{"Written by":"hudo","Est. reading time":"1 minuta"},"schema":{"@context":"https:\/\/schema.org","@graph":[{"@type":"Article","@id":"https:\/\/hudo.com\/si\/aktualno\/rad-bi-smucal-cim-dlje-vsaj-vso-sezono\/#article","isPartOf":{"@id":"https:\/\/hudo.com\/si\/aktualno\/rad-bi-smucal-cim-dlje-vsaj-vso-sezono\/"},"author":{"name":"hudo","@id":"https:\/\/hudo.com\/si\/#\/schema\/person\/601cf3379633985b20f7e50f2bb47707"},"headline":"Rad bi smu\u010dal \u010dim dlje, vsaj vso sezono","datePublished":"2017-11-28T10:00:00+00:00","dateModified":"2017-11-28T10:00:00+00:00","mainEntityOfPage":{"@id":"https:\/\/hudo.com\/si\/aktualno\/rad-bi-smucal-cim-dlje-vsaj-vso-sezono\/"},"wordCount":148,"publisher":{"@id":"https:\/\/hudo.com\/si\/#organization"},"articleSection":["Aktualno"],"inLanguage":"sl-SI"},{"@type":"WebPage","@id":"https:\/\/hudo.com\/si\/aktualno\/rad-bi-smucal-cim-dlje-vsaj-vso-sezono\/","url":"https:\/\/hudo.com\/si\/aktualno\/rad-bi-smucal-cim-dlje-vsaj-vso-sezono\/","name":"Rad bi smu\u010dal \u010dim dlje, vsaj vso sezono - Hudo Slovenija","isPartOf":{"@id":"https:\/\/hudo.com\/si\/#website"},"datePublished":"2017-11-28T10:00:00+00:00","dateModified":"2017-11-28T10:00:00+00:00","breadcrumb":{"@id":"https:\/\/hudo.com\/si\/aktualno\/rad-bi-smucal-cim-dlje-vsaj-vso-sezono\/#breadcrumb"},"inLanguage":"sl-SI","potentialAction":[{"@type":"ReadAction","target":["https:\/\/hudo.com\/si\/aktualno\/rad-bi-smucal-cim-dlje-vsaj-vso-sezono\/"]}]},{"@type":"BreadcrumbList","@id":"https:\/\/hudo.com\/si\/aktualno\/rad-bi-smucal-cim-dlje-vsaj-vso-sezono\/#breadcrumb","itemListElement":[{"@type":"ListItem","position":1,"name":"Home","item":"https:\/\/hudo.com\/si\/"},{"@type":"ListItem","position":2,"name":"Rad bi smu\u010dal \u010dim dlje, vsaj vso sezono"}]},{"@type":"WebSite","@id":"https:\/\/hudo.com\/si\/#website","url":"https:\/\/hudo.com\/si\/","name":"Hudo Slovenija","description":"Vse novice iz Slovenije in sveta","publisher":{"@id":"https:\/\/hudo.com\/si\/#organization"},"potentialAction":[{"@type":"SearchAction","target":{"@type":"EntryPoint","urlTemplate":"https:\/\/hudo.com\/si\/?s={search_term_string}"},"query-input":"required name=search_term_string"}],"inLanguage":"sl-SI"},{"@type":"Organization","@id":"https:\/\/hudo.com\/si\/#organization","name":"VSN Media","url":"https:\/\/hudo.com\/si\/","logo":{"@type":"ImageObject","inLanguage":"sl-SI","@id":"https:\/\/hudo.com\/si\/#\/schema\/logo\/image\/","url":"https:\/\/hudo.com\/si\/wp-content\/uploads\/sites\/2\/2021\/03\/hudo-app-2.png","contentUrl":"https:\/\/hudo.com\/si\/wp-content\/uploads\/sites\/2\/2021\/03\/hudo-app-2.png","width":2185,"height":2167,"caption":"VSN Media"},"image":{"@id":"https:\/\/hudo.com\/si\/#\/schema\/logo\/image\/"},"sameAs":["https:\/\/www.facebook.com\/hudo.si","https:\/\/twitter.com\/hudo_si"]},{"@type":"Person","@id":"https:\/\/hudo.com\/si\/#\/schema\/person\/601cf3379633985b20f7e50f2bb47707","name":"hudo","image":{"@type":"ImageObject","inLanguage":"sl-SI","@id":"https:\/\/hudo.com\/si\/#\/schema\/person\/image\/","url":"https:\/\/secure.gravatar.com\/avatar\/c4ca25fa72cace7a696b52ff5db9e095?s=96&d=mm&r=g","contentUrl":"https:\/\/secure.gravatar.com\/avatar\/c4ca25fa72cace7a696b52ff5db9e095?s=96&d=mm&r=g","caption":"hudo"},"url":"https:\/\/hudo.com\/si\/author\/hudo\/"}]}},"amp_enabled":true,"_links":{"self":[{"href":"https:\/\/hudo.com\/si\/wp-json\/wp\/v2\/posts\/327034"}],"collection":[{"href":"https:\/\/hudo.com\/si\/wp-json\/wp\/v2\/posts"}],"about":[{"href":"https:\/\/hudo.com\/si\/wp-json\/wp\/v2\/types\/post"}],"author":[{"embeddable":true,"href":"https:\/\/hudo.com\/si\/wp-json\/wp\/v2\/users\/1"}],"replies":[{"embeddable":true,"href":"https:\/\/hudo.com\/si\/wp-json\/wp\/v2\/comments?post=327034"}],"version-history":[{"count":0,"href":"https:\/\/hudo.com\/si\/wp-json\/wp\/v2\/posts\/327034\/revisions"}],"wp:attachment":[{"href":"https:\/\/hudo.com\/si\/wp-json\/wp\/v2\/media?parent=327034"}],"wp:term":[{"taxonomy":"category","embeddable":true,"href":"https:\/\/hudo.com\/si\/wp-json\/wp\/v2\/categories?post=327034"},{"taxonomy":"post_tag","embeddable":true,"href":"https:\/\/hudo.com\/si\/wp-json\/wp\/v2\/tags?post=327034"},{"taxonomy":"source","embeddable":true,"href":"https:\/\/hudo.com\/si\/wp-json\/wp\/v2\/source?post=327034"},{"taxonomy":"supertag","embeddable":true,"href":"https:\/\/hudo.com\/si\/wp-json\/wp\/v2\/supertag?post=327034"}],"curies":[{"name":"wp","href":"https:\/\/api.w.org\/{rel}","templated":true}]}}