{"id":327284,"date":"2017-11-29T04:38:00","date_gmt":"2017-11-29T03:38:00","guid":{"rendered":"http:\/\/hudo.com\/si\/2017\/11\/29\/na-prvem-treningu-osmerica-v-treh-desetinkah\/"},"modified":"2017-11-29T04:38:00","modified_gmt":"2017-11-29T03:38:00","slug":"na-prvem-treningu-osmerica-v-treh-desetinkah","status":"publish","type":"post","link":"https:\/\/hudo.com\/si\/aktualno\/na-prvem-treningu-osmerica-v-treh-desetinkah\/","title":{"rendered":"Na prvem treningu osmerica v treh desetinkah"},"content":{"rendered":"<p>Kategorija: Zimski Wed, 29 Nov 2017 05:38:00 +0100  Lake Louise &#8211; Po dveh veleslalomih in dveh slalomih bodo olimpijsko sezono svetovnega pokala alpske smu\u010darke ta teden v kanadskem Lake Louise odprle \u0161e v hitrih disciplinah. Na prizori\u0161\u010du, ki je minuli vikend gostil mo\u0161ke (brez slovenskega uspeha), bodo dekleta v petek in soboto drvela po smuka\u0161ki strmini, v nedeljo pa jih \u010daka \u0161e superveleslalom. Med smu\u010darkami, ki so danes na prvem treningu smuka preizkusile trikilometrsko progo v Kanadi, je bila tudi edina slovenska predstavnica Maru\u0161a Ferk, ki pa se je \u0161ele dobro ogrevala, saj je ciljno \u010drto pre\u010dkala ve\u010d kot pet sekund in pol po\u010dasneje od zmagovalke treninga in zasedla 54. mesto med 57 smu\u010darkami, ki so ugledale cilj, le dve sta odstopili. Razlike pri vrhu so bile, po skoraj dveh minutah smu\u010danja, zares pi\u010dle. Tako se je prva trojica zgnetla\u00a0&#8230;<\/p>\n","protected":false},"excerpt":{"rendered":"<p>Kategorija: Zimski Wed, 29 Nov 2017 05:38:00 +0100  Lake Louise &#8211; Po dveh veleslalomih in dveh slalomih bodo olimpijsko sezono svetovnega pokala alpske smu\u010darke ta teden v kanadskem Lake Louise odprle \u0161e v hitrih disciplinah. Na prizori\u0161\u010du, ki je minuli vikend gostil mo\u0161ke (brez slovenskega uspeha), bodo dekleta v petek in soboto drvela po smuka\u0161ki strmini, v nedeljo pa jih \u010daka \u0161e superveleslalom. Med smu\u010darkami, ki so danes na prvem treningu smuka preizkusile trikilometrsko progo v Kanadi, je bila tudi edina slovenska predstavnica Maru\u0161a Ferk, ki pa se je \u0161ele dobro ogrevala, saj je ciljno \u010drto pre\u010dkala ve\u010d kot pet sekund in pol po\u010dasneje od zmagovalke treninga in zasedla 54. mesto med 57 smu\u010darkami, ki so ugledale cilj, le dve sta odstopili. Razlike pri vrhu so bile, po skoraj dveh minutah smu\u010danja, zares pi\u010dle. Tako se je prva trojica zgnetla\u00a0&#8230;<\/p>\n","protected":false},"author":1,"featured_media":0,"comment_status":"closed","ping_status":"closed","sticky":false,"template":"","format":"standard","meta":{"footnotes":""},"categories":[1179],"tags":[],"source":[1703],"supertag":[],"acf":[],"yoast_head":"<!-- This site is optimized with the Yoast SEO plugin v21.3 - https:\/\/yoast.com\/wordpress\/plugins\/seo\/ -->\n<title>Na prvem treningu osmerica v treh desetinkah - Hudo Slovenija<\/title>\n<meta name=\"robots\" content=\"index, follow, max-snippet:-1, max-image-preview:large, max-video-preview:-1\" \/>\n<link rel=\"canonical\" href=\"https:\/\/hudo.com\/si\/aktualno\/na-prvem-treningu-osmerica-v-treh-desetinkah\/\" \/>\n<meta property=\"og:locale\" content=\"sl_SI\" \/>\n<meta property=\"og:type\" content=\"article\" \/>\n<meta property=\"og:title\" content=\"Na prvem treningu osmerica v treh desetinkah - Hudo Slovenija\" \/>\n<meta property=\"og:description\" content=\"Kategorija: Zimski Wed, 29 Nov 2017 05:38:00 +0100 Lake Louise - Po dveh veleslalomih in dveh slalomih bodo olimpijsko sezono svetovnega pokala alpske smu\u010darke ta teden v kanadskem Lake Louise odprle \u0161e v hitrih disciplinah. Na prizori\u0161\u010du, ki je minuli vikend gostil mo\u0161ke (brez slovenskega uspeha), bodo dekleta v petek in soboto drvela po smuka\u0161ki strmini, v nedeljo pa jih \u010daka \u0161e superveleslalom. Med smu\u010darkami, ki so danes na prvem treningu smuka preizkusile trikilometrsko progo v Kanadi, je bila tudi edina slovenska predstavnica Maru\u0161a Ferk, ki pa se je \u0161ele dobro ogrevala, saj je ciljno \u010drto pre\u010dkala ve\u010d kot pet sekund in pol po\u010dasneje od zmagovalke treninga in zasedla 54. mesto med 57 smu\u010darkami, ki so ugledale cilj, le dve sta odstopili. Razlike pri vrhu so bile, po skoraj dveh minutah smu\u010danja, zares pi\u010dle. Tako se je prva trojica zgnetla\u00a0...\" \/>\n<meta property=\"og:url\" content=\"https:\/\/hudo.com\/si\/aktualno\/na-prvem-treningu-osmerica-v-treh-desetinkah\/\" \/>\n<meta property=\"og:site_name\" content=\"Hudo Slovenija\" \/>\n<meta property=\"article:publisher\" content=\"https:\/\/www.facebook.com\/hudo.si\" \/>\n<meta property=\"article:published_time\" content=\"2017-11-29T03:38:00+00:00\" \/>\n<meta property=\"og:image\" content=\"https:\/\/hudo.com\/si\/wp-content\/uploads\/sites\/2\/2017\/11\/480x290_AP_Pictures-20171128203014-37398900.jpeg\" \/>\n\t<meta property=\"og:image:width\" content=\"480\" \/>\n\t<meta property=\"og:image:height\" content=\"290\" \/>\n\t<meta property=\"og:image:type\" content=\"image\/jpeg\" \/>\n<meta name=\"author\" content=\"hudo\" \/>\n<meta name=\"twitter:card\" content=\"summary_large_image\" \/>\n<meta name=\"twitter:creator\" content=\"@hudo_si\" \/>\n<meta name=\"twitter:site\" content=\"@hudo_si\" \/>\n<meta name=\"twitter:label1\" content=\"Written by\" \/>\n\t<meta name=\"twitter:data1\" content=\"hudo\" \/>\n\t<meta name=\"twitter:label2\" content=\"Est. reading time\" \/>\n\t<meta name=\"twitter:data2\" content=\"1 minuta\" \/>\n<script type=\"application\/ld+json\" class=\"yoast-schema-graph\">{\"@context\":\"https:\/\/schema.org\",\"@graph\":[{\"@type\":\"Article\",\"@id\":\"https:\/\/hudo.com\/si\/aktualno\/na-prvem-treningu-osmerica-v-treh-desetinkah\/#article\",\"isPartOf\":{\"@id\":\"https:\/\/hudo.com\/si\/aktualno\/na-prvem-treningu-osmerica-v-treh-desetinkah\/\"},\"author\":{\"name\":\"hudo\",\"@id\":\"https:\/\/hudo.com\/si\/#\/schema\/person\/601cf3379633985b20f7e50f2bb47707\"},\"headline\":\"Na prvem treningu osmerica v treh desetinkah\",\"datePublished\":\"2017-11-29T03:38:00+00:00\",\"dateModified\":\"2017-11-29T03:38:00+00:00\",\"mainEntityOfPage\":{\"@id\":\"https:\/\/hudo.com\/si\/aktualno\/na-prvem-treningu-osmerica-v-treh-desetinkah\/\"},\"wordCount\":152,\"publisher\":{\"@id\":\"https:\/\/hudo.com\/si\/#organization\"},\"articleSection\":[\"Aktualno\"],\"inLanguage\":\"sl-SI\"},{\"@type\":\"WebPage\",\"@id\":\"https:\/\/hudo.com\/si\/aktualno\/na-prvem-treningu-osmerica-v-treh-desetinkah\/\",\"url\":\"https:\/\/hudo.com\/si\/aktualno\/na-prvem-treningu-osmerica-v-treh-desetinkah\/\",\"name\":\"Na prvem treningu osmerica v treh desetinkah - Hudo Slovenija\",\"isPartOf\":{\"@id\":\"https:\/\/hudo.com\/si\/#website\"},\"datePublished\":\"2017-11-29T03:38:00+00:00\",\"dateModified\":\"2017-11-29T03:38:00+00:00\",\"breadcrumb\":{\"@id\":\"https:\/\/hudo.com\/si\/aktualno\/na-prvem-treningu-osmerica-v-treh-desetinkah\/#breadcrumb\"},\"inLanguage\":\"sl-SI\",\"potentialAction\":[{\"@type\":\"ReadAction\",\"target\":[\"https:\/\/hudo.com\/si\/aktualno\/na-prvem-treningu-osmerica-v-treh-desetinkah\/\"]}]},{\"@type\":\"BreadcrumbList\",\"@id\":\"https:\/\/hudo.com\/si\/aktualno\/na-prvem-treningu-osmerica-v-treh-desetinkah\/#breadcrumb\",\"itemListElement\":[{\"@type\":\"ListItem\",\"position\":1,\"name\":\"Home\",\"item\":\"https:\/\/hudo.com\/si\/\"},{\"@type\":\"ListItem\",\"position\":2,\"name\":\"Na prvem treningu osmerica v treh desetinkah\"}]},{\"@type\":\"WebSite\",\"@id\":\"https:\/\/hudo.com\/si\/#website\",\"url\":\"https:\/\/hudo.com\/si\/\",\"name\":\"Hudo Slovenija\",\"description\":\"Vse novice iz Slovenije in sveta\",\"publisher\":{\"@id\":\"https:\/\/hudo.com\/si\/#organization\"},\"potentialAction\":[{\"@type\":\"SearchAction\",\"target\":{\"@type\":\"EntryPoint\",\"urlTemplate\":\"https:\/\/hudo.com\/si\/?s={search_term_string}\"},\"query-input\":\"required name=search_term_string\"}],\"inLanguage\":\"sl-SI\"},{\"@type\":\"Organization\",\"@id\":\"https:\/\/hudo.com\/si\/#organization\",\"name\":\"VSN Media\",\"url\":\"https:\/\/hudo.com\/si\/\",\"logo\":{\"@type\":\"ImageObject\",\"inLanguage\":\"sl-SI\",\"@id\":\"https:\/\/hudo.com\/si\/#\/schema\/logo\/image\/\",\"url\":\"https:\/\/hudo.com\/si\/wp-content\/uploads\/sites\/2\/2021\/03\/hudo-app-2.png\",\"contentUrl\":\"https:\/\/hudo.com\/si\/wp-content\/uploads\/sites\/2\/2021\/03\/hudo-app-2.png\",\"width\":2185,\"height\":2167,\"caption\":\"VSN Media\"},\"image\":{\"@id\":\"https:\/\/hudo.com\/si\/#\/schema\/logo\/image\/\"},\"sameAs\":[\"https:\/\/www.facebook.com\/hudo.si\",\"https:\/\/twitter.com\/hudo_si\"]},{\"@type\":\"Person\",\"@id\":\"https:\/\/hudo.com\/si\/#\/schema\/person\/601cf3379633985b20f7e50f2bb47707\",\"name\":\"hudo\",\"image\":{\"@type\":\"ImageObject\",\"inLanguage\":\"sl-SI\",\"@id\":\"https:\/\/hudo.com\/si\/#\/schema\/person\/image\/\",\"url\":\"https:\/\/secure.gravatar.com\/avatar\/c4ca25fa72cace7a696b52ff5db9e095?s=96&d=mm&r=g\",\"contentUrl\":\"https:\/\/secure.gravatar.com\/avatar\/c4ca25fa72cace7a696b52ff5db9e095?s=96&d=mm&r=g\",\"caption\":\"hudo\"},\"url\":\"https:\/\/hudo.com\/si\/author\/hudo\/\"}]}<\/script>\n<!-- \/ Yoast SEO plugin. -->","yoast_head_json":{"title":"Na prvem treningu osmerica v treh desetinkah - Hudo Slovenija","robots":{"index":"index","follow":"follow","max-snippet":"max-snippet:-1","max-image-preview":"max-image-preview:large","max-video-preview":"max-video-preview:-1"},"canonical":"https:\/\/hudo.com\/si\/aktualno\/na-prvem-treningu-osmerica-v-treh-desetinkah\/","og_locale":"sl_SI","og_type":"article","og_title":"Na prvem treningu osmerica v treh desetinkah - Hudo Slovenija","og_description":"Kategorija: Zimski Wed, 29 Nov 2017 05:38:00 +0100 Lake Louise - Po dveh veleslalomih in dveh slalomih bodo olimpijsko sezono svetovnega pokala alpske smu\u010darke ta teden v kanadskem Lake Louise odprle \u0161e v hitrih disciplinah. Na prizori\u0161\u010du, ki je minuli vikend gostil mo\u0161ke (brez slovenskega uspeha), bodo dekleta v petek in soboto drvela po smuka\u0161ki strmini, v nedeljo pa jih \u010daka \u0161e superveleslalom. Med smu\u010darkami, ki so danes na prvem treningu smuka preizkusile trikilometrsko progo v Kanadi, je bila tudi edina slovenska predstavnica Maru\u0161a Ferk, ki pa se je \u0161ele dobro ogrevala, saj je ciljno \u010drto pre\u010dkala ve\u010d kot pet sekund in pol po\u010dasneje od zmagovalke treninga in zasedla 54. mesto med 57 smu\u010darkami, ki so ugledale cilj, le dve sta odstopili. Razlike pri vrhu so bile, po skoraj dveh minutah smu\u010danja, zares pi\u010dle. Tako se je prva trojica zgnetla\u00a0...","og_url":"https:\/\/hudo.com\/si\/aktualno\/na-prvem-treningu-osmerica-v-treh-desetinkah\/","og_site_name":"Hudo Slovenija","article_publisher":"https:\/\/www.facebook.com\/hudo.si","article_published_time":"2017-11-29T03:38:00+00:00","og_image":[{"width":480,"height":290,"url":"https:\/\/hudo.com\/si\/wp-content\/uploads\/sites\/2\/2017\/11\/480x290_AP_Pictures-20171128203014-37398900.jpeg","type":"image\/jpeg"}],"author":"hudo","twitter_card":"summary_large_image","twitter_creator":"@hudo_si","twitter_site":"@hudo_si","twitter_misc":{"Written by":"hudo","Est. reading time":"1 minuta"},"schema":{"@context":"https:\/\/schema.org","@graph":[{"@type":"Article","@id":"https:\/\/hudo.com\/si\/aktualno\/na-prvem-treningu-osmerica-v-treh-desetinkah\/#article","isPartOf":{"@id":"https:\/\/hudo.com\/si\/aktualno\/na-prvem-treningu-osmerica-v-treh-desetinkah\/"},"author":{"name":"hudo","@id":"https:\/\/hudo.com\/si\/#\/schema\/person\/601cf3379633985b20f7e50f2bb47707"},"headline":"Na prvem treningu osmerica v treh desetinkah","datePublished":"2017-11-29T03:38:00+00:00","dateModified":"2017-11-29T03:38:00+00:00","mainEntityOfPage":{"@id":"https:\/\/hudo.com\/si\/aktualno\/na-prvem-treningu-osmerica-v-treh-desetinkah\/"},"wordCount":152,"publisher":{"@id":"https:\/\/hudo.com\/si\/#organization"},"articleSection":["Aktualno"],"inLanguage":"sl-SI"},{"@type":"WebPage","@id":"https:\/\/hudo.com\/si\/aktualno\/na-prvem-treningu-osmerica-v-treh-desetinkah\/","url":"https:\/\/hudo.com\/si\/aktualno\/na-prvem-treningu-osmerica-v-treh-desetinkah\/","name":"Na prvem treningu osmerica v treh desetinkah - Hudo Slovenija","isPartOf":{"@id":"https:\/\/hudo.com\/si\/#website"},"datePublished":"2017-11-29T03:38:00+00:00","dateModified":"2017-11-29T03:38:00+00:00","breadcrumb":{"@id":"https:\/\/hudo.com\/si\/aktualno\/na-prvem-treningu-osmerica-v-treh-desetinkah\/#breadcrumb"},"inLanguage":"sl-SI","potentialAction":[{"@type":"ReadAction","target":["https:\/\/hudo.com\/si\/aktualno\/na-prvem-treningu-osmerica-v-treh-desetinkah\/"]}]},{"@type":"BreadcrumbList","@id":"https:\/\/hudo.com\/si\/aktualno\/na-prvem-treningu-osmerica-v-treh-desetinkah\/#breadcrumb","itemListElement":[{"@type":"ListItem","position":1,"name":"Home","item":"https:\/\/hudo.com\/si\/"},{"@type":"ListItem","position":2,"name":"Na prvem treningu osmerica v treh desetinkah"}]},{"@type":"WebSite","@id":"https:\/\/hudo.com\/si\/#website","url":"https:\/\/hudo.com\/si\/","name":"Hudo Slovenija","description":"Vse novice iz Slovenije in sveta","publisher":{"@id":"https:\/\/hudo.com\/si\/#organization"},"potentialAction":[{"@type":"SearchAction","target":{"@type":"EntryPoint","urlTemplate":"https:\/\/hudo.com\/si\/?s={search_term_string}"},"query-input":"required name=search_term_string"}],"inLanguage":"sl-SI"},{"@type":"Organization","@id":"https:\/\/hudo.com\/si\/#organization","name":"VSN Media","url":"https:\/\/hudo.com\/si\/","logo":{"@type":"ImageObject","inLanguage":"sl-SI","@id":"https:\/\/hudo.com\/si\/#\/schema\/logo\/image\/","url":"https:\/\/hudo.com\/si\/wp-content\/uploads\/sites\/2\/2021\/03\/hudo-app-2.png","contentUrl":"https:\/\/hudo.com\/si\/wp-content\/uploads\/sites\/2\/2021\/03\/hudo-app-2.png","width":2185,"height":2167,"caption":"VSN Media"},"image":{"@id":"https:\/\/hudo.com\/si\/#\/schema\/logo\/image\/"},"sameAs":["https:\/\/www.facebook.com\/hudo.si","https:\/\/twitter.com\/hudo_si"]},{"@type":"Person","@id":"https:\/\/hudo.com\/si\/#\/schema\/person\/601cf3379633985b20f7e50f2bb47707","name":"hudo","image":{"@type":"ImageObject","inLanguage":"sl-SI","@id":"https:\/\/hudo.com\/si\/#\/schema\/person\/image\/","url":"https:\/\/secure.gravatar.com\/avatar\/c4ca25fa72cace7a696b52ff5db9e095?s=96&d=mm&r=g","contentUrl":"https:\/\/secure.gravatar.com\/avatar\/c4ca25fa72cace7a696b52ff5db9e095?s=96&d=mm&r=g","caption":"hudo"},"url":"https:\/\/hudo.com\/si\/author\/hudo\/"}]}},"amp_enabled":true,"_links":{"self":[{"href":"https:\/\/hudo.com\/si\/wp-json\/wp\/v2\/posts\/327284"}],"collection":[{"href":"https:\/\/hudo.com\/si\/wp-json\/wp\/v2\/posts"}],"about":[{"href":"https:\/\/hudo.com\/si\/wp-json\/wp\/v2\/types\/post"}],"author":[{"embeddable":true,"href":"https:\/\/hudo.com\/si\/wp-json\/wp\/v2\/users\/1"}],"replies":[{"embeddable":true,"href":"https:\/\/hudo.com\/si\/wp-json\/wp\/v2\/comments?post=327284"}],"version-history":[{"count":0,"href":"https:\/\/hudo.com\/si\/wp-json\/wp\/v2\/posts\/327284\/revisions"}],"wp:attachment":[{"href":"https:\/\/hudo.com\/si\/wp-json\/wp\/v2\/media?parent=327284"}],"wp:term":[{"taxonomy":"category","embeddable":true,"href":"https:\/\/hudo.com\/si\/wp-json\/wp\/v2\/categories?post=327284"},{"taxonomy":"post_tag","embeddable":true,"href":"https:\/\/hudo.com\/si\/wp-json\/wp\/v2\/tags?post=327284"},{"taxonomy":"source","embeddable":true,"href":"https:\/\/hudo.com\/si\/wp-json\/wp\/v2\/source?post=327284"},{"taxonomy":"supertag","embeddable":true,"href":"https:\/\/hudo.com\/si\/wp-json\/wp\/v2\/supertag?post=327284"}],"curies":[{"name":"wp","href":"https:\/\/api.w.org\/{rel}","templated":true}]}}