{"id":327300,"date":"2017-11-29T05:00:00","date_gmt":"2017-11-29T04:00:00","guid":{"rendered":"http:\/\/hudo.com\/si\/2017\/11\/29\/kirurgu-dolencu-ne-bo-treba-odsteti-milijonov\/"},"modified":"2017-11-29T05:00:00","modified_gmt":"2017-11-29T04:00:00","slug":"kirurgu-dolencu-ne-bo-treba-odsteti-milijonov","status":"publish","type":"post","link":"https:\/\/hudo.com\/si\/aktualno\/kirurgu-dolencu-ne-bo-treba-odsteti-milijonov\/","title":{"rendered":"Kirurgu Dolencu ne bo treba od\u0161teti milijonov"},"content":{"rendered":"<p>Kategorija: Kronika Wed, 29 Nov 2017 06:00:00 +0100  Ljubljana \u2013 Ljubljansko okro\u017eno sodi\u0161\u010de je zavrnilo predlog za priznanje izraelskih sodb, po kateri bi moral zdaj upokojeni nevrokirurg Vinko Dolenc pla\u010dati milijonsko od\u0161kodnino izraelskemu pacientu. Ugotavlja, da niso izpolnjeni vsi pogoji za priznanje, saj ni podana vzajemnost priznavanja tujih sodnih odlo\u010db z Izraelom, v delu, ki se nana\u0161a na od\u0161kodnino za premo\u017eenjsko \u0161kodo, pa je podan tudi pridr\u017eek javnega reda. \u010ce bo odlo\u010ditev obveljala in \u0161la skozi sito vrhovnega sodi\u0161\u010da, kamor se je prito\u017eila poobla\u0161\u010denka izraelskega bolnika Elijaha Mesyke odvetnica Sarah Cooper, je Dolen\u010devo premo\u017eenje na varnem. Do pravnomo\u010dne odlo\u010ditve v tej zadevi pa ostaja v veljavi za\u010dasna odredba okro\u017enega sodi\u0161\u010da iz junija lani o zavarovanju zdravnikovega premo\u017eenja (nepremi\u010dnin in denarja na ban\u010dnih ra\u010dunih). Dolenc je bil sicer zoper sklep o zamrznitvi premo\u017eenja vlo\u017eil ugovor, a ga je sodi\u0161\u010de\u00a0&#8230;<\/p>\n","protected":false},"excerpt":{"rendered":"<p>Kategorija: Kronika Wed, 29 Nov 2017 06:00:00 +0100  Ljubljana \u2013 Ljubljansko okro\u017eno sodi\u0161\u010de je zavrnilo predlog za priznanje izraelskih sodb, po kateri bi moral zdaj upokojeni nevrokirurg Vinko Dolenc pla\u010dati milijonsko od\u0161kodnino izraelskemu pacientu. Ugotavlja, da niso izpolnjeni vsi pogoji za priznanje, saj ni podana vzajemnost priznavanja tujih sodnih odlo\u010db z Izraelom, v delu, ki se nana\u0161a na od\u0161kodnino za premo\u017eenjsko \u0161kodo, pa je podan tudi pridr\u017eek javnega reda. \u010ce bo odlo\u010ditev obveljala in \u0161la skozi sito vrhovnega sodi\u0161\u010da, kamor se je prito\u017eila poobla\u0161\u010denka izraelskega bolnika Elijaha Mesyke odvetnica Sarah Cooper, je Dolen\u010devo premo\u017eenje na varnem. Do pravnomo\u010dne odlo\u010ditve v tej zadevi pa ostaja v veljavi za\u010dasna odredba okro\u017enega sodi\u0161\u010da iz junija lani o zavarovanju zdravnikovega premo\u017eenja (nepremi\u010dnin in denarja na ban\u010dnih ra\u010dunih). Dolenc je bil sicer zoper sklep o zamrznitvi premo\u017eenja vlo\u017eil ugovor, a ga je sodi\u0161\u010de\u00a0&#8230;<\/p>\n","protected":false},"author":1,"featured_media":0,"comment_status":"closed","ping_status":"closed","sticky":false,"template":"","format":"standard","meta":{"footnotes":""},"categories":[1179],"tags":[],"source":[1703],"supertag":[],"acf":[],"yoast_head":"<!-- This site is optimized with the Yoast SEO plugin v21.3 - https:\/\/yoast.com\/wordpress\/plugins\/seo\/ -->\n<title>Kirurgu Dolencu ne bo treba od\u0161teti milijonov - Hudo Slovenija<\/title>\n<meta name=\"robots\" content=\"index, follow, max-snippet:-1, max-image-preview:large, max-video-preview:-1\" \/>\n<link rel=\"canonical\" href=\"https:\/\/hudo.com\/si\/aktualno\/kirurgu-dolencu-ne-bo-treba-odsteti-milijonov\/\" \/>\n<meta property=\"og:locale\" content=\"sl_SI\" \/>\n<meta property=\"og:type\" content=\"article\" \/>\n<meta property=\"og:title\" content=\"Kirurgu Dolencu ne bo treba od\u0161teti milijonov - Hudo Slovenija\" \/>\n<meta property=\"og:description\" content=\"Kategorija: Kronika Wed, 29 Nov 2017 06:00:00 +0100 Ljubljana \u2013 Ljubljansko okro\u017eno sodi\u0161\u010de je zavrnilo predlog za priznanje izraelskih sodb, po kateri bi moral zdaj upokojeni nevrokirurg Vinko Dolenc pla\u010dati milijonsko od\u0161kodnino izraelskemu pacientu. Ugotavlja, da niso izpolnjeni vsi pogoji za priznanje, saj ni podana vzajemnost priznavanja tujih sodnih odlo\u010db z Izraelom, v delu, ki se nana\u0161a na od\u0161kodnino za premo\u017eenjsko \u0161kodo, pa je podan tudi pridr\u017eek javnega reda. \u010ce bo odlo\u010ditev obveljala in \u0161la skozi sito vrhovnega sodi\u0161\u010da, kamor se je prito\u017eila poobla\u0161\u010denka izraelskega bolnika Elijaha Mesyke odvetnica Sarah Cooper, je Dolen\u010devo premo\u017eenje na varnem. Do pravnomo\u010dne odlo\u010ditve v tej zadevi pa ostaja v veljavi za\u010dasna odredba okro\u017enega sodi\u0161\u010da iz junija lani o zavarovanju zdravnikovega premo\u017eenja (nepremi\u010dnin in denarja na ban\u010dnih ra\u010dunih). Dolenc je bil sicer zoper sklep o zamrznitvi premo\u017eenja vlo\u017eil ugovor, a ga je sodi\u0161\u010de\u00a0...\" \/>\n<meta property=\"og:url\" content=\"https:\/\/hudo.com\/si\/aktualno\/kirurgu-dolencu-ne-bo-treba-odsteti-milijonov\/\" \/>\n<meta property=\"og:site_name\" content=\"Hudo Slovenija\" \/>\n<meta property=\"article:publisher\" content=\"https:\/\/www.facebook.com\/hudo.si\" \/>\n<meta property=\"article:published_time\" content=\"2017-11-29T04:00:00+00:00\" \/>\n<meta property=\"og:image\" content=\"https:\/\/hudo.com\/si\/wp-content\/uploads\/sites\/2\/2017\/11\/480x290_Kronika__djvu_1730727_felcm_hires0.jpeg\" \/>\n\t<meta property=\"og:image:width\" content=\"480\" \/>\n\t<meta property=\"og:image:height\" content=\"290\" \/>\n\t<meta property=\"og:image:type\" content=\"image\/jpeg\" \/>\n<meta name=\"author\" content=\"hudo\" \/>\n<meta name=\"twitter:card\" content=\"summary_large_image\" \/>\n<meta name=\"twitter:creator\" content=\"@hudo_si\" \/>\n<meta name=\"twitter:site\" content=\"@hudo_si\" \/>\n<meta name=\"twitter:label1\" content=\"Written by\" \/>\n\t<meta name=\"twitter:data1\" content=\"hudo\" \/>\n\t<meta name=\"twitter:label2\" content=\"Est. reading time\" \/>\n\t<meta name=\"twitter:data2\" content=\"1 minuta\" \/>\n<script type=\"application\/ld+json\" class=\"yoast-schema-graph\">{\"@context\":\"https:\/\/schema.org\",\"@graph\":[{\"@type\":\"Article\",\"@id\":\"https:\/\/hudo.com\/si\/aktualno\/kirurgu-dolencu-ne-bo-treba-odsteti-milijonov\/#article\",\"isPartOf\":{\"@id\":\"https:\/\/hudo.com\/si\/aktualno\/kirurgu-dolencu-ne-bo-treba-odsteti-milijonov\/\"},\"author\":{\"name\":\"hudo\",\"@id\":\"https:\/\/hudo.com\/si\/#\/schema\/person\/601cf3379633985b20f7e50f2bb47707\"},\"headline\":\"Kirurgu Dolencu ne bo treba od\u0161teti milijonov\",\"datePublished\":\"2017-11-29T04:00:00+00:00\",\"dateModified\":\"2017-11-29T04:00:00+00:00\",\"mainEntityOfPage\":{\"@id\":\"https:\/\/hudo.com\/si\/aktualno\/kirurgu-dolencu-ne-bo-treba-odsteti-milijonov\/\"},\"wordCount\":168,\"publisher\":{\"@id\":\"https:\/\/hudo.com\/si\/#organization\"},\"articleSection\":[\"Aktualno\"],\"inLanguage\":\"sl-SI\"},{\"@type\":\"WebPage\",\"@id\":\"https:\/\/hudo.com\/si\/aktualno\/kirurgu-dolencu-ne-bo-treba-odsteti-milijonov\/\",\"url\":\"https:\/\/hudo.com\/si\/aktualno\/kirurgu-dolencu-ne-bo-treba-odsteti-milijonov\/\",\"name\":\"Kirurgu Dolencu ne bo treba od\u0161teti milijonov - Hudo Slovenija\",\"isPartOf\":{\"@id\":\"https:\/\/hudo.com\/si\/#website\"},\"datePublished\":\"2017-11-29T04:00:00+00:00\",\"dateModified\":\"2017-11-29T04:00:00+00:00\",\"breadcrumb\":{\"@id\":\"https:\/\/hudo.com\/si\/aktualno\/kirurgu-dolencu-ne-bo-treba-odsteti-milijonov\/#breadcrumb\"},\"inLanguage\":\"sl-SI\",\"potentialAction\":[{\"@type\":\"ReadAction\",\"target\":[\"https:\/\/hudo.com\/si\/aktualno\/kirurgu-dolencu-ne-bo-treba-odsteti-milijonov\/\"]}]},{\"@type\":\"BreadcrumbList\",\"@id\":\"https:\/\/hudo.com\/si\/aktualno\/kirurgu-dolencu-ne-bo-treba-odsteti-milijonov\/#breadcrumb\",\"itemListElement\":[{\"@type\":\"ListItem\",\"position\":1,\"name\":\"Home\",\"item\":\"https:\/\/hudo.com\/si\/\"},{\"@type\":\"ListItem\",\"position\":2,\"name\":\"Kirurgu Dolencu ne bo treba od\u0161teti milijonov\"}]},{\"@type\":\"WebSite\",\"@id\":\"https:\/\/hudo.com\/si\/#website\",\"url\":\"https:\/\/hudo.com\/si\/\",\"name\":\"Hudo Slovenija\",\"description\":\"Vse novice iz Slovenije in sveta\",\"publisher\":{\"@id\":\"https:\/\/hudo.com\/si\/#organization\"},\"potentialAction\":[{\"@type\":\"SearchAction\",\"target\":{\"@type\":\"EntryPoint\",\"urlTemplate\":\"https:\/\/hudo.com\/si\/?s={search_term_string}\"},\"query-input\":\"required name=search_term_string\"}],\"inLanguage\":\"sl-SI\"},{\"@type\":\"Organization\",\"@id\":\"https:\/\/hudo.com\/si\/#organization\",\"name\":\"VSN Media\",\"url\":\"https:\/\/hudo.com\/si\/\",\"logo\":{\"@type\":\"ImageObject\",\"inLanguage\":\"sl-SI\",\"@id\":\"https:\/\/hudo.com\/si\/#\/schema\/logo\/image\/\",\"url\":\"https:\/\/hudo.com\/si\/wp-content\/uploads\/sites\/2\/2021\/03\/hudo-app-2.png\",\"contentUrl\":\"https:\/\/hudo.com\/si\/wp-content\/uploads\/sites\/2\/2021\/03\/hudo-app-2.png\",\"width\":2185,\"height\":2167,\"caption\":\"VSN Media\"},\"image\":{\"@id\":\"https:\/\/hudo.com\/si\/#\/schema\/logo\/image\/\"},\"sameAs\":[\"https:\/\/www.facebook.com\/hudo.si\",\"https:\/\/twitter.com\/hudo_si\"]},{\"@type\":\"Person\",\"@id\":\"https:\/\/hudo.com\/si\/#\/schema\/person\/601cf3379633985b20f7e50f2bb47707\",\"name\":\"hudo\",\"image\":{\"@type\":\"ImageObject\",\"inLanguage\":\"sl-SI\",\"@id\":\"https:\/\/hudo.com\/si\/#\/schema\/person\/image\/\",\"url\":\"https:\/\/secure.gravatar.com\/avatar\/c4ca25fa72cace7a696b52ff5db9e095?s=96&d=mm&r=g\",\"contentUrl\":\"https:\/\/secure.gravatar.com\/avatar\/c4ca25fa72cace7a696b52ff5db9e095?s=96&d=mm&r=g\",\"caption\":\"hudo\"},\"url\":\"https:\/\/hudo.com\/si\/author\/hudo\/\"}]}<\/script>\n<!-- \/ Yoast SEO plugin. -->","yoast_head_json":{"title":"Kirurgu Dolencu ne bo treba od\u0161teti milijonov - Hudo Slovenija","robots":{"index":"index","follow":"follow","max-snippet":"max-snippet:-1","max-image-preview":"max-image-preview:large","max-video-preview":"max-video-preview:-1"},"canonical":"https:\/\/hudo.com\/si\/aktualno\/kirurgu-dolencu-ne-bo-treba-odsteti-milijonov\/","og_locale":"sl_SI","og_type":"article","og_title":"Kirurgu Dolencu ne bo treba od\u0161teti milijonov - Hudo Slovenija","og_description":"Kategorija: Kronika Wed, 29 Nov 2017 06:00:00 +0100 Ljubljana \u2013 Ljubljansko okro\u017eno sodi\u0161\u010de je zavrnilo predlog za priznanje izraelskih sodb, po kateri bi moral zdaj upokojeni nevrokirurg Vinko Dolenc pla\u010dati milijonsko od\u0161kodnino izraelskemu pacientu. Ugotavlja, da niso izpolnjeni vsi pogoji za priznanje, saj ni podana vzajemnost priznavanja tujih sodnih odlo\u010db z Izraelom, v delu, ki se nana\u0161a na od\u0161kodnino za premo\u017eenjsko \u0161kodo, pa je podan tudi pridr\u017eek javnega reda. \u010ce bo odlo\u010ditev obveljala in \u0161la skozi sito vrhovnega sodi\u0161\u010da, kamor se je prito\u017eila poobla\u0161\u010denka izraelskega bolnika Elijaha Mesyke odvetnica Sarah Cooper, je Dolen\u010devo premo\u017eenje na varnem. Do pravnomo\u010dne odlo\u010ditve v tej zadevi pa ostaja v veljavi za\u010dasna odredba okro\u017enega sodi\u0161\u010da iz junija lani o zavarovanju zdravnikovega premo\u017eenja (nepremi\u010dnin in denarja na ban\u010dnih ra\u010dunih). Dolenc je bil sicer zoper sklep o zamrznitvi premo\u017eenja vlo\u017eil ugovor, a ga je sodi\u0161\u010de\u00a0...","og_url":"https:\/\/hudo.com\/si\/aktualno\/kirurgu-dolencu-ne-bo-treba-odsteti-milijonov\/","og_site_name":"Hudo Slovenija","article_publisher":"https:\/\/www.facebook.com\/hudo.si","article_published_time":"2017-11-29T04:00:00+00:00","og_image":[{"width":480,"height":290,"url":"https:\/\/hudo.com\/si\/wp-content\/uploads\/sites\/2\/2017\/11\/480x290_Kronika__djvu_1730727_felcm_hires0.jpeg","type":"image\/jpeg"}],"author":"hudo","twitter_card":"summary_large_image","twitter_creator":"@hudo_si","twitter_site":"@hudo_si","twitter_misc":{"Written by":"hudo","Est. reading time":"1 minuta"},"schema":{"@context":"https:\/\/schema.org","@graph":[{"@type":"Article","@id":"https:\/\/hudo.com\/si\/aktualno\/kirurgu-dolencu-ne-bo-treba-odsteti-milijonov\/#article","isPartOf":{"@id":"https:\/\/hudo.com\/si\/aktualno\/kirurgu-dolencu-ne-bo-treba-odsteti-milijonov\/"},"author":{"name":"hudo","@id":"https:\/\/hudo.com\/si\/#\/schema\/person\/601cf3379633985b20f7e50f2bb47707"},"headline":"Kirurgu Dolencu ne bo treba od\u0161teti milijonov","datePublished":"2017-11-29T04:00:00+00:00","dateModified":"2017-11-29T04:00:00+00:00","mainEntityOfPage":{"@id":"https:\/\/hudo.com\/si\/aktualno\/kirurgu-dolencu-ne-bo-treba-odsteti-milijonov\/"},"wordCount":168,"publisher":{"@id":"https:\/\/hudo.com\/si\/#organization"},"articleSection":["Aktualno"],"inLanguage":"sl-SI"},{"@type":"WebPage","@id":"https:\/\/hudo.com\/si\/aktualno\/kirurgu-dolencu-ne-bo-treba-odsteti-milijonov\/","url":"https:\/\/hudo.com\/si\/aktualno\/kirurgu-dolencu-ne-bo-treba-odsteti-milijonov\/","name":"Kirurgu Dolencu ne bo treba od\u0161teti milijonov - Hudo Slovenija","isPartOf":{"@id":"https:\/\/hudo.com\/si\/#website"},"datePublished":"2017-11-29T04:00:00+00:00","dateModified":"2017-11-29T04:00:00+00:00","breadcrumb":{"@id":"https:\/\/hudo.com\/si\/aktualno\/kirurgu-dolencu-ne-bo-treba-odsteti-milijonov\/#breadcrumb"},"inLanguage":"sl-SI","potentialAction":[{"@type":"ReadAction","target":["https:\/\/hudo.com\/si\/aktualno\/kirurgu-dolencu-ne-bo-treba-odsteti-milijonov\/"]}]},{"@type":"BreadcrumbList","@id":"https:\/\/hudo.com\/si\/aktualno\/kirurgu-dolencu-ne-bo-treba-odsteti-milijonov\/#breadcrumb","itemListElement":[{"@type":"ListItem","position":1,"name":"Home","item":"https:\/\/hudo.com\/si\/"},{"@type":"ListItem","position":2,"name":"Kirurgu Dolencu ne bo treba od\u0161teti milijonov"}]},{"@type":"WebSite","@id":"https:\/\/hudo.com\/si\/#website","url":"https:\/\/hudo.com\/si\/","name":"Hudo Slovenija","description":"Vse novice iz Slovenije in sveta","publisher":{"@id":"https:\/\/hudo.com\/si\/#organization"},"potentialAction":[{"@type":"SearchAction","target":{"@type":"EntryPoint","urlTemplate":"https:\/\/hudo.com\/si\/?s={search_term_string}"},"query-input":"required name=search_term_string"}],"inLanguage":"sl-SI"},{"@type":"Organization","@id":"https:\/\/hudo.com\/si\/#organization","name":"VSN Media","url":"https:\/\/hudo.com\/si\/","logo":{"@type":"ImageObject","inLanguage":"sl-SI","@id":"https:\/\/hudo.com\/si\/#\/schema\/logo\/image\/","url":"https:\/\/hudo.com\/si\/wp-content\/uploads\/sites\/2\/2021\/03\/hudo-app-2.png","contentUrl":"https:\/\/hudo.com\/si\/wp-content\/uploads\/sites\/2\/2021\/03\/hudo-app-2.png","width":2185,"height":2167,"caption":"VSN Media"},"image":{"@id":"https:\/\/hudo.com\/si\/#\/schema\/logo\/image\/"},"sameAs":["https:\/\/www.facebook.com\/hudo.si","https:\/\/twitter.com\/hudo_si"]},{"@type":"Person","@id":"https:\/\/hudo.com\/si\/#\/schema\/person\/601cf3379633985b20f7e50f2bb47707","name":"hudo","image":{"@type":"ImageObject","inLanguage":"sl-SI","@id":"https:\/\/hudo.com\/si\/#\/schema\/person\/image\/","url":"https:\/\/secure.gravatar.com\/avatar\/c4ca25fa72cace7a696b52ff5db9e095?s=96&d=mm&r=g","contentUrl":"https:\/\/secure.gravatar.com\/avatar\/c4ca25fa72cace7a696b52ff5db9e095?s=96&d=mm&r=g","caption":"hudo"},"url":"https:\/\/hudo.com\/si\/author\/hudo\/"}]}},"amp_enabled":true,"_links":{"self":[{"href":"https:\/\/hudo.com\/si\/wp-json\/wp\/v2\/posts\/327300"}],"collection":[{"href":"https:\/\/hudo.com\/si\/wp-json\/wp\/v2\/posts"}],"about":[{"href":"https:\/\/hudo.com\/si\/wp-json\/wp\/v2\/types\/post"}],"author":[{"embeddable":true,"href":"https:\/\/hudo.com\/si\/wp-json\/wp\/v2\/users\/1"}],"replies":[{"embeddable":true,"href":"https:\/\/hudo.com\/si\/wp-json\/wp\/v2\/comments?post=327300"}],"version-history":[{"count":0,"href":"https:\/\/hudo.com\/si\/wp-json\/wp\/v2\/posts\/327300\/revisions"}],"wp:attachment":[{"href":"https:\/\/hudo.com\/si\/wp-json\/wp\/v2\/media?parent=327300"}],"wp:term":[{"taxonomy":"category","embeddable":true,"href":"https:\/\/hudo.com\/si\/wp-json\/wp\/v2\/categories?post=327300"},{"taxonomy":"post_tag","embeddable":true,"href":"https:\/\/hudo.com\/si\/wp-json\/wp\/v2\/tags?post=327300"},{"taxonomy":"source","embeddable":true,"href":"https:\/\/hudo.com\/si\/wp-json\/wp\/v2\/source?post=327300"},{"taxonomy":"supertag","embeddable":true,"href":"https:\/\/hudo.com\/si\/wp-json\/wp\/v2\/supertag?post=327300"}],"curies":[{"name":"wp","href":"https:\/\/api.w.org\/{rel}","templated":true}]}}