{"id":327307,"date":"2017-11-29T06:15:00","date_gmt":"2017-11-29T05:15:00","guid":{"rendered":"http:\/\/hudo.com\/si\/2017\/11\/29\/na-mariborski-crti-sestih-metrov-tudi-matko-rotim\/"},"modified":"2017-11-29T06:15:00","modified_gmt":"2017-11-29T05:15:00","slug":"na-mariborski-crti-sestih-metrov-tudi-matko-rotim","status":"publish","type":"post","link":"https:\/\/hudo.com\/si\/aktualno\/na-mariborski-crti-sestih-metrov-tudi-matko-rotim\/","title":{"rendered":"Na mariborski \u010drti \u0161estih metrov tudi Matko Rotim"},"content":{"rendered":"<p>Kategorija: Rokomet Wed, 29 Nov 2017 07:15:00 +0100  Maribor &#8211; Po zadnji zmagi nad dotlej vodilnim mo\u0161tvom lige NLB, Koprom 2013, so se pri rokometnem prvoliga\u0161u Mariboru Braniku odlo\u010dili, da anga\u017eirajo 24-letnega hrva\u0161kega kro\u017enega napadalca Matka Rotima, ki v dvorano Tabor prihaja kot posojen igralec Nexeja iz Na\u0161ic. Tako na treningih kot v zadnjih dveh obra\u010dunih s Krko in Koprom je upravi\u010dil zaupanje trenerja Marka \u0160ibile in klubskega vodstva, ki ga je tako posadilo na linijo \u0161estih metrov ob bok \u017digi Stoparju in Kristjanu Bezgov\u0161ku. \u00bbNiti malo ne ob\u017ealujem, da sem pri\u0161el v Maribor. Igralci so me lepo sprejeli, treniramo zelo dobro. Klub je iskal kro\u017enega napadalca, ki bo lahko na parketu zdr\u017eal \u010dim ve\u010d minut, jaz pa to potrebujem za napredek v igri. \u010ceprav bi z mo\u0161tvom Nexeja nastopal v regionalni ligi SEHA in evropskem pokalu EHF, pa\u00a0&#8230;<\/p>\n","protected":false},"excerpt":{"rendered":"<p>Kategorija: Rokomet Wed, 29 Nov 2017 07:15:00 +0100  Maribor &#8211; Po zadnji zmagi nad dotlej vodilnim mo\u0161tvom lige NLB, Koprom 2013, so se pri rokometnem prvoliga\u0161u Mariboru Braniku odlo\u010dili, da anga\u017eirajo 24-letnega hrva\u0161kega kro\u017enega napadalca Matka Rotima, ki v dvorano Tabor prihaja kot posojen igralec Nexeja iz Na\u0161ic. Tako na treningih kot v zadnjih dveh obra\u010dunih s Krko in Koprom je upravi\u010dil zaupanje trenerja Marka \u0160ibile in klubskega vodstva, ki ga je tako posadilo na linijo \u0161estih metrov ob bok \u017digi Stoparju in Kristjanu Bezgov\u0161ku. \u00bbNiti malo ne ob\u017ealujem, da sem pri\u0161el v Maribor. Igralci so me lepo sprejeli, treniramo zelo dobro. Klub je iskal kro\u017enega napadalca, ki bo lahko na parketu zdr\u017eal \u010dim ve\u010d minut, jaz pa to potrebujem za napredek v igri. \u010ceprav bi z mo\u0161tvom Nexeja nastopal v regionalni ligi SEHA in evropskem pokalu EHF, pa\u00a0&#8230;<\/p>\n","protected":false},"author":1,"featured_media":0,"comment_status":"closed","ping_status":"closed","sticky":false,"template":"","format":"standard","meta":{"footnotes":""},"categories":[1179],"tags":[],"source":[1703],"supertag":[],"acf":[],"yoast_head":"<!-- This site is optimized with the Yoast SEO plugin v21.3 - https:\/\/yoast.com\/wordpress\/plugins\/seo\/ -->\n<title>Na mariborski \u010drti \u0161estih metrov tudi Matko Rotim - Hudo Slovenija<\/title>\n<meta name=\"robots\" content=\"index, follow, max-snippet:-1, max-image-preview:large, max-video-preview:-1\" \/>\n<link rel=\"canonical\" href=\"https:\/\/hudo.com\/si\/aktualno\/na-mariborski-crti-sestih-metrov-tudi-matko-rotim\/\" \/>\n<meta property=\"og:locale\" content=\"sl_SI\" \/>\n<meta property=\"og:type\" content=\"article\" \/>\n<meta property=\"og:title\" content=\"Na mariborski \u010drti \u0161estih metrov tudi Matko Rotim - Hudo Slovenija\" \/>\n<meta property=\"og:description\" content=\"Kategorija: Rokomet Wed, 29 Nov 2017 07:15:00 +0100 Maribor - Po zadnji zmagi nad dotlej vodilnim mo\u0161tvom lige NLB, Koprom 2013, so se pri rokometnem prvoliga\u0161u Mariboru Braniku odlo\u010dili, da anga\u017eirajo 24-letnega hrva\u0161kega kro\u017enega napadalca Matka Rotima, ki v dvorano Tabor prihaja kot posojen igralec Nexeja iz Na\u0161ic. Tako na treningih kot v zadnjih dveh obra\u010dunih s Krko in Koprom je upravi\u010dil zaupanje trenerja Marka \u0160ibile in klubskega vodstva, ki ga je tako posadilo na linijo \u0161estih metrov ob bok \u017digi Stoparju in Kristjanu Bezgov\u0161ku. \u00bbNiti malo ne ob\u017ealujem, da sem pri\u0161el v Maribor. Igralci so me lepo sprejeli, treniramo zelo dobro. Klub je iskal kro\u017enega napadalca, ki bo lahko na parketu zdr\u017eal \u010dim ve\u010d minut, jaz pa to potrebujem za napredek v igri. \u010ceprav bi z mo\u0161tvom Nexeja nastopal v regionalni ligi SEHA in evropskem pokalu EHF, pa\u00a0...\" \/>\n<meta property=\"og:url\" content=\"https:\/\/hudo.com\/si\/aktualno\/na-mariborski-crti-sestih-metrov-tudi-matko-rotim\/\" \/>\n<meta property=\"og:site_name\" content=\"Hudo Slovenija\" \/>\n<meta property=\"article:publisher\" content=\"https:\/\/www.facebook.com\/hudo.si\" \/>\n<meta property=\"article:published_time\" content=\"2017-11-29T05:15:00+00:00\" \/>\n<meta property=\"og:image\" content=\"https:\/\/hudo.com\/si\/wp-content\/uploads\/sites\/2\/2017\/11\/480x290_Delo_Foto-20171129071430-21984300.jpeg\" \/>\n\t<meta property=\"og:image:width\" content=\"480\" \/>\n\t<meta property=\"og:image:height\" content=\"290\" \/>\n\t<meta property=\"og:image:type\" content=\"image\/jpeg\" \/>\n<meta name=\"author\" content=\"hudo\" \/>\n<meta name=\"twitter:card\" content=\"summary_large_image\" \/>\n<meta name=\"twitter:creator\" content=\"@hudo_si\" \/>\n<meta name=\"twitter:site\" content=\"@hudo_si\" \/>\n<meta name=\"twitter:label1\" content=\"Written by\" \/>\n\t<meta name=\"twitter:data1\" content=\"hudo\" \/>\n\t<meta name=\"twitter:label2\" content=\"Est. reading time\" \/>\n\t<meta name=\"twitter:data2\" content=\"1 minuta\" \/>\n<script type=\"application\/ld+json\" class=\"yoast-schema-graph\">{\"@context\":\"https:\/\/schema.org\",\"@graph\":[{\"@type\":\"Article\",\"@id\":\"https:\/\/hudo.com\/si\/aktualno\/na-mariborski-crti-sestih-metrov-tudi-matko-rotim\/#article\",\"isPartOf\":{\"@id\":\"https:\/\/hudo.com\/si\/aktualno\/na-mariborski-crti-sestih-metrov-tudi-matko-rotim\/\"},\"author\":{\"name\":\"hudo\",\"@id\":\"https:\/\/hudo.com\/si\/#\/schema\/person\/601cf3379633985b20f7e50f2bb47707\"},\"headline\":\"Na mariborski \u010drti \u0161estih metrov tudi Matko Rotim\",\"datePublished\":\"2017-11-29T05:15:00+00:00\",\"dateModified\":\"2017-11-29T05:15:00+00:00\",\"mainEntityOfPage\":{\"@id\":\"https:\/\/hudo.com\/si\/aktualno\/na-mariborski-crti-sestih-metrov-tudi-matko-rotim\/\"},\"wordCount\":157,\"publisher\":{\"@id\":\"https:\/\/hudo.com\/si\/#organization\"},\"articleSection\":[\"Aktualno\"],\"inLanguage\":\"sl-SI\"},{\"@type\":\"WebPage\",\"@id\":\"https:\/\/hudo.com\/si\/aktualno\/na-mariborski-crti-sestih-metrov-tudi-matko-rotim\/\",\"url\":\"https:\/\/hudo.com\/si\/aktualno\/na-mariborski-crti-sestih-metrov-tudi-matko-rotim\/\",\"name\":\"Na mariborski \u010drti \u0161estih metrov tudi Matko Rotim - Hudo Slovenija\",\"isPartOf\":{\"@id\":\"https:\/\/hudo.com\/si\/#website\"},\"datePublished\":\"2017-11-29T05:15:00+00:00\",\"dateModified\":\"2017-11-29T05:15:00+00:00\",\"breadcrumb\":{\"@id\":\"https:\/\/hudo.com\/si\/aktualno\/na-mariborski-crti-sestih-metrov-tudi-matko-rotim\/#breadcrumb\"},\"inLanguage\":\"sl-SI\",\"potentialAction\":[{\"@type\":\"ReadAction\",\"target\":[\"https:\/\/hudo.com\/si\/aktualno\/na-mariborski-crti-sestih-metrov-tudi-matko-rotim\/\"]}]},{\"@type\":\"BreadcrumbList\",\"@id\":\"https:\/\/hudo.com\/si\/aktualno\/na-mariborski-crti-sestih-metrov-tudi-matko-rotim\/#breadcrumb\",\"itemListElement\":[{\"@type\":\"ListItem\",\"position\":1,\"name\":\"Home\",\"item\":\"https:\/\/hudo.com\/si\/\"},{\"@type\":\"ListItem\",\"position\":2,\"name\":\"Na mariborski \u010drti \u0161estih metrov tudi Matko Rotim\"}]},{\"@type\":\"WebSite\",\"@id\":\"https:\/\/hudo.com\/si\/#website\",\"url\":\"https:\/\/hudo.com\/si\/\",\"name\":\"Hudo Slovenija\",\"description\":\"Vse novice iz Slovenije in sveta\",\"publisher\":{\"@id\":\"https:\/\/hudo.com\/si\/#organization\"},\"potentialAction\":[{\"@type\":\"SearchAction\",\"target\":{\"@type\":\"EntryPoint\",\"urlTemplate\":\"https:\/\/hudo.com\/si\/?s={search_term_string}\"},\"query-input\":\"required name=search_term_string\"}],\"inLanguage\":\"sl-SI\"},{\"@type\":\"Organization\",\"@id\":\"https:\/\/hudo.com\/si\/#organization\",\"name\":\"VSN Media\",\"url\":\"https:\/\/hudo.com\/si\/\",\"logo\":{\"@type\":\"ImageObject\",\"inLanguage\":\"sl-SI\",\"@id\":\"https:\/\/hudo.com\/si\/#\/schema\/logo\/image\/\",\"url\":\"https:\/\/hudo.com\/si\/wp-content\/uploads\/sites\/2\/2021\/03\/hudo-app-2.png\",\"contentUrl\":\"https:\/\/hudo.com\/si\/wp-content\/uploads\/sites\/2\/2021\/03\/hudo-app-2.png\",\"width\":2185,\"height\":2167,\"caption\":\"VSN Media\"},\"image\":{\"@id\":\"https:\/\/hudo.com\/si\/#\/schema\/logo\/image\/\"},\"sameAs\":[\"https:\/\/www.facebook.com\/hudo.si\",\"https:\/\/twitter.com\/hudo_si\"]},{\"@type\":\"Person\",\"@id\":\"https:\/\/hudo.com\/si\/#\/schema\/person\/601cf3379633985b20f7e50f2bb47707\",\"name\":\"hudo\",\"image\":{\"@type\":\"ImageObject\",\"inLanguage\":\"sl-SI\",\"@id\":\"https:\/\/hudo.com\/si\/#\/schema\/person\/image\/\",\"url\":\"https:\/\/secure.gravatar.com\/avatar\/c4ca25fa72cace7a696b52ff5db9e095?s=96&d=mm&r=g\",\"contentUrl\":\"https:\/\/secure.gravatar.com\/avatar\/c4ca25fa72cace7a696b52ff5db9e095?s=96&d=mm&r=g\",\"caption\":\"hudo\"},\"url\":\"https:\/\/hudo.com\/si\/author\/hudo\/\"}]}<\/script>\n<!-- \/ Yoast SEO plugin. -->","yoast_head_json":{"title":"Na mariborski \u010drti \u0161estih metrov tudi Matko Rotim - Hudo Slovenija","robots":{"index":"index","follow":"follow","max-snippet":"max-snippet:-1","max-image-preview":"max-image-preview:large","max-video-preview":"max-video-preview:-1"},"canonical":"https:\/\/hudo.com\/si\/aktualno\/na-mariborski-crti-sestih-metrov-tudi-matko-rotim\/","og_locale":"sl_SI","og_type":"article","og_title":"Na mariborski \u010drti \u0161estih metrov tudi Matko Rotim - Hudo Slovenija","og_description":"Kategorija: Rokomet Wed, 29 Nov 2017 07:15:00 +0100 Maribor - Po zadnji zmagi nad dotlej vodilnim mo\u0161tvom lige NLB, Koprom 2013, so se pri rokometnem prvoliga\u0161u Mariboru Braniku odlo\u010dili, da anga\u017eirajo 24-letnega hrva\u0161kega kro\u017enega napadalca Matka Rotima, ki v dvorano Tabor prihaja kot posojen igralec Nexeja iz Na\u0161ic. Tako na treningih kot v zadnjih dveh obra\u010dunih s Krko in Koprom je upravi\u010dil zaupanje trenerja Marka \u0160ibile in klubskega vodstva, ki ga je tako posadilo na linijo \u0161estih metrov ob bok \u017digi Stoparju in Kristjanu Bezgov\u0161ku. \u00bbNiti malo ne ob\u017ealujem, da sem pri\u0161el v Maribor. Igralci so me lepo sprejeli, treniramo zelo dobro. Klub je iskal kro\u017enega napadalca, ki bo lahko na parketu zdr\u017eal \u010dim ve\u010d minut, jaz pa to potrebujem za napredek v igri. \u010ceprav bi z mo\u0161tvom Nexeja nastopal v regionalni ligi SEHA in evropskem pokalu EHF, pa\u00a0...","og_url":"https:\/\/hudo.com\/si\/aktualno\/na-mariborski-crti-sestih-metrov-tudi-matko-rotim\/","og_site_name":"Hudo Slovenija","article_publisher":"https:\/\/www.facebook.com\/hudo.si","article_published_time":"2017-11-29T05:15:00+00:00","og_image":[{"width":480,"height":290,"url":"https:\/\/hudo.com\/si\/wp-content\/uploads\/sites\/2\/2017\/11\/480x290_Delo_Foto-20171129071430-21984300.jpeg","type":"image\/jpeg"}],"author":"hudo","twitter_card":"summary_large_image","twitter_creator":"@hudo_si","twitter_site":"@hudo_si","twitter_misc":{"Written by":"hudo","Est. reading time":"1 minuta"},"schema":{"@context":"https:\/\/schema.org","@graph":[{"@type":"Article","@id":"https:\/\/hudo.com\/si\/aktualno\/na-mariborski-crti-sestih-metrov-tudi-matko-rotim\/#article","isPartOf":{"@id":"https:\/\/hudo.com\/si\/aktualno\/na-mariborski-crti-sestih-metrov-tudi-matko-rotim\/"},"author":{"name":"hudo","@id":"https:\/\/hudo.com\/si\/#\/schema\/person\/601cf3379633985b20f7e50f2bb47707"},"headline":"Na mariborski \u010drti \u0161estih metrov tudi Matko Rotim","datePublished":"2017-11-29T05:15:00+00:00","dateModified":"2017-11-29T05:15:00+00:00","mainEntityOfPage":{"@id":"https:\/\/hudo.com\/si\/aktualno\/na-mariborski-crti-sestih-metrov-tudi-matko-rotim\/"},"wordCount":157,"publisher":{"@id":"https:\/\/hudo.com\/si\/#organization"},"articleSection":["Aktualno"],"inLanguage":"sl-SI"},{"@type":"WebPage","@id":"https:\/\/hudo.com\/si\/aktualno\/na-mariborski-crti-sestih-metrov-tudi-matko-rotim\/","url":"https:\/\/hudo.com\/si\/aktualno\/na-mariborski-crti-sestih-metrov-tudi-matko-rotim\/","name":"Na mariborski \u010drti \u0161estih metrov tudi Matko Rotim - Hudo Slovenija","isPartOf":{"@id":"https:\/\/hudo.com\/si\/#website"},"datePublished":"2017-11-29T05:15:00+00:00","dateModified":"2017-11-29T05:15:00+00:00","breadcrumb":{"@id":"https:\/\/hudo.com\/si\/aktualno\/na-mariborski-crti-sestih-metrov-tudi-matko-rotim\/#breadcrumb"},"inLanguage":"sl-SI","potentialAction":[{"@type":"ReadAction","target":["https:\/\/hudo.com\/si\/aktualno\/na-mariborski-crti-sestih-metrov-tudi-matko-rotim\/"]}]},{"@type":"BreadcrumbList","@id":"https:\/\/hudo.com\/si\/aktualno\/na-mariborski-crti-sestih-metrov-tudi-matko-rotim\/#breadcrumb","itemListElement":[{"@type":"ListItem","position":1,"name":"Home","item":"https:\/\/hudo.com\/si\/"},{"@type":"ListItem","position":2,"name":"Na mariborski \u010drti \u0161estih metrov tudi Matko Rotim"}]},{"@type":"WebSite","@id":"https:\/\/hudo.com\/si\/#website","url":"https:\/\/hudo.com\/si\/","name":"Hudo Slovenija","description":"Vse novice iz Slovenije in sveta","publisher":{"@id":"https:\/\/hudo.com\/si\/#organization"},"potentialAction":[{"@type":"SearchAction","target":{"@type":"EntryPoint","urlTemplate":"https:\/\/hudo.com\/si\/?s={search_term_string}"},"query-input":"required name=search_term_string"}],"inLanguage":"sl-SI"},{"@type":"Organization","@id":"https:\/\/hudo.com\/si\/#organization","name":"VSN Media","url":"https:\/\/hudo.com\/si\/","logo":{"@type":"ImageObject","inLanguage":"sl-SI","@id":"https:\/\/hudo.com\/si\/#\/schema\/logo\/image\/","url":"https:\/\/hudo.com\/si\/wp-content\/uploads\/sites\/2\/2021\/03\/hudo-app-2.png","contentUrl":"https:\/\/hudo.com\/si\/wp-content\/uploads\/sites\/2\/2021\/03\/hudo-app-2.png","width":2185,"height":2167,"caption":"VSN Media"},"image":{"@id":"https:\/\/hudo.com\/si\/#\/schema\/logo\/image\/"},"sameAs":["https:\/\/www.facebook.com\/hudo.si","https:\/\/twitter.com\/hudo_si"]},{"@type":"Person","@id":"https:\/\/hudo.com\/si\/#\/schema\/person\/601cf3379633985b20f7e50f2bb47707","name":"hudo","image":{"@type":"ImageObject","inLanguage":"sl-SI","@id":"https:\/\/hudo.com\/si\/#\/schema\/person\/image\/","url":"https:\/\/secure.gravatar.com\/avatar\/c4ca25fa72cace7a696b52ff5db9e095?s=96&d=mm&r=g","contentUrl":"https:\/\/secure.gravatar.com\/avatar\/c4ca25fa72cace7a696b52ff5db9e095?s=96&d=mm&r=g","caption":"hudo"},"url":"https:\/\/hudo.com\/si\/author\/hudo\/"}]}},"amp_enabled":true,"_links":{"self":[{"href":"https:\/\/hudo.com\/si\/wp-json\/wp\/v2\/posts\/327307"}],"collection":[{"href":"https:\/\/hudo.com\/si\/wp-json\/wp\/v2\/posts"}],"about":[{"href":"https:\/\/hudo.com\/si\/wp-json\/wp\/v2\/types\/post"}],"author":[{"embeddable":true,"href":"https:\/\/hudo.com\/si\/wp-json\/wp\/v2\/users\/1"}],"replies":[{"embeddable":true,"href":"https:\/\/hudo.com\/si\/wp-json\/wp\/v2\/comments?post=327307"}],"version-history":[{"count":0,"href":"https:\/\/hudo.com\/si\/wp-json\/wp\/v2\/posts\/327307\/revisions"}],"wp:attachment":[{"href":"https:\/\/hudo.com\/si\/wp-json\/wp\/v2\/media?parent=327307"}],"wp:term":[{"taxonomy":"category","embeddable":true,"href":"https:\/\/hudo.com\/si\/wp-json\/wp\/v2\/categories?post=327307"},{"taxonomy":"post_tag","embeddable":true,"href":"https:\/\/hudo.com\/si\/wp-json\/wp\/v2\/tags?post=327307"},{"taxonomy":"source","embeddable":true,"href":"https:\/\/hudo.com\/si\/wp-json\/wp\/v2\/source?post=327307"},{"taxonomy":"supertag","embeddable":true,"href":"https:\/\/hudo.com\/si\/wp-json\/wp\/v2\/supertag?post=327307"}],"curies":[{"name":"wp","href":"https:\/\/api.w.org\/{rel}","templated":true}]}}