{"id":327345,"date":"2017-11-29T07:12:00","date_gmt":"2017-11-29T06:12:00","guid":{"rendered":"http:\/\/hudo.com\/si\/2017\/11\/29\/zaradi-snezenja-slabse-razmere-na-cestah\/"},"modified":"2017-11-29T07:12:00","modified_gmt":"2017-11-29T06:12:00","slug":"zaradi-snezenja-slabse-razmere-na-cestah","status":"publish","type":"post","link":"https:\/\/hudo.com\/si\/aktualno\/zaradi-snezenja-slabse-razmere-na-cestah\/","title":{"rendered":"Zaradi sne\u017eenja slab\u0161e razmere na cestah"},"content":{"rendered":"<p>Kategorija: Slovenija Wed, 29 Nov 2017 08:12:00 +0100  Ljubljana \u2212 Ponekod po dr\u017eavi sne\u017ei, zaradi \u010desar so razmere na nekaterih cestah slab\u0161e. Zaradi vremena se je danes \u017ee zgodilo nekaj prometnih nesre\u010d na Gorenjskem. Zaradi nesre\u010de je zaprta cesta Bled\u2212Bohinjska Bistrica. Policija voznikom svetuje, naj vo\u017enjo prilagodijo trenutnim razmeram na cesti in se na pot ne odpravljajo brez ustrezne zimske opreme. Sneg se ponekod oprijemlje cesti\u0161\u010d, v tak\u0161nih okoli\u0161\u010dinah pa je vo\u017enja zahtevnej\u0161a, opozarjajo na Policijski upravi Kranj. Slab\u0161i je namre\u010d oprijem vozila s podlago, dalj\u0161a je zavorna pot, te\u017eje je nadzirati vozilo v kriti\u010dnih situacijah, dalj\u0161i je \u010das trajanja vo\u017enje, ve\u010dje je tveganje za prometne nesre\u010de, ob izdatnem sne\u017eenju pa so mo\u017eni tudi zastoji. Ko se temperature spustijo, se ponekod lahko pojavi tudi poledica, opozarjajo. Zato naj bodo vsa vozila, ki bodo udele\u017eena v prometu, opremljena z zimsko opremo\u00a0&#8230;<\/p>\n","protected":false},"excerpt":{"rendered":"<p>Kategorija: Slovenija Wed, 29 Nov 2017 08:12:00 +0100  Ljubljana \u2212 Ponekod po dr\u017eavi sne\u017ei, zaradi \u010desar so razmere na nekaterih cestah slab\u0161e. Zaradi vremena se je danes \u017ee zgodilo nekaj prometnih nesre\u010d na Gorenjskem. Zaradi nesre\u010de je zaprta cesta Bled\u2212Bohinjska Bistrica. Policija voznikom svetuje, naj vo\u017enjo prilagodijo trenutnim razmeram na cesti in se na pot ne odpravljajo brez ustrezne zimske opreme. Sneg se ponekod oprijemlje cesti\u0161\u010d, v tak\u0161nih okoli\u0161\u010dinah pa je vo\u017enja zahtevnej\u0161a, opozarjajo na Policijski upravi Kranj. Slab\u0161i je namre\u010d oprijem vozila s podlago, dalj\u0161a je zavorna pot, te\u017eje je nadzirati vozilo v kriti\u010dnih situacijah, dalj\u0161i je \u010das trajanja vo\u017enje, ve\u010dje je tveganje za prometne nesre\u010de, ob izdatnem sne\u017eenju pa so mo\u017eni tudi zastoji. Ko se temperature spustijo, se ponekod lahko pojavi tudi poledica, opozarjajo. Zato naj bodo vsa vozila, ki bodo udele\u017eena v prometu, opremljena z zimsko opremo\u00a0&#8230;<\/p>\n","protected":false},"author":1,"featured_media":0,"comment_status":"closed","ping_status":"closed","sticky":false,"template":"","format":"standard","meta":{"footnotes":""},"categories":[1179],"tags":[],"source":[1703],"supertag":[],"acf":[],"yoast_head":"<!-- This site is optimized with the Yoast SEO plugin v21.3 - https:\/\/yoast.com\/wordpress\/plugins\/seo\/ -->\n<title>Zaradi sne\u017eenja slab\u0161e razmere na cestah - Hudo Slovenija<\/title>\n<meta name=\"robots\" content=\"index, follow, max-snippet:-1, max-image-preview:large, max-video-preview:-1\" \/>\n<link rel=\"canonical\" href=\"https:\/\/hudo.com\/si\/aktualno\/zaradi-snezenja-slabse-razmere-na-cestah\/\" \/>\n<meta property=\"og:locale\" content=\"sl_SI\" \/>\n<meta property=\"og:type\" content=\"article\" \/>\n<meta property=\"og:title\" content=\"Zaradi sne\u017eenja slab\u0161e razmere na cestah - Hudo Slovenija\" \/>\n<meta property=\"og:description\" content=\"Kategorija: Slovenija Wed, 29 Nov 2017 08:12:00 +0100 Ljubljana \u2212 Ponekod po dr\u017eavi sne\u017ei, zaradi \u010desar so razmere na nekaterih cestah slab\u0161e. Zaradi vremena se je danes \u017ee zgodilo nekaj prometnih nesre\u010d na Gorenjskem. Zaradi nesre\u010de je zaprta cesta Bled\u2212Bohinjska Bistrica. Policija voznikom svetuje, naj vo\u017enjo prilagodijo trenutnim razmeram na cesti in se na pot ne odpravljajo brez ustrezne zimske opreme. Sneg se ponekod oprijemlje cesti\u0161\u010d, v tak\u0161nih okoli\u0161\u010dinah pa je vo\u017enja zahtevnej\u0161a, opozarjajo na Policijski upravi Kranj. Slab\u0161i je namre\u010d oprijem vozila s podlago, dalj\u0161a je zavorna pot, te\u017eje je nadzirati vozilo v kriti\u010dnih situacijah, dalj\u0161i je \u010das trajanja vo\u017enje, ve\u010dje je tveganje za prometne nesre\u010de, ob izdatnem sne\u017eenju pa so mo\u017eni tudi zastoji. Ko se temperature spustijo, se ponekod lahko pojavi tudi poledica, opozarjajo. Zato naj bodo vsa vozila, ki bodo udele\u017eena v prometu, opremljena z zimsko opremo\u00a0...\" \/>\n<meta property=\"og:url\" content=\"https:\/\/hudo.com\/si\/aktualno\/zaradi-snezenja-slabse-razmere-na-cestah\/\" \/>\n<meta property=\"og:site_name\" content=\"Hudo Slovenija\" \/>\n<meta property=\"article:publisher\" content=\"https:\/\/www.facebook.com\/hudo.si\" \/>\n<meta property=\"article:published_time\" content=\"2017-11-29T06:12:00+00:00\" \/>\n<meta property=\"og:image\" content=\"https:\/\/hudo.com\/si\/wp-content\/uploads\/sites\/2\/2017\/11\/480x290_djvu_2314571_pavlinb_jsu-Sneg.jpeg\" \/>\n\t<meta property=\"og:image:width\" content=\"480\" \/>\n\t<meta property=\"og:image:height\" content=\"290\" \/>\n\t<meta property=\"og:image:type\" content=\"image\/jpeg\" \/>\n<meta name=\"author\" content=\"hudo\" \/>\n<meta name=\"twitter:card\" content=\"summary_large_image\" \/>\n<meta name=\"twitter:creator\" content=\"@hudo_si\" \/>\n<meta name=\"twitter:site\" content=\"@hudo_si\" \/>\n<meta name=\"twitter:label1\" content=\"Written by\" \/>\n\t<meta name=\"twitter:data1\" content=\"hudo\" \/>\n\t<meta name=\"twitter:label2\" content=\"Est. reading time\" \/>\n\t<meta name=\"twitter:data2\" content=\"1 minuta\" \/>\n<script type=\"application\/ld+json\" class=\"yoast-schema-graph\">{\"@context\":\"https:\/\/schema.org\",\"@graph\":[{\"@type\":\"Article\",\"@id\":\"https:\/\/hudo.com\/si\/aktualno\/zaradi-snezenja-slabse-razmere-na-cestah\/#article\",\"isPartOf\":{\"@id\":\"https:\/\/hudo.com\/si\/aktualno\/zaradi-snezenja-slabse-razmere-na-cestah\/\"},\"author\":{\"name\":\"hudo\",\"@id\":\"https:\/\/hudo.com\/si\/#\/schema\/person\/601cf3379633985b20f7e50f2bb47707\"},\"headline\":\"Zaradi sne\u017eenja slab\u0161e razmere na cestah\",\"datePublished\":\"2017-11-29T06:12:00+00:00\",\"dateModified\":\"2017-11-29T06:12:00+00:00\",\"mainEntityOfPage\":{\"@id\":\"https:\/\/hudo.com\/si\/aktualno\/zaradi-snezenja-slabse-razmere-na-cestah\/\"},\"wordCount\":164,\"publisher\":{\"@id\":\"https:\/\/hudo.com\/si\/#organization\"},\"articleSection\":[\"Aktualno\"],\"inLanguage\":\"sl-SI\"},{\"@type\":\"WebPage\",\"@id\":\"https:\/\/hudo.com\/si\/aktualno\/zaradi-snezenja-slabse-razmere-na-cestah\/\",\"url\":\"https:\/\/hudo.com\/si\/aktualno\/zaradi-snezenja-slabse-razmere-na-cestah\/\",\"name\":\"Zaradi sne\u017eenja slab\u0161e razmere na cestah - Hudo Slovenija\",\"isPartOf\":{\"@id\":\"https:\/\/hudo.com\/si\/#website\"},\"datePublished\":\"2017-11-29T06:12:00+00:00\",\"dateModified\":\"2017-11-29T06:12:00+00:00\",\"breadcrumb\":{\"@id\":\"https:\/\/hudo.com\/si\/aktualno\/zaradi-snezenja-slabse-razmere-na-cestah\/#breadcrumb\"},\"inLanguage\":\"sl-SI\",\"potentialAction\":[{\"@type\":\"ReadAction\",\"target\":[\"https:\/\/hudo.com\/si\/aktualno\/zaradi-snezenja-slabse-razmere-na-cestah\/\"]}]},{\"@type\":\"BreadcrumbList\",\"@id\":\"https:\/\/hudo.com\/si\/aktualno\/zaradi-snezenja-slabse-razmere-na-cestah\/#breadcrumb\",\"itemListElement\":[{\"@type\":\"ListItem\",\"position\":1,\"name\":\"Home\",\"item\":\"https:\/\/hudo.com\/si\/\"},{\"@type\":\"ListItem\",\"position\":2,\"name\":\"Zaradi sne\u017eenja slab\u0161e razmere na cestah\"}]},{\"@type\":\"WebSite\",\"@id\":\"https:\/\/hudo.com\/si\/#website\",\"url\":\"https:\/\/hudo.com\/si\/\",\"name\":\"Hudo Slovenija\",\"description\":\"Vse novice iz Slovenije in sveta\",\"publisher\":{\"@id\":\"https:\/\/hudo.com\/si\/#organization\"},\"potentialAction\":[{\"@type\":\"SearchAction\",\"target\":{\"@type\":\"EntryPoint\",\"urlTemplate\":\"https:\/\/hudo.com\/si\/?s={search_term_string}\"},\"query-input\":\"required name=search_term_string\"}],\"inLanguage\":\"sl-SI\"},{\"@type\":\"Organization\",\"@id\":\"https:\/\/hudo.com\/si\/#organization\",\"name\":\"VSN Media\",\"url\":\"https:\/\/hudo.com\/si\/\",\"logo\":{\"@type\":\"ImageObject\",\"inLanguage\":\"sl-SI\",\"@id\":\"https:\/\/hudo.com\/si\/#\/schema\/logo\/image\/\",\"url\":\"https:\/\/hudo.com\/si\/wp-content\/uploads\/sites\/2\/2021\/03\/hudo-app-2.png\",\"contentUrl\":\"https:\/\/hudo.com\/si\/wp-content\/uploads\/sites\/2\/2021\/03\/hudo-app-2.png\",\"width\":2185,\"height\":2167,\"caption\":\"VSN Media\"},\"image\":{\"@id\":\"https:\/\/hudo.com\/si\/#\/schema\/logo\/image\/\"},\"sameAs\":[\"https:\/\/www.facebook.com\/hudo.si\",\"https:\/\/twitter.com\/hudo_si\"]},{\"@type\":\"Person\",\"@id\":\"https:\/\/hudo.com\/si\/#\/schema\/person\/601cf3379633985b20f7e50f2bb47707\",\"name\":\"hudo\",\"image\":{\"@type\":\"ImageObject\",\"inLanguage\":\"sl-SI\",\"@id\":\"https:\/\/hudo.com\/si\/#\/schema\/person\/image\/\",\"url\":\"https:\/\/secure.gravatar.com\/avatar\/c4ca25fa72cace7a696b52ff5db9e095?s=96&d=mm&r=g\",\"contentUrl\":\"https:\/\/secure.gravatar.com\/avatar\/c4ca25fa72cace7a696b52ff5db9e095?s=96&d=mm&r=g\",\"caption\":\"hudo\"},\"url\":\"https:\/\/hudo.com\/si\/author\/hudo\/\"}]}<\/script>\n<!-- \/ Yoast SEO plugin. -->","yoast_head_json":{"title":"Zaradi sne\u017eenja slab\u0161e razmere na cestah - Hudo Slovenija","robots":{"index":"index","follow":"follow","max-snippet":"max-snippet:-1","max-image-preview":"max-image-preview:large","max-video-preview":"max-video-preview:-1"},"canonical":"https:\/\/hudo.com\/si\/aktualno\/zaradi-snezenja-slabse-razmere-na-cestah\/","og_locale":"sl_SI","og_type":"article","og_title":"Zaradi sne\u017eenja slab\u0161e razmere na cestah - Hudo Slovenija","og_description":"Kategorija: Slovenija Wed, 29 Nov 2017 08:12:00 +0100 Ljubljana \u2212 Ponekod po dr\u017eavi sne\u017ei, zaradi \u010desar so razmere na nekaterih cestah slab\u0161e. Zaradi vremena se je danes \u017ee zgodilo nekaj prometnih nesre\u010d na Gorenjskem. Zaradi nesre\u010de je zaprta cesta Bled\u2212Bohinjska Bistrica. Policija voznikom svetuje, naj vo\u017enjo prilagodijo trenutnim razmeram na cesti in se na pot ne odpravljajo brez ustrezne zimske opreme. Sneg se ponekod oprijemlje cesti\u0161\u010d, v tak\u0161nih okoli\u0161\u010dinah pa je vo\u017enja zahtevnej\u0161a, opozarjajo na Policijski upravi Kranj. Slab\u0161i je namre\u010d oprijem vozila s podlago, dalj\u0161a je zavorna pot, te\u017eje je nadzirati vozilo v kriti\u010dnih situacijah, dalj\u0161i je \u010das trajanja vo\u017enje, ve\u010dje je tveganje za prometne nesre\u010de, ob izdatnem sne\u017eenju pa so mo\u017eni tudi zastoji. Ko se temperature spustijo, se ponekod lahko pojavi tudi poledica, opozarjajo. Zato naj bodo vsa vozila, ki bodo udele\u017eena v prometu, opremljena z zimsko opremo\u00a0...","og_url":"https:\/\/hudo.com\/si\/aktualno\/zaradi-snezenja-slabse-razmere-na-cestah\/","og_site_name":"Hudo Slovenija","article_publisher":"https:\/\/www.facebook.com\/hudo.si","article_published_time":"2017-11-29T06:12:00+00:00","og_image":[{"width":480,"height":290,"url":"https:\/\/hudo.com\/si\/wp-content\/uploads\/sites\/2\/2017\/11\/480x290_djvu_2314571_pavlinb_jsu-Sneg.jpeg","type":"image\/jpeg"}],"author":"hudo","twitter_card":"summary_large_image","twitter_creator":"@hudo_si","twitter_site":"@hudo_si","twitter_misc":{"Written by":"hudo","Est. reading time":"1 minuta"},"schema":{"@context":"https:\/\/schema.org","@graph":[{"@type":"Article","@id":"https:\/\/hudo.com\/si\/aktualno\/zaradi-snezenja-slabse-razmere-na-cestah\/#article","isPartOf":{"@id":"https:\/\/hudo.com\/si\/aktualno\/zaradi-snezenja-slabse-razmere-na-cestah\/"},"author":{"name":"hudo","@id":"https:\/\/hudo.com\/si\/#\/schema\/person\/601cf3379633985b20f7e50f2bb47707"},"headline":"Zaradi sne\u017eenja slab\u0161e razmere na cestah","datePublished":"2017-11-29T06:12:00+00:00","dateModified":"2017-11-29T06:12:00+00:00","mainEntityOfPage":{"@id":"https:\/\/hudo.com\/si\/aktualno\/zaradi-snezenja-slabse-razmere-na-cestah\/"},"wordCount":164,"publisher":{"@id":"https:\/\/hudo.com\/si\/#organization"},"articleSection":["Aktualno"],"inLanguage":"sl-SI"},{"@type":"WebPage","@id":"https:\/\/hudo.com\/si\/aktualno\/zaradi-snezenja-slabse-razmere-na-cestah\/","url":"https:\/\/hudo.com\/si\/aktualno\/zaradi-snezenja-slabse-razmere-na-cestah\/","name":"Zaradi sne\u017eenja slab\u0161e razmere na cestah - Hudo Slovenija","isPartOf":{"@id":"https:\/\/hudo.com\/si\/#website"},"datePublished":"2017-11-29T06:12:00+00:00","dateModified":"2017-11-29T06:12:00+00:00","breadcrumb":{"@id":"https:\/\/hudo.com\/si\/aktualno\/zaradi-snezenja-slabse-razmere-na-cestah\/#breadcrumb"},"inLanguage":"sl-SI","potentialAction":[{"@type":"ReadAction","target":["https:\/\/hudo.com\/si\/aktualno\/zaradi-snezenja-slabse-razmere-na-cestah\/"]}]},{"@type":"BreadcrumbList","@id":"https:\/\/hudo.com\/si\/aktualno\/zaradi-snezenja-slabse-razmere-na-cestah\/#breadcrumb","itemListElement":[{"@type":"ListItem","position":1,"name":"Home","item":"https:\/\/hudo.com\/si\/"},{"@type":"ListItem","position":2,"name":"Zaradi sne\u017eenja slab\u0161e razmere na cestah"}]},{"@type":"WebSite","@id":"https:\/\/hudo.com\/si\/#website","url":"https:\/\/hudo.com\/si\/","name":"Hudo Slovenija","description":"Vse novice iz Slovenije in sveta","publisher":{"@id":"https:\/\/hudo.com\/si\/#organization"},"potentialAction":[{"@type":"SearchAction","target":{"@type":"EntryPoint","urlTemplate":"https:\/\/hudo.com\/si\/?s={search_term_string}"},"query-input":"required name=search_term_string"}],"inLanguage":"sl-SI"},{"@type":"Organization","@id":"https:\/\/hudo.com\/si\/#organization","name":"VSN Media","url":"https:\/\/hudo.com\/si\/","logo":{"@type":"ImageObject","inLanguage":"sl-SI","@id":"https:\/\/hudo.com\/si\/#\/schema\/logo\/image\/","url":"https:\/\/hudo.com\/si\/wp-content\/uploads\/sites\/2\/2021\/03\/hudo-app-2.png","contentUrl":"https:\/\/hudo.com\/si\/wp-content\/uploads\/sites\/2\/2021\/03\/hudo-app-2.png","width":2185,"height":2167,"caption":"VSN Media"},"image":{"@id":"https:\/\/hudo.com\/si\/#\/schema\/logo\/image\/"},"sameAs":["https:\/\/www.facebook.com\/hudo.si","https:\/\/twitter.com\/hudo_si"]},{"@type":"Person","@id":"https:\/\/hudo.com\/si\/#\/schema\/person\/601cf3379633985b20f7e50f2bb47707","name":"hudo","image":{"@type":"ImageObject","inLanguage":"sl-SI","@id":"https:\/\/hudo.com\/si\/#\/schema\/person\/image\/","url":"https:\/\/secure.gravatar.com\/avatar\/c4ca25fa72cace7a696b52ff5db9e095?s=96&d=mm&r=g","contentUrl":"https:\/\/secure.gravatar.com\/avatar\/c4ca25fa72cace7a696b52ff5db9e095?s=96&d=mm&r=g","caption":"hudo"},"url":"https:\/\/hudo.com\/si\/author\/hudo\/"}]}},"amp_enabled":true,"_links":{"self":[{"href":"https:\/\/hudo.com\/si\/wp-json\/wp\/v2\/posts\/327345"}],"collection":[{"href":"https:\/\/hudo.com\/si\/wp-json\/wp\/v2\/posts"}],"about":[{"href":"https:\/\/hudo.com\/si\/wp-json\/wp\/v2\/types\/post"}],"author":[{"embeddable":true,"href":"https:\/\/hudo.com\/si\/wp-json\/wp\/v2\/users\/1"}],"replies":[{"embeddable":true,"href":"https:\/\/hudo.com\/si\/wp-json\/wp\/v2\/comments?post=327345"}],"version-history":[{"count":0,"href":"https:\/\/hudo.com\/si\/wp-json\/wp\/v2\/posts\/327345\/revisions"}],"wp:attachment":[{"href":"https:\/\/hudo.com\/si\/wp-json\/wp\/v2\/media?parent=327345"}],"wp:term":[{"taxonomy":"category","embeddable":true,"href":"https:\/\/hudo.com\/si\/wp-json\/wp\/v2\/categories?post=327345"},{"taxonomy":"post_tag","embeddable":true,"href":"https:\/\/hudo.com\/si\/wp-json\/wp\/v2\/tags?post=327345"},{"taxonomy":"source","embeddable":true,"href":"https:\/\/hudo.com\/si\/wp-json\/wp\/v2\/source?post=327345"},{"taxonomy":"supertag","embeddable":true,"href":"https:\/\/hudo.com\/si\/wp-json\/wp\/v2\/supertag?post=327345"}],"curies":[{"name":"wp","href":"https:\/\/api.w.org\/{rel}","templated":true}]}}