{"id":327347,"date":"2017-11-29T07:00:00","date_gmt":"2017-11-29T06:00:00","guid":{"rendered":"http:\/\/hudo.com\/si\/2017\/11\/29\/vlaganje-v-mlade-je-kljuc-za-omejitev-migracij\/"},"modified":"2017-11-29T07:00:00","modified_gmt":"2017-11-29T06:00:00","slug":"vlaganje-v-mlade-je-kljuc-za-omejitev-migracij","status":"publish","type":"post","link":"https:\/\/hudo.com\/si\/aktualno\/vlaganje-v-mlade-je-kljuc-za-omejitev-migracij\/","title":{"rendered":"Vlaganje v mlade je klju\u010d za omejitev migracij"},"content":{"rendered":"<p>Kategorija: Globalno Wed, 29 Nov 2017 08:00:00 +0100  Vrh v Abid\u017eanu bo tako z vidika EU kot afri\u0161kih dr\u017eav eden izmed najpomembnej\u0161ih politi\u010dnih dogodkov leta. Obe strani upata, da bo prelomnica v njunih odnosih, ki desetletje po sprejetju skupne strategije razvoja kli\u010dejo po spremembi. Predstavniki evropske komisije so v zadnjih dneh opisali vrh kot prilo\u017enost za krepitev vezi med EU in afri\u0161kimi dr\u017eavami ter poudarili, da imata obe strani velik interes za vzpostavitev \u0161ir\u0161ega politi\u010dnega zavezni\u0161tva na razli\u010dnih podro\u010djih. Sre\u010danje, ki se ga bo udele\u017eilo 83 voditeljev afri\u0161kih in evropskih dr\u017eav, bo sestavljeno iz \u0161tirih tematskih sklopov, ki bodo pokrivali podro\u010dja politi\u010dnega upravljanja, gospodarskega razvoja, miru in varnosti ter migracij. Osrednja tema vrha bo \u00bbvlaganje v mlade za trajnostno prihodnost\u00ab. \u00bbNo\u010demo govoriti zgolj o migracijah,\u00ab je pred vrhom poudaril neimenovani visoki predstavnik evropske komisije. Enako \u017eeljo\u00a0&#8230;<\/p>\n","protected":false},"excerpt":{"rendered":"<p>Kategorija: Globalno Wed, 29 Nov 2017 08:00:00 +0100  Vrh v Abid\u017eanu bo tako z vidika EU kot afri\u0161kih dr\u017eav eden izmed najpomembnej\u0161ih politi\u010dnih dogodkov leta. Obe strani upata, da bo prelomnica v njunih odnosih, ki desetletje po sprejetju skupne strategije razvoja kli\u010dejo po spremembi. Predstavniki evropske komisije so v zadnjih dneh opisali vrh kot prilo\u017enost za krepitev vezi med EU in afri\u0161kimi dr\u017eavami ter poudarili, da imata obe strani velik interes za vzpostavitev \u0161ir\u0161ega politi\u010dnega zavezni\u0161tva na razli\u010dnih podro\u010djih. Sre\u010danje, ki se ga bo udele\u017eilo 83 voditeljev afri\u0161kih in evropskih dr\u017eav, bo sestavljeno iz \u0161tirih tematskih sklopov, ki bodo pokrivali podro\u010dja politi\u010dnega upravljanja, gospodarskega razvoja, miru in varnosti ter migracij. Osrednja tema vrha bo \u00bbvlaganje v mlade za trajnostno prihodnost\u00ab. \u00bbNo\u010demo govoriti zgolj o migracijah,\u00ab je pred vrhom poudaril neimenovani visoki predstavnik evropske komisije. Enako \u017eeljo\u00a0&#8230;<\/p>\n","protected":false},"author":1,"featured_media":0,"comment_status":"closed","ping_status":"closed","sticky":false,"template":"","format":"standard","meta":{"footnotes":""},"categories":[1179],"tags":[],"source":[1703],"supertag":[],"acf":[],"yoast_head":"<!-- This site is optimized with the Yoast SEO plugin v21.3 - https:\/\/yoast.com\/wordpress\/plugins\/seo\/ -->\n<title>Vlaganje v mlade je klju\u010d za omejitev migracij - Hudo Slovenija<\/title>\n<meta name=\"robots\" content=\"index, follow, max-snippet:-1, max-image-preview:large, max-video-preview:-1\" \/>\n<link rel=\"canonical\" href=\"https:\/\/hudo.com\/si\/aktualno\/vlaganje-v-mlade-je-kljuc-za-omejitev-migracij\/\" \/>\n<meta property=\"og:locale\" content=\"sl_SI\" \/>\n<meta property=\"og:type\" content=\"article\" \/>\n<meta property=\"og:title\" content=\"Vlaganje v mlade je klju\u010d za omejitev migracij - Hudo Slovenija\" \/>\n<meta property=\"og:description\" content=\"Kategorija: Globalno Wed, 29 Nov 2017 08:00:00 +0100 Vrh v Abid\u017eanu bo tako z vidika EU kot afri\u0161kih dr\u017eav eden izmed najpomembnej\u0161ih politi\u010dnih dogodkov leta. Obe strani upata, da bo prelomnica v njunih odnosih, ki desetletje po sprejetju skupne strategije razvoja kli\u010dejo po spremembi. Predstavniki evropske komisije so v zadnjih dneh opisali vrh kot prilo\u017enost za krepitev vezi med EU in afri\u0161kimi dr\u017eavami ter poudarili, da imata obe strani velik interes za vzpostavitev \u0161ir\u0161ega politi\u010dnega zavezni\u0161tva na razli\u010dnih podro\u010djih. Sre\u010danje, ki se ga bo udele\u017eilo 83 voditeljev afri\u0161kih in evropskih dr\u017eav, bo sestavljeno iz \u0161tirih tematskih sklopov, ki bodo pokrivali podro\u010dja politi\u010dnega upravljanja, gospodarskega razvoja, miru in varnosti ter migracij. Osrednja tema vrha bo \u00bbvlaganje v mlade za trajnostno prihodnost\u00ab. \u00bbNo\u010demo govoriti zgolj o migracijah,\u00ab je pred vrhom poudaril neimenovani visoki predstavnik evropske komisije. Enako \u017eeljo\u00a0...\" \/>\n<meta property=\"og:url\" content=\"https:\/\/hudo.com\/si\/aktualno\/vlaganje-v-mlade-je-kljuc-za-omejitev-migracij\/\" \/>\n<meta property=\"og:site_name\" content=\"Hudo Slovenija\" \/>\n<meta property=\"article:publisher\" content=\"https:\/\/www.facebook.com\/hudo.si\" \/>\n<meta property=\"article:published_time\" content=\"2017-11-29T06:00:00+00:00\" \/>\n<meta property=\"og:image\" content=\"https:\/\/hudo.com\/si\/wp-content\/uploads\/sites\/2\/2017\/11\/480x290_AFP_Photo-20171127161127-98871700.jpeg\" \/>\n\t<meta property=\"og:image:width\" content=\"480\" \/>\n\t<meta property=\"og:image:height\" content=\"290\" \/>\n\t<meta property=\"og:image:type\" content=\"image\/jpeg\" \/>\n<meta name=\"author\" content=\"hudo\" \/>\n<meta name=\"twitter:card\" content=\"summary_large_image\" \/>\n<meta name=\"twitter:creator\" content=\"@hudo_si\" \/>\n<meta name=\"twitter:site\" content=\"@hudo_si\" \/>\n<meta name=\"twitter:label1\" content=\"Written by\" \/>\n\t<meta name=\"twitter:data1\" content=\"hudo\" \/>\n\t<meta name=\"twitter:label2\" content=\"Est. reading time\" \/>\n\t<meta name=\"twitter:data2\" content=\"1 minuta\" \/>\n<script type=\"application\/ld+json\" class=\"yoast-schema-graph\">{\"@context\":\"https:\/\/schema.org\",\"@graph\":[{\"@type\":\"Article\",\"@id\":\"https:\/\/hudo.com\/si\/aktualno\/vlaganje-v-mlade-je-kljuc-za-omejitev-migracij\/#article\",\"isPartOf\":{\"@id\":\"https:\/\/hudo.com\/si\/aktualno\/vlaganje-v-mlade-je-kljuc-za-omejitev-migracij\/\"},\"author\":{\"name\":\"hudo\",\"@id\":\"https:\/\/hudo.com\/si\/#\/schema\/person\/601cf3379633985b20f7e50f2bb47707\"},\"headline\":\"Vlaganje v mlade je klju\u010d za omejitev migracij\",\"datePublished\":\"2017-11-29T06:00:00+00:00\",\"dateModified\":\"2017-11-29T06:00:00+00:00\",\"mainEntityOfPage\":{\"@id\":\"https:\/\/hudo.com\/si\/aktualno\/vlaganje-v-mlade-je-kljuc-za-omejitev-migracij\/\"},\"wordCount\":160,\"publisher\":{\"@id\":\"https:\/\/hudo.com\/si\/#organization\"},\"articleSection\":[\"Aktualno\"],\"inLanguage\":\"sl-SI\"},{\"@type\":\"WebPage\",\"@id\":\"https:\/\/hudo.com\/si\/aktualno\/vlaganje-v-mlade-je-kljuc-za-omejitev-migracij\/\",\"url\":\"https:\/\/hudo.com\/si\/aktualno\/vlaganje-v-mlade-je-kljuc-za-omejitev-migracij\/\",\"name\":\"Vlaganje v mlade je klju\u010d za omejitev migracij - Hudo Slovenija\",\"isPartOf\":{\"@id\":\"https:\/\/hudo.com\/si\/#website\"},\"datePublished\":\"2017-11-29T06:00:00+00:00\",\"dateModified\":\"2017-11-29T06:00:00+00:00\",\"breadcrumb\":{\"@id\":\"https:\/\/hudo.com\/si\/aktualno\/vlaganje-v-mlade-je-kljuc-za-omejitev-migracij\/#breadcrumb\"},\"inLanguage\":\"sl-SI\",\"potentialAction\":[{\"@type\":\"ReadAction\",\"target\":[\"https:\/\/hudo.com\/si\/aktualno\/vlaganje-v-mlade-je-kljuc-za-omejitev-migracij\/\"]}]},{\"@type\":\"BreadcrumbList\",\"@id\":\"https:\/\/hudo.com\/si\/aktualno\/vlaganje-v-mlade-je-kljuc-za-omejitev-migracij\/#breadcrumb\",\"itemListElement\":[{\"@type\":\"ListItem\",\"position\":1,\"name\":\"Home\",\"item\":\"https:\/\/hudo.com\/si\/\"},{\"@type\":\"ListItem\",\"position\":2,\"name\":\"Vlaganje v mlade je klju\u010d za omejitev migracij\"}]},{\"@type\":\"WebSite\",\"@id\":\"https:\/\/hudo.com\/si\/#website\",\"url\":\"https:\/\/hudo.com\/si\/\",\"name\":\"Hudo Slovenija\",\"description\":\"Vse novice iz Slovenije in sveta\",\"publisher\":{\"@id\":\"https:\/\/hudo.com\/si\/#organization\"},\"potentialAction\":[{\"@type\":\"SearchAction\",\"target\":{\"@type\":\"EntryPoint\",\"urlTemplate\":\"https:\/\/hudo.com\/si\/?s={search_term_string}\"},\"query-input\":\"required name=search_term_string\"}],\"inLanguage\":\"sl-SI\"},{\"@type\":\"Organization\",\"@id\":\"https:\/\/hudo.com\/si\/#organization\",\"name\":\"VSN Media\",\"url\":\"https:\/\/hudo.com\/si\/\",\"logo\":{\"@type\":\"ImageObject\",\"inLanguage\":\"sl-SI\",\"@id\":\"https:\/\/hudo.com\/si\/#\/schema\/logo\/image\/\",\"url\":\"https:\/\/hudo.com\/si\/wp-content\/uploads\/sites\/2\/2021\/03\/hudo-app-2.png\",\"contentUrl\":\"https:\/\/hudo.com\/si\/wp-content\/uploads\/sites\/2\/2021\/03\/hudo-app-2.png\",\"width\":2185,\"height\":2167,\"caption\":\"VSN Media\"},\"image\":{\"@id\":\"https:\/\/hudo.com\/si\/#\/schema\/logo\/image\/\"},\"sameAs\":[\"https:\/\/www.facebook.com\/hudo.si\",\"https:\/\/twitter.com\/hudo_si\"]},{\"@type\":\"Person\",\"@id\":\"https:\/\/hudo.com\/si\/#\/schema\/person\/601cf3379633985b20f7e50f2bb47707\",\"name\":\"hudo\",\"image\":{\"@type\":\"ImageObject\",\"inLanguage\":\"sl-SI\",\"@id\":\"https:\/\/hudo.com\/si\/#\/schema\/person\/image\/\",\"url\":\"https:\/\/secure.gravatar.com\/avatar\/c4ca25fa72cace7a696b52ff5db9e095?s=96&d=mm&r=g\",\"contentUrl\":\"https:\/\/secure.gravatar.com\/avatar\/c4ca25fa72cace7a696b52ff5db9e095?s=96&d=mm&r=g\",\"caption\":\"hudo\"},\"url\":\"https:\/\/hudo.com\/si\/author\/hudo\/\"}]}<\/script>\n<!-- \/ Yoast SEO plugin. -->","yoast_head_json":{"title":"Vlaganje v mlade je klju\u010d za omejitev migracij - Hudo Slovenija","robots":{"index":"index","follow":"follow","max-snippet":"max-snippet:-1","max-image-preview":"max-image-preview:large","max-video-preview":"max-video-preview:-1"},"canonical":"https:\/\/hudo.com\/si\/aktualno\/vlaganje-v-mlade-je-kljuc-za-omejitev-migracij\/","og_locale":"sl_SI","og_type":"article","og_title":"Vlaganje v mlade je klju\u010d za omejitev migracij - Hudo Slovenija","og_description":"Kategorija: Globalno Wed, 29 Nov 2017 08:00:00 +0100 Vrh v Abid\u017eanu bo tako z vidika EU kot afri\u0161kih dr\u017eav eden izmed najpomembnej\u0161ih politi\u010dnih dogodkov leta. Obe strani upata, da bo prelomnica v njunih odnosih, ki desetletje po sprejetju skupne strategije razvoja kli\u010dejo po spremembi. Predstavniki evropske komisije so v zadnjih dneh opisali vrh kot prilo\u017enost za krepitev vezi med EU in afri\u0161kimi dr\u017eavami ter poudarili, da imata obe strani velik interes za vzpostavitev \u0161ir\u0161ega politi\u010dnega zavezni\u0161tva na razli\u010dnih podro\u010djih. Sre\u010danje, ki se ga bo udele\u017eilo 83 voditeljev afri\u0161kih in evropskih dr\u017eav, bo sestavljeno iz \u0161tirih tematskih sklopov, ki bodo pokrivali podro\u010dja politi\u010dnega upravljanja, gospodarskega razvoja, miru in varnosti ter migracij. Osrednja tema vrha bo \u00bbvlaganje v mlade za trajnostno prihodnost\u00ab. \u00bbNo\u010demo govoriti zgolj o migracijah,\u00ab je pred vrhom poudaril neimenovani visoki predstavnik evropske komisije. Enako \u017eeljo\u00a0...","og_url":"https:\/\/hudo.com\/si\/aktualno\/vlaganje-v-mlade-je-kljuc-za-omejitev-migracij\/","og_site_name":"Hudo Slovenija","article_publisher":"https:\/\/www.facebook.com\/hudo.si","article_published_time":"2017-11-29T06:00:00+00:00","og_image":[{"width":480,"height":290,"url":"https:\/\/hudo.com\/si\/wp-content\/uploads\/sites\/2\/2017\/11\/480x290_AFP_Photo-20171127161127-98871700.jpeg","type":"image\/jpeg"}],"author":"hudo","twitter_card":"summary_large_image","twitter_creator":"@hudo_si","twitter_site":"@hudo_si","twitter_misc":{"Written by":"hudo","Est. reading time":"1 minuta"},"schema":{"@context":"https:\/\/schema.org","@graph":[{"@type":"Article","@id":"https:\/\/hudo.com\/si\/aktualno\/vlaganje-v-mlade-je-kljuc-za-omejitev-migracij\/#article","isPartOf":{"@id":"https:\/\/hudo.com\/si\/aktualno\/vlaganje-v-mlade-je-kljuc-za-omejitev-migracij\/"},"author":{"name":"hudo","@id":"https:\/\/hudo.com\/si\/#\/schema\/person\/601cf3379633985b20f7e50f2bb47707"},"headline":"Vlaganje v mlade je klju\u010d za omejitev migracij","datePublished":"2017-11-29T06:00:00+00:00","dateModified":"2017-11-29T06:00:00+00:00","mainEntityOfPage":{"@id":"https:\/\/hudo.com\/si\/aktualno\/vlaganje-v-mlade-je-kljuc-za-omejitev-migracij\/"},"wordCount":160,"publisher":{"@id":"https:\/\/hudo.com\/si\/#organization"},"articleSection":["Aktualno"],"inLanguage":"sl-SI"},{"@type":"WebPage","@id":"https:\/\/hudo.com\/si\/aktualno\/vlaganje-v-mlade-je-kljuc-za-omejitev-migracij\/","url":"https:\/\/hudo.com\/si\/aktualno\/vlaganje-v-mlade-je-kljuc-za-omejitev-migracij\/","name":"Vlaganje v mlade je klju\u010d za omejitev migracij - Hudo Slovenija","isPartOf":{"@id":"https:\/\/hudo.com\/si\/#website"},"datePublished":"2017-11-29T06:00:00+00:00","dateModified":"2017-11-29T06:00:00+00:00","breadcrumb":{"@id":"https:\/\/hudo.com\/si\/aktualno\/vlaganje-v-mlade-je-kljuc-za-omejitev-migracij\/#breadcrumb"},"inLanguage":"sl-SI","potentialAction":[{"@type":"ReadAction","target":["https:\/\/hudo.com\/si\/aktualno\/vlaganje-v-mlade-je-kljuc-za-omejitev-migracij\/"]}]},{"@type":"BreadcrumbList","@id":"https:\/\/hudo.com\/si\/aktualno\/vlaganje-v-mlade-je-kljuc-za-omejitev-migracij\/#breadcrumb","itemListElement":[{"@type":"ListItem","position":1,"name":"Home","item":"https:\/\/hudo.com\/si\/"},{"@type":"ListItem","position":2,"name":"Vlaganje v mlade je klju\u010d za omejitev migracij"}]},{"@type":"WebSite","@id":"https:\/\/hudo.com\/si\/#website","url":"https:\/\/hudo.com\/si\/","name":"Hudo Slovenija","description":"Vse novice iz Slovenije in sveta","publisher":{"@id":"https:\/\/hudo.com\/si\/#organization"},"potentialAction":[{"@type":"SearchAction","target":{"@type":"EntryPoint","urlTemplate":"https:\/\/hudo.com\/si\/?s={search_term_string}"},"query-input":"required name=search_term_string"}],"inLanguage":"sl-SI"},{"@type":"Organization","@id":"https:\/\/hudo.com\/si\/#organization","name":"VSN Media","url":"https:\/\/hudo.com\/si\/","logo":{"@type":"ImageObject","inLanguage":"sl-SI","@id":"https:\/\/hudo.com\/si\/#\/schema\/logo\/image\/","url":"https:\/\/hudo.com\/si\/wp-content\/uploads\/sites\/2\/2021\/03\/hudo-app-2.png","contentUrl":"https:\/\/hudo.com\/si\/wp-content\/uploads\/sites\/2\/2021\/03\/hudo-app-2.png","width":2185,"height":2167,"caption":"VSN Media"},"image":{"@id":"https:\/\/hudo.com\/si\/#\/schema\/logo\/image\/"},"sameAs":["https:\/\/www.facebook.com\/hudo.si","https:\/\/twitter.com\/hudo_si"]},{"@type":"Person","@id":"https:\/\/hudo.com\/si\/#\/schema\/person\/601cf3379633985b20f7e50f2bb47707","name":"hudo","image":{"@type":"ImageObject","inLanguage":"sl-SI","@id":"https:\/\/hudo.com\/si\/#\/schema\/person\/image\/","url":"https:\/\/secure.gravatar.com\/avatar\/c4ca25fa72cace7a696b52ff5db9e095?s=96&d=mm&r=g","contentUrl":"https:\/\/secure.gravatar.com\/avatar\/c4ca25fa72cace7a696b52ff5db9e095?s=96&d=mm&r=g","caption":"hudo"},"url":"https:\/\/hudo.com\/si\/author\/hudo\/"}]}},"amp_enabled":true,"_links":{"self":[{"href":"https:\/\/hudo.com\/si\/wp-json\/wp\/v2\/posts\/327347"}],"collection":[{"href":"https:\/\/hudo.com\/si\/wp-json\/wp\/v2\/posts"}],"about":[{"href":"https:\/\/hudo.com\/si\/wp-json\/wp\/v2\/types\/post"}],"author":[{"embeddable":true,"href":"https:\/\/hudo.com\/si\/wp-json\/wp\/v2\/users\/1"}],"replies":[{"embeddable":true,"href":"https:\/\/hudo.com\/si\/wp-json\/wp\/v2\/comments?post=327347"}],"version-history":[{"count":0,"href":"https:\/\/hudo.com\/si\/wp-json\/wp\/v2\/posts\/327347\/revisions"}],"wp:attachment":[{"href":"https:\/\/hudo.com\/si\/wp-json\/wp\/v2\/media?parent=327347"}],"wp:term":[{"taxonomy":"category","embeddable":true,"href":"https:\/\/hudo.com\/si\/wp-json\/wp\/v2\/categories?post=327347"},{"taxonomy":"post_tag","embeddable":true,"href":"https:\/\/hudo.com\/si\/wp-json\/wp\/v2\/tags?post=327347"},{"taxonomy":"source","embeddable":true,"href":"https:\/\/hudo.com\/si\/wp-json\/wp\/v2\/source?post=327347"},{"taxonomy":"supertag","embeddable":true,"href":"https:\/\/hudo.com\/si\/wp-json\/wp\/v2\/supertag?post=327347"}],"curies":[{"name":"wp","href":"https:\/\/api.w.org\/{rel}","templated":true}]}}