{"id":32737,"date":"2016-04-18T13:45:00","date_gmt":"2016-04-18T11:45:00","guid":{"rendered":"http:\/\/hudo.com\/si\/2016\/04\/18\/bruselj-pozdravlja-renzijevo-pobudo-o-migracijah\/"},"modified":"2016-04-19T11:46:16","modified_gmt":"2016-04-19T09:46:16","slug":"bruselj-pozdravlja-renzijevo-pobudo-o-migracijah","status":"publish","type":"post","link":"https:\/\/hudo.com\/si\/aktualno\/bruselj-pozdravlja-renzijevo-pobudo-o-migracijah\/","title":{"rendered":"Bruselj pozdravlja Renzijevo pobudo o migracijah"},"content":{"rendered":"<p>Italijanski premier Matteo Renzi je v pismu predsedniku Evropske komisije Jean-Claudu Junckerju predstavil na\u010drt za zajezitev migracijskih tokov v Evropo v sodelovanju z afri\u0161kimi dr\u017eavami. V Bruslju so Renzijevo pobudo o migracijah pozdravili in pri tem izpostavili skupen evropski pristop pri upravljanju migracijskih tokov. Renzi je pismu, ki ga je v petek poslal Junckerju in predsedniku Evropskega sveta Donaldu Tusku, po poro\u010danju italijanskih medijev prilo\u017eil na\u010drt za okrepitev sodelovanja z dr\u017eavami v Afriki s ciljem zajeziti tok migrantov in izbolj\u0161ati varovanje meja. Na\u010drt med drugim predvideva sklenitev sporazumov o vra\u010danju nezakonitih migrantov iz EU kot tudi vrsto drugih ukrepov, povezanih z u\u010dinkovitim nadzorom meja in bojem proti tihotapljenju ljudi. Na\u010drt, imenovan Migration Compact, vklju\u010duje tudi zamisel o izdaji skupnih evropskih obveznic, tako imenovanih migracijskih obveznic za financiranje upravljanja migracij v dr\u017eavah \u010dlanicah kot tudi za financiranje ciljev unije na podro\u010dju migracij. Upravljanje migracijskih tokov ni ve\u010d vzdr\u017eno brez ciljnega in okrepljenega sodelovanja z dr\u017eavami izvora in tranzita, je opozoril Renzi. Na Renzijevo pobudo so se danes odzvali tudi pri Evropski komisiji, kjer so Renzijev na\u010drt pozdravili. &#8220;Tako kot Italija je tudi Evropska komisija prepri\u010dana, da samo mo\u010dan evropski pristop v sedanji begunski krizi lahko pomaga urejeno upravljati migracijske tokove,&#8221; je v Bruslju dejal govorec Evropske komisije Margaritis Schinas. EU mora upravljati svoje zunanje meje skupaj, pri \u010demer mora nuditi za\u0161\u010dito beguncem, omogo\u010diti zakonite poti za migrante, ki \u017eelijo v Evropo, in ohraniti notranje meje EU odprte. Zamisli o obveznicah pri komisiji sicer niso \u017eeleli komentirati. &#8220;Komisija je vselej podpirala idejo, da ko je govora o financiranju migracij, je treba biti kreativen,&#8221; je odgovoril Schinas na novinarsko vpra\u0161anje. Renzijev na\u010drt je pozdravil tudi Tusk. Kot je zapisal na Twitterju, se strinja s tem, da bi v EU kot tudi v okvi<\/p>\n","protected":false},"excerpt":{"rendered":"<p>Italijanski premier Matteo Renzi je v pismu predsedniku Evropske komisije Jean-Claudu Junckerju predstavil na\u010drt za zajezitev migracijskih tokov v Evropo v sodelovanju z afri\u0161kimi dr\u017eavami. V Bruslju so Renzijevo pobudo o migracijah pozdravili in pri tem izpostavili skupen evropski pristop pri upravljanju migracijskih tokov. Renzi je pismu, ki ga je v petek poslal Junckerju in predsedniku Evropskega sveta Donaldu Tusku, po poro\u010danju italijanskih medijev prilo\u017eil na\u010drt za okrepitev sodelovanja z dr\u017eavami v Afriki s ciljem zajeziti tok migrantov in izbolj\u0161ati varovanje meja. Na\u010drt med drugim predvideva sklenitev sporazumov o vra\u010danju nezakonitih migrantov iz EU kot tudi vrsto drugih ukrepov, povezanih z u\u010dinkovitim nadzorom meja in bojem proti tihotapljenju ljudi. Na\u010drt, imenovan Migration Compact, vklju\u010duje tudi zamisel o izdaji skupnih evropskih obveznic, tako imenovanih migracijskih obveznic za financiranje upravljanja migracij v dr\u017eavah \u010dlanicah kot tudi za financiranje ciljev unije na podro\u010dju migracij. Upravljanje migracijskih tokov ni ve\u010d vzdr\u017eno brez ciljnega in okrepljenega sodelovanja z dr\u017eavami izvora in tranzita, je opozoril Renzi. Na Renzijevo pobudo so se danes odzvali tudi pri Evropski komisiji, kjer so Renzijev na\u010drt pozdravili. &#8220;Tako kot Italija je tudi Evropska komisija prepri\u010dana, da samo mo\u010dan evropski pristop v sedanji begunski krizi lahko pomaga urejeno upravljati migracijske tokove,&#8221; je v Bruslju dejal govorec Evropske komisije Margaritis Schinas. EU mora upravljati svoje zunanje meje skupaj, pri \u010demer mora nuditi za\u0161\u010dito beguncem, omogo\u010diti zakonite poti za migrante, ki \u017eelijo v Evropo, in ohraniti notranje meje EU odprte. Zamisli o obveznicah pri komisiji sicer niso \u017eeleli komentirati. &#8220;Komisija je vselej podpirala idejo, da ko je govora o financiranju migracij, je treba biti kreativen,&#8221; je odgovoril Schinas na novinarsko vpra\u0161anje. Renzijev na\u010drt je pozdravil tudi Tusk. Kot je zapisal na Twitterju, se strinja s tem, da bi v EU kot tudi v okvi<\/p>\n","protected":false},"author":1,"featured_media":0,"comment_status":"closed","ping_status":"closed","sticky":false,"template":"","format":"standard","meta":{"footnotes":""},"categories":[1179],"tags":[],"source":[1711],"supertag":[],"acf":[],"yoast_head":"<!-- This site is optimized with the Yoast SEO plugin v21.3 - https:\/\/yoast.com\/wordpress\/plugins\/seo\/ -->\n<title>Bruselj pozdravlja Renzijevo pobudo o migracijah - Hudo Slovenija<\/title>\n<meta name=\"robots\" content=\"index, follow, max-snippet:-1, max-image-preview:large, max-video-preview:-1\" \/>\n<link rel=\"canonical\" href=\"https:\/\/hudo.com\/si\/aktualno\/bruselj-pozdravlja-renzijevo-pobudo-o-migracijah\/\" \/>\n<meta property=\"og:locale\" content=\"sl_SI\" \/>\n<meta property=\"og:type\" content=\"article\" \/>\n<meta property=\"og:title\" content=\"Bruselj pozdravlja Renzijevo pobudo o migracijah - Hudo Slovenija\" \/>\n<meta property=\"og:description\" content=\"Italijanski premier Matteo Renzi je v pismu predsedniku Evropske komisije Jean-Claudu Junckerju predstavil na\u010drt za zajezitev migracijskih tokov v Evropo v sodelovanju z afri\u0161kimi dr\u017eavami. V Bruslju so Renzijevo pobudo o migracijah pozdravili in pri tem izpostavili skupen evropski pristop pri upravljanju migracijskih tokov. Renzi je pismu, ki ga je v petek poslal Junckerju in predsedniku Evropskega sveta Donaldu Tusku, po poro\u010danju italijanskih medijev prilo\u017eil na\u010drt za okrepitev sodelovanja z dr\u017eavami v Afriki s ciljem zajeziti tok migrantov in izbolj\u0161ati varovanje meja. Na\u010drt med drugim predvideva sklenitev sporazumov o vra\u010danju nezakonitih migrantov iz EU kot tudi vrsto drugih ukrepov, povezanih z u\u010dinkovitim nadzorom meja in bojem proti tihotapljenju ljudi. Na\u010drt, imenovan Migration Compact, vklju\u010duje tudi zamisel o izdaji skupnih evropskih obveznic, tako imenovanih migracijskih obveznic za financiranje upravljanja migracij v dr\u017eavah \u010dlanicah kot tudi za financiranje ciljev unije na podro\u010dju migracij. Upravljanje migracijskih tokov ni ve\u010d vzdr\u017eno brez ciljnega in okrepljenega sodelovanja z dr\u017eavami izvora in tranzita, je opozoril Renzi. Na Renzijevo pobudo so se danes odzvali tudi pri Evropski komisiji, kjer so Renzijev na\u010drt pozdravili. &quot;Tako kot Italija je tudi Evropska komisija prepri\u010dana, da samo mo\u010dan evropski pristop v sedanji begunski krizi lahko pomaga urejeno upravljati migracijske tokove,&quot; je v Bruslju dejal govorec Evropske komisije Margaritis Schinas. EU mora upravljati svoje zunanje meje skupaj, pri \u010demer mora nuditi za\u0161\u010dito beguncem, omogo\u010diti zakonite poti za migrante, ki \u017eelijo v Evropo, in ohraniti notranje meje EU odprte. Zamisli o obveznicah pri komisiji sicer niso \u017eeleli komentirati. &quot;Komisija je vselej podpirala idejo, da ko je govora o financiranju migracij, je treba biti kreativen,&quot; je odgovoril Schinas na novinarsko vpra\u0161anje. Renzijev na\u010drt je pozdravil tudi Tusk. Kot je zapisal na Twitterju, se strinja s tem, da bi v EU kot tudi v okvi\" \/>\n<meta property=\"og:url\" content=\"https:\/\/hudo.com\/si\/aktualno\/bruselj-pozdravlja-renzijevo-pobudo-o-migracijah\/\" \/>\n<meta property=\"og:site_name\" content=\"Hudo Slovenija\" \/>\n<meta property=\"article:publisher\" content=\"https:\/\/www.facebook.com\/hudo.si\" \/>\n<meta property=\"article:published_time\" content=\"2016-04-18T11:45:00+00:00\" \/>\n<meta property=\"article:modified_time\" content=\"2016-04-19T09:46:16+00:00\" \/>\n<meta property=\"og:image\" content=\"https:\/\/hudo.com\/si\/wp-content\/uploads\/sites\/2\/2016\/04\/05265406-300.jpg\" \/>\n\t<meta property=\"og:image:width\" content=\"450\" \/>\n\t<meta property=\"og:image:height\" content=\"278\" \/>\n\t<meta property=\"og:image:type\" content=\"image\/jpeg\" \/>\n<meta name=\"author\" content=\"hudo\" \/>\n<meta name=\"twitter:card\" content=\"summary_large_image\" \/>\n<meta name=\"twitter:creator\" content=\"@hudo_si\" \/>\n<meta name=\"twitter:site\" content=\"@hudo_si\" \/>\n<meta name=\"twitter:label1\" content=\"Written by\" \/>\n\t<meta name=\"twitter:data1\" content=\"hudo\" \/>\n\t<meta name=\"twitter:label2\" content=\"Est. reading time\" \/>\n\t<meta name=\"twitter:data2\" content=\"2 minuti\" \/>\n<script type=\"application\/ld+json\" class=\"yoast-schema-graph\">{\"@context\":\"https:\/\/schema.org\",\"@graph\":[{\"@type\":\"Article\",\"@id\":\"https:\/\/hudo.com\/si\/aktualno\/bruselj-pozdravlja-renzijevo-pobudo-o-migracijah\/#article\",\"isPartOf\":{\"@id\":\"https:\/\/hudo.com\/si\/aktualno\/bruselj-pozdravlja-renzijevo-pobudo-o-migracijah\/\"},\"author\":{\"name\":\"hudo\",\"@id\":\"https:\/\/hudo.com\/si\/#\/schema\/person\/601cf3379633985b20f7e50f2bb47707\"},\"headline\":\"Bruselj pozdravlja Renzijevo pobudo o migracijah\",\"datePublished\":\"2016-04-18T11:45:00+00:00\",\"dateModified\":\"2016-04-19T09:46:16+00:00\",\"mainEntityOfPage\":{\"@id\":\"https:\/\/hudo.com\/si\/aktualno\/bruselj-pozdravlja-renzijevo-pobudo-o-migracijah\/\"},\"wordCount\":320,\"publisher\":{\"@id\":\"https:\/\/hudo.com\/si\/#organization\"},\"articleSection\":[\"Aktualno\"],\"inLanguage\":\"sl-SI\"},{\"@type\":\"WebPage\",\"@id\":\"https:\/\/hudo.com\/si\/aktualno\/bruselj-pozdravlja-renzijevo-pobudo-o-migracijah\/\",\"url\":\"https:\/\/hudo.com\/si\/aktualno\/bruselj-pozdravlja-renzijevo-pobudo-o-migracijah\/\",\"name\":\"Bruselj pozdravlja Renzijevo pobudo o migracijah - Hudo Slovenija\",\"isPartOf\":{\"@id\":\"https:\/\/hudo.com\/si\/#website\"},\"datePublished\":\"2016-04-18T11:45:00+00:00\",\"dateModified\":\"2016-04-19T09:46:16+00:00\",\"breadcrumb\":{\"@id\":\"https:\/\/hudo.com\/si\/aktualno\/bruselj-pozdravlja-renzijevo-pobudo-o-migracijah\/#breadcrumb\"},\"inLanguage\":\"sl-SI\",\"potentialAction\":[{\"@type\":\"ReadAction\",\"target\":[\"https:\/\/hudo.com\/si\/aktualno\/bruselj-pozdravlja-renzijevo-pobudo-o-migracijah\/\"]}]},{\"@type\":\"BreadcrumbList\",\"@id\":\"https:\/\/hudo.com\/si\/aktualno\/bruselj-pozdravlja-renzijevo-pobudo-o-migracijah\/#breadcrumb\",\"itemListElement\":[{\"@type\":\"ListItem\",\"position\":1,\"name\":\"Home\",\"item\":\"https:\/\/hudo.com\/si\/\"},{\"@type\":\"ListItem\",\"position\":2,\"name\":\"Bruselj pozdravlja Renzijevo pobudo o migracijah\"}]},{\"@type\":\"WebSite\",\"@id\":\"https:\/\/hudo.com\/si\/#website\",\"url\":\"https:\/\/hudo.com\/si\/\",\"name\":\"Hudo Slovenija\",\"description\":\"Vse novice iz Slovenije in sveta\",\"publisher\":{\"@id\":\"https:\/\/hudo.com\/si\/#organization\"},\"potentialAction\":[{\"@type\":\"SearchAction\",\"target\":{\"@type\":\"EntryPoint\",\"urlTemplate\":\"https:\/\/hudo.com\/si\/?s={search_term_string}\"},\"query-input\":\"required name=search_term_string\"}],\"inLanguage\":\"sl-SI\"},{\"@type\":\"Organization\",\"@id\":\"https:\/\/hudo.com\/si\/#organization\",\"name\":\"VSN Media\",\"url\":\"https:\/\/hudo.com\/si\/\",\"logo\":{\"@type\":\"ImageObject\",\"inLanguage\":\"sl-SI\",\"@id\":\"https:\/\/hudo.com\/si\/#\/schema\/logo\/image\/\",\"url\":\"https:\/\/hudo.com\/si\/wp-content\/uploads\/sites\/2\/2021\/03\/hudo-app-2.png\",\"contentUrl\":\"https:\/\/hudo.com\/si\/wp-content\/uploads\/sites\/2\/2021\/03\/hudo-app-2.png\",\"width\":2185,\"height\":2167,\"caption\":\"VSN Media\"},\"image\":{\"@id\":\"https:\/\/hudo.com\/si\/#\/schema\/logo\/image\/\"},\"sameAs\":[\"https:\/\/www.facebook.com\/hudo.si\",\"https:\/\/twitter.com\/hudo_si\"]},{\"@type\":\"Person\",\"@id\":\"https:\/\/hudo.com\/si\/#\/schema\/person\/601cf3379633985b20f7e50f2bb47707\",\"name\":\"hudo\",\"image\":{\"@type\":\"ImageObject\",\"inLanguage\":\"sl-SI\",\"@id\":\"https:\/\/hudo.com\/si\/#\/schema\/person\/image\/\",\"url\":\"https:\/\/secure.gravatar.com\/avatar\/c4ca25fa72cace7a696b52ff5db9e095?s=96&d=mm&r=g\",\"contentUrl\":\"https:\/\/secure.gravatar.com\/avatar\/c4ca25fa72cace7a696b52ff5db9e095?s=96&d=mm&r=g\",\"caption\":\"hudo\"},\"url\":\"https:\/\/hudo.com\/si\/author\/hudo\/\"}]}<\/script>\n<!-- \/ Yoast SEO plugin. -->","yoast_head_json":{"title":"Bruselj pozdravlja Renzijevo pobudo o migracijah - Hudo Slovenija","robots":{"index":"index","follow":"follow","max-snippet":"max-snippet:-1","max-image-preview":"max-image-preview:large","max-video-preview":"max-video-preview:-1"},"canonical":"https:\/\/hudo.com\/si\/aktualno\/bruselj-pozdravlja-renzijevo-pobudo-o-migracijah\/","og_locale":"sl_SI","og_type":"article","og_title":"Bruselj pozdravlja Renzijevo pobudo o migracijah - Hudo Slovenija","og_description":"Italijanski premier Matteo Renzi je v pismu predsedniku Evropske komisije Jean-Claudu Junckerju predstavil na\u010drt za zajezitev migracijskih tokov v Evropo v sodelovanju z afri\u0161kimi dr\u017eavami. V Bruslju so Renzijevo pobudo o migracijah pozdravili in pri tem izpostavili skupen evropski pristop pri upravljanju migracijskih tokov. Renzi je pismu, ki ga je v petek poslal Junckerju in predsedniku Evropskega sveta Donaldu Tusku, po poro\u010danju italijanskih medijev prilo\u017eil na\u010drt za okrepitev sodelovanja z dr\u017eavami v Afriki s ciljem zajeziti tok migrantov in izbolj\u0161ati varovanje meja. Na\u010drt med drugim predvideva sklenitev sporazumov o vra\u010danju nezakonitih migrantov iz EU kot tudi vrsto drugih ukrepov, povezanih z u\u010dinkovitim nadzorom meja in bojem proti tihotapljenju ljudi. Na\u010drt, imenovan Migration Compact, vklju\u010duje tudi zamisel o izdaji skupnih evropskih obveznic, tako imenovanih migracijskih obveznic za financiranje upravljanja migracij v dr\u017eavah \u010dlanicah kot tudi za financiranje ciljev unije na podro\u010dju migracij. Upravljanje migracijskih tokov ni ve\u010d vzdr\u017eno brez ciljnega in okrepljenega sodelovanja z dr\u017eavami izvora in tranzita, je opozoril Renzi. Na Renzijevo pobudo so se danes odzvali tudi pri Evropski komisiji, kjer so Renzijev na\u010drt pozdravili. \"Tako kot Italija je tudi Evropska komisija prepri\u010dana, da samo mo\u010dan evropski pristop v sedanji begunski krizi lahko pomaga urejeno upravljati migracijske tokove,\" je v Bruslju dejal govorec Evropske komisije Margaritis Schinas. EU mora upravljati svoje zunanje meje skupaj, pri \u010demer mora nuditi za\u0161\u010dito beguncem, omogo\u010diti zakonite poti za migrante, ki \u017eelijo v Evropo, in ohraniti notranje meje EU odprte. Zamisli o obveznicah pri komisiji sicer niso \u017eeleli komentirati. \"Komisija je vselej podpirala idejo, da ko je govora o financiranju migracij, je treba biti kreativen,\" je odgovoril Schinas na novinarsko vpra\u0161anje. Renzijev na\u010drt je pozdravil tudi Tusk. Kot je zapisal na Twitterju, se strinja s tem, da bi v EU kot tudi v okvi","og_url":"https:\/\/hudo.com\/si\/aktualno\/bruselj-pozdravlja-renzijevo-pobudo-o-migracijah\/","og_site_name":"Hudo Slovenija","article_publisher":"https:\/\/www.facebook.com\/hudo.si","article_published_time":"2016-04-18T11:45:00+00:00","article_modified_time":"2016-04-19T09:46:16+00:00","og_image":[{"width":450,"height":278,"url":"https:\/\/hudo.com\/si\/wp-content\/uploads\/sites\/2\/2016\/04\/05265406-300.jpg","type":"image\/jpeg"}],"author":"hudo","twitter_card":"summary_large_image","twitter_creator":"@hudo_si","twitter_site":"@hudo_si","twitter_misc":{"Written by":"hudo","Est. reading time":"2 minuti"},"schema":{"@context":"https:\/\/schema.org","@graph":[{"@type":"Article","@id":"https:\/\/hudo.com\/si\/aktualno\/bruselj-pozdravlja-renzijevo-pobudo-o-migracijah\/#article","isPartOf":{"@id":"https:\/\/hudo.com\/si\/aktualno\/bruselj-pozdravlja-renzijevo-pobudo-o-migracijah\/"},"author":{"name":"hudo","@id":"https:\/\/hudo.com\/si\/#\/schema\/person\/601cf3379633985b20f7e50f2bb47707"},"headline":"Bruselj pozdravlja Renzijevo pobudo o migracijah","datePublished":"2016-04-18T11:45:00+00:00","dateModified":"2016-04-19T09:46:16+00:00","mainEntityOfPage":{"@id":"https:\/\/hudo.com\/si\/aktualno\/bruselj-pozdravlja-renzijevo-pobudo-o-migracijah\/"},"wordCount":320,"publisher":{"@id":"https:\/\/hudo.com\/si\/#organization"},"articleSection":["Aktualno"],"inLanguage":"sl-SI"},{"@type":"WebPage","@id":"https:\/\/hudo.com\/si\/aktualno\/bruselj-pozdravlja-renzijevo-pobudo-o-migracijah\/","url":"https:\/\/hudo.com\/si\/aktualno\/bruselj-pozdravlja-renzijevo-pobudo-o-migracijah\/","name":"Bruselj pozdravlja Renzijevo pobudo o migracijah - Hudo Slovenija","isPartOf":{"@id":"https:\/\/hudo.com\/si\/#website"},"datePublished":"2016-04-18T11:45:00+00:00","dateModified":"2016-04-19T09:46:16+00:00","breadcrumb":{"@id":"https:\/\/hudo.com\/si\/aktualno\/bruselj-pozdravlja-renzijevo-pobudo-o-migracijah\/#breadcrumb"},"inLanguage":"sl-SI","potentialAction":[{"@type":"ReadAction","target":["https:\/\/hudo.com\/si\/aktualno\/bruselj-pozdravlja-renzijevo-pobudo-o-migracijah\/"]}]},{"@type":"BreadcrumbList","@id":"https:\/\/hudo.com\/si\/aktualno\/bruselj-pozdravlja-renzijevo-pobudo-o-migracijah\/#breadcrumb","itemListElement":[{"@type":"ListItem","position":1,"name":"Home","item":"https:\/\/hudo.com\/si\/"},{"@type":"ListItem","position":2,"name":"Bruselj pozdravlja Renzijevo pobudo o migracijah"}]},{"@type":"WebSite","@id":"https:\/\/hudo.com\/si\/#website","url":"https:\/\/hudo.com\/si\/","name":"Hudo Slovenija","description":"Vse novice iz Slovenije in sveta","publisher":{"@id":"https:\/\/hudo.com\/si\/#organization"},"potentialAction":[{"@type":"SearchAction","target":{"@type":"EntryPoint","urlTemplate":"https:\/\/hudo.com\/si\/?s={search_term_string}"},"query-input":"required name=search_term_string"}],"inLanguage":"sl-SI"},{"@type":"Organization","@id":"https:\/\/hudo.com\/si\/#organization","name":"VSN Media","url":"https:\/\/hudo.com\/si\/","logo":{"@type":"ImageObject","inLanguage":"sl-SI","@id":"https:\/\/hudo.com\/si\/#\/schema\/logo\/image\/","url":"https:\/\/hudo.com\/si\/wp-content\/uploads\/sites\/2\/2021\/03\/hudo-app-2.png","contentUrl":"https:\/\/hudo.com\/si\/wp-content\/uploads\/sites\/2\/2021\/03\/hudo-app-2.png","width":2185,"height":2167,"caption":"VSN Media"},"image":{"@id":"https:\/\/hudo.com\/si\/#\/schema\/logo\/image\/"},"sameAs":["https:\/\/www.facebook.com\/hudo.si","https:\/\/twitter.com\/hudo_si"]},{"@type":"Person","@id":"https:\/\/hudo.com\/si\/#\/schema\/person\/601cf3379633985b20f7e50f2bb47707","name":"hudo","image":{"@type":"ImageObject","inLanguage":"sl-SI","@id":"https:\/\/hudo.com\/si\/#\/schema\/person\/image\/","url":"https:\/\/secure.gravatar.com\/avatar\/c4ca25fa72cace7a696b52ff5db9e095?s=96&d=mm&r=g","contentUrl":"https:\/\/secure.gravatar.com\/avatar\/c4ca25fa72cace7a696b52ff5db9e095?s=96&d=mm&r=g","caption":"hudo"},"url":"https:\/\/hudo.com\/si\/author\/hudo\/"}]}},"amp_enabled":true,"_links":{"self":[{"href":"https:\/\/hudo.com\/si\/wp-json\/wp\/v2\/posts\/32737"}],"collection":[{"href":"https:\/\/hudo.com\/si\/wp-json\/wp\/v2\/posts"}],"about":[{"href":"https:\/\/hudo.com\/si\/wp-json\/wp\/v2\/types\/post"}],"author":[{"embeddable":true,"href":"https:\/\/hudo.com\/si\/wp-json\/wp\/v2\/users\/1"}],"replies":[{"embeddable":true,"href":"https:\/\/hudo.com\/si\/wp-json\/wp\/v2\/comments?post=32737"}],"version-history":[{"count":1,"href":"https:\/\/hudo.com\/si\/wp-json\/wp\/v2\/posts\/32737\/revisions"}],"predecessor-version":[{"id":32826,"href":"https:\/\/hudo.com\/si\/wp-json\/wp\/v2\/posts\/32737\/revisions\/32826"}],"wp:attachment":[{"href":"https:\/\/hudo.com\/si\/wp-json\/wp\/v2\/media?parent=32737"}],"wp:term":[{"taxonomy":"category","embeddable":true,"href":"https:\/\/hudo.com\/si\/wp-json\/wp\/v2\/categories?post=32737"},{"taxonomy":"post_tag","embeddable":true,"href":"https:\/\/hudo.com\/si\/wp-json\/wp\/v2\/tags?post=32737"},{"taxonomy":"source","embeddable":true,"href":"https:\/\/hudo.com\/si\/wp-json\/wp\/v2\/source?post=32737"},{"taxonomy":"supertag","embeddable":true,"href":"https:\/\/hudo.com\/si\/wp-json\/wp\/v2\/supertag?post=32737"}],"curies":[{"name":"wp","href":"https:\/\/api.w.org\/{rel}","templated":true}]}}