{"id":327435,"date":"2017-11-29T06:02:00","date_gmt":"2017-11-29T05:02:00","guid":{"rendered":"http:\/\/hudo.com\/si\/2017\/11\/29\/sef-pogosto-nima-prav-ampak-je-sef\/"},"modified":"2017-11-29T06:02:00","modified_gmt":"2017-11-29T05:02:00","slug":"sef-pogosto-nima-prav-ampak-je-sef","status":"publish","type":"post","link":"https:\/\/hudo.com\/si\/aktualno\/sef-pogosto-nima-prav-ampak-je-sef\/","title":{"rendered":"\u201c\u0160ef pogosto nima prav, ampak je \u0161ef\u201d"},"content":{"rendered":"<p>\u201cV mojih ekipah so pravila jasno postavljena, o njih se ne razpravlja. \u0160ef pogosto nima prav, a je \u0161ef,\u201d je v\u010deraj istrskim mened\u017eerjem govoril Veselin Vujovi\u0107. Za uspe\u0161no delovanje kolektiva je to nujno, \u0161ef (tako ga tudi kli\u010dejo njegovi varovanci) pa na koncu odgovarja za rezultate oziroma (ne)doseganje ciljev, je \u0161e poudaril.<\/p>\n","protected":false},"excerpt":{"rendered":"<p>\u201cV mojih ekipah so pravila jasno postavljena, o njih se ne razpravlja. \u0160ef pogosto nima prav, a je \u0161ef,\u201d je v\u010deraj istrskim mened\u017eerjem govoril Veselin Vujovi\u0107. Za uspe\u0161no delovanje kolektiva je to nujno, \u0161ef (tako ga tudi kli\u010dejo njegovi varovanci) pa na koncu odgovarja za rezultate oziroma (ne)doseganje ciljev, je \u0161e poudaril.<\/p>\n","protected":false},"author":1,"featured_media":0,"comment_status":"closed","ping_status":"closed","sticky":false,"template":"","format":"standard","meta":{"footnotes":""},"categories":[1179],"tags":[],"source":[1707],"supertag":[],"acf":[],"yoast_head":"<!-- This site is optimized with the Yoast SEO plugin v21.3 - https:\/\/yoast.com\/wordpress\/plugins\/seo\/ -->\n<title>\u201c\u0160ef pogosto nima prav, ampak je \u0161ef\u201d - Hudo Slovenija<\/title>\n<meta name=\"robots\" content=\"index, follow, max-snippet:-1, max-image-preview:large, max-video-preview:-1\" \/>\n<link rel=\"canonical\" href=\"https:\/\/hudo.com\/si\/aktualno\/sef-pogosto-nima-prav-ampak-je-sef\/\" \/>\n<meta property=\"og:locale\" content=\"sl_SI\" \/>\n<meta property=\"og:type\" content=\"article\" \/>\n<meta property=\"og:title\" content=\"\u201c\u0160ef pogosto nima prav, ampak je \u0161ef\u201d - Hudo Slovenija\" \/>\n<meta property=\"og:description\" content=\"\u201cV mojih ekipah so pravila jasno postavljena, o njih se ne razpravlja. \u0160ef pogosto nima prav, a je \u0161ef,\u201d je v\u010deraj istrskim mened\u017eerjem govoril Veselin Vujovi\u0107. Za uspe\u0161no delovanje kolektiva je to nujno, \u0161ef (tako ga tudi kli\u010dejo njegovi varovanci) pa na koncu odgovarja za rezultate oziroma (ne)doseganje ciljev, je \u0161e poudaril.\" \/>\n<meta property=\"og:url\" content=\"https:\/\/hudo.com\/si\/aktualno\/sef-pogosto-nima-prav-ampak-je-sef\/\" \/>\n<meta property=\"og:site_name\" content=\"Hudo Slovenija\" \/>\n<meta property=\"article:publisher\" content=\"https:\/\/www.facebook.com\/hudo.si\" \/>\n<meta property=\"article:published_time\" content=\"2017-11-29T05:02:00+00:00\" \/>\n<meta property=\"og:image\" content=\"https:\/\/hudo.com\/si\/wp-content\/uploads\/sites\/2\/2017\/11\/F276VUJOVI-09Z.jpg\" \/>\n\t<meta property=\"og:image:width\" content=\"1250\" \/>\n\t<meta property=\"og:image:height\" content=\"833\" \/>\n\t<meta property=\"og:image:type\" content=\"image\/jpeg\" \/>\n<meta name=\"author\" content=\"hudo\" \/>\n<meta name=\"twitter:card\" content=\"summary_large_image\" \/>\n<meta name=\"twitter:creator\" content=\"@hudo_si\" \/>\n<meta name=\"twitter:site\" content=\"@hudo_si\" \/>\n<meta name=\"twitter:label1\" content=\"Written by\" \/>\n\t<meta name=\"twitter:data1\" content=\"hudo\" \/>\n<script type=\"application\/ld+json\" class=\"yoast-schema-graph\">{\"@context\":\"https:\/\/schema.org\",\"@graph\":[{\"@type\":\"Article\",\"@id\":\"https:\/\/hudo.com\/si\/aktualno\/sef-pogosto-nima-prav-ampak-je-sef\/#article\",\"isPartOf\":{\"@id\":\"https:\/\/hudo.com\/si\/aktualno\/sef-pogosto-nima-prav-ampak-je-sef\/\"},\"author\":{\"name\":\"hudo\",\"@id\":\"https:\/\/hudo.com\/si\/#\/schema\/person\/601cf3379633985b20f7e50f2bb47707\"},\"headline\":\"\u201c\u0160ef pogosto nima prav, ampak je \u0161ef\u201d\",\"datePublished\":\"2017-11-29T05:02:00+00:00\",\"dateModified\":\"2017-11-29T05:02:00+00:00\",\"mainEntityOfPage\":{\"@id\":\"https:\/\/hudo.com\/si\/aktualno\/sef-pogosto-nima-prav-ampak-je-sef\/\"},\"wordCount\":64,\"publisher\":{\"@id\":\"https:\/\/hudo.com\/si\/#organization\"},\"articleSection\":[\"Aktualno\"],\"inLanguage\":\"sl-SI\"},{\"@type\":\"WebPage\",\"@id\":\"https:\/\/hudo.com\/si\/aktualno\/sef-pogosto-nima-prav-ampak-je-sef\/\",\"url\":\"https:\/\/hudo.com\/si\/aktualno\/sef-pogosto-nima-prav-ampak-je-sef\/\",\"name\":\"\u201c\u0160ef pogosto nima prav, ampak je \u0161ef\u201d - Hudo Slovenija\",\"isPartOf\":{\"@id\":\"https:\/\/hudo.com\/si\/#website\"},\"datePublished\":\"2017-11-29T05:02:00+00:00\",\"dateModified\":\"2017-11-29T05:02:00+00:00\",\"breadcrumb\":{\"@id\":\"https:\/\/hudo.com\/si\/aktualno\/sef-pogosto-nima-prav-ampak-je-sef\/#breadcrumb\"},\"inLanguage\":\"sl-SI\",\"potentialAction\":[{\"@type\":\"ReadAction\",\"target\":[\"https:\/\/hudo.com\/si\/aktualno\/sef-pogosto-nima-prav-ampak-je-sef\/\"]}]},{\"@type\":\"BreadcrumbList\",\"@id\":\"https:\/\/hudo.com\/si\/aktualno\/sef-pogosto-nima-prav-ampak-je-sef\/#breadcrumb\",\"itemListElement\":[{\"@type\":\"ListItem\",\"position\":1,\"name\":\"Home\",\"item\":\"https:\/\/hudo.com\/si\/\"},{\"@type\":\"ListItem\",\"position\":2,\"name\":\"\u201c\u0160ef pogosto nima prav, ampak je \u0161ef\u201d\"}]},{\"@type\":\"WebSite\",\"@id\":\"https:\/\/hudo.com\/si\/#website\",\"url\":\"https:\/\/hudo.com\/si\/\",\"name\":\"Hudo Slovenija\",\"description\":\"Vse novice iz Slovenije in sveta\",\"publisher\":{\"@id\":\"https:\/\/hudo.com\/si\/#organization\"},\"potentialAction\":[{\"@type\":\"SearchAction\",\"target\":{\"@type\":\"EntryPoint\",\"urlTemplate\":\"https:\/\/hudo.com\/si\/?s={search_term_string}\"},\"query-input\":\"required name=search_term_string\"}],\"inLanguage\":\"sl-SI\"},{\"@type\":\"Organization\",\"@id\":\"https:\/\/hudo.com\/si\/#organization\",\"name\":\"VSN Media\",\"url\":\"https:\/\/hudo.com\/si\/\",\"logo\":{\"@type\":\"ImageObject\",\"inLanguage\":\"sl-SI\",\"@id\":\"https:\/\/hudo.com\/si\/#\/schema\/logo\/image\/\",\"url\":\"https:\/\/hudo.com\/si\/wp-content\/uploads\/sites\/2\/2021\/03\/hudo-app-2.png\",\"contentUrl\":\"https:\/\/hudo.com\/si\/wp-content\/uploads\/sites\/2\/2021\/03\/hudo-app-2.png\",\"width\":2185,\"height\":2167,\"caption\":\"VSN Media\"},\"image\":{\"@id\":\"https:\/\/hudo.com\/si\/#\/schema\/logo\/image\/\"},\"sameAs\":[\"https:\/\/www.facebook.com\/hudo.si\",\"https:\/\/twitter.com\/hudo_si\"]},{\"@type\":\"Person\",\"@id\":\"https:\/\/hudo.com\/si\/#\/schema\/person\/601cf3379633985b20f7e50f2bb47707\",\"name\":\"hudo\",\"image\":{\"@type\":\"ImageObject\",\"inLanguage\":\"sl-SI\",\"@id\":\"https:\/\/hudo.com\/si\/#\/schema\/person\/image\/\",\"url\":\"https:\/\/secure.gravatar.com\/avatar\/c4ca25fa72cace7a696b52ff5db9e095?s=96&d=mm&r=g\",\"contentUrl\":\"https:\/\/secure.gravatar.com\/avatar\/c4ca25fa72cace7a696b52ff5db9e095?s=96&d=mm&r=g\",\"caption\":\"hudo\"},\"url\":\"https:\/\/hudo.com\/si\/author\/hudo\/\"}]}<\/script>\n<!-- \/ Yoast SEO plugin. -->","yoast_head_json":{"title":"\u201c\u0160ef pogosto nima prav, ampak je \u0161ef\u201d - Hudo Slovenija","robots":{"index":"index","follow":"follow","max-snippet":"max-snippet:-1","max-image-preview":"max-image-preview:large","max-video-preview":"max-video-preview:-1"},"canonical":"https:\/\/hudo.com\/si\/aktualno\/sef-pogosto-nima-prav-ampak-je-sef\/","og_locale":"sl_SI","og_type":"article","og_title":"\u201c\u0160ef pogosto nima prav, ampak je \u0161ef\u201d - Hudo Slovenija","og_description":"\u201cV mojih ekipah so pravila jasno postavljena, o njih se ne razpravlja. \u0160ef pogosto nima prav, a je \u0161ef,\u201d je v\u010deraj istrskim mened\u017eerjem govoril Veselin Vujovi\u0107. Za uspe\u0161no delovanje kolektiva je to nujno, \u0161ef (tako ga tudi kli\u010dejo njegovi varovanci) pa na koncu odgovarja za rezultate oziroma (ne)doseganje ciljev, je \u0161e poudaril.","og_url":"https:\/\/hudo.com\/si\/aktualno\/sef-pogosto-nima-prav-ampak-je-sef\/","og_site_name":"Hudo Slovenija","article_publisher":"https:\/\/www.facebook.com\/hudo.si","article_published_time":"2017-11-29T05:02:00+00:00","og_image":[{"width":1250,"height":833,"url":"https:\/\/hudo.com\/si\/wp-content\/uploads\/sites\/2\/2017\/11\/F276VUJOVI-09Z.jpg","type":"image\/jpeg"}],"author":"hudo","twitter_card":"summary_large_image","twitter_creator":"@hudo_si","twitter_site":"@hudo_si","twitter_misc":{"Written by":"hudo"},"schema":{"@context":"https:\/\/schema.org","@graph":[{"@type":"Article","@id":"https:\/\/hudo.com\/si\/aktualno\/sef-pogosto-nima-prav-ampak-je-sef\/#article","isPartOf":{"@id":"https:\/\/hudo.com\/si\/aktualno\/sef-pogosto-nima-prav-ampak-je-sef\/"},"author":{"name":"hudo","@id":"https:\/\/hudo.com\/si\/#\/schema\/person\/601cf3379633985b20f7e50f2bb47707"},"headline":"\u201c\u0160ef pogosto nima prav, ampak je \u0161ef\u201d","datePublished":"2017-11-29T05:02:00+00:00","dateModified":"2017-11-29T05:02:00+00:00","mainEntityOfPage":{"@id":"https:\/\/hudo.com\/si\/aktualno\/sef-pogosto-nima-prav-ampak-je-sef\/"},"wordCount":64,"publisher":{"@id":"https:\/\/hudo.com\/si\/#organization"},"articleSection":["Aktualno"],"inLanguage":"sl-SI"},{"@type":"WebPage","@id":"https:\/\/hudo.com\/si\/aktualno\/sef-pogosto-nima-prav-ampak-je-sef\/","url":"https:\/\/hudo.com\/si\/aktualno\/sef-pogosto-nima-prav-ampak-je-sef\/","name":"\u201c\u0160ef pogosto nima prav, ampak je \u0161ef\u201d - Hudo Slovenija","isPartOf":{"@id":"https:\/\/hudo.com\/si\/#website"},"datePublished":"2017-11-29T05:02:00+00:00","dateModified":"2017-11-29T05:02:00+00:00","breadcrumb":{"@id":"https:\/\/hudo.com\/si\/aktualno\/sef-pogosto-nima-prav-ampak-je-sef\/#breadcrumb"},"inLanguage":"sl-SI","potentialAction":[{"@type":"ReadAction","target":["https:\/\/hudo.com\/si\/aktualno\/sef-pogosto-nima-prav-ampak-je-sef\/"]}]},{"@type":"BreadcrumbList","@id":"https:\/\/hudo.com\/si\/aktualno\/sef-pogosto-nima-prav-ampak-je-sef\/#breadcrumb","itemListElement":[{"@type":"ListItem","position":1,"name":"Home","item":"https:\/\/hudo.com\/si\/"},{"@type":"ListItem","position":2,"name":"\u201c\u0160ef pogosto nima prav, ampak je \u0161ef\u201d"}]},{"@type":"WebSite","@id":"https:\/\/hudo.com\/si\/#website","url":"https:\/\/hudo.com\/si\/","name":"Hudo Slovenija","description":"Vse novice iz Slovenije in sveta","publisher":{"@id":"https:\/\/hudo.com\/si\/#organization"},"potentialAction":[{"@type":"SearchAction","target":{"@type":"EntryPoint","urlTemplate":"https:\/\/hudo.com\/si\/?s={search_term_string}"},"query-input":"required name=search_term_string"}],"inLanguage":"sl-SI"},{"@type":"Organization","@id":"https:\/\/hudo.com\/si\/#organization","name":"VSN Media","url":"https:\/\/hudo.com\/si\/","logo":{"@type":"ImageObject","inLanguage":"sl-SI","@id":"https:\/\/hudo.com\/si\/#\/schema\/logo\/image\/","url":"https:\/\/hudo.com\/si\/wp-content\/uploads\/sites\/2\/2021\/03\/hudo-app-2.png","contentUrl":"https:\/\/hudo.com\/si\/wp-content\/uploads\/sites\/2\/2021\/03\/hudo-app-2.png","width":2185,"height":2167,"caption":"VSN Media"},"image":{"@id":"https:\/\/hudo.com\/si\/#\/schema\/logo\/image\/"},"sameAs":["https:\/\/www.facebook.com\/hudo.si","https:\/\/twitter.com\/hudo_si"]},{"@type":"Person","@id":"https:\/\/hudo.com\/si\/#\/schema\/person\/601cf3379633985b20f7e50f2bb47707","name":"hudo","image":{"@type":"ImageObject","inLanguage":"sl-SI","@id":"https:\/\/hudo.com\/si\/#\/schema\/person\/image\/","url":"https:\/\/secure.gravatar.com\/avatar\/c4ca25fa72cace7a696b52ff5db9e095?s=96&d=mm&r=g","contentUrl":"https:\/\/secure.gravatar.com\/avatar\/c4ca25fa72cace7a696b52ff5db9e095?s=96&d=mm&r=g","caption":"hudo"},"url":"https:\/\/hudo.com\/si\/author\/hudo\/"}]}},"amp_enabled":true,"_links":{"self":[{"href":"https:\/\/hudo.com\/si\/wp-json\/wp\/v2\/posts\/327435"}],"collection":[{"href":"https:\/\/hudo.com\/si\/wp-json\/wp\/v2\/posts"}],"about":[{"href":"https:\/\/hudo.com\/si\/wp-json\/wp\/v2\/types\/post"}],"author":[{"embeddable":true,"href":"https:\/\/hudo.com\/si\/wp-json\/wp\/v2\/users\/1"}],"replies":[{"embeddable":true,"href":"https:\/\/hudo.com\/si\/wp-json\/wp\/v2\/comments?post=327435"}],"version-history":[{"count":0,"href":"https:\/\/hudo.com\/si\/wp-json\/wp\/v2\/posts\/327435\/revisions"}],"wp:attachment":[{"href":"https:\/\/hudo.com\/si\/wp-json\/wp\/v2\/media?parent=327435"}],"wp:term":[{"taxonomy":"category","embeddable":true,"href":"https:\/\/hudo.com\/si\/wp-json\/wp\/v2\/categories?post=327435"},{"taxonomy":"post_tag","embeddable":true,"href":"https:\/\/hudo.com\/si\/wp-json\/wp\/v2\/tags?post=327435"},{"taxonomy":"source","embeddable":true,"href":"https:\/\/hudo.com\/si\/wp-json\/wp\/v2\/source?post=327435"},{"taxonomy":"supertag","embeddable":true,"href":"https:\/\/hudo.com\/si\/wp-json\/wp\/v2\/supertag?post=327435"}],"curies":[{"name":"wp","href":"https:\/\/api.w.org\/{rel}","templated":true}]}}